{"id":217379,"date":"2026-02-19T08:47:00","date_gmt":"2026-02-19T11:47:00","guid":{"rendered":"https:\/\/portaltela.pt\/noticias\/2026\/02\/19\/detido-na-maia-alegado-carteirista-por-furto-qualificado\/"},"modified":"2026-02-19T08:47:00","modified_gmt":"2026-02-19T11:47:00","slug":"detido-na-maia-alegado-carteirista-por-furto-qualificado","status":"publish","type":"post","link":"https:\/\/portaltela.pt\/noticias\/2026\/02\/19\/detido-na-maia-alegado-carteirista-por-furto-qualificado\/","title":{"rendered":"Detido na Maia alegado carteirista por furto qualificado"},"content":{"rendered":"<p>Um homem, com 50 anos, foi detido na Maia, no distrito do Porto, por furto qualificado de carteirista. A deten\u00e7\u00e3o ocorreu a 11 de maio, em flagrante delito, na posse de uma carteira e documentos furtados numa esta\u00e7\u00e3o de metro.<\/p>\n<p>A deten\u00e7\u00e3o foi comunicada pela PSP, que explicou ter sido efetuada ap\u00f3s um alerta de cidad\u00e3 v\u00edtima de uma tentativa de furto no Aeroporto Francisco S\u00e1 Carneiro. Os agentes da Divis\u00e3o de Seguran\u00e7a Aeroportu\u00e1ria identificaram o suspeito.<\/p>\n<p>Ap\u00f3s recolha de prova pela Divis\u00e3o de Investiga\u00e7\u00e3o Criminal, a PSP indicou que o homem pode estar envolvido noutra ocorr\u00eancia de furto na mesma altura, em uma esta\u00e7\u00e3o de metro. O caso passa a inqu\u00e9rito policial.<\/p>\n<p>Ao suspeito foi apreendida uma carteira com 105 euros e v\u00e1rios documentos pessoais, presumivelmente resultantes de furtos. Tamb\u00e9m foram apreendidos artigos que podem estar relacionados com outros il\u00edcitos.<\/p>\n","protected":false},"excerpt":{"rendered":"<ul>\n<li>Um homem de 50 anos foi detido na Maia, no Porto, por furto qualificado pelo m\u00e9todo de carteirista.<\/li>\n<li>Foi apanhado em flagrante na posse de uma carteira e documentos furtados numa esta\u00e7\u00e3o do metro, no dia 11.<\/li>\n<li>A deten\u00e7\u00e3o levou \u00e0 aplica\u00e7\u00e3o de pris\u00e3o preventiva como medida de coa\u00e7\u00e3o.<\/li>\n<li>A PSP indicou que o suspeito j\u00e1 tinha tentado furto no Aeroporto Francisco S\u00e1 Carneiro, o que motivou a interven\u00e7\u00e3o de agentes da Divis\u00e3o de Seguran\u00e7a Aeroportu\u00e1ria.<\/li>\n<li>A investiga\u00e7\u00e3o permitiu imputar ao homem a autoria de, pelo menos, mais um furto numa esta\u00e7\u00e3o de metro; foram apreendidos 105 euros e diversos documentos pessoais, entre outros artigos.<\/li>\n<\/ul>\n","protected":false},"author":2,"featured_media":217380,"comment_status":"closed","ping_status":"closed","sticky":false,"template":"","format":"standard","meta":{"footnotes":""},"categories":[1],"tags":[424,1659,1743,3418,982,250],"class_list":["post-217379","post","type-post","status-publish","format-standard","has-post-thumbnail","hentry","category-noticias","tag-furto","tag-furto-qualificado","tag-maia","tag-policia-de-seguranca-publica","tag-porto","tag-seguranca-publica"],"yoast_head":"<!-- This site is optimized with the Yoast SEO plugin v27.2 - https:\/\/yoast.com\/product\/yoast-seo-wordpress\/ -->\n<title>Detido na Maia alegado carteirista por furto qualificado - Portal Tela Portugal<\/title>\n<meta name=\"robots\" content=\"index, follow, max-snippet:-1, max-image-preview:large, max-video-preview:-1\" \/>\n<meta property=\"og:locale\" content=\"pt_PT\" \/>\n<meta property=\"og:type\" content=\"article\" \/>\n<meta property=\"og:title\" content=\"Detido na Maia alegado carteirista por furto qualificado - Portal Tela Portugal\" \/>\n<meta property=\"og:description\" content=\"Um homem de 50 anos foi detido na Maia, no Porto, por furto qualificado pelo m\u00e9todo de carteirista. Foi apanhado em flagrante na posse de uma carteira e documentos furtados numa esta\u00e7\u00e3o do metro, no dia 11. A deten\u00e7\u00e3o levou \u00e0 aplica\u00e7\u00e3o de pris\u00e3o preventiva como medida de coa\u00e7\u00e3o. A PSP indicou que o suspeito j\u00e1 tinha tentado furto no Aeroporto Francisco S\u00e1 Carneiro, o que motivou a interven\u00e7\u00e3o de agentes da Divis\u00e3o de Seguran\u00e7a Aeroportu\u00e1ria. A investiga\u00e7\u00e3o permitiu imputar ao homem a autoria de, pelo menos, mais um furto numa esta\u00e7\u00e3o de metro; foram apreendidos 105 euros e diversos documentos pessoais, entre outros artigos.\" \/>\n<meta property=\"og:url\" content=\"https:\/\/portaltela.pt\/noticias\/2026\/02\/19\/detido-na-maia-alegado-carteirista-por-furto-qualificado\/\" \/>\n<meta property=\"og:site_name\" content=\"Portal Tela Portugal\" \/>\n<meta property=\"article:published_time\" content=\"2026-02-19T11:47:00+00:00\" \/>\n<meta name=\"author\" content=\"Telinha\" \/>\n<meta name=\"twitter:card\" content=\"summary_large_image\" \/>\n<meta name=\"twitter:label1\" content=\"Escrito por\" \/>\n\t<meta name=\"twitter:data1\" content=\"Telinha\" \/>\n\t<meta name=\"twitter:label2\" content=\"Tempo estimado de leitura\" \/>\n\t<meta name=\"twitter:data2\" content=\"1 minuto\" \/>\n<script type=\"application\/ld+json\" class=\"yoast-schema-graph\">{\"@context\":\"https:\/\/schema.org\",\"@graph\":[{\"@type\":\"Article\",\"@id\":\"https:\/\/portaltela.pt\/noticias\/2026\/02\/19\/detido-na-maia-alegado-carteirista-por-furto-qualificado\/#article\",\"isPartOf\":{\"@id\":\"https:\/\/portaltela.pt\/noticias\/2026\/02\/19\/detido-na-maia-alegado-carteirista-por-furto-qualificado\/\"},\"author\":{\"name\":\"Telinha\",\"@id\":\"https:\/\/portaltela.pt\/#\/schema\/person\/c4278d4a6028830caff9ee44b42d32ed\"},\"headline\":\"Detido na Maia alegado carteirista por furto qualificado\",\"datePublished\":\"2026-02-19T11:47:00+00:00\",\"mainEntityOfPage\":{\"@id\":\"https:\/\/portaltela.pt\/noticias\/2026\/02\/19\/detido-na-maia-alegado-carteirista-por-furto-qualificado\/\"},\"wordCount\":163,\"image\":{\"@id\":\"https:\/\/portaltela.pt\/noticias\/2026\/02\/19\/detido-na-maia-alegado-carteirista-por-furto-qualificado\/#primaryimage\"},\"thumbnailUrl\":\"https:\/\/portaltela.pt\/s.01k8rhncp4jt1\/2026\/02\/img_1500x1000uu2025-08-15-10-28-14-2229240.jpg\",\"keywords\":[\"furto\",\"furto qualificado\",\"Maia\",\"Pol\u00edcia de Seguran\u00e7a P\u00fablica\",\"Porto\",\"seguran\u00e7a p\u00fablica\"],\"articleSection\":[\"Not\u00edcias\"],\"inLanguage\":\"pt-PT\"},{\"@type\":\"WebPage\",\"@id\":\"https:\/\/portaltela.pt\/noticias\/2026\/02\/19\/detido-na-maia-alegado-carteirista-por-furto-qualificado\/\",\"url\":\"https:\/\/portaltela.pt\/noticias\/2026\/02\/19\/detido-na-maia-alegado-carteirista-por-furto-qualificado\/\",\"name\":\"Detido na Maia alegado carteirista por furto qualificado - Portal Tela Portugal\",\"isPartOf\":{\"@id\":\"https:\/\/portaltela.pt\/#website\"},\"primaryImageOfPage\":{\"@id\":\"https:\/\/portaltela.pt\/noticias\/2026\/02\/19\/detido-na-maia-alegado-carteirista-por-furto-qualificado\/#primaryimage\"},\"image\":{\"@id\":\"https:\/\/portaltela.pt\/noticias\/2026\/02\/19\/detido-na-maia-alegado-carteirista-por-furto-qualificado\/#primaryimage\"},\"thumbnailUrl\":\"https:\/\/portaltela.pt\/s.01k8rhncp4jt1\/2026\/02\/img_1500x1000uu2025-08-15-10-28-14-2229240.jpg\",\"datePublished\":\"2026-02-19T11:47:00+00:00\",\"author\":{\"@id\":\"https:\/\/portaltela.pt\/#\/schema\/person\/c4278d4a6028830caff9ee44b42d32ed\"},\"breadcrumb\":{\"@id\":\"https:\/\/portaltela.pt\/noticias\/2026\/02\/19\/detido-na-maia-alegado-carteirista-por-furto-qualificado\/#breadcrumb\"},\"inLanguage\":\"pt-PT\",\"potentialAction\":[{\"@type\":\"ReadAction\",\"target\":[\"https:\/\/portaltela.pt\/noticias\/2026\/02\/19\/detido-na-maia-alegado-carteirista-por-furto-qualificado\/\"]}]},{\"@type\":\"ImageObject\",\"inLanguage\":\"pt-PT\",\"@id\":\"https:\/\/portaltela.pt\/noticias\/2026\/02\/19\/detido-na-maia-alegado-carteirista-por-furto-qualificado\/#primaryimage\",\"url\":\"https:\/\/portaltela.pt\/s.01k8rhncp4jt1\/2026\/02\/img_1500x1000uu2025-08-15-10-28-14-2229240.jpg\",\"contentUrl\":\"https:\/\/portaltela.pt\/s.01k8rhncp4jt1\/2026\/02\/img_1500x1000uu2025-08-15-10-28-14-2229240.jpg\",\"width\":796,\"height\":448,\"caption\":\"Carteiristas\"},{\"@type\":\"BreadcrumbList\",\"@id\":\"https:\/\/portaltela.pt\/noticias\/2026\/02\/19\/detido-na-maia-alegado-carteirista-por-furto-qualificado\/#breadcrumb\",\"itemListElement\":[{\"@type\":\"ListItem\",\"position\":1,\"name\":\"In\u00edcio\",\"item\":\"https:\/\/portaltela.pt\/\"},{\"@type\":\"ListItem\",\"position\":2,\"name\":\"Detido na Maia alegado carteirista por furto qualificado\"}]},{\"@type\":\"WebSite\",\"@id\":\"https:\/\/portaltela.pt\/#website\",\"url\":\"https:\/\/portaltela.pt\/\",\"name\":\"Portal Tela Portugal\",\"description\":\"\",\"potentialAction\":[{\"@type\":\"SearchAction\",\"target\":{\"@type\":\"EntryPoint\",\"urlTemplate\":\"https:\/\/portaltela.pt\/?s={search_term_string}\"},\"query-input\":{\"@type\":\"PropertyValueSpecification\",\"valueRequired\":true,\"valueName\":\"search_term_string\"}}],\"inLanguage\":\"pt-PT\"},{\"@type\":\"Person\",\"@id\":\"https:\/\/portaltela.pt\/#\/schema\/person\/c4278d4a6028830caff9ee44b42d32ed\",\"name\":\"Telinha\",\"image\":{\"@type\":\"ImageObject\",\"inLanguage\":\"pt-PT\",\"@id\":\"https:\/\/portaltela.pt\/s.01k8rhncp4jt1\/2025\/11\/talking-bot-125x125.png\",\"url\":\"https:\/\/portaltela.pt\/s.01k8rhncp4jt1\/2025\/11\/talking-bot-125x125.png\",\"contentUrl\":\"https:\/\/portaltela.pt\/s.01k8rhncp4jt1\/2025\/11\/talking-bot-125x125.png\",\"caption\":\"Telinha\"},\"sameAs\":[\"https:\/\/portaltela.pt\/\"],\"url\":\"https:\/\/portaltela.pt\/por\/367410592786\/\"}]}<\/script>\n<!-- \/ Yoast SEO plugin. -->","yoast_head_json":{"title":"Detido na Maia alegado carteirista por furto qualificado - Portal Tela Portugal","robots":{"index":"index","follow":"follow","max-snippet":"max-snippet:-1","max-image-preview":"max-image-preview:large","max-video-preview":"max-video-preview:-1"},"og_locale":"pt_PT","og_type":"article","og_title":"Detido na Maia alegado carteirista por furto qualificado - Portal Tela Portugal","og_description":"Um homem de 50 anos foi detido na Maia, no Porto, por furto qualificado pelo m\u00e9todo de carteirista. Foi apanhado em flagrante na posse de uma carteira e documentos furtados numa esta\u00e7\u00e3o do metro, no dia 11. A deten\u00e7\u00e3o levou \u00e0 aplica\u00e7\u00e3o de pris\u00e3o preventiva como medida de coa\u00e7\u00e3o. A PSP indicou que o suspeito j\u00e1 tinha tentado furto no Aeroporto Francisco S\u00e1 Carneiro, o que motivou a interven\u00e7\u00e3o de agentes da Divis\u00e3o de Seguran\u00e7a Aeroportu\u00e1ria. A investiga\u00e7\u00e3o permitiu imputar ao homem a autoria de, pelo menos, mais um furto numa esta\u00e7\u00e3o de metro; foram apreendidos 105 euros e diversos documentos pessoais, entre outros artigos.","og_url":"https:\/\/portaltela.pt\/noticias\/2026\/02\/19\/detido-na-maia-alegado-carteirista-por-furto-qualificado\/","og_site_name":"Portal Tela Portugal","article_published_time":"2026-02-19T11:47:00+00:00","author":"Telinha","twitter_card":"summary_large_image","twitter_misc":{"Escrito por":"Telinha","Tempo estimado de leitura":"1 minuto"},"schema":{"@context":"https:\/\/schema.org","@graph":[{"@type":"Article","@id":"https:\/\/portaltela.pt\/noticias\/2026\/02\/19\/detido-na-maia-alegado-carteirista-por-furto-qualificado\/#article","isPartOf":{"@id":"https:\/\/portaltela.pt\/noticias\/2026\/02\/19\/detido-na-maia-alegado-carteirista-por-furto-qualificado\/"},"author":{"name":"Telinha","@id":"https:\/\/portaltela.pt\/#\/schema\/person\/c4278d4a6028830caff9ee44b42d32ed"},"headline":"Detido na Maia alegado carteirista por furto qualificado","datePublished":"2026-02-19T11:47:00+00:00","mainEntityOfPage":{"@id":"https:\/\/portaltela.pt\/noticias\/2026\/02\/19\/detido-na-maia-alegado-carteirista-por-furto-qualificado\/"},"wordCount":163,"image":{"@id":"https:\/\/portaltela.pt\/noticias\/2026\/02\/19\/detido-na-maia-alegado-carteirista-por-furto-qualificado\/#primaryimage"},"thumbnailUrl":"https:\/\/portaltela.pt\/s.01k8rhncp4jt1\/2026\/02\/img_1500x1000uu2025-08-15-10-28-14-2229240.jpg","keywords":["furto","furto qualificado","Maia","Pol\u00edcia de Seguran\u00e7a P\u00fablica","Porto","seguran\u00e7a p\u00fablica"],"articleSection":["Not\u00edcias"],"inLanguage":"pt-PT"},{"@type":"WebPage","@id":"https:\/\/portaltela.pt\/noticias\/2026\/02\/19\/detido-na-maia-alegado-carteirista-por-furto-qualificado\/","url":"https:\/\/portaltela.pt\/noticias\/2026\/02\/19\/detido-na-maia-alegado-carteirista-por-furto-qualificado\/","name":"Detido na Maia alegado carteirista por furto qualificado - Portal Tela Portugal","isPartOf":{"@id":"https:\/\/portaltela.pt\/#website"},"primaryImageOfPage":{"@id":"https:\/\/portaltela.pt\/noticias\/2026\/02\/19\/detido-na-maia-alegado-carteirista-por-furto-qualificado\/#primaryimage"},"image":{"@id":"https:\/\/portaltela.pt\/noticias\/2026\/02\/19\/detido-na-maia-alegado-carteirista-por-furto-qualificado\/#primaryimage"},"thumbnailUrl":"https:\/\/portaltela.pt\/s.01k8rhncp4jt1\/2026\/02\/img_1500x1000uu2025-08-15-10-28-14-2229240.jpg","datePublished":"2026-02-19T11:47:00+00:00","author":{"@id":"https:\/\/portaltela.pt\/#\/schema\/person\/c4278d4a6028830caff9ee44b42d32ed"},"breadcrumb":{"@id":"https:\/\/portaltela.pt\/noticias\/2026\/02\/19\/detido-na-maia-alegado-carteirista-por-furto-qualificado\/#breadcrumb"},"inLanguage":"pt-PT","potentialAction":[{"@type":"ReadAction","target":["https:\/\/portaltela.pt\/noticias\/2026\/02\/19\/detido-na-maia-alegado-carteirista-por-furto-qualificado\/"]}]},{"@type":"ImageObject","inLanguage":"pt-PT","@id":"https:\/\/portaltela.pt\/noticias\/2026\/02\/19\/detido-na-maia-alegado-carteirista-por-furto-qualificado\/#primaryimage","url":"https:\/\/portaltela.pt\/s.01k8rhncp4jt1\/2026\/02\/img_1500x1000uu2025-08-15-10-28-14-2229240.jpg","contentUrl":"https:\/\/portaltela.pt\/s.01k8rhncp4jt1\/2026\/02\/img_1500x1000uu2025-08-15-10-28-14-2229240.jpg","width":796,"height":448,"caption":"Carteiristas"},{"@type":"BreadcrumbList","@id":"https:\/\/portaltela.pt\/noticias\/2026\/02\/19\/detido-na-maia-alegado-carteirista-por-furto-qualificado\/#breadcrumb","itemListElement":[{"@type":"ListItem","position":1,"name":"In\u00edcio","item":"https:\/\/portaltela.pt\/"},{"@type":"ListItem","position":2,"name":"Detido na Maia alegado carteirista por furto qualificado"}]},{"@type":"WebSite","@id":"https:\/\/portaltela.pt\/#website","url":"https:\/\/portaltela.pt\/","name":"Portal Tela Portugal","description":"","potentialAction":[{"@type":"SearchAction","target":{"@type":"EntryPoint","urlTemplate":"https:\/\/portaltela.pt\/?s={search_term_string}"},"query-input":{"@type":"PropertyValueSpecification","valueRequired":true,"valueName":"search_term_string"}}],"inLanguage":"pt-PT"},{"@type":"Person","@id":"https:\/\/portaltela.pt\/#\/schema\/person\/c4278d4a6028830caff9ee44b42d32ed","name":"Telinha","image":{"@type":"ImageObject","inLanguage":"pt-PT","@id":"https:\/\/portaltela.pt\/s.01k8rhncp4jt1\/2025\/11\/talking-bot-125x125.png","url":"https:\/\/portaltela.pt\/s.01k8rhncp4jt1\/2025\/11\/talking-bot-125x125.png","contentUrl":"https:\/\/portaltela.pt\/s.01k8rhncp4jt1\/2025\/11\/talking-bot-125x125.png","caption":"Telinha"},"sameAs":["https:\/\/portaltela.pt\/"],"url":"https:\/\/portaltela.pt\/por\/367410592786\/"}]}},"_links":{"self":[{"href":"https:\/\/portaltela.pt\/api\/wp\/v2\/posts\/217379","targetHints":{"allow":["GET"]}}],"collection":[{"href":"https:\/\/portaltela.pt\/api\/wp\/v2\/posts"}],"about":[{"href":"https:\/\/portaltela.pt\/api\/wp\/v2\/types\/post"}],"author":[{"embeddable":true,"href":"https:\/\/portaltela.pt\/api\/wp\/v2\/users\/2"}],"replies":[{"embeddable":true,"href":"https:\/\/portaltela.pt\/api\/wp\/v2\/comments?post=217379"}],"version-history":[{"count":0,"href":"https:\/\/portaltela.pt\/api\/wp\/v2\/posts\/217379\/revisions"}],"wp:featuredmedia":[{"embeddable":true,"href":"https:\/\/portaltela.pt\/api\/wp\/v2\/media\/217380"}],"wp:attachment":[{"href":"https:\/\/portaltela.pt\/api\/wp\/v2\/media?parent=217379"}],"wp:term":[{"taxonomy":"category","embeddable":true,"href":"https:\/\/portaltela.pt\/api\/wp\/v2\/categories?post=217379"},{"taxonomy":"post_tag","embeddable":true,"href":"https:\/\/portaltela.pt\/api\/wp\/v2\/tags?post=217379"}],"curies":[{"name":"wp","href":"https:\/\/api.w.org\/{rel}","templated":true}]}}