{"id":217371,"date":"2026-02-19T08:45:00","date_gmt":"2026-02-19T11:45:00","guid":{"rendered":"https:\/\/portaltela.pt\/noticias\/2026\/02\/19\/autoridades-europeias-alertam-para-resistencia-antimicrobiana-em-salmonella\/"},"modified":"2026-02-19T08:45:00","modified_gmt":"2026-02-19T11:45:00","slug":"autoridades-europeias-alertam-para-resistencia-antimicrobiana-em-salmonella","status":"publish","type":"post","link":"https:\/\/portaltela.pt\/noticias\/2026\/02\/19\/autoridades-europeias-alertam-para-resistencia-antimicrobiana-em-salmonella\/","title":{"rendered":"Autoridades europeias alertam para resist\u00eancia antimicrobiana em Salmonella"},"content":{"rendered":"<p>Autoridades europeias alertam para a resist\u00eancia antimicrobiana de bact\u00e9rias transmitidas por alimentos, como a salmonela, segundo relat\u00f3rio conjunto do ECDC e da Autoridade Europeia para a Seguran\u00e7a dos Alimentos. O alerta surgiu esta quinta-feira.<\/p>\n<p>O documento aponta que h\u00e1 uma elevada propor\u00e7\u00e3o de estirpes de campylobacter e salmonela, em humanos e animais, resistentes \u00e0 ciprofloxacina, antimicrobiano-chave usado em infe\u00e7\u00f5es graves. A resist\u00eancia reduz a efic\u00e1cia do tratamento.<\/p>\n<p>A resist\u00eancia em animais alimentares manteve-se elevada, mas aumentou em infe\u00e7\u00f5es humanas por salmonela nos \u00faltimos anos, o que \u00e9 considerado preocupante pelas autoridades. A ciprofloxacina deixa de ser eficaz em muitos casos.<\/p>\n<h3>A\u00e7\u00e3o e recomenda\u00e7\u00f5es<\/h3>\n<p>Para o campylobacter, a resist\u00eancia j\u00e1 \u00e9 generalizada na Europa, pelo que a ciprofloxacina n\u00e3o \u00e9 recomendada para infe\u00e7\u00f5es humanas. Foram impostas tamb\u00e9m restri\u00e7\u00f5es ao uso em animais para preservar a efic\u00e1cia cl\u00ednica.<\/p>\n<p>O relat\u00f3rio sublinha ainda que salmonela e campylobacter s\u00e3o causas frequentes de doen\u00e7as transmitidas por alimentos, associadas ao consumo de carne, aves, ovos crus ou mal cozinhados e leite n\u00e3o pasteurizado.<\/p>\n<p>Dados de resist\u00eancia indicam valores elevados em v\u00e1rios pa\u00edses: ampic\u00edna, sulfonamidas e tetraciclinas apresentam resist\u00eancia significativa em diferentes regi\u00f5es, com preocupa\u00e7\u00f5es apontadas para It\u00e1lia, Portugal e Hungria.<\/p>\n<p>Segundo Piotr Kramarz, cientista-chefe do ECDC, h\u00e1 fortes liga\u00e7\u00f5es entre sa\u00fade humana, animal e ambiental. Ele defende uma estrat\u00e9gia One Health para proteger a efic\u00e1cia dos antimicrobianos.<\/p>\n<p>Apesar dos avan\u00e7os, a incid\u00eancia de bact\u00e9rias produtoras de carbapenemase em animais e carne tem aumentado, o que exige investiga\u00e7\u00e3o mais aprofundada. Carbapenemas s\u00e3o de \u00faltimo recurso na medicina humana.<\/p>\n<p>H\u00e1 sinais de melhoria em alguns casos: v\u00e1rios pa\u00edses relataram quedas na resist\u00eancia a antimicrobianos espec\u00edficos em humanos e animais, o que demonstra que a\u00e7\u00f5es direcionadas podem fazer a diferen\u00e7a.<\/p>\n<p>No entanto, \u00e1reas como a E coli mostraram estabiliza\u00e7\u00e3o da resist\u00eancia a certas subst\u00e2ncias em aves de capoeira, indicando que o progresso n\u00e3o \u00e9 uniforme em toda a agricultura animal.<\/p>\n","protected":false},"excerpt":{"rendered":"<ul>\n<li>O Centro Europeu de Preven\u00e7\u00e3o e Controlo das Doen\u00e7as (ECDC) e a Autoridade Europeia para a Seguran\u00e7a dos Alimentos alertam para a elevada resist\u00eancia antimicrobiana de bact\u00e9rias transmitidas por alimentos, como a salmonela e a campylobacter.<\/li>\n<li>A ciprofloxacina continua a encontrar-se amplamente resistida tanto em humanos como em animais, levando a que a campylobacter j\u00e1 n\u00e3o seja recomendada para tratamento humano e a haver restri\u00e7\u00f5es no uso em animais.<\/li>\n<li>Em salmonela, a resist\u00eancia \u00e9 particularmente elevada a ampicilina, sulfonamidas e tetraciclinas em v\u00e1rios pa\u00edses, com notas espec\u00edficas para It\u00e1lia, Portugal e Hungria.<\/li>\n<li>O relat\u00f3rio destaca tend\u00eancias positivas em alguns pa\u00edses e em animais, com diminui\u00e7\u00f5es da resist\u00eancia a certos antibi\u00f3ticos ao longo do tempo, demonstrando que medidas direcionadas podem fazer diferen\u00e7a.<\/li>\n<li>O ECDC sublinha a necessidade de uma abordagem One Health e alerta para aumentos na dete\u00e7\u00e3o de E. coli produtora de carbapenemase em animais e carne, recurso de \u00faltimo cuidado na medicina humana.<\/li>\n<\/ul>\n","protected":false},"author":2,"featured_media":217374,"comment_status":"closed","ping_status":"closed","sticky":false,"template":"","format":"standard","meta":{"footnotes":""},"categories":[1],"tags":[86,4808,6119,1014,271,2867],"class_list":["post-217371","post","type-post","status-publish","format-standard","has-post-thumbnail","hentry","category-noticias","tag-alimentacao","tag-antimicrobianos","tag-campylobacter","tag-portugal","tag-saude-publica","tag-seguranca-alimentar"],"yoast_head":"<!-- This site is optimized with the Yoast SEO plugin v27.2 - https:\/\/yoast.com\/product\/yoast-seo-wordpress\/ -->\n<title>Autoridades europeias alertam para resist\u00eancia antimicrobiana em Salmonella - Portal Tela Portugal<\/title>\n<meta name=\"robots\" content=\"index, follow, max-snippet:-1, max-image-preview:large, max-video-preview:-1\" \/>\n<meta property=\"og:locale\" content=\"pt_PT\" \/>\n<meta property=\"og:type\" content=\"article\" \/>\n<meta property=\"og:title\" content=\"Autoridades europeias alertam para resist\u00eancia antimicrobiana em Salmonella - Portal Tela Portugal\" \/>\n<meta property=\"og:description\" content=\"O Centro Europeu de Preven\u00e7\u00e3o e Controlo das Doen\u00e7as (ECDC) e a Autoridade Europeia para a Seguran\u00e7a dos Alimentos alertam para a elevada resist\u00eancia antimicrobiana de bact\u00e9rias transmitidas por alimentos, como a salmonela e a campylobacter. A ciprofloxacina continua a encontrar-se amplamente resistida tanto em humanos como em animais, levando a que a campylobacter j\u00e1 n\u00e3o seja recomendada para tratamento humano e a haver restri\u00e7\u00f5es no uso em animais. Em salmonela, a resist\u00eancia \u00e9 particularmente elevada a ampicilina, sulfonamidas e tetraciclinas em v\u00e1rios pa\u00edses, com notas espec\u00edficas para It\u00e1lia, Portugal e Hungria. O relat\u00f3rio destaca tend\u00eancias positivas em alguns pa\u00edses e em animais, com diminui\u00e7\u00f5es da resist\u00eancia a certos antibi\u00f3ticos ao longo do tempo, demonstrando que medidas direcionadas podem fazer diferen\u00e7a. O ECDC sublinha a necessidade de uma abordagem One Health e alerta para aumentos na dete\u00e7\u00e3o de E. coli produtora de carbapenemase em animais e carne, recurso de \u00faltimo cuidado na medicina humana.\" \/>\n<meta property=\"og:url\" content=\"https:\/\/portaltela.pt\/noticias\/2026\/02\/19\/autoridades-europeias-alertam-para-resistencia-antimicrobiana-em-salmonella\/\" \/>\n<meta property=\"og:site_name\" content=\"Portal Tela Portugal\" \/>\n<meta property=\"article:published_time\" content=\"2026-02-19T11:45:00+00:00\" \/>\n<meta name=\"author\" content=\"Telinha\" \/>\n<meta name=\"twitter:card\" content=\"summary_large_image\" \/>\n<meta name=\"twitter:label1\" content=\"Escrito por\" \/>\n\t<meta name=\"twitter:data1\" content=\"Telinha\" \/>\n\t<meta name=\"twitter:label2\" content=\"Tempo estimado de leitura\" \/>\n\t<meta name=\"twitter:data2\" content=\"2 minutos\" \/>\n<script type=\"application\/ld+json\" class=\"yoast-schema-graph\">{\"@context\":\"https:\/\/schema.org\",\"@graph\":[{\"@type\":\"Article\",\"@id\":\"https:\/\/portaltela.pt\/noticias\/2026\/02\/19\/autoridades-europeias-alertam-para-resistencia-antimicrobiana-em-salmonella\/#article\",\"isPartOf\":{\"@id\":\"https:\/\/portaltela.pt\/noticias\/2026\/02\/19\/autoridades-europeias-alertam-para-resistencia-antimicrobiana-em-salmonella\/\"},\"author\":{\"name\":\"Telinha\",\"@id\":\"https:\/\/portaltela.pt\/#\/schema\/person\/c4278d4a6028830caff9ee44b42d32ed\"},\"headline\":\"Autoridades europeias alertam para resist\u00eancia antimicrobiana em Salmonella\",\"datePublished\":\"2026-02-19T11:45:00+00:00\",\"mainEntityOfPage\":{\"@id\":\"https:\/\/portaltela.pt\/noticias\/2026\/02\/19\/autoridades-europeias-alertam-para-resistencia-antimicrobiana-em-salmonella\/\"},\"wordCount\":365,\"image\":{\"@id\":\"https:\/\/portaltela.pt\/noticias\/2026\/02\/19\/autoridades-europeias-alertam-para-resistencia-antimicrobiana-em-salmonella\/#primaryimage\"},\"thumbnailUrl\":\"https:\/\/portaltela.pt\/s.01k8rhncp4jt1\/2026\/02\/img_1500x1000uu2025-10-30-18-41-56-2244552.jpg\",\"keywords\":[\"alimenta\u00e7\u00e3o\",\"antimicrobianos\",\"campylobacter\",\"Portugal\",\"sa\u00fade p\u00fablica\",\"Seguran\u00e7a Alimentar\"],\"articleSection\":[\"Not\u00edcias\"],\"inLanguage\":\"pt-PT\"},{\"@type\":\"WebPage\",\"@id\":\"https:\/\/portaltela.pt\/noticias\/2026\/02\/19\/autoridades-europeias-alertam-para-resistencia-antimicrobiana-em-salmonella\/\",\"url\":\"https:\/\/portaltela.pt\/noticias\/2026\/02\/19\/autoridades-europeias-alertam-para-resistencia-antimicrobiana-em-salmonella\/\",\"name\":\"Autoridades europeias alertam para resist\u00eancia antimicrobiana em Salmonella - Portal Tela Portugal\",\"isPartOf\":{\"@id\":\"https:\/\/portaltela.pt\/#website\"},\"primaryImageOfPage\":{\"@id\":\"https:\/\/portaltela.pt\/noticias\/2026\/02\/19\/autoridades-europeias-alertam-para-resistencia-antimicrobiana-em-salmonella\/#primaryimage\"},\"image\":{\"@id\":\"https:\/\/portaltela.pt\/noticias\/2026\/02\/19\/autoridades-europeias-alertam-para-resistencia-antimicrobiana-em-salmonella\/#primaryimage\"},\"thumbnailUrl\":\"https:\/\/portaltela.pt\/s.01k8rhncp4jt1\/2026\/02\/img_1500x1000uu2025-10-30-18-41-56-2244552.jpg\",\"datePublished\":\"2026-02-19T11:45:00+00:00\",\"author\":{\"@id\":\"https:\/\/portaltela.pt\/#\/schema\/person\/c4278d4a6028830caff9ee44b42d32ed\"},\"breadcrumb\":{\"@id\":\"https:\/\/portaltela.pt\/noticias\/2026\/02\/19\/autoridades-europeias-alertam-para-resistencia-antimicrobiana-em-salmonella\/#breadcrumb\"},\"inLanguage\":\"pt-PT\",\"potentialAction\":[{\"@type\":\"ReadAction\",\"target\":[\"https:\/\/portaltela.pt\/noticias\/2026\/02\/19\/autoridades-europeias-alertam-para-resistencia-antimicrobiana-em-salmonella\/\"]}]},{\"@type\":\"ImageObject\",\"inLanguage\":\"pt-PT\",\"@id\":\"https:\/\/portaltela.pt\/noticias\/2026\/02\/19\/autoridades-europeias-alertam-para-resistencia-antimicrobiana-em-salmonella\/#primaryimage\",\"url\":\"https:\/\/portaltela.pt\/s.01k8rhncp4jt1\/2026\/02\/img_1500x1000uu2025-10-30-18-41-56-2244552.jpg\",\"contentUrl\":\"https:\/\/portaltela.pt\/s.01k8rhncp4jt1\/2026\/02\/img_1500x1000uu2025-10-30-18-41-56-2244552.jpg\",\"width\":796,\"height\":448,\"caption\":\"Laborat\u00f3rios\"},{\"@type\":\"BreadcrumbList\",\"@id\":\"https:\/\/portaltela.pt\/noticias\/2026\/02\/19\/autoridades-europeias-alertam-para-resistencia-antimicrobiana-em-salmonella\/#breadcrumb\",\"itemListElement\":[{\"@type\":\"ListItem\",\"position\":1,\"name\":\"In\u00edcio\",\"item\":\"https:\/\/portaltela.pt\/\"},{\"@type\":\"ListItem\",\"position\":2,\"name\":\"Autoridades europeias alertam para resist\u00eancia antimicrobiana em Salmonella\"}]},{\"@type\":\"WebSite\",\"@id\":\"https:\/\/portaltela.pt\/#website\",\"url\":\"https:\/\/portaltela.pt\/\",\"name\":\"Portal Tela Portugal\",\"description\":\"\",\"potentialAction\":[{\"@type\":\"SearchAction\",\"target\":{\"@type\":\"EntryPoint\",\"urlTemplate\":\"https:\/\/portaltela.pt\/?s={search_term_string}\"},\"query-input\":{\"@type\":\"PropertyValueSpecification\",\"valueRequired\":true,\"valueName\":\"search_term_string\"}}],\"inLanguage\":\"pt-PT\"},{\"@type\":\"Person\",\"@id\":\"https:\/\/portaltela.pt\/#\/schema\/person\/c4278d4a6028830caff9ee44b42d32ed\",\"name\":\"Telinha\",\"image\":{\"@type\":\"ImageObject\",\"inLanguage\":\"pt-PT\",\"@id\":\"https:\/\/portaltela.pt\/s.01k8rhncp4jt1\/2025\/11\/talking-bot-125x125.png\",\"url\":\"https:\/\/portaltela.pt\/s.01k8rhncp4jt1\/2025\/11\/talking-bot-125x125.png\",\"contentUrl\":\"https:\/\/portaltela.pt\/s.01k8rhncp4jt1\/2025\/11\/talking-bot-125x125.png\",\"caption\":\"Telinha\"},\"sameAs\":[\"https:\/\/portaltela.pt\/\"],\"url\":\"https:\/\/portaltela.pt\/por\/367410592786\/\"}]}<\/script>\n<!-- \/ Yoast SEO plugin. -->","yoast_head_json":{"title":"Autoridades europeias alertam para resist\u00eancia antimicrobiana em Salmonella - Portal Tela Portugal","robots":{"index":"index","follow":"follow","max-snippet":"max-snippet:-1","max-image-preview":"max-image-preview:large","max-video-preview":"max-video-preview:-1"},"og_locale":"pt_PT","og_type":"article","og_title":"Autoridades europeias alertam para resist\u00eancia antimicrobiana em Salmonella - Portal Tela Portugal","og_description":"O Centro Europeu de Preven\u00e7\u00e3o e Controlo das Doen\u00e7as (ECDC) e a Autoridade Europeia para a Seguran\u00e7a dos Alimentos alertam para a elevada resist\u00eancia antimicrobiana de bact\u00e9rias transmitidas por alimentos, como a salmonela e a campylobacter. A ciprofloxacina continua a encontrar-se amplamente resistida tanto em humanos como em animais, levando a que a campylobacter j\u00e1 n\u00e3o seja recomendada para tratamento humano e a haver restri\u00e7\u00f5es no uso em animais. Em salmonela, a resist\u00eancia \u00e9 particularmente elevada a ampicilina, sulfonamidas e tetraciclinas em v\u00e1rios pa\u00edses, com notas espec\u00edficas para It\u00e1lia, Portugal e Hungria. O relat\u00f3rio destaca tend\u00eancias positivas em alguns pa\u00edses e em animais, com diminui\u00e7\u00f5es da resist\u00eancia a certos antibi\u00f3ticos ao longo do tempo, demonstrando que medidas direcionadas podem fazer diferen\u00e7a. O ECDC sublinha a necessidade de uma abordagem One Health e alerta para aumentos na dete\u00e7\u00e3o de E. coli produtora de carbapenemase em animais e carne, recurso de \u00faltimo cuidado na medicina humana.","og_url":"https:\/\/portaltela.pt\/noticias\/2026\/02\/19\/autoridades-europeias-alertam-para-resistencia-antimicrobiana-em-salmonella\/","og_site_name":"Portal Tela Portugal","article_published_time":"2026-02-19T11:45:00+00:00","author":"Telinha","twitter_card":"summary_large_image","twitter_misc":{"Escrito por":"Telinha","Tempo estimado de leitura":"2 minutos"},"schema":{"@context":"https:\/\/schema.org","@graph":[{"@type":"Article","@id":"https:\/\/portaltela.pt\/noticias\/2026\/02\/19\/autoridades-europeias-alertam-para-resistencia-antimicrobiana-em-salmonella\/#article","isPartOf":{"@id":"https:\/\/portaltela.pt\/noticias\/2026\/02\/19\/autoridades-europeias-alertam-para-resistencia-antimicrobiana-em-salmonella\/"},"author":{"name":"Telinha","@id":"https:\/\/portaltela.pt\/#\/schema\/person\/c4278d4a6028830caff9ee44b42d32ed"},"headline":"Autoridades europeias alertam para resist\u00eancia antimicrobiana em Salmonella","datePublished":"2026-02-19T11:45:00+00:00","mainEntityOfPage":{"@id":"https:\/\/portaltela.pt\/noticias\/2026\/02\/19\/autoridades-europeias-alertam-para-resistencia-antimicrobiana-em-salmonella\/"},"wordCount":365,"image":{"@id":"https:\/\/portaltela.pt\/noticias\/2026\/02\/19\/autoridades-europeias-alertam-para-resistencia-antimicrobiana-em-salmonella\/#primaryimage"},"thumbnailUrl":"https:\/\/portaltela.pt\/s.01k8rhncp4jt1\/2026\/02\/img_1500x1000uu2025-10-30-18-41-56-2244552.jpg","keywords":["alimenta\u00e7\u00e3o","antimicrobianos","campylobacter","Portugal","sa\u00fade p\u00fablica","Seguran\u00e7a Alimentar"],"articleSection":["Not\u00edcias"],"inLanguage":"pt-PT"},{"@type":"WebPage","@id":"https:\/\/portaltela.pt\/noticias\/2026\/02\/19\/autoridades-europeias-alertam-para-resistencia-antimicrobiana-em-salmonella\/","url":"https:\/\/portaltela.pt\/noticias\/2026\/02\/19\/autoridades-europeias-alertam-para-resistencia-antimicrobiana-em-salmonella\/","name":"Autoridades europeias alertam para resist\u00eancia antimicrobiana em Salmonella - Portal Tela Portugal","isPartOf":{"@id":"https:\/\/portaltela.pt\/#website"},"primaryImageOfPage":{"@id":"https:\/\/portaltela.pt\/noticias\/2026\/02\/19\/autoridades-europeias-alertam-para-resistencia-antimicrobiana-em-salmonella\/#primaryimage"},"image":{"@id":"https:\/\/portaltela.pt\/noticias\/2026\/02\/19\/autoridades-europeias-alertam-para-resistencia-antimicrobiana-em-salmonella\/#primaryimage"},"thumbnailUrl":"https:\/\/portaltela.pt\/s.01k8rhncp4jt1\/2026\/02\/img_1500x1000uu2025-10-30-18-41-56-2244552.jpg","datePublished":"2026-02-19T11:45:00+00:00","author":{"@id":"https:\/\/portaltela.pt\/#\/schema\/person\/c4278d4a6028830caff9ee44b42d32ed"},"breadcrumb":{"@id":"https:\/\/portaltela.pt\/noticias\/2026\/02\/19\/autoridades-europeias-alertam-para-resistencia-antimicrobiana-em-salmonella\/#breadcrumb"},"inLanguage":"pt-PT","potentialAction":[{"@type":"ReadAction","target":["https:\/\/portaltela.pt\/noticias\/2026\/02\/19\/autoridades-europeias-alertam-para-resistencia-antimicrobiana-em-salmonella\/"]}]},{"@type":"ImageObject","inLanguage":"pt-PT","@id":"https:\/\/portaltela.pt\/noticias\/2026\/02\/19\/autoridades-europeias-alertam-para-resistencia-antimicrobiana-em-salmonella\/#primaryimage","url":"https:\/\/portaltela.pt\/s.01k8rhncp4jt1\/2026\/02\/img_1500x1000uu2025-10-30-18-41-56-2244552.jpg","contentUrl":"https:\/\/portaltela.pt\/s.01k8rhncp4jt1\/2026\/02\/img_1500x1000uu2025-10-30-18-41-56-2244552.jpg","width":796,"height":448,"caption":"Laborat\u00f3rios"},{"@type":"BreadcrumbList","@id":"https:\/\/portaltela.pt\/noticias\/2026\/02\/19\/autoridades-europeias-alertam-para-resistencia-antimicrobiana-em-salmonella\/#breadcrumb","itemListElement":[{"@type":"ListItem","position":1,"name":"In\u00edcio","item":"https:\/\/portaltela.pt\/"},{"@type":"ListItem","position":2,"name":"Autoridades europeias alertam para resist\u00eancia antimicrobiana em Salmonella"}]},{"@type":"WebSite","@id":"https:\/\/portaltela.pt\/#website","url":"https:\/\/portaltela.pt\/","name":"Portal Tela Portugal","description":"","potentialAction":[{"@type":"SearchAction","target":{"@type":"EntryPoint","urlTemplate":"https:\/\/portaltela.pt\/?s={search_term_string}"},"query-input":{"@type":"PropertyValueSpecification","valueRequired":true,"valueName":"search_term_string"}}],"inLanguage":"pt-PT"},{"@type":"Person","@id":"https:\/\/portaltela.pt\/#\/schema\/person\/c4278d4a6028830caff9ee44b42d32ed","name":"Telinha","image":{"@type":"ImageObject","inLanguage":"pt-PT","@id":"https:\/\/portaltela.pt\/s.01k8rhncp4jt1\/2025\/11\/talking-bot-125x125.png","url":"https:\/\/portaltela.pt\/s.01k8rhncp4jt1\/2025\/11\/talking-bot-125x125.png","contentUrl":"https:\/\/portaltela.pt\/s.01k8rhncp4jt1\/2025\/11\/talking-bot-125x125.png","caption":"Telinha"},"sameAs":["https:\/\/portaltela.pt\/"],"url":"https:\/\/portaltela.pt\/por\/367410592786\/"}]}},"_links":{"self":[{"href":"https:\/\/portaltela.pt\/api\/wp\/v2\/posts\/217371","targetHints":{"allow":["GET"]}}],"collection":[{"href":"https:\/\/portaltela.pt\/api\/wp\/v2\/posts"}],"about":[{"href":"https:\/\/portaltela.pt\/api\/wp\/v2\/types\/post"}],"author":[{"embeddable":true,"href":"https:\/\/portaltela.pt\/api\/wp\/v2\/users\/2"}],"replies":[{"embeddable":true,"href":"https:\/\/portaltela.pt\/api\/wp\/v2\/comments?post=217371"}],"version-history":[{"count":0,"href":"https:\/\/portaltela.pt\/api\/wp\/v2\/posts\/217371\/revisions"}],"wp:featuredmedia":[{"embeddable":true,"href":"https:\/\/portaltela.pt\/api\/wp\/v2\/media\/217374"}],"wp:attachment":[{"href":"https:\/\/portaltela.pt\/api\/wp\/v2\/media?parent=217371"}],"wp:term":[{"taxonomy":"category","embeddable":true,"href":"https:\/\/portaltela.pt\/api\/wp\/v2\/categories?post=217371"},{"taxonomy":"post_tag","embeddable":true,"href":"https:\/\/portaltela.pt\/api\/wp\/v2\/tags?post=217371"}],"curies":[{"name":"wp","href":"https:\/\/api.w.org\/{rel}","templated":true}]}}