{"id":217364,"date":"2026-02-19T08:53:00","date_gmt":"2026-02-19T11:53:00","guid":{"rendered":"https:\/\/portaltela.pt\/noticias\/2026\/02\/19\/estresse-termico-no-cafe-piora-qualidade-eleva-custos-e-vulnerabilidade\/"},"modified":"2026-02-19T08:53:00","modified_gmt":"2026-02-19T11:53:00","slug":"estresse-termico-no-cafe-piora-qualidade-eleva-custos-e-vulnerabilidade","status":"publish","type":"post","link":"https:\/\/portaltela.pt\/noticias\/2026\/02\/19\/estresse-termico-no-cafe-piora-qualidade-eleva-custos-e-vulnerabilidade\/","title":{"rendered":"Estresse t\u00e9rmico no caf\u00e9: piora qualidade, eleva custos e vulnerabilidade"},"content":{"rendered":"<p>O calor extremo causado pelas altera\u00e7\u00f5es clim\u00e1ticas est\u00e1 a comprometer a produ\u00e7\u00e3o de caf\u00e9 nas principais regi\u00f5es produtoras. Uma an\u00e1lise da Climate Central revela que o n\u00famero de dias com temperaturas prejudiciais tem aumentado, elevando o stress t\u00e9rmico nas plantas a partir de 30 \u00baC.<\/p>\n<p>Segundo o estudo, Brasil, Vietname, Col\u00f4mbia, Eti\u00f3pia e Indon\u00e9sia j\u00e1 enfrentam, em m\u00e9dia, 57 dias adicionais de calor por ano acima desse limiar. Estas cinco na\u00e7\u00f5es respondem por cerca de 75% da produ\u00e7\u00e3o mundial, o que amplifica o impacto no mercado global.<\/p>\n<p>Em detalhe, estas na\u00e7\u00f5es registam mais de 144 dias anuais de calor prejudicial, com o Brasil destacando-se por cerca de 70 dias adicionais. De acordo com os autores, todos os 25 pa\u00edses analisados viram aumentos semelhantes, num fen\u00f3meno explicado pela concentra\u00e7\u00e3o de carbono na atmosfera.<\/p>\n<p>A equipa da Climate Central refor\u00e7a que os impactos s\u00e3o conservadores, porque o caf\u00e9 ar\u00e1bica tamb\u00e9 \u00e9 cultivado a altitudes onde as temperaturas s\u00e3o mais moderadas do que a m\u00e9dia regional. A organiza\u00e7\u00e3o alerta que, se n\u00e3o houver adapta\u00e7\u00e3o, a \u00e1rea global adequada para cultivo pode reduzir-se at\u00e9 50% at\u00e9 2050.<\/p>\n<p>Testemunhos de produtores et\u00edopes, representados pela OCFCU, indicam impacto j\u00e1 sentido no terreno. A agricultura de caf\u00e9 ar\u00e1bica na Eti\u00f3pia \u00e9 especialmente sens\u00edvel \u00e0 luz solar e \u00e0 falta de sombra, com menor produ\u00e7\u00e3o e maior vulnerabilidade a doen\u00e7as. O alerta passa pela urg\u00eancia de pol\u00edticas clim\u00e1ticas e apoio a governos e associa\u00e7\u00f5es de produtores.<\/p>\n<p>Para mitigar, as autoridades s\u00e3o chamados a investir em medidas de adapta\u00e7\u00e3o e em solu\u00e7\u00f5es que reduzam a depend\u00eancia de combust\u00edveis f\u00f3sseis. Em iniciativas locais, h\u00e1 programas de fog\u00f5es mais eficientes para reduzir a utiliza\u00e7\u00e3o de lenha e proteg\u00ea-la floresta, mantendo assim abrigo natural para os cafeeiros.<\/p>\n<p>A an\u00e1lise abrange 532 regi\u00f5es em 25 pa\u00edses, sugerindo que o aquecimento global j\u00e1 remodela a geografia da produ\u00e7\u00e3o e a estabilidade dos pre\u00e7os. O relat\u00f3rio conclui que regi\u00f5es tradicionais podem tornar-se invi\u00e1veis, enquanto zonas em altitudes superiores podem emergir como novas \u00e1reas de cultivo, com custos sociais e econ\u00f4micos relevantes.<\/p>\n","protected":false},"excerpt":{"rendered":"<ul>\n<li>Altera\u00e7\u00f5es clim\u00e1ticas aumentam os dias com calor extremo nas principais regi\u00f5es produtoras de caf\u00e9, levando ao stress t\u00e9rmico das plantas a partir de 30 \u00baC.<\/li>\n<li>Nova an\u00e1lise da Climate Central conclui que isto reduz colheitas e pressiona pre\u00e7os globais, comparando dados de 2021 a 2025 com um cen\u00e1rio sem emiss\u00f5es de carbono.<\/li>\n<li>Os cinco maiores produtores \u2014 Brasil, Vietname, Col\u00f4mbia, Eti\u00f3pia e Indon\u00e9sia \u2014 enfrentam em m\u00e9dia 57 dias extras de calor prejudicial por ano, respondendo por cerca de 75% da produ\u00e7\u00e3o mundial.<\/li>\n<li>Em m\u00e9dia, cada um desses pa\u00edses registou 47 dias adicionais de calor prejudicial por ano; o Brasil esteve, em m\u00e9dia, 70 dias acima do limiar, com impacto transversal nos 25 pa\u00edses analisados.<\/li>\n<li>A Climate Central estima que, sem adapta\u00e7\u00e3o, a \u00e1rea global apta para cultivo de caf\u00e9 pode reduzir-se at\u00e9 50% at\u00e9 2050, afetando mercados, pre\u00e7os e a geografia da produ\u00e7\u00e3o.<\/li>\n<\/ul>\n","protected":false},"author":2,"featured_media":217367,"comment_status":"closed","ping_status":"closed","sticky":false,"template":"","format":"standard","meta":{"footnotes":""},"categories":[1],"tags":[179,2665,2547,5765,2830,6118],"class_list":["post-217364","post","type-post","status-publish","format-standard","has-post-thumbnail","hentry","category-noticias","tag-agricultura","tag-alteracoes-climaticas","tag-brasil","tag-cafe","tag-etiopia","tag-indonesia"],"yoast_head":"<!-- This site is optimized with the Yoast SEO plugin v27.2 - https:\/\/yoast.com\/product\/yoast-seo-wordpress\/ -->\n<title>Estresse t\u00e9rmico no caf\u00e9: piora qualidade, eleva custos e vulnerabilidade - Portal Tela Portugal<\/title>\n<meta name=\"robots\" content=\"index, follow, max-snippet:-1, max-image-preview:large, max-video-preview:-1\" \/>\n<meta property=\"og:locale\" content=\"pt_PT\" \/>\n<meta property=\"og:type\" content=\"article\" \/>\n<meta property=\"og:title\" content=\"Estresse t\u00e9rmico no caf\u00e9: piora qualidade, eleva custos e vulnerabilidade - Portal Tela Portugal\" \/>\n<meta property=\"og:description\" content=\"Altera\u00e7\u00f5es clim\u00e1ticas aumentam os dias com calor extremo nas principais regi\u00f5es produtoras de caf\u00e9, levando ao stress t\u00e9rmico das plantas a partir de 30 \u00baC. Nova an\u00e1lise da Climate Central conclui que isto reduz colheitas e pressiona pre\u00e7os globais, comparando dados de 2021 a 2025 com um cen\u00e1rio sem emiss\u00f5es de carbono. Os cinco maiores produtores \u2014 Brasil, Vietname, Col\u00f4mbia, Eti\u00f3pia e Indon\u00e9sia \u2014 enfrentam em m\u00e9dia 57 dias extras de calor prejudicial por ano, respondendo por cerca de 75% da produ\u00e7\u00e3o mundial. Em m\u00e9dia, cada um desses pa\u00edses registou 47 dias adicionais de calor prejudicial por ano; o Brasil esteve, em m\u00e9dia, 70 dias acima do limiar, com impacto transversal nos 25 pa\u00edses analisados. A Climate Central estima que, sem adapta\u00e7\u00e3o, a \u00e1rea global apta para cultivo de caf\u00e9 pode reduzir-se at\u00e9 50% at\u00e9 2050, afetando mercados, pre\u00e7os e a geografia da produ\u00e7\u00e3o.\" \/>\n<meta property=\"og:url\" content=\"https:\/\/portaltela.pt\/noticias\/2026\/02\/19\/estresse-termico-no-cafe-piora-qualidade-eleva-custos-e-vulnerabilidade\/\" \/>\n<meta property=\"og:site_name\" content=\"Portal Tela Portugal\" \/>\n<meta property=\"article:published_time\" content=\"2026-02-19T11:53:00+00:00\" \/>\n<meta name=\"author\" content=\"Telinha\" \/>\n<meta name=\"twitter:card\" content=\"summary_large_image\" \/>\n<meta name=\"twitter:label1\" content=\"Escrito por\" \/>\n\t<meta name=\"twitter:data1\" content=\"Telinha\" \/>\n\t<meta name=\"twitter:label2\" content=\"Tempo estimado de leitura\" \/>\n\t<meta name=\"twitter:data2\" content=\"2 minutos\" \/>\n<script type=\"application\/ld+json\" class=\"yoast-schema-graph\">{\"@context\":\"https:\/\/schema.org\",\"@graph\":[{\"@type\":\"Article\",\"@id\":\"https:\/\/portaltela.pt\/noticias\/2026\/02\/19\/estresse-termico-no-cafe-piora-qualidade-eleva-custos-e-vulnerabilidade\/#article\",\"isPartOf\":{\"@id\":\"https:\/\/portaltela.pt\/noticias\/2026\/02\/19\/estresse-termico-no-cafe-piora-qualidade-eleva-custos-e-vulnerabilidade\/\"},\"author\":{\"name\":\"Telinha\",\"@id\":\"https:\/\/portaltela.pt\/#\/schema\/person\/c4278d4a6028830caff9ee44b42d32ed\"},\"headline\":\"Estresse t\u00e9rmico no caf\u00e9: piora qualidade, eleva custos e vulnerabilidade\",\"datePublished\":\"2026-02-19T11:53:00+00:00\",\"mainEntityOfPage\":{\"@id\":\"https:\/\/portaltela.pt\/noticias\/2026\/02\/19\/estresse-termico-no-cafe-piora-qualidade-eleva-custos-e-vulnerabilidade\/\"},\"wordCount\":386,\"image\":{\"@id\":\"https:\/\/portaltela.pt\/noticias\/2026\/02\/19\/estresse-termico-no-cafe-piora-qualidade-eleva-custos-e-vulnerabilidade\/#primaryimage\"},\"thumbnailUrl\":\"https:\/\/portaltela.pt\/s.01k8rhncp4jt1\/2026\/02\/2068214.jpg\",\"keywords\":[\"agricultura\",\"Altera\u00e7\u00f5es Clim\u00e1ticas\",\"Brasil\",\"caf\u00e9\",\"Eti\u00f3pia\",\"Indon\u00e9sia\"],\"articleSection\":[\"Not\u00edcias\"],\"inLanguage\":\"pt-PT\"},{\"@type\":\"WebPage\",\"@id\":\"https:\/\/portaltela.pt\/noticias\/2026\/02\/19\/estresse-termico-no-cafe-piora-qualidade-eleva-custos-e-vulnerabilidade\/\",\"url\":\"https:\/\/portaltela.pt\/noticias\/2026\/02\/19\/estresse-termico-no-cafe-piora-qualidade-eleva-custos-e-vulnerabilidade\/\",\"name\":\"Estresse t\u00e9rmico no caf\u00e9: piora qualidade, eleva custos e vulnerabilidade - Portal Tela Portugal\",\"isPartOf\":{\"@id\":\"https:\/\/portaltela.pt\/#website\"},\"primaryImageOfPage\":{\"@id\":\"https:\/\/portaltela.pt\/noticias\/2026\/02\/19\/estresse-termico-no-cafe-piora-qualidade-eleva-custos-e-vulnerabilidade\/#primaryimage\"},\"image\":{\"@id\":\"https:\/\/portaltela.pt\/noticias\/2026\/02\/19\/estresse-termico-no-cafe-piora-qualidade-eleva-custos-e-vulnerabilidade\/#primaryimage\"},\"thumbnailUrl\":\"https:\/\/portaltela.pt\/s.01k8rhncp4jt1\/2026\/02\/2068214.jpg\",\"datePublished\":\"2026-02-19T11:53:00+00:00\",\"author\":{\"@id\":\"https:\/\/portaltela.pt\/#\/schema\/person\/c4278d4a6028830caff9ee44b42d32ed\"},\"breadcrumb\":{\"@id\":\"https:\/\/portaltela.pt\/noticias\/2026\/02\/19\/estresse-termico-no-cafe-piora-qualidade-eleva-custos-e-vulnerabilidade\/#breadcrumb\"},\"inLanguage\":\"pt-PT\",\"potentialAction\":[{\"@type\":\"ReadAction\",\"target\":[\"https:\/\/portaltela.pt\/noticias\/2026\/02\/19\/estresse-termico-no-cafe-piora-qualidade-eleva-custos-e-vulnerabilidade\/\"]}]},{\"@type\":\"ImageObject\",\"inLanguage\":\"pt-PT\",\"@id\":\"https:\/\/portaltela.pt\/noticias\/2026\/02\/19\/estresse-termico-no-cafe-piora-qualidade-eleva-custos-e-vulnerabilidade\/#primaryimage\",\"url\":\"https:\/\/portaltela.pt\/s.01k8rhncp4jt1\/2026\/02\/2068214.jpg\",\"contentUrl\":\"https:\/\/portaltela.pt\/s.01k8rhncp4jt1\/2026\/02\/2068214.jpg\",\"width\":796,\"height\":448,\"caption\":\"As estimativas apontam para 2,2 mil milh\u00f5es de ch\u00e1venas de caf\u00e9 consumidas todos os dias\"},{\"@type\":\"BreadcrumbList\",\"@id\":\"https:\/\/portaltela.pt\/noticias\/2026\/02\/19\/estresse-termico-no-cafe-piora-qualidade-eleva-custos-e-vulnerabilidade\/#breadcrumb\",\"itemListElement\":[{\"@type\":\"ListItem\",\"position\":1,\"name\":\"In\u00edcio\",\"item\":\"https:\/\/portaltela.pt\/\"},{\"@type\":\"ListItem\",\"position\":2,\"name\":\"Estresse t\u00e9rmico no caf\u00e9: piora qualidade, eleva custos e vulnerabilidade\"}]},{\"@type\":\"WebSite\",\"@id\":\"https:\/\/portaltela.pt\/#website\",\"url\":\"https:\/\/portaltela.pt\/\",\"name\":\"Portal Tela Portugal\",\"description\":\"\",\"potentialAction\":[{\"@type\":\"SearchAction\",\"target\":{\"@type\":\"EntryPoint\",\"urlTemplate\":\"https:\/\/portaltela.pt\/?s={search_term_string}\"},\"query-input\":{\"@type\":\"PropertyValueSpecification\",\"valueRequired\":true,\"valueName\":\"search_term_string\"}}],\"inLanguage\":\"pt-PT\"},{\"@type\":\"Person\",\"@id\":\"https:\/\/portaltela.pt\/#\/schema\/person\/c4278d4a6028830caff9ee44b42d32ed\",\"name\":\"Telinha\",\"image\":{\"@type\":\"ImageObject\",\"inLanguage\":\"pt-PT\",\"@id\":\"https:\/\/portaltela.pt\/s.01k8rhncp4jt1\/2025\/11\/talking-bot-125x125.png\",\"url\":\"https:\/\/portaltela.pt\/s.01k8rhncp4jt1\/2025\/11\/talking-bot-125x125.png\",\"contentUrl\":\"https:\/\/portaltela.pt\/s.01k8rhncp4jt1\/2025\/11\/talking-bot-125x125.png\",\"caption\":\"Telinha\"},\"sameAs\":[\"https:\/\/portaltela.pt\/\"],\"url\":\"https:\/\/portaltela.pt\/por\/367410592786\/\"}]}<\/script>\n<!-- \/ Yoast SEO plugin. -->","yoast_head_json":{"title":"Estresse t\u00e9rmico no caf\u00e9: piora qualidade, eleva custos e vulnerabilidade - Portal Tela Portugal","robots":{"index":"index","follow":"follow","max-snippet":"max-snippet:-1","max-image-preview":"max-image-preview:large","max-video-preview":"max-video-preview:-1"},"og_locale":"pt_PT","og_type":"article","og_title":"Estresse t\u00e9rmico no caf\u00e9: piora qualidade, eleva custos e vulnerabilidade - Portal Tela Portugal","og_description":"Altera\u00e7\u00f5es clim\u00e1ticas aumentam os dias com calor extremo nas principais regi\u00f5es produtoras de caf\u00e9, levando ao stress t\u00e9rmico das plantas a partir de 30 \u00baC. Nova an\u00e1lise da Climate Central conclui que isto reduz colheitas e pressiona pre\u00e7os globais, comparando dados de 2021 a 2025 com um cen\u00e1rio sem emiss\u00f5es de carbono. Os cinco maiores produtores \u2014 Brasil, Vietname, Col\u00f4mbia, Eti\u00f3pia e Indon\u00e9sia \u2014 enfrentam em m\u00e9dia 57 dias extras de calor prejudicial por ano, respondendo por cerca de 75% da produ\u00e7\u00e3o mundial. Em m\u00e9dia, cada um desses pa\u00edses registou 47 dias adicionais de calor prejudicial por ano; o Brasil esteve, em m\u00e9dia, 70 dias acima do limiar, com impacto transversal nos 25 pa\u00edses analisados. A Climate Central estima que, sem adapta\u00e7\u00e3o, a \u00e1rea global apta para cultivo de caf\u00e9 pode reduzir-se at\u00e9 50% at\u00e9 2050, afetando mercados, pre\u00e7os e a geografia da produ\u00e7\u00e3o.","og_url":"https:\/\/portaltela.pt\/noticias\/2026\/02\/19\/estresse-termico-no-cafe-piora-qualidade-eleva-custos-e-vulnerabilidade\/","og_site_name":"Portal Tela Portugal","article_published_time":"2026-02-19T11:53:00+00:00","author":"Telinha","twitter_card":"summary_large_image","twitter_misc":{"Escrito por":"Telinha","Tempo estimado de leitura":"2 minutos"},"schema":{"@context":"https:\/\/schema.org","@graph":[{"@type":"Article","@id":"https:\/\/portaltela.pt\/noticias\/2026\/02\/19\/estresse-termico-no-cafe-piora-qualidade-eleva-custos-e-vulnerabilidade\/#article","isPartOf":{"@id":"https:\/\/portaltela.pt\/noticias\/2026\/02\/19\/estresse-termico-no-cafe-piora-qualidade-eleva-custos-e-vulnerabilidade\/"},"author":{"name":"Telinha","@id":"https:\/\/portaltela.pt\/#\/schema\/person\/c4278d4a6028830caff9ee44b42d32ed"},"headline":"Estresse t\u00e9rmico no caf\u00e9: piora qualidade, eleva custos e vulnerabilidade","datePublished":"2026-02-19T11:53:00+00:00","mainEntityOfPage":{"@id":"https:\/\/portaltela.pt\/noticias\/2026\/02\/19\/estresse-termico-no-cafe-piora-qualidade-eleva-custos-e-vulnerabilidade\/"},"wordCount":386,"image":{"@id":"https:\/\/portaltela.pt\/noticias\/2026\/02\/19\/estresse-termico-no-cafe-piora-qualidade-eleva-custos-e-vulnerabilidade\/#primaryimage"},"thumbnailUrl":"https:\/\/portaltela.pt\/s.01k8rhncp4jt1\/2026\/02\/2068214.jpg","keywords":["agricultura","Altera\u00e7\u00f5es Clim\u00e1ticas","Brasil","caf\u00e9","Eti\u00f3pia","Indon\u00e9sia"],"articleSection":["Not\u00edcias"],"inLanguage":"pt-PT"},{"@type":"WebPage","@id":"https:\/\/portaltela.pt\/noticias\/2026\/02\/19\/estresse-termico-no-cafe-piora-qualidade-eleva-custos-e-vulnerabilidade\/","url":"https:\/\/portaltela.pt\/noticias\/2026\/02\/19\/estresse-termico-no-cafe-piora-qualidade-eleva-custos-e-vulnerabilidade\/","name":"Estresse t\u00e9rmico no caf\u00e9: piora qualidade, eleva custos e vulnerabilidade - Portal Tela Portugal","isPartOf":{"@id":"https:\/\/portaltela.pt\/#website"},"primaryImageOfPage":{"@id":"https:\/\/portaltela.pt\/noticias\/2026\/02\/19\/estresse-termico-no-cafe-piora-qualidade-eleva-custos-e-vulnerabilidade\/#primaryimage"},"image":{"@id":"https:\/\/portaltela.pt\/noticias\/2026\/02\/19\/estresse-termico-no-cafe-piora-qualidade-eleva-custos-e-vulnerabilidade\/#primaryimage"},"thumbnailUrl":"https:\/\/portaltela.pt\/s.01k8rhncp4jt1\/2026\/02\/2068214.jpg","datePublished":"2026-02-19T11:53:00+00:00","author":{"@id":"https:\/\/portaltela.pt\/#\/schema\/person\/c4278d4a6028830caff9ee44b42d32ed"},"breadcrumb":{"@id":"https:\/\/portaltela.pt\/noticias\/2026\/02\/19\/estresse-termico-no-cafe-piora-qualidade-eleva-custos-e-vulnerabilidade\/#breadcrumb"},"inLanguage":"pt-PT","potentialAction":[{"@type":"ReadAction","target":["https:\/\/portaltela.pt\/noticias\/2026\/02\/19\/estresse-termico-no-cafe-piora-qualidade-eleva-custos-e-vulnerabilidade\/"]}]},{"@type":"ImageObject","inLanguage":"pt-PT","@id":"https:\/\/portaltela.pt\/noticias\/2026\/02\/19\/estresse-termico-no-cafe-piora-qualidade-eleva-custos-e-vulnerabilidade\/#primaryimage","url":"https:\/\/portaltela.pt\/s.01k8rhncp4jt1\/2026\/02\/2068214.jpg","contentUrl":"https:\/\/portaltela.pt\/s.01k8rhncp4jt1\/2026\/02\/2068214.jpg","width":796,"height":448,"caption":"As estimativas apontam para 2,2 mil milh\u00f5es de ch\u00e1venas de caf\u00e9 consumidas todos os dias"},{"@type":"BreadcrumbList","@id":"https:\/\/portaltela.pt\/noticias\/2026\/02\/19\/estresse-termico-no-cafe-piora-qualidade-eleva-custos-e-vulnerabilidade\/#breadcrumb","itemListElement":[{"@type":"ListItem","position":1,"name":"In\u00edcio","item":"https:\/\/portaltela.pt\/"},{"@type":"ListItem","position":2,"name":"Estresse t\u00e9rmico no caf\u00e9: piora qualidade, eleva custos e vulnerabilidade"}]},{"@type":"WebSite","@id":"https:\/\/portaltela.pt\/#website","url":"https:\/\/portaltela.pt\/","name":"Portal Tela Portugal","description":"","potentialAction":[{"@type":"SearchAction","target":{"@type":"EntryPoint","urlTemplate":"https:\/\/portaltela.pt\/?s={search_term_string}"},"query-input":{"@type":"PropertyValueSpecification","valueRequired":true,"valueName":"search_term_string"}}],"inLanguage":"pt-PT"},{"@type":"Person","@id":"https:\/\/portaltela.pt\/#\/schema\/person\/c4278d4a6028830caff9ee44b42d32ed","name":"Telinha","image":{"@type":"ImageObject","inLanguage":"pt-PT","@id":"https:\/\/portaltela.pt\/s.01k8rhncp4jt1\/2025\/11\/talking-bot-125x125.png","url":"https:\/\/portaltela.pt\/s.01k8rhncp4jt1\/2025\/11\/talking-bot-125x125.png","contentUrl":"https:\/\/portaltela.pt\/s.01k8rhncp4jt1\/2025\/11\/talking-bot-125x125.png","caption":"Telinha"},"sameAs":["https:\/\/portaltela.pt\/"],"url":"https:\/\/portaltela.pt\/por\/367410592786\/"}]}},"_links":{"self":[{"href":"https:\/\/portaltela.pt\/api\/wp\/v2\/posts\/217364","targetHints":{"allow":["GET"]}}],"collection":[{"href":"https:\/\/portaltela.pt\/api\/wp\/v2\/posts"}],"about":[{"href":"https:\/\/portaltela.pt\/api\/wp\/v2\/types\/post"}],"author":[{"embeddable":true,"href":"https:\/\/portaltela.pt\/api\/wp\/v2\/users\/2"}],"replies":[{"embeddable":true,"href":"https:\/\/portaltela.pt\/api\/wp\/v2\/comments?post=217364"}],"version-history":[{"count":0,"href":"https:\/\/portaltela.pt\/api\/wp\/v2\/posts\/217364\/revisions"}],"wp:featuredmedia":[{"embeddable":true,"href":"https:\/\/portaltela.pt\/api\/wp\/v2\/media\/217367"}],"wp:attachment":[{"href":"https:\/\/portaltela.pt\/api\/wp\/v2\/media?parent=217364"}],"wp:term":[{"taxonomy":"category","embeddable":true,"href":"https:\/\/portaltela.pt\/api\/wp\/v2\/categories?post=217364"},{"taxonomy":"post_tag","embeddable":true,"href":"https:\/\/portaltela.pt\/api\/wp\/v2\/tags?post=217364"}],"curies":[{"name":"wp","href":"https:\/\/api.w.org\/{rel}","templated":true}]}}