{"id":217362,"date":"2026-02-19T08:57:00","date_gmt":"2026-02-19T11:57:00","guid":{"rendered":"https:\/\/portaltela.pt\/noticias\/2026\/02\/19\/governo-antecipa-prazo-para-cartao-cidadao-em-areas-atingidas-por-kristin\/"},"modified":"2026-02-19T08:57:00","modified_gmt":"2026-02-19T11:57:00","slug":"governo-antecipa-prazo-para-cartao-cidadao-em-areas-atingidas-por-kristin","status":"publish","type":"post","link":"https:\/\/portaltela.pt\/noticias\/2026\/02\/19\/governo-antecipa-prazo-para-cartao-cidadao-em-areas-atingidas-por-kristin\/","title":{"rendered":"Governo antecipa prazo para cart\u00e3o cidad\u00e3o em \u00e1reas atingidas por Kristin"},"content":{"rendered":"<p>O Governo adiou de 31 de mar\u00e7o para 17 de mar\u00e7o o prazo para pedir o cart\u00e3o de cidad\u00e3o sem taxas, para residentes em concelhos afetados pela tempestade Kristin. A medida consta de um diploma publicado no Di\u00e1rio da Rep\u00fablica.<\/p>\n<p>Segundo a mesma fonte do Minist\u00e9rio da Justi\u00e7a, o novo prazo permite pedir a emiss\u00e3o ou renova\u00e7\u00e3o do cart\u00e3o at\u00e9 30 dias ap\u00f3s o fim da situa\u00e7\u00e3o de calamidade, que terminou a 15 de fevereiro nos 68 concelhos abrangidos.<\/p>\n<p>O diploma, assinado pela secret\u00e1ria de Estado da Justi\u00e7a, Ana Lu\u00edsa Machado, prev\u00ea que a isen\u00e7\u00e3o se aplica apenas quando n\u00e3o haja altera\u00e7\u00e3o de dados do titular. A norma altera uma portaria anterior de 6 de fevereiro.<\/p>\n<h3>Quem beneficia e como comprovar a elegibilidade<\/h3>\n<p>Podem beneficiar da isen\u00e7\u00e3o residentes afetados pela calamidade. A validade do requerimento pode ser comprovada por trabalhadores de atendimento em Espa\u00e7os Cidad\u00e3o, atrav\u00e9s de declara\u00e7\u00e3o municipal ou junta de freguesia, ou por declara\u00e7\u00e3o sob compromisso de honra do titular.<\/p>\n<h3>Contexto e impacto<\/h3>\n<p>Dezassete pessoas morreram durante as depress\u00f5es Kristin, Leonardo e Marta, com centenas de feridos e desalojados. Os danos incluem destrui\u00e7\u00e3o de casas, quedas de \u00e1rvores, cortes de transportes, energia, \u00e1gua e comunica\u00e7\u00f5es, sobretudo nas regi\u00f5es Centro, Lisboa e Vale do Tejo e Alentejo.<\/p>\n<h3>Importante<\/h3>\n<p>A norma entra em vigor na sexta-feira. A medida visa facilitar a gest\u00e3o de documenta\u00e7\u00e3o b\u00e1sica em zonas afetadas, mantendo a neutralidade e sem abrir espa\u00e7o a interpreta\u00e7\u00f5es pol\u00edticas.<\/p>\n","protected":false},"excerpt":{"rendered":"<ul>\n<li>O Governo antecipou de 31 para 17 de mar\u00e7o o prazo para pedir o cart\u00e3o de cidad\u00e3o sem pagar taxas, para quem vive em concelhos afetados pela tempestade Kristin.<\/li>\n<li>O prazo passa a ser de at\u00e9 30 dias ap\u00f3s o fim da calamidade, que terminou a 15 de fevereiro nos 68 concelhos abrangidos.<\/li>\n<li>A isen\u00e7\u00e3o de taxas aplica-se apenas quando n\u00e3o houver altera\u00e7\u00e3o dos dados do titular.<\/li>\n<li>A medida altera uma portaria de 6 de fevereiro e mant\u00e9m a possibilidade de declara\u00e7\u00e3o de perda ou avaria comprovada por documentos oficiais.<\/li>\n<li>Em Portugal, a tempestade Kristin, bem como as depress\u00f5es Leonard e Marta, provocou 18 mortes, centenas de feridos e destrui\u00e7\u00e3o generalizada nas regi\u00f5es Centro, Lisboa e Vale do Tejo e Alentejo.<\/li>\n<\/ul>\n","protected":false},"author":2,"featured_media":217363,"comment_status":"closed","ping_status":"closed","sticky":false,"template":"","format":"standard","meta":{"footnotes":""},"categories":[1],"tags":[883,4687,3823,1309,34,981],"class_list":["post-217362","post","type-post","status-publish","format-standard","has-post-thumbnail","hentry","category-noticias","tag-alentejo","tag-calamidade-publica","tag-cartao-de-cidadao","tag-centro","tag-governo","tag-lisboa"],"yoast_head":"<!-- This site is optimized with the Yoast SEO plugin v27.2 - https:\/\/yoast.com\/product\/yoast-seo-wordpress\/ -->\n<title>Governo antecipa prazo para cart\u00e3o cidad\u00e3o em \u00e1reas atingidas por Kristin - Portal Tela Portugal<\/title>\n<meta name=\"robots\" content=\"index, follow, max-snippet:-1, max-image-preview:large, max-video-preview:-1\" \/>\n<meta property=\"og:locale\" content=\"pt_PT\" \/>\n<meta property=\"og:type\" content=\"article\" \/>\n<meta property=\"og:title\" content=\"Governo antecipa prazo para cart\u00e3o cidad\u00e3o em \u00e1reas atingidas por Kristin - Portal Tela Portugal\" \/>\n<meta property=\"og:description\" content=\"O Governo antecipou de 31 para 17 de mar\u00e7o o prazo para pedir o cart\u00e3o de cidad\u00e3o sem pagar taxas, para quem vive em concelhos afetados pela tempestade Kristin. O prazo passa a ser de at\u00e9 30 dias ap\u00f3s o fim da calamidade, que terminou a 15 de fevereiro nos 68 concelhos abrangidos. A isen\u00e7\u00e3o de taxas aplica-se apenas quando n\u00e3o houver altera\u00e7\u00e3o dos dados do titular. A medida altera uma portaria de 6 de fevereiro e mant\u00e9m a possibilidade de declara\u00e7\u00e3o de perda ou avaria comprovada por documentos oficiais. Em Portugal, a tempestade Kristin, bem como as depress\u00f5es Leonard e Marta, provocou 18 mortes, centenas de feridos e destrui\u00e7\u00e3o generalizada nas regi\u00f5es Centro, Lisboa e Vale do Tejo e Alentejo.\" \/>\n<meta property=\"og:url\" content=\"https:\/\/portaltela.pt\/noticias\/2026\/02\/19\/governo-antecipa-prazo-para-cartao-cidadao-em-areas-atingidas-por-kristin\/\" \/>\n<meta property=\"og:site_name\" content=\"Portal Tela Portugal\" \/>\n<meta property=\"article:published_time\" content=\"2026-02-19T11:57:00+00:00\" \/>\n<meta name=\"author\" content=\"Telinha\" \/>\n<meta name=\"twitter:card\" content=\"summary_large_image\" \/>\n<meta name=\"twitter:label1\" content=\"Escrito por\" \/>\n\t<meta name=\"twitter:data1\" content=\"Telinha\" \/>\n\t<meta name=\"twitter:label2\" content=\"Tempo estimado de leitura\" \/>\n\t<meta name=\"twitter:data2\" content=\"1 minuto\" \/>\n<script type=\"application\/ld+json\" class=\"yoast-schema-graph\">{\"@context\":\"https:\/\/schema.org\",\"@graph\":[{\"@type\":\"Article\",\"@id\":\"https:\/\/portaltela.pt\/noticias\/2026\/02\/19\/governo-antecipa-prazo-para-cartao-cidadao-em-areas-atingidas-por-kristin\/#article\",\"isPartOf\":{\"@id\":\"https:\/\/portaltela.pt\/noticias\/2026\/02\/19\/governo-antecipa-prazo-para-cartao-cidadao-em-areas-atingidas-por-kristin\/\"},\"author\":{\"name\":\"Telinha\",\"@id\":\"https:\/\/portaltela.pt\/#\/schema\/person\/c4278d4a6028830caff9ee44b42d32ed\"},\"headline\":\"Governo antecipa prazo para cart\u00e3o cidad\u00e3o em \u00e1reas atingidas por Kristin\",\"datePublished\":\"2026-02-19T11:57:00+00:00\",\"mainEntityOfPage\":{\"@id\":\"https:\/\/portaltela.pt\/noticias\/2026\/02\/19\/governo-antecipa-prazo-para-cartao-cidadao-em-areas-atingidas-por-kristin\/\"},\"wordCount\":280,\"image\":{\"@id\":\"https:\/\/portaltela.pt\/noticias\/2026\/02\/19\/governo-antecipa-prazo-para-cartao-cidadao-em-areas-atingidas-por-kristin\/#primaryimage\"},\"thumbnailUrl\":\"https:\/\/portaltela.pt\/s.01k8rhncp4jt1\/2026\/02\/image-1396.jpg\",\"keywords\":[\"Alentejo\",\"calamidade p\u00fablica\",\"Cart\u00e3o de Cidad\u00e3o\",\"Centro\",\"governo\",\"Lisboa\"],\"articleSection\":[\"Not\u00edcias\"],\"inLanguage\":\"pt-PT\"},{\"@type\":\"WebPage\",\"@id\":\"https:\/\/portaltela.pt\/noticias\/2026\/02\/19\/governo-antecipa-prazo-para-cartao-cidadao-em-areas-atingidas-por-kristin\/\",\"url\":\"https:\/\/portaltela.pt\/noticias\/2026\/02\/19\/governo-antecipa-prazo-para-cartao-cidadao-em-areas-atingidas-por-kristin\/\",\"name\":\"Governo antecipa prazo para cart\u00e3o cidad\u00e3o em \u00e1reas atingidas por Kristin - Portal Tela Portugal\",\"isPartOf\":{\"@id\":\"https:\/\/portaltela.pt\/#website\"},\"primaryImageOfPage\":{\"@id\":\"https:\/\/portaltela.pt\/noticias\/2026\/02\/19\/governo-antecipa-prazo-para-cartao-cidadao-em-areas-atingidas-por-kristin\/#primaryimage\"},\"image\":{\"@id\":\"https:\/\/portaltela.pt\/noticias\/2026\/02\/19\/governo-antecipa-prazo-para-cartao-cidadao-em-areas-atingidas-por-kristin\/#primaryimage\"},\"thumbnailUrl\":\"https:\/\/portaltela.pt\/s.01k8rhncp4jt1\/2026\/02\/image-1396.jpg\",\"datePublished\":\"2026-02-19T11:57:00+00:00\",\"author\":{\"@id\":\"https:\/\/portaltela.pt\/#\/schema\/person\/c4278d4a6028830caff9ee44b42d32ed\"},\"breadcrumb\":{\"@id\":\"https:\/\/portaltela.pt\/noticias\/2026\/02\/19\/governo-antecipa-prazo-para-cartao-cidadao-em-areas-atingidas-por-kristin\/#breadcrumb\"},\"inLanguage\":\"pt-PT\",\"potentialAction\":[{\"@type\":\"ReadAction\",\"target\":[\"https:\/\/portaltela.pt\/noticias\/2026\/02\/19\/governo-antecipa-prazo-para-cartao-cidadao-em-areas-atingidas-por-kristin\/\"]}]},{\"@type\":\"ImageObject\",\"inLanguage\":\"pt-PT\",\"@id\":\"https:\/\/portaltela.pt\/noticias\/2026\/02\/19\/governo-antecipa-prazo-para-cartao-cidadao-em-areas-atingidas-por-kristin\/#primaryimage\",\"url\":\"https:\/\/portaltela.pt\/s.01k8rhncp4jt1\/2026\/02\/image-1396.jpg\",\"contentUrl\":\"https:\/\/portaltela.pt\/s.01k8rhncp4jt1\/2026\/02\/image-1396.jpg\",\"width\":796,\"height\":448,\"caption\":\"Leiria foi dos distritos mais afetados pela depress\u00e3o Kristin\"},{\"@type\":\"BreadcrumbList\",\"@id\":\"https:\/\/portaltela.pt\/noticias\/2026\/02\/19\/governo-antecipa-prazo-para-cartao-cidadao-em-areas-atingidas-por-kristin\/#breadcrumb\",\"itemListElement\":[{\"@type\":\"ListItem\",\"position\":1,\"name\":\"In\u00edcio\",\"item\":\"https:\/\/portaltela.pt\/\"},{\"@type\":\"ListItem\",\"position\":2,\"name\":\"Governo antecipa prazo para cart\u00e3o cidad\u00e3o em \u00e1reas atingidas por Kristin\"}]},{\"@type\":\"WebSite\",\"@id\":\"https:\/\/portaltela.pt\/#website\",\"url\":\"https:\/\/portaltela.pt\/\",\"name\":\"Portal Tela Portugal\",\"description\":\"\",\"potentialAction\":[{\"@type\":\"SearchAction\",\"target\":{\"@type\":\"EntryPoint\",\"urlTemplate\":\"https:\/\/portaltela.pt\/?s={search_term_string}\"},\"query-input\":{\"@type\":\"PropertyValueSpecification\",\"valueRequired\":true,\"valueName\":\"search_term_string\"}}],\"inLanguage\":\"pt-PT\"},{\"@type\":\"Person\",\"@id\":\"https:\/\/portaltela.pt\/#\/schema\/person\/c4278d4a6028830caff9ee44b42d32ed\",\"name\":\"Telinha\",\"image\":{\"@type\":\"ImageObject\",\"inLanguage\":\"pt-PT\",\"@id\":\"https:\/\/portaltela.pt\/s.01k8rhncp4jt1\/2025\/11\/talking-bot-125x125.png\",\"url\":\"https:\/\/portaltela.pt\/s.01k8rhncp4jt1\/2025\/11\/talking-bot-125x125.png\",\"contentUrl\":\"https:\/\/portaltela.pt\/s.01k8rhncp4jt1\/2025\/11\/talking-bot-125x125.png\",\"caption\":\"Telinha\"},\"sameAs\":[\"https:\/\/portaltela.pt\/\"],\"url\":\"https:\/\/portaltela.pt\/por\/367410592786\/\"}]}<\/script>\n<!-- \/ Yoast SEO plugin. -->","yoast_head_json":{"title":"Governo antecipa prazo para cart\u00e3o cidad\u00e3o em \u00e1reas atingidas por Kristin - Portal Tela Portugal","robots":{"index":"index","follow":"follow","max-snippet":"max-snippet:-1","max-image-preview":"max-image-preview:large","max-video-preview":"max-video-preview:-1"},"og_locale":"pt_PT","og_type":"article","og_title":"Governo antecipa prazo para cart\u00e3o cidad\u00e3o em \u00e1reas atingidas por Kristin - Portal Tela Portugal","og_description":"O Governo antecipou de 31 para 17 de mar\u00e7o o prazo para pedir o cart\u00e3o de cidad\u00e3o sem pagar taxas, para quem vive em concelhos afetados pela tempestade Kristin. O prazo passa a ser de at\u00e9 30 dias ap\u00f3s o fim da calamidade, que terminou a 15 de fevereiro nos 68 concelhos abrangidos. A isen\u00e7\u00e3o de taxas aplica-se apenas quando n\u00e3o houver altera\u00e7\u00e3o dos dados do titular. A medida altera uma portaria de 6 de fevereiro e mant\u00e9m a possibilidade de declara\u00e7\u00e3o de perda ou avaria comprovada por documentos oficiais. Em Portugal, a tempestade Kristin, bem como as depress\u00f5es Leonard e Marta, provocou 18 mortes, centenas de feridos e destrui\u00e7\u00e3o generalizada nas regi\u00f5es Centro, Lisboa e Vale do Tejo e Alentejo.","og_url":"https:\/\/portaltela.pt\/noticias\/2026\/02\/19\/governo-antecipa-prazo-para-cartao-cidadao-em-areas-atingidas-por-kristin\/","og_site_name":"Portal Tela Portugal","article_published_time":"2026-02-19T11:57:00+00:00","author":"Telinha","twitter_card":"summary_large_image","twitter_misc":{"Escrito por":"Telinha","Tempo estimado de leitura":"1 minuto"},"schema":{"@context":"https:\/\/schema.org","@graph":[{"@type":"Article","@id":"https:\/\/portaltela.pt\/noticias\/2026\/02\/19\/governo-antecipa-prazo-para-cartao-cidadao-em-areas-atingidas-por-kristin\/#article","isPartOf":{"@id":"https:\/\/portaltela.pt\/noticias\/2026\/02\/19\/governo-antecipa-prazo-para-cartao-cidadao-em-areas-atingidas-por-kristin\/"},"author":{"name":"Telinha","@id":"https:\/\/portaltela.pt\/#\/schema\/person\/c4278d4a6028830caff9ee44b42d32ed"},"headline":"Governo antecipa prazo para cart\u00e3o cidad\u00e3o em \u00e1reas atingidas por Kristin","datePublished":"2026-02-19T11:57:00+00:00","mainEntityOfPage":{"@id":"https:\/\/portaltela.pt\/noticias\/2026\/02\/19\/governo-antecipa-prazo-para-cartao-cidadao-em-areas-atingidas-por-kristin\/"},"wordCount":280,"image":{"@id":"https:\/\/portaltela.pt\/noticias\/2026\/02\/19\/governo-antecipa-prazo-para-cartao-cidadao-em-areas-atingidas-por-kristin\/#primaryimage"},"thumbnailUrl":"https:\/\/portaltela.pt\/s.01k8rhncp4jt1\/2026\/02\/image-1396.jpg","keywords":["Alentejo","calamidade p\u00fablica","Cart\u00e3o de Cidad\u00e3o","Centro","governo","Lisboa"],"articleSection":["Not\u00edcias"],"inLanguage":"pt-PT"},{"@type":"WebPage","@id":"https:\/\/portaltela.pt\/noticias\/2026\/02\/19\/governo-antecipa-prazo-para-cartao-cidadao-em-areas-atingidas-por-kristin\/","url":"https:\/\/portaltela.pt\/noticias\/2026\/02\/19\/governo-antecipa-prazo-para-cartao-cidadao-em-areas-atingidas-por-kristin\/","name":"Governo antecipa prazo para cart\u00e3o cidad\u00e3o em \u00e1reas atingidas por Kristin - Portal Tela Portugal","isPartOf":{"@id":"https:\/\/portaltela.pt\/#website"},"primaryImageOfPage":{"@id":"https:\/\/portaltela.pt\/noticias\/2026\/02\/19\/governo-antecipa-prazo-para-cartao-cidadao-em-areas-atingidas-por-kristin\/#primaryimage"},"image":{"@id":"https:\/\/portaltela.pt\/noticias\/2026\/02\/19\/governo-antecipa-prazo-para-cartao-cidadao-em-areas-atingidas-por-kristin\/#primaryimage"},"thumbnailUrl":"https:\/\/portaltela.pt\/s.01k8rhncp4jt1\/2026\/02\/image-1396.jpg","datePublished":"2026-02-19T11:57:00+00:00","author":{"@id":"https:\/\/portaltela.pt\/#\/schema\/person\/c4278d4a6028830caff9ee44b42d32ed"},"breadcrumb":{"@id":"https:\/\/portaltela.pt\/noticias\/2026\/02\/19\/governo-antecipa-prazo-para-cartao-cidadao-em-areas-atingidas-por-kristin\/#breadcrumb"},"inLanguage":"pt-PT","potentialAction":[{"@type":"ReadAction","target":["https:\/\/portaltela.pt\/noticias\/2026\/02\/19\/governo-antecipa-prazo-para-cartao-cidadao-em-areas-atingidas-por-kristin\/"]}]},{"@type":"ImageObject","inLanguage":"pt-PT","@id":"https:\/\/portaltela.pt\/noticias\/2026\/02\/19\/governo-antecipa-prazo-para-cartao-cidadao-em-areas-atingidas-por-kristin\/#primaryimage","url":"https:\/\/portaltela.pt\/s.01k8rhncp4jt1\/2026\/02\/image-1396.jpg","contentUrl":"https:\/\/portaltela.pt\/s.01k8rhncp4jt1\/2026\/02\/image-1396.jpg","width":796,"height":448,"caption":"Leiria foi dos distritos mais afetados pela depress\u00e3o Kristin"},{"@type":"BreadcrumbList","@id":"https:\/\/portaltela.pt\/noticias\/2026\/02\/19\/governo-antecipa-prazo-para-cartao-cidadao-em-areas-atingidas-por-kristin\/#breadcrumb","itemListElement":[{"@type":"ListItem","position":1,"name":"In\u00edcio","item":"https:\/\/portaltela.pt\/"},{"@type":"ListItem","position":2,"name":"Governo antecipa prazo para cart\u00e3o cidad\u00e3o em \u00e1reas atingidas por Kristin"}]},{"@type":"WebSite","@id":"https:\/\/portaltela.pt\/#website","url":"https:\/\/portaltela.pt\/","name":"Portal Tela Portugal","description":"","potentialAction":[{"@type":"SearchAction","target":{"@type":"EntryPoint","urlTemplate":"https:\/\/portaltela.pt\/?s={search_term_string}"},"query-input":{"@type":"PropertyValueSpecification","valueRequired":true,"valueName":"search_term_string"}}],"inLanguage":"pt-PT"},{"@type":"Person","@id":"https:\/\/portaltela.pt\/#\/schema\/person\/c4278d4a6028830caff9ee44b42d32ed","name":"Telinha","image":{"@type":"ImageObject","inLanguage":"pt-PT","@id":"https:\/\/portaltela.pt\/s.01k8rhncp4jt1\/2025\/11\/talking-bot-125x125.png","url":"https:\/\/portaltela.pt\/s.01k8rhncp4jt1\/2025\/11\/talking-bot-125x125.png","contentUrl":"https:\/\/portaltela.pt\/s.01k8rhncp4jt1\/2025\/11\/talking-bot-125x125.png","caption":"Telinha"},"sameAs":["https:\/\/portaltela.pt\/"],"url":"https:\/\/portaltela.pt\/por\/367410592786\/"}]}},"_links":{"self":[{"href":"https:\/\/portaltela.pt\/api\/wp\/v2\/posts\/217362","targetHints":{"allow":["GET"]}}],"collection":[{"href":"https:\/\/portaltela.pt\/api\/wp\/v2\/posts"}],"about":[{"href":"https:\/\/portaltela.pt\/api\/wp\/v2\/types\/post"}],"author":[{"embeddable":true,"href":"https:\/\/portaltela.pt\/api\/wp\/v2\/users\/2"}],"replies":[{"embeddable":true,"href":"https:\/\/portaltela.pt\/api\/wp\/v2\/comments?post=217362"}],"version-history":[{"count":0,"href":"https:\/\/portaltela.pt\/api\/wp\/v2\/posts\/217362\/revisions"}],"wp:featuredmedia":[{"embeddable":true,"href":"https:\/\/portaltela.pt\/api\/wp\/v2\/media\/217363"}],"wp:attachment":[{"href":"https:\/\/portaltela.pt\/api\/wp\/v2\/media?parent=217362"}],"wp:term":[{"taxonomy":"category","embeddable":true,"href":"https:\/\/portaltela.pt\/api\/wp\/v2\/categories?post=217362"},{"taxonomy":"post_tag","embeddable":true,"href":"https:\/\/portaltela.pt\/api\/wp\/v2\/tags?post=217362"}],"curies":[{"name":"wp","href":"https:\/\/api.w.org\/{rel}","templated":true}]}}