{"id":217344,"date":"2026-02-19T07:55:00","date_gmt":"2026-02-19T10:55:00","guid":{"rendered":"https:\/\/portaltela.pt\/noticias\/2026\/02\/19\/trauma-e-exposicao-mediatica-entre-o-corpo-e-a-imagem\/"},"modified":"2026-02-19T07:55:00","modified_gmt":"2026-02-19T10:55:00","slug":"trauma-e-exposicao-mediatica-entre-o-corpo-e-a-imagem","status":"publish","type":"post","link":"https:\/\/portaltela.pt\/noticias\/2026\/02\/19\/trauma-e-exposicao-mediatica-entre-o-corpo-e-a-imagem\/","title":{"rendered":"Trauma e exposi\u00e7\u00e3o medi\u00e1tica entre o corpo e a imagem"},"content":{"rendered":"<p>Na era da hiperexposi\u00e7\u00e3o medi\u00e1tica, den\u00fancias de abuso sexual ganham visibilidade r\u00e1pida, moldando o que \u00e9 considerado sofrimento leg\u00edtimo. A s\u00e9rie documental The Fall of Diddy, lan\u00e7ada pela HBO Max em 2025, traz relatos de abuso envolvendo Sean Combs e ilustra como a exposi\u00e7\u00e3o p\u00fablica pode amplificar den\u00fancias. Paralelamente, a divulga\u00e7\u00e3o de ficheiros de Jeffrey Epstein, com listas de contactos, depoimentos e documentos judiciais, refor\u00e7a a l\u00f3gica de exposi\u00e7\u00e3o medi\u00e1tica associada a poder e viol\u00eancia.<\/p>\n<p>A tend\u00eancia atual coloca o trauma numa fronteira entre experi\u00eancia pessoal e narrativa p\u00fablica. O texto descreve que o trauma ocorre na mente e no corpo, n\u00e3o apenas no acontecimento, e que a forma de o comunicar depende de institui\u00e7\u00f5es que regulam o que chega ao p\u00fablico.<\/p>\n<h3>Exposi\u00e7\u00e3o medi\u00e1tica e trauma<\/h3>\n<p>O conte\u00fado analisa como os media definem o que \u00e9 mostrado como sofrimento. Em contextos de plataformas digitais, a dor pode tornar-se conte\u00fado vis\u00edvel no trending topic, gerando uma valida\u00e7\u00e3o social que, por vezes, ultrapassa o alcance de quem n\u00e3o est\u00e1 na esfera medi\u00e1tica.<\/p>\n<p>Para a s\u00e9rie sobre Sean Combs, mulheres procuram dar voz \u00e0s viv\u00eancias de viol\u00eancia, sugerindo que a exposi\u00e7\u00e3o funciona tanto como den\u00fancia como mercantiliza\u00e7\u00e3o do sofrimento. Em paralelo, o acesso p\u00fablico a ficheiros de Epstein reacende mem\u00f3rias traum\u00e1ticas e coloca o tema no centro do debate p\u00fablico.<\/p>\n<h3>Implica\u00e7\u00f5es e sentidos<\/h3>\n<p>O texto hist\u00f3rico-reflexivo sublinha que o trauma n\u00e3o se reduz ao evento, mas \u00e0s marcas que deixa no corpo e na mem\u00f3ria. A linguagem que descreve essas experi\u00eancias tende a ser fragmentada quando a dor \u00e9 extrema, o que amplia o papel do corpo como leitura poss\u00edvel da experi\u00eancia.<\/p>\n<p>A narrativa medi\u00e1tica transforma testemunhos em conte\u00fados que exigem visibilidade para serem reconhecidos. Contudo, surgem quest\u00f5es sobre justi\u00e7a, publicidade e responsabilidade \u00e9tica na apresenta\u00e7\u00e3o de casos de abuso e viol\u00eancia contra a mulher, com o risco de instrumentaliza\u00e7\u00e3o do sofrimento.<\/p>\n<h3>Conclus\u00f5es operacionais<\/h3>\n<p>A an\u00e1lise conclui que denunciar atrav\u00e9s dos meios pode representar resist\u00eancia e uma forma de reconstru\u00e7\u00e3o simb\u00f3lica para quem vive o trauma. Ainda assim, permanece a tens\u00e3o entre a urg\u00eancia da justi\u00e7a e a utiliza\u00e7\u00e3o medi\u00e1tica da dor, que pode tornar-se atrativa como espet\u00e1culo.<\/p>\n","protected":false},"excerpt":{"rendered":"<ul>\n<li>A m\u00eddia molda o que \u00e9 reconhecido como sofrimento leg\u00edtimo, tornando o que aparece nos trending topics mais real do que o que fica fora do foco.<\/li>\n<li>O trauma \u00e9 um ferimento na psique; n\u00e3o \u00e9 apenas o acontecimento, mas os danos que provoca na mente e no corpo, com linguagem muitas vezes dif\u00edcil de verbalizar.<\/li>\n<li>O trauma funciona como objeto discursivo regulado pelas institui\u00e7\u00f5es medi\u00e1ticas, que autorizam ou silenciam falas sobre a dor.<\/li>\n<li>Divulga\u00e7\u00f5es p\u00fablicas, como os ficheiros de Epstein e a s\u00e9rie The Fall of Diddy (HBO Max, 2025), mostram como a exposi\u00e7\u00e3o medi\u00e1tica pode denunciar abusos e, ao mesmo tempo, mercantilizar o sofrimento.<\/li>\n<li>Denunciar nos meios de comunica\u00e7\u00e3o \u00e9 uma forma de resist\u00eancia, mas a transforma\u00e7\u00e3o do trauma em narrativa televisiva exige torn\u00e1-lo atrativo, criando um equil\u00edbrio entre justi\u00e7a, exposi\u00e7\u00e3o e instrumentaliza\u00e7\u00e3o.<\/li>\n<\/ul>\n","protected":false},"author":2,"featured_media":217349,"comment_status":"closed","ping_status":"closed","sticky":false,"template":"","format":"standard","meta":{"footnotes":""},"categories":[1],"tags":[4999,506,5563,5276,939,1165],"class_list":["post-217344","post","type-post","status-publish","format-standard","has-post-thumbnail","hentry","category-noticias","tag-abusos-sexuais","tag-imprensa","tag-informacao-publica","tag-traumatologia","tag-violencia","tag-violencia-de-genero"],"yoast_head":"<!-- This site is optimized with the Yoast SEO plugin v27.2 - https:\/\/yoast.com\/product\/yoast-seo-wordpress\/ -->\n<title>Trauma e exposi\u00e7\u00e3o medi\u00e1tica entre o corpo e a imagem - Portal Tela Portugal<\/title>\n<meta name=\"robots\" content=\"index, follow, max-snippet:-1, max-image-preview:large, max-video-preview:-1\" \/>\n<meta property=\"og:locale\" content=\"pt_PT\" \/>\n<meta property=\"og:type\" content=\"article\" \/>\n<meta property=\"og:title\" content=\"Trauma e exposi\u00e7\u00e3o medi\u00e1tica entre o corpo e a imagem - Portal Tela Portugal\" \/>\n<meta property=\"og:description\" content=\"A m\u00eddia molda o que \u00e9 reconhecido como sofrimento leg\u00edtimo, tornando o que aparece nos trending topics mais real do que o que fica fora do foco. O trauma \u00e9 um ferimento na psique; n\u00e3o \u00e9 apenas o acontecimento, mas os danos que provoca na mente e no corpo, com linguagem muitas vezes dif\u00edcil de verbalizar. O trauma funciona como objeto discursivo regulado pelas institui\u00e7\u00f5es medi\u00e1ticas, que autorizam ou silenciam falas sobre a dor. Divulga\u00e7\u00f5es p\u00fablicas, como os ficheiros de Epstein e a s\u00e9rie The Fall of Diddy (HBO Max, 2025), mostram como a exposi\u00e7\u00e3o medi\u00e1tica pode denunciar abusos e, ao mesmo tempo, mercantilizar o sofrimento. Denunciar nos meios de comunica\u00e7\u00e3o \u00e9 uma forma de resist\u00eancia, mas a transforma\u00e7\u00e3o do trauma em narrativa televisiva exige torn\u00e1-lo atrativo, criando um equil\u00edbrio entre justi\u00e7a, exposi\u00e7\u00e3o e instrumentaliza\u00e7\u00e3o.\" \/>\n<meta property=\"og:url\" content=\"https:\/\/portaltela.pt\/noticias\/2026\/02\/19\/trauma-e-exposicao-mediatica-entre-o-corpo-e-a-imagem\/\" \/>\n<meta property=\"og:site_name\" content=\"Portal Tela Portugal\" \/>\n<meta property=\"article:published_time\" content=\"2026-02-19T10:55:00+00:00\" \/>\n<meta name=\"author\" content=\"Telinha\" \/>\n<meta name=\"twitter:card\" content=\"summary_large_image\" \/>\n<meta name=\"twitter:label1\" content=\"Escrito por\" \/>\n\t<meta name=\"twitter:data1\" content=\"Telinha\" \/>\n\t<meta name=\"twitter:label2\" content=\"Tempo estimado de leitura\" \/>\n\t<meta name=\"twitter:data2\" content=\"2 minutos\" \/>\n<script type=\"application\/ld+json\" class=\"yoast-schema-graph\">{\"@context\":\"https:\/\/schema.org\",\"@graph\":[{\"@type\":\"Article\",\"@id\":\"https:\/\/portaltela.pt\/noticias\/2026\/02\/19\/trauma-e-exposicao-mediatica-entre-o-corpo-e-a-imagem\/#article\",\"isPartOf\":{\"@id\":\"https:\/\/portaltela.pt\/noticias\/2026\/02\/19\/trauma-e-exposicao-mediatica-entre-o-corpo-e-a-imagem\/\"},\"author\":{\"name\":\"Telinha\",\"@id\":\"https:\/\/portaltela.pt\/#\/schema\/person\/c4278d4a6028830caff9ee44b42d32ed\"},\"headline\":\"Trauma e exposi\u00e7\u00e3o medi\u00e1tica entre o corpo e a imagem\",\"datePublished\":\"2026-02-19T10:55:00+00:00\",\"mainEntityOfPage\":{\"@id\":\"https:\/\/portaltela.pt\/noticias\/2026\/02\/19\/trauma-e-exposicao-mediatica-entre-o-corpo-e-a-imagem\/\"},\"wordCount\":429,\"image\":{\"@id\":\"https:\/\/portaltela.pt\/noticias\/2026\/02\/19\/trauma-e-exposicao-mediatica-entre-o-corpo-e-a-imagem\/#primaryimage\"},\"thumbnailUrl\":\"https:\/\/portaltela.pt\/s.01k8rhncp4jt1\/2026\/02\/2068208.jpg\",\"keywords\":[\"abusos sexuais\",\"imprensa\",\"informa\u00e7\u00e3o p\u00fablica\",\"traumatologia\",\"viol\u00eancia\",\"viol\u00eancia de g\u00e9nero\"],\"articleSection\":[\"Not\u00edcias\"],\"inLanguage\":\"pt-PT\"},{\"@type\":\"WebPage\",\"@id\":\"https:\/\/portaltela.pt\/noticias\/2026\/02\/19\/trauma-e-exposicao-mediatica-entre-o-corpo-e-a-imagem\/\",\"url\":\"https:\/\/portaltela.pt\/noticias\/2026\/02\/19\/trauma-e-exposicao-mediatica-entre-o-corpo-e-a-imagem\/\",\"name\":\"Trauma e exposi\u00e7\u00e3o medi\u00e1tica entre o corpo e a imagem - Portal Tela Portugal\",\"isPartOf\":{\"@id\":\"https:\/\/portaltela.pt\/#website\"},\"primaryImageOfPage\":{\"@id\":\"https:\/\/portaltela.pt\/noticias\/2026\/02\/19\/trauma-e-exposicao-mediatica-entre-o-corpo-e-a-imagem\/#primaryimage\"},\"image\":{\"@id\":\"https:\/\/portaltela.pt\/noticias\/2026\/02\/19\/trauma-e-exposicao-mediatica-entre-o-corpo-e-a-imagem\/#primaryimage\"},\"thumbnailUrl\":\"https:\/\/portaltela.pt\/s.01k8rhncp4jt1\/2026\/02\/2068208.jpg\",\"datePublished\":\"2026-02-19T10:55:00+00:00\",\"author\":{\"@id\":\"https:\/\/portaltela.pt\/#\/schema\/person\/c4278d4a6028830caff9ee44b42d32ed\"},\"breadcrumb\":{\"@id\":\"https:\/\/portaltela.pt\/noticias\/2026\/02\/19\/trauma-e-exposicao-mediatica-entre-o-corpo-e-a-imagem\/#breadcrumb\"},\"inLanguage\":\"pt-PT\",\"potentialAction\":[{\"@type\":\"ReadAction\",\"target\":[\"https:\/\/portaltela.pt\/noticias\/2026\/02\/19\/trauma-e-exposicao-mediatica-entre-o-corpo-e-a-imagem\/\"]}]},{\"@type\":\"ImageObject\",\"inLanguage\":\"pt-PT\",\"@id\":\"https:\/\/portaltela.pt\/noticias\/2026\/02\/19\/trauma-e-exposicao-mediatica-entre-o-corpo-e-a-imagem\/#primaryimage\",\"url\":\"https:\/\/portaltela.pt\/s.01k8rhncp4jt1\/2026\/02\/2068208.jpg\",\"contentUrl\":\"https:\/\/portaltela.pt\/s.01k8rhncp4jt1\/2026\/02\/2068208.jpg\",\"width\":796,\"height\":448,\"caption\":\"Megafone P3\"},{\"@type\":\"BreadcrumbList\",\"@id\":\"https:\/\/portaltela.pt\/noticias\/2026\/02\/19\/trauma-e-exposicao-mediatica-entre-o-corpo-e-a-imagem\/#breadcrumb\",\"itemListElement\":[{\"@type\":\"ListItem\",\"position\":1,\"name\":\"In\u00edcio\",\"item\":\"https:\/\/portaltela.pt\/\"},{\"@type\":\"ListItem\",\"position\":2,\"name\":\"Trauma e exposi\u00e7\u00e3o medi\u00e1tica entre o corpo e a imagem\"}]},{\"@type\":\"WebSite\",\"@id\":\"https:\/\/portaltela.pt\/#website\",\"url\":\"https:\/\/portaltela.pt\/\",\"name\":\"Portal Tela Portugal\",\"description\":\"\",\"potentialAction\":[{\"@type\":\"SearchAction\",\"target\":{\"@type\":\"EntryPoint\",\"urlTemplate\":\"https:\/\/portaltela.pt\/?s={search_term_string}\"},\"query-input\":{\"@type\":\"PropertyValueSpecification\",\"valueRequired\":true,\"valueName\":\"search_term_string\"}}],\"inLanguage\":\"pt-PT\"},{\"@type\":\"Person\",\"@id\":\"https:\/\/portaltela.pt\/#\/schema\/person\/c4278d4a6028830caff9ee44b42d32ed\",\"name\":\"Telinha\",\"image\":{\"@type\":\"ImageObject\",\"inLanguage\":\"pt-PT\",\"@id\":\"https:\/\/portaltela.pt\/s.01k8rhncp4jt1\/2025\/11\/talking-bot-125x125.png\",\"url\":\"https:\/\/portaltela.pt\/s.01k8rhncp4jt1\/2025\/11\/talking-bot-125x125.png\",\"contentUrl\":\"https:\/\/portaltela.pt\/s.01k8rhncp4jt1\/2025\/11\/talking-bot-125x125.png\",\"caption\":\"Telinha\"},\"sameAs\":[\"https:\/\/portaltela.pt\/\"],\"url\":\"https:\/\/portaltela.pt\/por\/367410592786\/\"}]}<\/script>\n<!-- \/ Yoast SEO plugin. -->","yoast_head_json":{"title":"Trauma e exposi\u00e7\u00e3o medi\u00e1tica entre o corpo e a imagem - Portal Tela Portugal","robots":{"index":"index","follow":"follow","max-snippet":"max-snippet:-1","max-image-preview":"max-image-preview:large","max-video-preview":"max-video-preview:-1"},"og_locale":"pt_PT","og_type":"article","og_title":"Trauma e exposi\u00e7\u00e3o medi\u00e1tica entre o corpo e a imagem - Portal Tela Portugal","og_description":"A m\u00eddia molda o que \u00e9 reconhecido como sofrimento leg\u00edtimo, tornando o que aparece nos trending topics mais real do que o que fica fora do foco. O trauma \u00e9 um ferimento na psique; n\u00e3o \u00e9 apenas o acontecimento, mas os danos que provoca na mente e no corpo, com linguagem muitas vezes dif\u00edcil de verbalizar. O trauma funciona como objeto discursivo regulado pelas institui\u00e7\u00f5es medi\u00e1ticas, que autorizam ou silenciam falas sobre a dor. Divulga\u00e7\u00f5es p\u00fablicas, como os ficheiros de Epstein e a s\u00e9rie The Fall of Diddy (HBO Max, 2025), mostram como a exposi\u00e7\u00e3o medi\u00e1tica pode denunciar abusos e, ao mesmo tempo, mercantilizar o sofrimento. Denunciar nos meios de comunica\u00e7\u00e3o \u00e9 uma forma de resist\u00eancia, mas a transforma\u00e7\u00e3o do trauma em narrativa televisiva exige torn\u00e1-lo atrativo, criando um equil\u00edbrio entre justi\u00e7a, exposi\u00e7\u00e3o e instrumentaliza\u00e7\u00e3o.","og_url":"https:\/\/portaltela.pt\/noticias\/2026\/02\/19\/trauma-e-exposicao-mediatica-entre-o-corpo-e-a-imagem\/","og_site_name":"Portal Tela Portugal","article_published_time":"2026-02-19T10:55:00+00:00","author":"Telinha","twitter_card":"summary_large_image","twitter_misc":{"Escrito por":"Telinha","Tempo estimado de leitura":"2 minutos"},"schema":{"@context":"https:\/\/schema.org","@graph":[{"@type":"Article","@id":"https:\/\/portaltela.pt\/noticias\/2026\/02\/19\/trauma-e-exposicao-mediatica-entre-o-corpo-e-a-imagem\/#article","isPartOf":{"@id":"https:\/\/portaltela.pt\/noticias\/2026\/02\/19\/trauma-e-exposicao-mediatica-entre-o-corpo-e-a-imagem\/"},"author":{"name":"Telinha","@id":"https:\/\/portaltela.pt\/#\/schema\/person\/c4278d4a6028830caff9ee44b42d32ed"},"headline":"Trauma e exposi\u00e7\u00e3o medi\u00e1tica entre o corpo e a imagem","datePublished":"2026-02-19T10:55:00+00:00","mainEntityOfPage":{"@id":"https:\/\/portaltela.pt\/noticias\/2026\/02\/19\/trauma-e-exposicao-mediatica-entre-o-corpo-e-a-imagem\/"},"wordCount":429,"image":{"@id":"https:\/\/portaltela.pt\/noticias\/2026\/02\/19\/trauma-e-exposicao-mediatica-entre-o-corpo-e-a-imagem\/#primaryimage"},"thumbnailUrl":"https:\/\/portaltela.pt\/s.01k8rhncp4jt1\/2026\/02\/2068208.jpg","keywords":["abusos sexuais","imprensa","informa\u00e7\u00e3o p\u00fablica","traumatologia","viol\u00eancia","viol\u00eancia de g\u00e9nero"],"articleSection":["Not\u00edcias"],"inLanguage":"pt-PT"},{"@type":"WebPage","@id":"https:\/\/portaltela.pt\/noticias\/2026\/02\/19\/trauma-e-exposicao-mediatica-entre-o-corpo-e-a-imagem\/","url":"https:\/\/portaltela.pt\/noticias\/2026\/02\/19\/trauma-e-exposicao-mediatica-entre-o-corpo-e-a-imagem\/","name":"Trauma e exposi\u00e7\u00e3o medi\u00e1tica entre o corpo e a imagem - Portal Tela Portugal","isPartOf":{"@id":"https:\/\/portaltela.pt\/#website"},"primaryImageOfPage":{"@id":"https:\/\/portaltela.pt\/noticias\/2026\/02\/19\/trauma-e-exposicao-mediatica-entre-o-corpo-e-a-imagem\/#primaryimage"},"image":{"@id":"https:\/\/portaltela.pt\/noticias\/2026\/02\/19\/trauma-e-exposicao-mediatica-entre-o-corpo-e-a-imagem\/#primaryimage"},"thumbnailUrl":"https:\/\/portaltela.pt\/s.01k8rhncp4jt1\/2026\/02\/2068208.jpg","datePublished":"2026-02-19T10:55:00+00:00","author":{"@id":"https:\/\/portaltela.pt\/#\/schema\/person\/c4278d4a6028830caff9ee44b42d32ed"},"breadcrumb":{"@id":"https:\/\/portaltela.pt\/noticias\/2026\/02\/19\/trauma-e-exposicao-mediatica-entre-o-corpo-e-a-imagem\/#breadcrumb"},"inLanguage":"pt-PT","potentialAction":[{"@type":"ReadAction","target":["https:\/\/portaltela.pt\/noticias\/2026\/02\/19\/trauma-e-exposicao-mediatica-entre-o-corpo-e-a-imagem\/"]}]},{"@type":"ImageObject","inLanguage":"pt-PT","@id":"https:\/\/portaltela.pt\/noticias\/2026\/02\/19\/trauma-e-exposicao-mediatica-entre-o-corpo-e-a-imagem\/#primaryimage","url":"https:\/\/portaltela.pt\/s.01k8rhncp4jt1\/2026\/02\/2068208.jpg","contentUrl":"https:\/\/portaltela.pt\/s.01k8rhncp4jt1\/2026\/02\/2068208.jpg","width":796,"height":448,"caption":"Megafone P3"},{"@type":"BreadcrumbList","@id":"https:\/\/portaltela.pt\/noticias\/2026\/02\/19\/trauma-e-exposicao-mediatica-entre-o-corpo-e-a-imagem\/#breadcrumb","itemListElement":[{"@type":"ListItem","position":1,"name":"In\u00edcio","item":"https:\/\/portaltela.pt\/"},{"@type":"ListItem","position":2,"name":"Trauma e exposi\u00e7\u00e3o medi\u00e1tica entre o corpo e a imagem"}]},{"@type":"WebSite","@id":"https:\/\/portaltela.pt\/#website","url":"https:\/\/portaltela.pt\/","name":"Portal Tela Portugal","description":"","potentialAction":[{"@type":"SearchAction","target":{"@type":"EntryPoint","urlTemplate":"https:\/\/portaltela.pt\/?s={search_term_string}"},"query-input":{"@type":"PropertyValueSpecification","valueRequired":true,"valueName":"search_term_string"}}],"inLanguage":"pt-PT"},{"@type":"Person","@id":"https:\/\/portaltela.pt\/#\/schema\/person\/c4278d4a6028830caff9ee44b42d32ed","name":"Telinha","image":{"@type":"ImageObject","inLanguage":"pt-PT","@id":"https:\/\/portaltela.pt\/s.01k8rhncp4jt1\/2025\/11\/talking-bot-125x125.png","url":"https:\/\/portaltela.pt\/s.01k8rhncp4jt1\/2025\/11\/talking-bot-125x125.png","contentUrl":"https:\/\/portaltela.pt\/s.01k8rhncp4jt1\/2025\/11\/talking-bot-125x125.png","caption":"Telinha"},"sameAs":["https:\/\/portaltela.pt\/"],"url":"https:\/\/portaltela.pt\/por\/367410592786\/"}]}},"_links":{"self":[{"href":"https:\/\/portaltela.pt\/api\/wp\/v2\/posts\/217344","targetHints":{"allow":["GET"]}}],"collection":[{"href":"https:\/\/portaltela.pt\/api\/wp\/v2\/posts"}],"about":[{"href":"https:\/\/portaltela.pt\/api\/wp\/v2\/types\/post"}],"author":[{"embeddable":true,"href":"https:\/\/portaltela.pt\/api\/wp\/v2\/users\/2"}],"replies":[{"embeddable":true,"href":"https:\/\/portaltela.pt\/api\/wp\/v2\/comments?post=217344"}],"version-history":[{"count":0,"href":"https:\/\/portaltela.pt\/api\/wp\/v2\/posts\/217344\/revisions"}],"wp:featuredmedia":[{"embeddable":true,"href":"https:\/\/portaltela.pt\/api\/wp\/v2\/media\/217349"}],"wp:attachment":[{"href":"https:\/\/portaltela.pt\/api\/wp\/v2\/media?parent=217344"}],"wp:term":[{"taxonomy":"category","embeddable":true,"href":"https:\/\/portaltela.pt\/api\/wp\/v2\/categories?post=217344"},{"taxonomy":"post_tag","embeddable":true,"href":"https:\/\/portaltela.pt\/api\/wp\/v2\/tags?post=217344"}],"curies":[{"name":"wp","href":"https:\/\/api.w.org\/{rel}","templated":true}]}}