{"id":217343,"date":"2026-02-19T08:33:00","date_gmt":"2026-02-19T11:33:00","guid":{"rendered":"https:\/\/portaltela.pt\/noticias\/2026\/02\/19\/u2-lanca-de-surpresa-o-ep-days-of-ash-com-cronicas-de-tempos-loucos\/"},"modified":"2026-02-19T08:33:00","modified_gmt":"2026-02-19T11:33:00","slug":"u2-lanca-de-surpresa-o-ep-days-of-ash-com-cronicas-de-tempos-loucos","status":"publish","type":"post","link":"https:\/\/portaltela.pt\/noticias\/2026\/02\/19\/u2-lanca-de-surpresa-o-ep-days-of-ash-com-cronicas-de-tempos-loucos\/","title":{"rendered":"U2 lan\u00e7a de surpresa o EP Days of Ash com cr\u00f3nicas de tempos loucos"},"content":{"rendered":"<p>Seis faixas comp\u00f5em o EP Days of Ash, editado de surpresa e j\u00e1 dispon\u00edvel online. O trabalho aborda assassinatos praticados pelas autoridades de imigra\u00e7\u00e3o dos EUA, a guerra na Ucr\u00e2nia e o genoc\u00eddio em Gaza, com uma leitura de acontecimentos atuais.<\/p>\n<p>O lan\u00e7amento ocorreu nesta quarta-feira, conforme informa\u00e7\u00e3o publicada no site oficial da banda. O vocalista Bono descreve o conjunto como uma cole\u00e7\u00e3o de mensagens urgentes, apresentadas sem filtros em contexto de tempos turbulentos.<\/p>\n<p>Days of Ash surge com o tema inicial dedicado a uma mulher morta por agentes do ICE nos primeiros dias do ano. A can\u00e7\u00e3o presta homenagem a uma figura associada \u00e0 desobedi\u00eancia civil n\u00e3o violenta e refor\u00e7a a necessidade de uma investiga\u00e7\u00e3o independente sobre o caso.<\/p>\n<h3>Temas centrais do EP<\/h3>\n<p>A segunda faixa aborda protestos globais pelos direitos das mulheres no Ir\u00e3o, referenciando uma jovem que faleceu durante os protestos de 2022. A can\u00e7\u00e3o associa o evento a uma resposta internacional que n\u00e3o pode passar ao lado da viol\u00eancia exercida contra manifestantes.<\/p>\n<p>Segue-se uma faixa que recita um poema de Yehuda Amichai, interpretado pela cantora nigeriana Adeola, introduzindo uma dimens\u00e3o po\u00e9tica ao conjunto. O EP encara a viol\u00eancia de regimes e conflitos como parte de uma narrativa cont\u00ednua.<\/p>\n<h3>Outros protagonistas e colabora\u00e7\u00f5es<\/h3>\n<p>Outra can\u00e7\u00e3o aborda um ativista palestiniano que participou num document\u00e1rio sobre a vida sob ocupa\u00e7\u00e3o, assassinato ocorrido no ver\u00e3o anterior. A produ\u00e7\u00e3o inclui a participa\u00e7\u00e3o de Ed Sheeran em uma faixa que resulta de uma colabora\u00e7\u00e3o com um m\u00fasico ucraniano que combate no front.<\/p>\n<p>Um dos temas finais apresenta uma carta escrita por um combatente na linha de frente contra tropas invasoras, numa abordagem l\u00edrica ao conflito em curso. A colet\u00e2nea encerra com uma can\u00e7\u00e3o que mistura diferentes estilos e vozes de apoio \u00e0 causa.<\/p>\n<h3>Futuro imediato da banda<\/h3>\n<p>Bono comenta que, mesmo em tempos de crise, a banda trabalha num \u00e1lbum de longa dura\u00e7\u00e3o com lan\u00e7amento previsto para este ano. A ambi\u00e7\u00e3o \u00e9 afirmar um centro radical no panorama pol\u00edtico global, segundo o cantor, sem adiantar detalhes de datas.<\/p>\n<p>O artista descreve o objetivo de criar can\u00e7\u00f5es marcadas pela diversidade, algumas com tom de celebra\u00e7\u00e3o e outras de constante consterna\u00e7\u00e3o. Days of Ash apresenta uma leitura de tempos loucos que a banda pretende partilhar com o p\u00fablico.<\/p>\n","protected":false},"excerpt":{"rendered":"<ul>\n<li>Os U2 lan\u00e7aram de surpresa o EP Days of Ash, com seis can\u00e7\u00f5es que abordam os assassinatos do ICE, a Guerra na Ucr\u00e2nia e o genoc\u00eddio em Gaza.<\/li>\n<li>O lan\u00e7amento foi anunciado no site oficial, com Bono a dizer que as can\u00e7\u00f5es \u201cn\u00e3o podiam esperar\u201d e pedindo uma investiga\u00e7\u00e3o independente do homic\u00eddio de Renee Good.<\/li>\n<li>Entre as faixas, American obituary \u00e9 dedicada a Renee Good; Song of the future aborda os protestos pr\u00f3-direitos da mulher no Ir\u00e3o; Wildpeace recita um poema de Yehuda Amichai; One life at a time fala de Awdah Muhammad Hathaleen; Yours eternally conta com Ed Sheeran e Taras Topolia.<\/li>\n<li>A banda confirma ainda que est\u00e1 a trabalhar num longa-dura\u00e7\u00e3o que dever\u00e1 sair este ano, com um aspeto de \u201ccan\u00e7\u00f5es de celebra\u00e7\u00e3o\u201d e um esp\u00edrito desafiadoramente alegre.<\/li>\n<li>Bono destacou a necessidade de um \u201ccentro radical\u201d no panorama pol\u00edtico global e, na mesma nota, refor\u00e7ou que a obra pretende refletir tempos loucos sem perder a f\u00e9 no futuro.<\/li>\n<\/ul>\n","protected":false},"author":2,"featured_media":217354,"comment_status":"closed","ping_status":"closed","sticky":false,"template":"","format":"standard","meta":{"footnotes":""},"categories":[12,1],"tags":[5282,3651,2691,3153,122,2134],"class_list":["post-217343","post","type-post","status-publish","format-standard","has-post-thumbnail","hentry","category-entretenimento","category-noticias","tag-direitos-da-mulher","tag-gaza","tag-ice","tag-ira","tag-musica","tag-ucrania"],"yoast_head":"<!-- This site is optimized with the Yoast SEO plugin v27.2 - https:\/\/yoast.com\/product\/yoast-seo-wordpress\/ -->\n<title>U2 lan\u00e7a de surpresa o EP Days of Ash com cr\u00f3nicas de tempos loucos - Portal Tela Portugal<\/title>\n<meta name=\"robots\" content=\"index, follow, max-snippet:-1, max-image-preview:large, max-video-preview:-1\" \/>\n<meta property=\"og:locale\" content=\"pt_PT\" \/>\n<meta property=\"og:type\" content=\"article\" \/>\n<meta property=\"og:title\" content=\"U2 lan\u00e7a de surpresa o EP Days of Ash com cr\u00f3nicas de tempos loucos - Portal Tela Portugal\" \/>\n<meta property=\"og:description\" content=\"Os U2 lan\u00e7aram de surpresa o EP Days of Ash, com seis can\u00e7\u00f5es que abordam os assassinatos do ICE, a Guerra na Ucr\u00e2nia e o genoc\u00eddio em Gaza. O lan\u00e7amento foi anunciado no site oficial, com Bono a dizer que as can\u00e7\u00f5es \u201cn\u00e3o podiam esperar\u201d e pedindo uma investiga\u00e7\u00e3o independente do homic\u00eddio de Renee Good. Entre as faixas, American obituary \u00e9 dedicada a Renee Good; Song of the future aborda os protestos pr\u00f3-direitos da mulher no Ir\u00e3o; Wildpeace recita um poema de Yehuda Amichai; One life at a time fala de Awdah Muhammad Hathaleen; Yours eternally conta com Ed Sheeran e Taras Topolia. A banda confirma ainda que est\u00e1 a trabalhar num longa-dura\u00e7\u00e3o que dever\u00e1 sair este ano, com um aspeto de \u201ccan\u00e7\u00f5es de celebra\u00e7\u00e3o\u201d e um esp\u00edrito desafiadoramente alegre. Bono destacou a necessidade de um \u201ccentro radical\u201d no panorama pol\u00edtico global e, na mesma nota, refor\u00e7ou que a obra pretende refletir tempos loucos sem perder a f\u00e9 no futuro.\" \/>\n<meta property=\"og:url\" content=\"https:\/\/portaltela.pt\/noticias\/2026\/02\/19\/u2-lanca-de-surpresa-o-ep-days-of-ash-com-cronicas-de-tempos-loucos\/\" \/>\n<meta property=\"og:site_name\" content=\"Portal Tela Portugal\" \/>\n<meta property=\"article:published_time\" content=\"2026-02-19T11:33:00+00:00\" \/>\n<meta name=\"author\" content=\"Telinha\" \/>\n<meta name=\"twitter:card\" content=\"summary_large_image\" \/>\n<meta name=\"twitter:label1\" content=\"Escrito por\" \/>\n\t<meta name=\"twitter:data1\" content=\"Telinha\" \/>\n\t<meta name=\"twitter:label2\" content=\"Tempo estimado de leitura\" \/>\n\t<meta name=\"twitter:data2\" content=\"2 minutos\" \/>\n<script type=\"application\/ld+json\" class=\"yoast-schema-graph\">{\"@context\":\"https:\/\/schema.org\",\"@graph\":[{\"@type\":\"Article\",\"@id\":\"https:\/\/portaltela.pt\/noticias\/2026\/02\/19\/u2-lanca-de-surpresa-o-ep-days-of-ash-com-cronicas-de-tempos-loucos\/#article\",\"isPartOf\":{\"@id\":\"https:\/\/portaltela.pt\/noticias\/2026\/02\/19\/u2-lanca-de-surpresa-o-ep-days-of-ash-com-cronicas-de-tempos-loucos\/\"},\"author\":{\"name\":\"Telinha\",\"@id\":\"https:\/\/portaltela.pt\/#\/schema\/person\/c4278d4a6028830caff9ee44b42d32ed\"},\"headline\":\"U2 lan\u00e7a de surpresa o EP Days of Ash com cr\u00f3nicas de tempos loucos\",\"datePublished\":\"2026-02-19T11:33:00+00:00\",\"mainEntityOfPage\":{\"@id\":\"https:\/\/portaltela.pt\/noticias\/2026\/02\/19\/u2-lanca-de-surpresa-o-ep-days-of-ash-com-cronicas-de-tempos-loucos\/\"},\"wordCount\":427,\"image\":{\"@id\":\"https:\/\/portaltela.pt\/noticias\/2026\/02\/19\/u2-lanca-de-surpresa-o-ep-days-of-ash-com-cronicas-de-tempos-loucos\/#primaryimage\"},\"thumbnailUrl\":\"https:\/\/portaltela.pt\/s.01k8rhncp4jt1\/2026\/02\/2068221.jpg\",\"keywords\":[\"Direitos da Mulher\",\"Gaza\",\"ICE\",\"Ir\u00e3\",\"m\u00fasica\",\"Ucr\u00e2nia\"],\"articleSection\":[\"Entretenimento\",\"Not\u00edcias\"],\"inLanguage\":\"pt-PT\"},{\"@type\":\"WebPage\",\"@id\":\"https:\/\/portaltela.pt\/noticias\/2026\/02\/19\/u2-lanca-de-surpresa-o-ep-days-of-ash-com-cronicas-de-tempos-loucos\/\",\"url\":\"https:\/\/portaltela.pt\/noticias\/2026\/02\/19\/u2-lanca-de-surpresa-o-ep-days-of-ash-com-cronicas-de-tempos-loucos\/\",\"name\":\"U2 lan\u00e7a de surpresa o EP Days of Ash com cr\u00f3nicas de tempos loucos - Portal Tela Portugal\",\"isPartOf\":{\"@id\":\"https:\/\/portaltela.pt\/#website\"},\"primaryImageOfPage\":{\"@id\":\"https:\/\/portaltela.pt\/noticias\/2026\/02\/19\/u2-lanca-de-surpresa-o-ep-days-of-ash-com-cronicas-de-tempos-loucos\/#primaryimage\"},\"image\":{\"@id\":\"https:\/\/portaltela.pt\/noticias\/2026\/02\/19\/u2-lanca-de-surpresa-o-ep-days-of-ash-com-cronicas-de-tempos-loucos\/#primaryimage\"},\"thumbnailUrl\":\"https:\/\/portaltela.pt\/s.01k8rhncp4jt1\/2026\/02\/2068221.jpg\",\"datePublished\":\"2026-02-19T11:33:00+00:00\",\"author\":{\"@id\":\"https:\/\/portaltela.pt\/#\/schema\/person\/c4278d4a6028830caff9ee44b42d32ed\"},\"breadcrumb\":{\"@id\":\"https:\/\/portaltela.pt\/noticias\/2026\/02\/19\/u2-lanca-de-surpresa-o-ep-days-of-ash-com-cronicas-de-tempos-loucos\/#breadcrumb\"},\"inLanguage\":\"pt-PT\",\"potentialAction\":[{\"@type\":\"ReadAction\",\"target\":[\"https:\/\/portaltela.pt\/noticias\/2026\/02\/19\/u2-lanca-de-surpresa-o-ep-days-of-ash-com-cronicas-de-tempos-loucos\/\"]}]},{\"@type\":\"ImageObject\",\"inLanguage\":\"pt-PT\",\"@id\":\"https:\/\/portaltela.pt\/noticias\/2026\/02\/19\/u2-lanca-de-surpresa-o-ep-days-of-ash-com-cronicas-de-tempos-loucos\/#primaryimage\",\"url\":\"https:\/\/portaltela.pt\/s.01k8rhncp4jt1\/2026\/02\/2068221.jpg\",\"contentUrl\":\"https:\/\/portaltela.pt\/s.01k8rhncp4jt1\/2026\/02\/2068221.jpg\",\"width\":796,\"height\":448,\"caption\":\"Concerto dos U2 em 2018 na ent\u00e3o ainda designada Altice Arena (agora Meo Arena), em Lisboa\"},{\"@type\":\"BreadcrumbList\",\"@id\":\"https:\/\/portaltela.pt\/noticias\/2026\/02\/19\/u2-lanca-de-surpresa-o-ep-days-of-ash-com-cronicas-de-tempos-loucos\/#breadcrumb\",\"itemListElement\":[{\"@type\":\"ListItem\",\"position\":1,\"name\":\"In\u00edcio\",\"item\":\"https:\/\/portaltela.pt\/\"},{\"@type\":\"ListItem\",\"position\":2,\"name\":\"U2 lan\u00e7a de surpresa o EP Days of Ash com cr\u00f3nicas de tempos loucos\"}]},{\"@type\":\"WebSite\",\"@id\":\"https:\/\/portaltela.pt\/#website\",\"url\":\"https:\/\/portaltela.pt\/\",\"name\":\"Portal Tela Portugal\",\"description\":\"\",\"potentialAction\":[{\"@type\":\"SearchAction\",\"target\":{\"@type\":\"EntryPoint\",\"urlTemplate\":\"https:\/\/portaltela.pt\/?s={search_term_string}\"},\"query-input\":{\"@type\":\"PropertyValueSpecification\",\"valueRequired\":true,\"valueName\":\"search_term_string\"}}],\"inLanguage\":\"pt-PT\"},{\"@type\":\"Person\",\"@id\":\"https:\/\/portaltela.pt\/#\/schema\/person\/c4278d4a6028830caff9ee44b42d32ed\",\"name\":\"Telinha\",\"image\":{\"@type\":\"ImageObject\",\"inLanguage\":\"pt-PT\",\"@id\":\"https:\/\/portaltela.pt\/s.01k8rhncp4jt1\/2025\/11\/talking-bot-125x125.png\",\"url\":\"https:\/\/portaltela.pt\/s.01k8rhncp4jt1\/2025\/11\/talking-bot-125x125.png\",\"contentUrl\":\"https:\/\/portaltela.pt\/s.01k8rhncp4jt1\/2025\/11\/talking-bot-125x125.png\",\"caption\":\"Telinha\"},\"sameAs\":[\"https:\/\/portaltela.pt\/\"],\"url\":\"https:\/\/portaltela.pt\/por\/367410592786\/\"}]}<\/script>\n<!-- \/ Yoast SEO plugin. -->","yoast_head_json":{"title":"U2 lan\u00e7a de surpresa o EP Days of Ash com cr\u00f3nicas de tempos loucos - Portal Tela Portugal","robots":{"index":"index","follow":"follow","max-snippet":"max-snippet:-1","max-image-preview":"max-image-preview:large","max-video-preview":"max-video-preview:-1"},"og_locale":"pt_PT","og_type":"article","og_title":"U2 lan\u00e7a de surpresa o EP Days of Ash com cr\u00f3nicas de tempos loucos - Portal Tela Portugal","og_description":"Os U2 lan\u00e7aram de surpresa o EP Days of Ash, com seis can\u00e7\u00f5es que abordam os assassinatos do ICE, a Guerra na Ucr\u00e2nia e o genoc\u00eddio em Gaza. O lan\u00e7amento foi anunciado no site oficial, com Bono a dizer que as can\u00e7\u00f5es \u201cn\u00e3o podiam esperar\u201d e pedindo uma investiga\u00e7\u00e3o independente do homic\u00eddio de Renee Good. Entre as faixas, American obituary \u00e9 dedicada a Renee Good; Song of the future aborda os protestos pr\u00f3-direitos da mulher no Ir\u00e3o; Wildpeace recita um poema de Yehuda Amichai; One life at a time fala de Awdah Muhammad Hathaleen; Yours eternally conta com Ed Sheeran e Taras Topolia. A banda confirma ainda que est\u00e1 a trabalhar num longa-dura\u00e7\u00e3o que dever\u00e1 sair este ano, com um aspeto de \u201ccan\u00e7\u00f5es de celebra\u00e7\u00e3o\u201d e um esp\u00edrito desafiadoramente alegre. Bono destacou a necessidade de um \u201ccentro radical\u201d no panorama pol\u00edtico global e, na mesma nota, refor\u00e7ou que a obra pretende refletir tempos loucos sem perder a f\u00e9 no futuro.","og_url":"https:\/\/portaltela.pt\/noticias\/2026\/02\/19\/u2-lanca-de-surpresa-o-ep-days-of-ash-com-cronicas-de-tempos-loucos\/","og_site_name":"Portal Tela Portugal","article_published_time":"2026-02-19T11:33:00+00:00","author":"Telinha","twitter_card":"summary_large_image","twitter_misc":{"Escrito por":"Telinha","Tempo estimado de leitura":"2 minutos"},"schema":{"@context":"https:\/\/schema.org","@graph":[{"@type":"Article","@id":"https:\/\/portaltela.pt\/noticias\/2026\/02\/19\/u2-lanca-de-surpresa-o-ep-days-of-ash-com-cronicas-de-tempos-loucos\/#article","isPartOf":{"@id":"https:\/\/portaltela.pt\/noticias\/2026\/02\/19\/u2-lanca-de-surpresa-o-ep-days-of-ash-com-cronicas-de-tempos-loucos\/"},"author":{"name":"Telinha","@id":"https:\/\/portaltela.pt\/#\/schema\/person\/c4278d4a6028830caff9ee44b42d32ed"},"headline":"U2 lan\u00e7a de surpresa o EP Days of Ash com cr\u00f3nicas de tempos loucos","datePublished":"2026-02-19T11:33:00+00:00","mainEntityOfPage":{"@id":"https:\/\/portaltela.pt\/noticias\/2026\/02\/19\/u2-lanca-de-surpresa-o-ep-days-of-ash-com-cronicas-de-tempos-loucos\/"},"wordCount":427,"image":{"@id":"https:\/\/portaltela.pt\/noticias\/2026\/02\/19\/u2-lanca-de-surpresa-o-ep-days-of-ash-com-cronicas-de-tempos-loucos\/#primaryimage"},"thumbnailUrl":"https:\/\/portaltela.pt\/s.01k8rhncp4jt1\/2026\/02\/2068221.jpg","keywords":["Direitos da Mulher","Gaza","ICE","Ir\u00e3","m\u00fasica","Ucr\u00e2nia"],"articleSection":["Entretenimento","Not\u00edcias"],"inLanguage":"pt-PT"},{"@type":"WebPage","@id":"https:\/\/portaltela.pt\/noticias\/2026\/02\/19\/u2-lanca-de-surpresa-o-ep-days-of-ash-com-cronicas-de-tempos-loucos\/","url":"https:\/\/portaltela.pt\/noticias\/2026\/02\/19\/u2-lanca-de-surpresa-o-ep-days-of-ash-com-cronicas-de-tempos-loucos\/","name":"U2 lan\u00e7a de surpresa o EP Days of Ash com cr\u00f3nicas de tempos loucos - Portal Tela Portugal","isPartOf":{"@id":"https:\/\/portaltela.pt\/#website"},"primaryImageOfPage":{"@id":"https:\/\/portaltela.pt\/noticias\/2026\/02\/19\/u2-lanca-de-surpresa-o-ep-days-of-ash-com-cronicas-de-tempos-loucos\/#primaryimage"},"image":{"@id":"https:\/\/portaltela.pt\/noticias\/2026\/02\/19\/u2-lanca-de-surpresa-o-ep-days-of-ash-com-cronicas-de-tempos-loucos\/#primaryimage"},"thumbnailUrl":"https:\/\/portaltela.pt\/s.01k8rhncp4jt1\/2026\/02\/2068221.jpg","datePublished":"2026-02-19T11:33:00+00:00","author":{"@id":"https:\/\/portaltela.pt\/#\/schema\/person\/c4278d4a6028830caff9ee44b42d32ed"},"breadcrumb":{"@id":"https:\/\/portaltela.pt\/noticias\/2026\/02\/19\/u2-lanca-de-surpresa-o-ep-days-of-ash-com-cronicas-de-tempos-loucos\/#breadcrumb"},"inLanguage":"pt-PT","potentialAction":[{"@type":"ReadAction","target":["https:\/\/portaltela.pt\/noticias\/2026\/02\/19\/u2-lanca-de-surpresa-o-ep-days-of-ash-com-cronicas-de-tempos-loucos\/"]}]},{"@type":"ImageObject","inLanguage":"pt-PT","@id":"https:\/\/portaltela.pt\/noticias\/2026\/02\/19\/u2-lanca-de-surpresa-o-ep-days-of-ash-com-cronicas-de-tempos-loucos\/#primaryimage","url":"https:\/\/portaltela.pt\/s.01k8rhncp4jt1\/2026\/02\/2068221.jpg","contentUrl":"https:\/\/portaltela.pt\/s.01k8rhncp4jt1\/2026\/02\/2068221.jpg","width":796,"height":448,"caption":"Concerto dos U2 em 2018 na ent\u00e3o ainda designada Altice Arena (agora Meo Arena), em Lisboa"},{"@type":"BreadcrumbList","@id":"https:\/\/portaltela.pt\/noticias\/2026\/02\/19\/u2-lanca-de-surpresa-o-ep-days-of-ash-com-cronicas-de-tempos-loucos\/#breadcrumb","itemListElement":[{"@type":"ListItem","position":1,"name":"In\u00edcio","item":"https:\/\/portaltela.pt\/"},{"@type":"ListItem","position":2,"name":"U2 lan\u00e7a de surpresa o EP Days of Ash com cr\u00f3nicas de tempos loucos"}]},{"@type":"WebSite","@id":"https:\/\/portaltela.pt\/#website","url":"https:\/\/portaltela.pt\/","name":"Portal Tela Portugal","description":"","potentialAction":[{"@type":"SearchAction","target":{"@type":"EntryPoint","urlTemplate":"https:\/\/portaltela.pt\/?s={search_term_string}"},"query-input":{"@type":"PropertyValueSpecification","valueRequired":true,"valueName":"search_term_string"}}],"inLanguage":"pt-PT"},{"@type":"Person","@id":"https:\/\/portaltela.pt\/#\/schema\/person\/c4278d4a6028830caff9ee44b42d32ed","name":"Telinha","image":{"@type":"ImageObject","inLanguage":"pt-PT","@id":"https:\/\/portaltela.pt\/s.01k8rhncp4jt1\/2025\/11\/talking-bot-125x125.png","url":"https:\/\/portaltela.pt\/s.01k8rhncp4jt1\/2025\/11\/talking-bot-125x125.png","contentUrl":"https:\/\/portaltela.pt\/s.01k8rhncp4jt1\/2025\/11\/talking-bot-125x125.png","caption":"Telinha"},"sameAs":["https:\/\/portaltela.pt\/"],"url":"https:\/\/portaltela.pt\/por\/367410592786\/"}]}},"_links":{"self":[{"href":"https:\/\/portaltela.pt\/api\/wp\/v2\/posts\/217343","targetHints":{"allow":["GET"]}}],"collection":[{"href":"https:\/\/portaltela.pt\/api\/wp\/v2\/posts"}],"about":[{"href":"https:\/\/portaltela.pt\/api\/wp\/v2\/types\/post"}],"author":[{"embeddable":true,"href":"https:\/\/portaltela.pt\/api\/wp\/v2\/users\/2"}],"replies":[{"embeddable":true,"href":"https:\/\/portaltela.pt\/api\/wp\/v2\/comments?post=217343"}],"version-history":[{"count":0,"href":"https:\/\/portaltela.pt\/api\/wp\/v2\/posts\/217343\/revisions"}],"wp:featuredmedia":[{"embeddable":true,"href":"https:\/\/portaltela.pt\/api\/wp\/v2\/media\/217354"}],"wp:attachment":[{"href":"https:\/\/portaltela.pt\/api\/wp\/v2\/media?parent=217343"}],"wp:term":[{"taxonomy":"category","embeddable":true,"href":"https:\/\/portaltela.pt\/api\/wp\/v2\/categories?post=217343"},{"taxonomy":"post_tag","embeddable":true,"href":"https:\/\/portaltela.pt\/api\/wp\/v2\/tags?post=217343"}],"curies":[{"name":"wp","href":"https:\/\/api.w.org\/{rel}","templated":true}]}}