{"id":217317,"date":"2026-02-19T08:28:57","date_gmt":"2026-02-19T11:28:57","guid":{"rendered":"https:\/\/portaltela.pt\/noticias\/2026\/02\/19\/autoridade-da-concorrencia-aprova-compra-da-secil-pela-cementos-molins\/"},"modified":"2026-02-19T08:28:57","modified_gmt":"2026-02-19T11:28:57","slug":"autoridade-da-concorrencia-aprova-compra-da-secil-pela-cementos-molins","status":"publish","type":"post","link":"https:\/\/portaltela.pt\/noticias\/economia\/2026\/02\/19\/autoridade-da-concorrencia-aprova-compra-da-secil-pela-cementos-molins\/","title":{"rendered":"Autoridade da Concorr\u00eancia aprova compra da Secil pela Cementos Molins"},"content":{"rendered":"<p>A Autoridade da Concorr\u00eancia (AdC) aprovou a opera\u00e7\u00e3o de concentra\u00e7\u00e3o entre a Secil, controlada pela Semapa, e a Cementos Molins, sem se opor \u00e0 transa\u00e7\u00e3o. A decis\u00e3o foi publicada no portal do regulador no dia 18 deste m\u00eas e indica que n\u00e3o dever\u00e1 criar entraves significativos \u00e0 concorr\u00eancia no territ\u00f3rio nacional.<\/p>\n<p>Segundo a AdC, a opera\u00e7\u00e3o n\u00e3o \u00e9 suscet\u00edvel de afectar a concorr\u00eancia efetiva no mercado nacional, nem em parte substancial dele. A Secil atua no sector das cement\u00e1rias e de materiais de constru\u00e7\u00e3o, enquanto a Molins \u00e9 cotada na Bolsa de Barcelona e tamb\u00e9m opera no cimento, bet\u00e3o e derivados.<\/p>\n<p>A Semapa, que det\u00e9m a Secil, \u00e9 fabricante de cimento, bet\u00e3o, agregados, argamassas e cal hidr\u00e1ulica e opera em v\u00e1rios pa\u00edses. A Molins tem presen\u00e7a europeia, africana e americana, com atividades de pr\u00e9-fabricados de bet\u00e3o em Portugal atrav\u00e9s da Prefabricaciones y Contratas e Concremat.<\/p>\n<p>Observa\u00e7\u00f5es sobre a opera\u00e7\u00e3o devem ser comunicadas \u00e0 Concorr\u00eancia no prazo de 10 dias \u00fateis. Em 19 de dezembro, a Semapa anunciou a venda da Secil \u00e0 Molins por 1,4 mil milh\u00f5es de euros, projetando uma mais-valia de cerca de 400 milh\u00f5es de euros no exerc\u00edcio de 2026.<\/p>\n","protected":false},"excerpt":{"rendered":"<ul>\n<li>A Autoridade da Concorr\u00eancia decidiu, em 18 de dezembro, n\u00e3o opor-se \u00e0 aquisi\u00e7\u00e3o da Secil pela Cementos Molins.<\/li>\n<li>A AdC considerou que a opera\u00e7\u00e3o n\u00e3o cria entraves significativos \u00e0 concorr\u00eancia no mercado nacional.<\/li>\n<li>A Semapa det\u00e9m a Secil; a Cementos Molins \u00e9 uma empresa espanhola cotada na Bolsa de Barcelona.<\/li>\n<li>A Secil atua em cimento, bet\u00e3o, agregados, argamassas e cal hidr\u00e1ulica; a Molins trabalha no setor e tem presen\u00e7a em v\u00e1rios pa\u00edses europeus, americanos e africanos.<\/li>\n<li>Observa\u00e7\u00f5es devem ser enviadas \u00e0 AdC em 10 dias \u00fateis; a venda da Secil por 1,4 mil milh\u00f5es de euros implicar\u00e1 uma mais-valia estimada de cerca de 400 milh\u00f5es de euros em 2026.<\/li>\n<\/ul>\n","protected":false},"author":2,"featured_media":217325,"comment_status":"closed","ping_status":"closed","sticky":false,"template":"","format":"standard","meta":{"footnotes":""},"categories":[2,1],"tags":[176,2114,718,28,2697,1014],"class_list":["post-217317","post","type-post","status-publish","format-standard","has-post-thumbnail","hentry","category-economia","category-noticias","tag-bolsa","tag-concorrencia-internacional","tag-construcao","tag-economia","tag-empresas","tag-portugal"],"yoast_head":"<!-- This site is optimized with the Yoast SEO plugin v27.2 - https:\/\/yoast.com\/product\/yoast-seo-wordpress\/ -->\n<title>Autoridade da Concorr\u00eancia aprova compra da Secil pela Cementos Molins - Portal Tela Portugal<\/title>\n<meta name=\"robots\" content=\"index, follow, max-snippet:-1, max-image-preview:large, max-video-preview:-1\" \/>\n<meta property=\"og:locale\" content=\"pt_PT\" \/>\n<meta property=\"og:type\" content=\"article\" \/>\n<meta property=\"og:title\" content=\"Autoridade da Concorr\u00eancia aprova compra da Secil pela Cementos Molins - Portal Tela Portugal\" \/>\n<meta property=\"og:description\" content=\"A Autoridade da Concorr\u00eancia decidiu, em 18 de dezembro, n\u00e3o opor-se \u00e0 aquisi\u00e7\u00e3o da Secil pela Cementos Molins. A AdC considerou que a opera\u00e7\u00e3o n\u00e3o cria entraves significativos \u00e0 concorr\u00eancia no mercado nacional. A Semapa det\u00e9m a Secil; a Cementos Molins \u00e9 uma empresa espanhola cotada na Bolsa de Barcelona. A Secil atua em cimento, bet\u00e3o, agregados, argamassas e cal hidr\u00e1ulica; a Molins trabalha no setor e tem presen\u00e7a em v\u00e1rios pa\u00edses europeus, americanos e africanos. Observa\u00e7\u00f5es devem ser enviadas \u00e0 AdC em 10 dias \u00fateis; a venda da Secil por 1,4 mil milh\u00f5es de euros implicar\u00e1 uma mais-valia estimada de cerca de 400 milh\u00f5es de euros em 2026.\" \/>\n<meta property=\"og:url\" content=\"https:\/\/portaltela.pt\/noticias\/2026\/02\/19\/autoridade-da-concorrencia-aprova-compra-da-secil-pela-cementos-molins\/\" \/>\n<meta property=\"og:site_name\" content=\"Portal Tela Portugal\" \/>\n<meta property=\"article:published_time\" content=\"2026-02-19T11:28:57+00:00\" \/>\n<meta name=\"author\" content=\"Telinha\" \/>\n<meta name=\"twitter:card\" content=\"summary_large_image\" \/>\n<meta name=\"twitter:label1\" content=\"Escrito por\" \/>\n\t<meta name=\"twitter:data1\" content=\"Telinha\" \/>\n\t<meta name=\"twitter:label2\" content=\"Tempo estimado de leitura\" \/>\n\t<meta name=\"twitter:data2\" content=\"1 minuto\" \/>\n<script type=\"application\/ld+json\" class=\"yoast-schema-graph\">{\"@context\":\"https:\/\/schema.org\",\"@graph\":[{\"@type\":\"Article\",\"@id\":\"https:\/\/portaltela.pt\/noticias\/2026\/02\/19\/autoridade-da-concorrencia-aprova-compra-da-secil-pela-cementos-molins\/#article\",\"isPartOf\":{\"@id\":\"https:\/\/portaltela.pt\/noticias\/2026\/02\/19\/autoridade-da-concorrencia-aprova-compra-da-secil-pela-cementos-molins\/\"},\"author\":{\"name\":\"Telinha\",\"@id\":\"https:\/\/portaltela.pt\/#\/schema\/person\/c4278d4a6028830caff9ee44b42d32ed\"},\"headline\":\"Autoridade da Concorr\u00eancia aprova compra da Secil pela Cementos Molins\",\"datePublished\":\"2026-02-19T11:28:57+00:00\",\"mainEntityOfPage\":{\"@id\":\"https:\/\/portaltela.pt\/noticias\/2026\/02\/19\/autoridade-da-concorrencia-aprova-compra-da-secil-pela-cementos-molins\/\"},\"wordCount\":223,\"image\":{\"@id\":\"https:\/\/portaltela.pt\/noticias\/2026\/02\/19\/autoridade-da-concorrencia-aprova-compra-da-secil-pela-cementos-molins\/#primaryimage\"},\"thumbnailUrl\":\"https:\/\/portaltela.pt\/s.01k8rhncp4jt1\/2026\/02\/img_1500x1000uu2017-05-30-09-30-00-633103.jpg\",\"keywords\":[\"bolsa\",\"concorr\u00eancia internacional\",\"Constru\u00e7\u00e3o\",\"economia\",\"empresas\",\"Portugal\"],\"articleSection\":[\"Economia\",\"Not\u00edcias\"],\"inLanguage\":\"pt-PT\"},{\"@type\":\"WebPage\",\"@id\":\"https:\/\/portaltela.pt\/noticias\/2026\/02\/19\/autoridade-da-concorrencia-aprova-compra-da-secil-pela-cementos-molins\/\",\"url\":\"https:\/\/portaltela.pt\/noticias\/2026\/02\/19\/autoridade-da-concorrencia-aprova-compra-da-secil-pela-cementos-molins\/\",\"name\":\"Autoridade da Concorr\u00eancia aprova compra da Secil pela Cementos Molins - Portal Tela Portugal\",\"isPartOf\":{\"@id\":\"https:\/\/portaltela.pt\/#website\"},\"primaryImageOfPage\":{\"@id\":\"https:\/\/portaltela.pt\/noticias\/2026\/02\/19\/autoridade-da-concorrencia-aprova-compra-da-secil-pela-cementos-molins\/#primaryimage\"},\"image\":{\"@id\":\"https:\/\/portaltela.pt\/noticias\/2026\/02\/19\/autoridade-da-concorrencia-aprova-compra-da-secil-pela-cementos-molins\/#primaryimage\"},\"thumbnailUrl\":\"https:\/\/portaltela.pt\/s.01k8rhncp4jt1\/2026\/02\/img_1500x1000uu2017-05-30-09-30-00-633103.jpg\",\"datePublished\":\"2026-02-19T11:28:57+00:00\",\"author\":{\"@id\":\"https:\/\/portaltela.pt\/#\/schema\/person\/c4278d4a6028830caff9ee44b42d32ed\"},\"breadcrumb\":{\"@id\":\"https:\/\/portaltela.pt\/noticias\/2026\/02\/19\/autoridade-da-concorrencia-aprova-compra-da-secil-pela-cementos-molins\/#breadcrumb\"},\"inLanguage\":\"pt-PT\",\"potentialAction\":[{\"@type\":\"ReadAction\",\"target\":[\"https:\/\/portaltela.pt\/noticias\/2026\/02\/19\/autoridade-da-concorrencia-aprova-compra-da-secil-pela-cementos-molins\/\"]}]},{\"@type\":\"ImageObject\",\"inLanguage\":\"pt-PT\",\"@id\":\"https:\/\/portaltela.pt\/noticias\/2026\/02\/19\/autoridade-da-concorrencia-aprova-compra-da-secil-pela-cementos-molins\/#primaryimage\",\"url\":\"https:\/\/portaltela.pt\/s.01k8rhncp4jt1\/2026\/02\/img_1500x1000uu2017-05-30-09-30-00-633103.jpg\",\"contentUrl\":\"https:\/\/portaltela.pt\/s.01k8rhncp4jt1\/2026\/02\/img_1500x1000uu2017-05-30-09-30-00-633103.jpg\",\"width\":796,\"height\":448,\"caption\":\"F\u00e1brica da Secil\"},{\"@type\":\"BreadcrumbList\",\"@id\":\"https:\/\/portaltela.pt\/noticias\/2026\/02\/19\/autoridade-da-concorrencia-aprova-compra-da-secil-pela-cementos-molins\/#breadcrumb\",\"itemListElement\":[{\"@type\":\"ListItem\",\"position\":1,\"name\":\"In\u00edcio\",\"item\":\"https:\/\/portaltela.pt\/\"},{\"@type\":\"ListItem\",\"position\":2,\"name\":\"Autoridade da Concorr\u00eancia aprova compra da Secil pela Cementos Molins\"}]},{\"@type\":\"WebSite\",\"@id\":\"https:\/\/portaltela.pt\/#website\",\"url\":\"https:\/\/portaltela.pt\/\",\"name\":\"Portal Tela Portugal\",\"description\":\"\",\"potentialAction\":[{\"@type\":\"SearchAction\",\"target\":{\"@type\":\"EntryPoint\",\"urlTemplate\":\"https:\/\/portaltela.pt\/?s={search_term_string}\"},\"query-input\":{\"@type\":\"PropertyValueSpecification\",\"valueRequired\":true,\"valueName\":\"search_term_string\"}}],\"inLanguage\":\"pt-PT\"},{\"@type\":\"Person\",\"@id\":\"https:\/\/portaltela.pt\/#\/schema\/person\/c4278d4a6028830caff9ee44b42d32ed\",\"name\":\"Telinha\",\"image\":{\"@type\":\"ImageObject\",\"inLanguage\":\"pt-PT\",\"@id\":\"https:\/\/portaltela.pt\/s.01k8rhncp4jt1\/2025\/11\/talking-bot-125x125.png\",\"url\":\"https:\/\/portaltela.pt\/s.01k8rhncp4jt1\/2025\/11\/talking-bot-125x125.png\",\"contentUrl\":\"https:\/\/portaltela.pt\/s.01k8rhncp4jt1\/2025\/11\/talking-bot-125x125.png\",\"caption\":\"Telinha\"},\"sameAs\":[\"https:\/\/portaltela.pt\/\"],\"url\":\"https:\/\/portaltela.pt\/por\/367410592786\/\"}]}<\/script>\n<!-- \/ Yoast SEO plugin. -->","yoast_head_json":{"title":"Autoridade da Concorr\u00eancia aprova compra da Secil pela Cementos Molins - Portal Tela Portugal","robots":{"index":"index","follow":"follow","max-snippet":"max-snippet:-1","max-image-preview":"max-image-preview:large","max-video-preview":"max-video-preview:-1"},"og_locale":"pt_PT","og_type":"article","og_title":"Autoridade da Concorr\u00eancia aprova compra da Secil pela Cementos Molins - Portal Tela Portugal","og_description":"A Autoridade da Concorr\u00eancia decidiu, em 18 de dezembro, n\u00e3o opor-se \u00e0 aquisi\u00e7\u00e3o da Secil pela Cementos Molins. A AdC considerou que a opera\u00e7\u00e3o n\u00e3o cria entraves significativos \u00e0 concorr\u00eancia no mercado nacional. A Semapa det\u00e9m a Secil; a Cementos Molins \u00e9 uma empresa espanhola cotada na Bolsa de Barcelona. A Secil atua em cimento, bet\u00e3o, agregados, argamassas e cal hidr\u00e1ulica; a Molins trabalha no setor e tem presen\u00e7a em v\u00e1rios pa\u00edses europeus, americanos e africanos. Observa\u00e7\u00f5es devem ser enviadas \u00e0 AdC em 10 dias \u00fateis; a venda da Secil por 1,4 mil milh\u00f5es de euros implicar\u00e1 uma mais-valia estimada de cerca de 400 milh\u00f5es de euros em 2026.","og_url":"https:\/\/portaltela.pt\/noticias\/2026\/02\/19\/autoridade-da-concorrencia-aprova-compra-da-secil-pela-cementos-molins\/","og_site_name":"Portal Tela Portugal","article_published_time":"2026-02-19T11:28:57+00:00","author":"Telinha","twitter_card":"summary_large_image","twitter_misc":{"Escrito por":"Telinha","Tempo estimado de leitura":"1 minuto"},"schema":{"@context":"https:\/\/schema.org","@graph":[{"@type":"Article","@id":"https:\/\/portaltela.pt\/noticias\/2026\/02\/19\/autoridade-da-concorrencia-aprova-compra-da-secil-pela-cementos-molins\/#article","isPartOf":{"@id":"https:\/\/portaltela.pt\/noticias\/2026\/02\/19\/autoridade-da-concorrencia-aprova-compra-da-secil-pela-cementos-molins\/"},"author":{"name":"Telinha","@id":"https:\/\/portaltela.pt\/#\/schema\/person\/c4278d4a6028830caff9ee44b42d32ed"},"headline":"Autoridade da Concorr\u00eancia aprova compra da Secil pela Cementos Molins","datePublished":"2026-02-19T11:28:57+00:00","mainEntityOfPage":{"@id":"https:\/\/portaltela.pt\/noticias\/2026\/02\/19\/autoridade-da-concorrencia-aprova-compra-da-secil-pela-cementos-molins\/"},"wordCount":223,"image":{"@id":"https:\/\/portaltela.pt\/noticias\/2026\/02\/19\/autoridade-da-concorrencia-aprova-compra-da-secil-pela-cementos-molins\/#primaryimage"},"thumbnailUrl":"https:\/\/portaltela.pt\/s.01k8rhncp4jt1\/2026\/02\/img_1500x1000uu2017-05-30-09-30-00-633103.jpg","keywords":["bolsa","concorr\u00eancia internacional","Constru\u00e7\u00e3o","economia","empresas","Portugal"],"articleSection":["Economia","Not\u00edcias"],"inLanguage":"pt-PT"},{"@type":"WebPage","@id":"https:\/\/portaltela.pt\/noticias\/2026\/02\/19\/autoridade-da-concorrencia-aprova-compra-da-secil-pela-cementos-molins\/","url":"https:\/\/portaltela.pt\/noticias\/2026\/02\/19\/autoridade-da-concorrencia-aprova-compra-da-secil-pela-cementos-molins\/","name":"Autoridade da Concorr\u00eancia aprova compra da Secil pela Cementos Molins - Portal Tela Portugal","isPartOf":{"@id":"https:\/\/portaltela.pt\/#website"},"primaryImageOfPage":{"@id":"https:\/\/portaltela.pt\/noticias\/2026\/02\/19\/autoridade-da-concorrencia-aprova-compra-da-secil-pela-cementos-molins\/#primaryimage"},"image":{"@id":"https:\/\/portaltela.pt\/noticias\/2026\/02\/19\/autoridade-da-concorrencia-aprova-compra-da-secil-pela-cementos-molins\/#primaryimage"},"thumbnailUrl":"https:\/\/portaltela.pt\/s.01k8rhncp4jt1\/2026\/02\/img_1500x1000uu2017-05-30-09-30-00-633103.jpg","datePublished":"2026-02-19T11:28:57+00:00","author":{"@id":"https:\/\/portaltela.pt\/#\/schema\/person\/c4278d4a6028830caff9ee44b42d32ed"},"breadcrumb":{"@id":"https:\/\/portaltela.pt\/noticias\/2026\/02\/19\/autoridade-da-concorrencia-aprova-compra-da-secil-pela-cementos-molins\/#breadcrumb"},"inLanguage":"pt-PT","potentialAction":[{"@type":"ReadAction","target":["https:\/\/portaltela.pt\/noticias\/2026\/02\/19\/autoridade-da-concorrencia-aprova-compra-da-secil-pela-cementos-molins\/"]}]},{"@type":"ImageObject","inLanguage":"pt-PT","@id":"https:\/\/portaltela.pt\/noticias\/2026\/02\/19\/autoridade-da-concorrencia-aprova-compra-da-secil-pela-cementos-molins\/#primaryimage","url":"https:\/\/portaltela.pt\/s.01k8rhncp4jt1\/2026\/02\/img_1500x1000uu2017-05-30-09-30-00-633103.jpg","contentUrl":"https:\/\/portaltela.pt\/s.01k8rhncp4jt1\/2026\/02\/img_1500x1000uu2017-05-30-09-30-00-633103.jpg","width":796,"height":448,"caption":"F\u00e1brica da Secil"},{"@type":"BreadcrumbList","@id":"https:\/\/portaltela.pt\/noticias\/2026\/02\/19\/autoridade-da-concorrencia-aprova-compra-da-secil-pela-cementos-molins\/#breadcrumb","itemListElement":[{"@type":"ListItem","position":1,"name":"In\u00edcio","item":"https:\/\/portaltela.pt\/"},{"@type":"ListItem","position":2,"name":"Autoridade da Concorr\u00eancia aprova compra da Secil pela Cementos Molins"}]},{"@type":"WebSite","@id":"https:\/\/portaltela.pt\/#website","url":"https:\/\/portaltela.pt\/","name":"Portal Tela Portugal","description":"","potentialAction":[{"@type":"SearchAction","target":{"@type":"EntryPoint","urlTemplate":"https:\/\/portaltela.pt\/?s={search_term_string}"},"query-input":{"@type":"PropertyValueSpecification","valueRequired":true,"valueName":"search_term_string"}}],"inLanguage":"pt-PT"},{"@type":"Person","@id":"https:\/\/portaltela.pt\/#\/schema\/person\/c4278d4a6028830caff9ee44b42d32ed","name":"Telinha","image":{"@type":"ImageObject","inLanguage":"pt-PT","@id":"https:\/\/portaltela.pt\/s.01k8rhncp4jt1\/2025\/11\/talking-bot-125x125.png","url":"https:\/\/portaltela.pt\/s.01k8rhncp4jt1\/2025\/11\/talking-bot-125x125.png","contentUrl":"https:\/\/portaltela.pt\/s.01k8rhncp4jt1\/2025\/11\/talking-bot-125x125.png","caption":"Telinha"},"sameAs":["https:\/\/portaltela.pt\/"],"url":"https:\/\/portaltela.pt\/por\/367410592786\/"}]}},"_links":{"self":[{"href":"https:\/\/portaltela.pt\/api\/wp\/v2\/posts\/217317","targetHints":{"allow":["GET"]}}],"collection":[{"href":"https:\/\/portaltela.pt\/api\/wp\/v2\/posts"}],"about":[{"href":"https:\/\/portaltela.pt\/api\/wp\/v2\/types\/post"}],"author":[{"embeddable":true,"href":"https:\/\/portaltela.pt\/api\/wp\/v2\/users\/2"}],"replies":[{"embeddable":true,"href":"https:\/\/portaltela.pt\/api\/wp\/v2\/comments?post=217317"}],"version-history":[{"count":0,"href":"https:\/\/portaltela.pt\/api\/wp\/v2\/posts\/217317\/revisions"}],"wp:featuredmedia":[{"embeddable":true,"href":"https:\/\/portaltela.pt\/api\/wp\/v2\/media\/217325"}],"wp:attachment":[{"href":"https:\/\/portaltela.pt\/api\/wp\/v2\/media?parent=217317"}],"wp:term":[{"taxonomy":"category","embeddable":true,"href":"https:\/\/portaltela.pt\/api\/wp\/v2\/categories?post=217317"},{"taxonomy":"post_tag","embeddable":true,"href":"https:\/\/portaltela.pt\/api\/wp\/v2\/tags?post=217317"}],"curies":[{"name":"wp","href":"https:\/\/api.w.org\/{rel}","templated":true}]}}