{"id":217310,"date":"2026-02-19T08:22:59","date_gmt":"2026-02-19T11:22:59","guid":{"rendered":"https:\/\/portaltela.pt\/noticias\/2026\/02\/19\/professores-iniciam-caravana-e-acusam-governo-de-adiar-problemas-com-barriga\/"},"modified":"2026-02-19T08:22:59","modified_gmt":"2026-02-19T11:22:59","slug":"professores-iniciam-caravana-e-acusam-governo-de-adiar-problemas-com-barriga","status":"publish","type":"post","link":"https:\/\/portaltela.pt\/noticias\/2026\/02\/19\/professores-iniciam-caravana-e-acusam-governo-de-adiar-problemas-com-barriga\/","title":{"rendered":"Professores iniciam caravana e acusam Governo de adiar problemas com barriga"},"content":{"rendered":"<p>A Federa\u00e7\u00e3o Nacional dos Professores (Fenprof) acusou o Governo de adotar uma postura de \u201cempurrar com a barriga\u201d problemas que afetam o funcionamento do ensino em Portugal. A Caravana Nacional arrancou hoje no Porto, \u00e0s 08:00, com o objetivo de destacar preocupa\u00e7\u00f5es e reivindica\u00e7\u00f5es dos docentes.<\/p>\n<p>O secret\u00e1rio-geral da Fenprof, Francisco Gon\u00e7alves, afirmou que o ministro da Educa\u00e7\u00e3o tem dois anos de mandato e ainda n\u00e3o apresentou medidas concretas que valorizem a carreira docente. Segundo ele, a falta de professores continua a crescer e dever\u00e3o aposentar-se entre 3.000 e 4.000 docentes nos pr\u00f3ximos anos.<\/p>\n<h3>Percurso, objetivos e formato de atua\u00e7\u00e3o<\/h3>\n<p>A caravana pretende percorrer 18 distritos do continente, as 9 ilhas dos A\u00e7ores e 8 concelhos da Madeira ao longo de 10 dias. Ser\u00e3o distribu\u00eddos flyers e postais com mensagens sobre as principais preocupa\u00e7\u00f5es dos professores.<\/p>\n<p>Ao longo do trajeto, o movimento aborda tamb\u00e9m quest\u00f5es locais de cada escola, incluindo ensino p\u00fablico, ensino art\u00edstico e ensino especializado. Est\u00e3o previstas a\u00e7\u00f5es de rua e plen\u00e1rios de informa\u00e7\u00e3o.<\/p>\n<p>O ponto de partida ocorreu na Pra\u00e7a Pedro Nunes, no Porto, junto da Escola Secund\u00e1ria Rodrigues de Freitas e do Conservat\u00f3rio de M\u00fasica do Porto. A equipa seguiu para a esta\u00e7\u00e3o de metro da Trindade e para a Escola Soares dos Reis.<\/p>\n<p>Para terminar, a caravana est\u00e1 marcada para um plen\u00e1rio na Escola B\u00e1sica e Secund\u00e1ria de Pedrou\u00e7os, na Maia, com o objetivo de reunir docentes e partilhar o estado de negocia\u00e7\u00f5es.<\/p>\n","protected":false},"excerpt":{"rendered":"<ul>\n<li>A Federa\u00e7\u00e3o Nacional dos Professores (Fenprof) iniciou uma caravana nacional para divulgar preocupa\u00e7\u00f5es e reivindica\u00e7\u00f5es dos docentes, percorrendo continente, A\u00e7ores e Madeira durante dez dias.<\/li>\n<li>O objetivo \u00e9 distribuir flyers e postais com mensagens como &#8220;Falta professores&#8221; e exigir valoriza\u00e7\u00e3o do estatuto da carreira docente; a caravana come\u00e7ou no Porto.<\/li>\n<li>O secret\u00e1rio-geral Francisco Gon\u00e7alves acusou o Governo de &#8220;empurrar com a barriga&#8221; problemas que afetam o ensino, destacando que mais de tr\u00eas mil professores dever\u00e3o aposentar-se nos pr\u00f3ximos anos.<\/li>\n<li>Segundo ele, o n\u00famero de licenciaturas e mestrados em ensino \u00e9 inferior ao necess\u00e1rio e n\u00e3o h\u00e1 medidas concretas para melhorar o estatuto, apesar de o ministro dizer que a valoriza\u00e7\u00e3o est\u00e1 em revis\u00e3o.<\/li>\n<li>Durante a digress\u00e3o est\u00e3o previstas a\u00e7\u00f5es de rua, express\u00f5es art\u00edsticas e plen\u00e1rios, com foco em quest\u00f5es nacionais e em aspetos espec\u00edficos de escolas, incluindo ensino p\u00fablico e art\u00edstico.<\/li>\n<\/ul>\n","protected":false},"author":2,"featured_media":217315,"comment_status":"closed","ping_status":"closed","sticky":false,"template":"","format":"standard","meta":{"footnotes":""},"categories":[1],"tags":[822,163,6114,982,97,2857],"class_list":["post-217310","post","type-post","status-publish","format-standard","has-post-thumbnail","hentry","category-noticias","tag-acores","tag-educacao","tag-ensino-publico","tag-porto","tag-professores","tag-protestos"],"yoast_head":"<!-- This site is optimized with the Yoast SEO plugin v27.2 - https:\/\/yoast.com\/product\/yoast-seo-wordpress\/ -->\n<title>Professores iniciam caravana e acusam Governo de adiar problemas com barriga - Portal Tela Portugal<\/title>\n<meta name=\"robots\" content=\"index, follow, max-snippet:-1, max-image-preview:large, max-video-preview:-1\" \/>\n<meta property=\"og:locale\" content=\"pt_PT\" \/>\n<meta property=\"og:type\" content=\"article\" \/>\n<meta property=\"og:title\" content=\"Professores iniciam caravana e acusam Governo de adiar problemas com barriga - Portal Tela Portugal\" \/>\n<meta property=\"og:description\" content=\"A Federa\u00e7\u00e3o Nacional dos Professores (Fenprof) iniciou uma caravana nacional para divulgar preocupa\u00e7\u00f5es e reivindica\u00e7\u00f5es dos docentes, percorrendo continente, A\u00e7ores e Madeira durante dez dias. O objetivo \u00e9 distribuir flyers e postais com mensagens como &quot;Falta professores&quot; e exigir valoriza\u00e7\u00e3o do estatuto da carreira docente; a caravana come\u00e7ou no Porto. O secret\u00e1rio-geral Francisco Gon\u00e7alves acusou o Governo de &quot;empurrar com a barriga&quot; problemas que afetam o ensino, destacando que mais de tr\u00eas mil professores dever\u00e3o aposentar-se nos pr\u00f3ximos anos. Segundo ele, o n\u00famero de licenciaturas e mestrados em ensino \u00e9 inferior ao necess\u00e1rio e n\u00e3o h\u00e1 medidas concretas para melhorar o estatuto, apesar de o ministro dizer que a valoriza\u00e7\u00e3o est\u00e1 em revis\u00e3o. Durante a digress\u00e3o est\u00e3o previstas a\u00e7\u00f5es de rua, express\u00f5es art\u00edsticas e plen\u00e1rios, com foco em quest\u00f5es nacionais e em aspetos espec\u00edficos de escolas, incluindo ensino p\u00fablico e art\u00edstico.\" \/>\n<meta property=\"og:url\" content=\"https:\/\/portaltela.pt\/noticias\/2026\/02\/19\/professores-iniciam-caravana-e-acusam-governo-de-adiar-problemas-com-barriga\/\" \/>\n<meta property=\"og:site_name\" content=\"Portal Tela Portugal\" \/>\n<meta property=\"article:published_time\" content=\"2026-02-19T11:22:59+00:00\" \/>\n<meta name=\"author\" content=\"Telinha\" \/>\n<meta name=\"twitter:card\" content=\"summary_large_image\" \/>\n<meta name=\"twitter:label1\" content=\"Escrito por\" \/>\n\t<meta name=\"twitter:data1\" content=\"Telinha\" \/>\n\t<meta name=\"twitter:label2\" content=\"Tempo estimado de leitura\" \/>\n\t<meta name=\"twitter:data2\" content=\"1 minuto\" \/>\n<script type=\"application\/ld+json\" class=\"yoast-schema-graph\">{\"@context\":\"https:\/\/schema.org\",\"@graph\":[{\"@type\":\"Article\",\"@id\":\"https:\/\/portaltela.pt\/noticias\/2026\/02\/19\/professores-iniciam-caravana-e-acusam-governo-de-adiar-problemas-com-barriga\/#article\",\"isPartOf\":{\"@id\":\"https:\/\/portaltela.pt\/noticias\/2026\/02\/19\/professores-iniciam-caravana-e-acusam-governo-de-adiar-problemas-com-barriga\/\"},\"author\":{\"name\":\"Telinha\",\"@id\":\"https:\/\/portaltela.pt\/#\/schema\/person\/c4278d4a6028830caff9ee44b42d32ed\"},\"headline\":\"Professores iniciam caravana e acusam Governo de adiar problemas com barriga\",\"datePublished\":\"2026-02-19T11:22:59+00:00\",\"mainEntityOfPage\":{\"@id\":\"https:\/\/portaltela.pt\/noticias\/2026\/02\/19\/professores-iniciam-caravana-e-acusam-governo-de-adiar-problemas-com-barriga\/\"},\"wordCount\":274,\"image\":{\"@id\":\"https:\/\/portaltela.pt\/noticias\/2026\/02\/19\/professores-iniciam-caravana-e-acusam-governo-de-adiar-problemas-com-barriga\/#primaryimage\"},\"thumbnailUrl\":\"https:\/\/portaltela.pt\/s.01k8rhncp4jt1\/2026\/02\/img_1280x721uu2026-02-19-11-22-40-2267695.jpg\",\"keywords\":[\"A\u00e7ores\",\"educa\u00e7\u00e3o\",\"ensino p\u00fablico\",\"Porto\",\"professores\",\"protestos\"],\"articleSection\":[\"Not\u00edcias\"],\"inLanguage\":\"pt-PT\"},{\"@type\":\"WebPage\",\"@id\":\"https:\/\/portaltela.pt\/noticias\/2026\/02\/19\/professores-iniciam-caravana-e-acusam-governo-de-adiar-problemas-com-barriga\/\",\"url\":\"https:\/\/portaltela.pt\/noticias\/2026\/02\/19\/professores-iniciam-caravana-e-acusam-governo-de-adiar-problemas-com-barriga\/\",\"name\":\"Professores iniciam caravana e acusam Governo de adiar problemas com barriga - Portal Tela Portugal\",\"isPartOf\":{\"@id\":\"https:\/\/portaltela.pt\/#website\"},\"primaryImageOfPage\":{\"@id\":\"https:\/\/portaltela.pt\/noticias\/2026\/02\/19\/professores-iniciam-caravana-e-acusam-governo-de-adiar-problemas-com-barriga\/#primaryimage\"},\"image\":{\"@id\":\"https:\/\/portaltela.pt\/noticias\/2026\/02\/19\/professores-iniciam-caravana-e-acusam-governo-de-adiar-problemas-com-barriga\/#primaryimage\"},\"thumbnailUrl\":\"https:\/\/portaltela.pt\/s.01k8rhncp4jt1\/2026\/02\/img_1280x721uu2026-02-19-11-22-40-2267695.jpg\",\"datePublished\":\"2026-02-19T11:22:59+00:00\",\"author\":{\"@id\":\"https:\/\/portaltela.pt\/#\/schema\/person\/c4278d4a6028830caff9ee44b42d32ed\"},\"breadcrumb\":{\"@id\":\"https:\/\/portaltela.pt\/noticias\/2026\/02\/19\/professores-iniciam-caravana-e-acusam-governo-de-adiar-problemas-com-barriga\/#breadcrumb\"},\"inLanguage\":\"pt-PT\",\"potentialAction\":[{\"@type\":\"ReadAction\",\"target\":[\"https:\/\/portaltela.pt\/noticias\/2026\/02\/19\/professores-iniciam-caravana-e-acusam-governo-de-adiar-problemas-com-barriga\/\"]}]},{\"@type\":\"ImageObject\",\"inLanguage\":\"pt-PT\",\"@id\":\"https:\/\/portaltela.pt\/noticias\/2026\/02\/19\/professores-iniciam-caravana-e-acusam-governo-de-adiar-problemas-com-barriga\/#primaryimage\",\"url\":\"https:\/\/portaltela.pt\/s.01k8rhncp4jt1\/2026\/02\/img_1280x721uu2026-02-19-11-22-40-2267695.jpg\",\"contentUrl\":\"https:\/\/portaltela.pt\/s.01k8rhncp4jt1\/2026\/02\/img_1280x721uu2026-02-19-11-22-40-2267695.jpg\",\"width\":796,\"height\":448,\"caption\":\"Fenprof, protesto\"},{\"@type\":\"BreadcrumbList\",\"@id\":\"https:\/\/portaltela.pt\/noticias\/2026\/02\/19\/professores-iniciam-caravana-e-acusam-governo-de-adiar-problemas-com-barriga\/#breadcrumb\",\"itemListElement\":[{\"@type\":\"ListItem\",\"position\":1,\"name\":\"In\u00edcio\",\"item\":\"https:\/\/portaltela.pt\/\"},{\"@type\":\"ListItem\",\"position\":2,\"name\":\"Professores iniciam caravana e acusam Governo de adiar problemas com barriga\"}]},{\"@type\":\"WebSite\",\"@id\":\"https:\/\/portaltela.pt\/#website\",\"url\":\"https:\/\/portaltela.pt\/\",\"name\":\"Portal Tela Portugal\",\"description\":\"\",\"potentialAction\":[{\"@type\":\"SearchAction\",\"target\":{\"@type\":\"EntryPoint\",\"urlTemplate\":\"https:\/\/portaltela.pt\/?s={search_term_string}\"},\"query-input\":{\"@type\":\"PropertyValueSpecification\",\"valueRequired\":true,\"valueName\":\"search_term_string\"}}],\"inLanguage\":\"pt-PT\"},{\"@type\":\"Person\",\"@id\":\"https:\/\/portaltela.pt\/#\/schema\/person\/c4278d4a6028830caff9ee44b42d32ed\",\"name\":\"Telinha\",\"image\":{\"@type\":\"ImageObject\",\"inLanguage\":\"pt-PT\",\"@id\":\"https:\/\/portaltela.pt\/s.01k8rhncp4jt1\/2025\/11\/talking-bot-125x125.png\",\"url\":\"https:\/\/portaltela.pt\/s.01k8rhncp4jt1\/2025\/11\/talking-bot-125x125.png\",\"contentUrl\":\"https:\/\/portaltela.pt\/s.01k8rhncp4jt1\/2025\/11\/talking-bot-125x125.png\",\"caption\":\"Telinha\"},\"sameAs\":[\"https:\/\/portaltela.pt\/\"],\"url\":\"https:\/\/portaltela.pt\/por\/367410592786\/\"}]}<\/script>\n<!-- \/ Yoast SEO plugin. -->","yoast_head_json":{"title":"Professores iniciam caravana e acusam Governo de adiar problemas com barriga - Portal Tela Portugal","robots":{"index":"index","follow":"follow","max-snippet":"max-snippet:-1","max-image-preview":"max-image-preview:large","max-video-preview":"max-video-preview:-1"},"og_locale":"pt_PT","og_type":"article","og_title":"Professores iniciam caravana e acusam Governo de adiar problemas com barriga - Portal Tela Portugal","og_description":"A Federa\u00e7\u00e3o Nacional dos Professores (Fenprof) iniciou uma caravana nacional para divulgar preocupa\u00e7\u00f5es e reivindica\u00e7\u00f5es dos docentes, percorrendo continente, A\u00e7ores e Madeira durante dez dias. O objetivo \u00e9 distribuir flyers e postais com mensagens como \"Falta professores\" e exigir valoriza\u00e7\u00e3o do estatuto da carreira docente; a caravana come\u00e7ou no Porto. O secret\u00e1rio-geral Francisco Gon\u00e7alves acusou o Governo de \"empurrar com a barriga\" problemas que afetam o ensino, destacando que mais de tr\u00eas mil professores dever\u00e3o aposentar-se nos pr\u00f3ximos anos. Segundo ele, o n\u00famero de licenciaturas e mestrados em ensino \u00e9 inferior ao necess\u00e1rio e n\u00e3o h\u00e1 medidas concretas para melhorar o estatuto, apesar de o ministro dizer que a valoriza\u00e7\u00e3o est\u00e1 em revis\u00e3o. Durante a digress\u00e3o est\u00e3o previstas a\u00e7\u00f5es de rua, express\u00f5es art\u00edsticas e plen\u00e1rios, com foco em quest\u00f5es nacionais e em aspetos espec\u00edficos de escolas, incluindo ensino p\u00fablico e art\u00edstico.","og_url":"https:\/\/portaltela.pt\/noticias\/2026\/02\/19\/professores-iniciam-caravana-e-acusam-governo-de-adiar-problemas-com-barriga\/","og_site_name":"Portal Tela Portugal","article_published_time":"2026-02-19T11:22:59+00:00","author":"Telinha","twitter_card":"summary_large_image","twitter_misc":{"Escrito por":"Telinha","Tempo estimado de leitura":"1 minuto"},"schema":{"@context":"https:\/\/schema.org","@graph":[{"@type":"Article","@id":"https:\/\/portaltela.pt\/noticias\/2026\/02\/19\/professores-iniciam-caravana-e-acusam-governo-de-adiar-problemas-com-barriga\/#article","isPartOf":{"@id":"https:\/\/portaltela.pt\/noticias\/2026\/02\/19\/professores-iniciam-caravana-e-acusam-governo-de-adiar-problemas-com-barriga\/"},"author":{"name":"Telinha","@id":"https:\/\/portaltela.pt\/#\/schema\/person\/c4278d4a6028830caff9ee44b42d32ed"},"headline":"Professores iniciam caravana e acusam Governo de adiar problemas com barriga","datePublished":"2026-02-19T11:22:59+00:00","mainEntityOfPage":{"@id":"https:\/\/portaltela.pt\/noticias\/2026\/02\/19\/professores-iniciam-caravana-e-acusam-governo-de-adiar-problemas-com-barriga\/"},"wordCount":274,"image":{"@id":"https:\/\/portaltela.pt\/noticias\/2026\/02\/19\/professores-iniciam-caravana-e-acusam-governo-de-adiar-problemas-com-barriga\/#primaryimage"},"thumbnailUrl":"https:\/\/portaltela.pt\/s.01k8rhncp4jt1\/2026\/02\/img_1280x721uu2026-02-19-11-22-40-2267695.jpg","keywords":["A\u00e7ores","educa\u00e7\u00e3o","ensino p\u00fablico","Porto","professores","protestos"],"articleSection":["Not\u00edcias"],"inLanguage":"pt-PT"},{"@type":"WebPage","@id":"https:\/\/portaltela.pt\/noticias\/2026\/02\/19\/professores-iniciam-caravana-e-acusam-governo-de-adiar-problemas-com-barriga\/","url":"https:\/\/portaltela.pt\/noticias\/2026\/02\/19\/professores-iniciam-caravana-e-acusam-governo-de-adiar-problemas-com-barriga\/","name":"Professores iniciam caravana e acusam Governo de adiar problemas com barriga - Portal Tela Portugal","isPartOf":{"@id":"https:\/\/portaltela.pt\/#website"},"primaryImageOfPage":{"@id":"https:\/\/portaltela.pt\/noticias\/2026\/02\/19\/professores-iniciam-caravana-e-acusam-governo-de-adiar-problemas-com-barriga\/#primaryimage"},"image":{"@id":"https:\/\/portaltela.pt\/noticias\/2026\/02\/19\/professores-iniciam-caravana-e-acusam-governo-de-adiar-problemas-com-barriga\/#primaryimage"},"thumbnailUrl":"https:\/\/portaltela.pt\/s.01k8rhncp4jt1\/2026\/02\/img_1280x721uu2026-02-19-11-22-40-2267695.jpg","datePublished":"2026-02-19T11:22:59+00:00","author":{"@id":"https:\/\/portaltela.pt\/#\/schema\/person\/c4278d4a6028830caff9ee44b42d32ed"},"breadcrumb":{"@id":"https:\/\/portaltela.pt\/noticias\/2026\/02\/19\/professores-iniciam-caravana-e-acusam-governo-de-adiar-problemas-com-barriga\/#breadcrumb"},"inLanguage":"pt-PT","potentialAction":[{"@type":"ReadAction","target":["https:\/\/portaltela.pt\/noticias\/2026\/02\/19\/professores-iniciam-caravana-e-acusam-governo-de-adiar-problemas-com-barriga\/"]}]},{"@type":"ImageObject","inLanguage":"pt-PT","@id":"https:\/\/portaltela.pt\/noticias\/2026\/02\/19\/professores-iniciam-caravana-e-acusam-governo-de-adiar-problemas-com-barriga\/#primaryimage","url":"https:\/\/portaltela.pt\/s.01k8rhncp4jt1\/2026\/02\/img_1280x721uu2026-02-19-11-22-40-2267695.jpg","contentUrl":"https:\/\/portaltela.pt\/s.01k8rhncp4jt1\/2026\/02\/img_1280x721uu2026-02-19-11-22-40-2267695.jpg","width":796,"height":448,"caption":"Fenprof, protesto"},{"@type":"BreadcrumbList","@id":"https:\/\/portaltela.pt\/noticias\/2026\/02\/19\/professores-iniciam-caravana-e-acusam-governo-de-adiar-problemas-com-barriga\/#breadcrumb","itemListElement":[{"@type":"ListItem","position":1,"name":"In\u00edcio","item":"https:\/\/portaltela.pt\/"},{"@type":"ListItem","position":2,"name":"Professores iniciam caravana e acusam Governo de adiar problemas com barriga"}]},{"@type":"WebSite","@id":"https:\/\/portaltela.pt\/#website","url":"https:\/\/portaltela.pt\/","name":"Portal Tela Portugal","description":"","potentialAction":[{"@type":"SearchAction","target":{"@type":"EntryPoint","urlTemplate":"https:\/\/portaltela.pt\/?s={search_term_string}"},"query-input":{"@type":"PropertyValueSpecification","valueRequired":true,"valueName":"search_term_string"}}],"inLanguage":"pt-PT"},{"@type":"Person","@id":"https:\/\/portaltela.pt\/#\/schema\/person\/c4278d4a6028830caff9ee44b42d32ed","name":"Telinha","image":{"@type":"ImageObject","inLanguage":"pt-PT","@id":"https:\/\/portaltela.pt\/s.01k8rhncp4jt1\/2025\/11\/talking-bot-125x125.png","url":"https:\/\/portaltela.pt\/s.01k8rhncp4jt1\/2025\/11\/talking-bot-125x125.png","contentUrl":"https:\/\/portaltela.pt\/s.01k8rhncp4jt1\/2025\/11\/talking-bot-125x125.png","caption":"Telinha"},"sameAs":["https:\/\/portaltela.pt\/"],"url":"https:\/\/portaltela.pt\/por\/367410592786\/"}]}},"_links":{"self":[{"href":"https:\/\/portaltela.pt\/api\/wp\/v2\/posts\/217310","targetHints":{"allow":["GET"]}}],"collection":[{"href":"https:\/\/portaltela.pt\/api\/wp\/v2\/posts"}],"about":[{"href":"https:\/\/portaltela.pt\/api\/wp\/v2\/types\/post"}],"author":[{"embeddable":true,"href":"https:\/\/portaltela.pt\/api\/wp\/v2\/users\/2"}],"replies":[{"embeddable":true,"href":"https:\/\/portaltela.pt\/api\/wp\/v2\/comments?post=217310"}],"version-history":[{"count":0,"href":"https:\/\/portaltela.pt\/api\/wp\/v2\/posts\/217310\/revisions"}],"wp:featuredmedia":[{"embeddable":true,"href":"https:\/\/portaltela.pt\/api\/wp\/v2\/media\/217315"}],"wp:attachment":[{"href":"https:\/\/portaltela.pt\/api\/wp\/v2\/media?parent=217310"}],"wp:term":[{"taxonomy":"category","embeddable":true,"href":"https:\/\/portaltela.pt\/api\/wp\/v2\/categories?post=217310"},{"taxonomy":"post_tag","embeddable":true,"href":"https:\/\/portaltela.pt\/api\/wp\/v2\/tags?post=217310"}],"curies":[{"name":"wp","href":"https:\/\/api.w.org\/{rel}","templated":true}]}}