{"id":217289,"date":"2026-02-19T08:01:19","date_gmt":"2026-02-19T11:01:19","guid":{"rendered":"https:\/\/portaltela.pt\/noticias\/2026\/02\/19\/centenas-reunem-se-entre-escombros-na-faixa-de-gaza-para-a-primeira-refeicao-do-ramadao\/"},"modified":"2026-02-19T08:01:19","modified_gmt":"2026-02-19T11:01:19","slug":"centenas-reunem-se-entre-escombros-na-faixa-de-gaza-para-a-primeira-refeicao-do-ramadao","status":"publish","type":"post","link":"https:\/\/portaltela.pt\/noticias\/internacional\/2026\/02\/19\/centenas-reunem-se-entre-escombros-na-faixa-de-gaza-para-a-primeira-refeicao-do-ramadao\/","title":{"rendered":"Centenas re\u00fanem-se entre escombros na Faixa de Gaza para a primeira refei\u00e7\u00e3o do Ramad\u00e3o"},"content":{"rendered":"<p>Centenas de pessoas reuniram-se em Khan Younis, na Faixa de Gaza, para um iftar comunit\u00e1rio, a refei\u00e7\u00e3o que encerra o jejum di\u00e1rio durante o Ramad\u00e3o, realizada entre escombros de edif\u00edcios e ruas danificadas.<\/p>\n<p>O encontro acontece numa regi\u00e3o marcada por mais de dois anos de conflito, num momento em que a popula\u00e7\u00e3o procura momentos de conv\u00edvio coletivo e apoio m\u00fatuo durante o m\u00eas sagrado.<\/p>\n<p>A iniciativa pretende facilitar a quebra do jejum e oferecer apoio alimentar a quem vive em condi\u00e7\u00f5es dif\u00edceis, numa regi\u00e3o que continua a enfrentar dificuldades humanit\u00e1rias e restri\u00e7\u00f5es decorrentes do conflito.<\/p>\n","protected":false},"excerpt":{"rendered":"<ul>\n<li>Centenas de pessoas reuniram-se entre escombros em Khan Younis, na Faixa de Gaza, para o iftar.<\/li>\n<li>O iftar \u00e9 a primeira refei\u00e7\u00e3o do Ramad\u00e3o, que quebra o jejum di\u00e1rio.<\/li>\n<li>O encontro decorre num territ\u00f3rio marcado por mais de dois anos de conflito.<\/li>\n<\/ul>\n","protected":false},"author":2,"featured_media":217295,"comment_status":"closed","ping_status":"closed","sticky":false,"template":"","format":"standard","meta":{"footnotes":""},"categories":[4,1],"tags":[5747,40,945,3786,2867,4614],"class_list":["post-217289","post","type-post","status-publish","format-standard","has-post-thumbnail","hentry","category-internacional","category-noticias","tag-ajuda-humanitaria","tag-pessoas","tag-protecao-alimentar","tag-refugiados-internos","tag-seguranca-alimentar","tag-situacoes-sociais"],"yoast_head":"<!-- This site is optimized with the Yoast SEO plugin v27.2 - https:\/\/yoast.com\/product\/yoast-seo-wordpress\/ -->\n<title>Centenas re\u00fanem-se entre escombros na Faixa de Gaza para a primeira refei\u00e7\u00e3o do Ramad\u00e3o - Portal Tela Portugal<\/title>\n<meta name=\"robots\" content=\"index, follow, max-snippet:-1, max-image-preview:large, max-video-preview:-1\" \/>\n<meta property=\"og:locale\" content=\"pt_PT\" \/>\n<meta property=\"og:type\" content=\"article\" \/>\n<meta property=\"og:title\" content=\"Centenas re\u00fanem-se entre escombros na Faixa de Gaza para a primeira refei\u00e7\u00e3o do Ramad\u00e3o - Portal Tela Portugal\" \/>\n<meta property=\"og:description\" content=\"Centenas de pessoas reuniram-se entre escombros em Khan Younis, na Faixa de Gaza, para o iftar. O iftar \u00e9 a primeira refei\u00e7\u00e3o do Ramad\u00e3o, que quebra o jejum di\u00e1rio. O encontro decorre num territ\u00f3rio marcado por mais de dois anos de conflito.\" \/>\n<meta property=\"og:url\" content=\"https:\/\/portaltela.pt\/noticias\/2026\/02\/19\/centenas-reunem-se-entre-escombros-na-faixa-de-gaza-para-a-primeira-refeicao-do-ramadao\/\" \/>\n<meta property=\"og:site_name\" content=\"Portal Tela Portugal\" \/>\n<meta property=\"article:published_time\" content=\"2026-02-19T11:01:19+00:00\" \/>\n<meta name=\"author\" content=\"Telinha\" \/>\n<meta name=\"twitter:card\" content=\"summary_large_image\" \/>\n<meta name=\"twitter:label1\" content=\"Escrito por\" \/>\n\t<meta name=\"twitter:data1\" content=\"Telinha\" \/>\n\t<meta name=\"twitter:label2\" content=\"Tempo estimado de leitura\" \/>\n\t<meta name=\"twitter:data2\" content=\"1 minuto\" \/>\n<script type=\"application\/ld+json\" class=\"yoast-schema-graph\">{\"@context\":\"https:\/\/schema.org\",\"@graph\":[{\"@type\":\"Article\",\"@id\":\"https:\/\/portaltela.pt\/noticias\/2026\/02\/19\/centenas-reunem-se-entre-escombros-na-faixa-de-gaza-para-a-primeira-refeicao-do-ramadao\/#article\",\"isPartOf\":{\"@id\":\"https:\/\/portaltela.pt\/noticias\/2026\/02\/19\/centenas-reunem-se-entre-escombros-na-faixa-de-gaza-para-a-primeira-refeicao-do-ramadao\/\"},\"author\":{\"name\":\"Telinha\",\"@id\":\"https:\/\/portaltela.pt\/#\/schema\/person\/c4278d4a6028830caff9ee44b42d32ed\"},\"headline\":\"Centenas re\u00fanem-se entre escombros na Faixa de Gaza para a primeira refei\u00e7\u00e3o do Ramad\u00e3o\",\"datePublished\":\"2026-02-19T11:01:19+00:00\",\"mainEntityOfPage\":{\"@id\":\"https:\/\/portaltela.pt\/noticias\/2026\/02\/19\/centenas-reunem-se-entre-escombros-na-faixa-de-gaza-para-a-primeira-refeicao-do-ramadao\/\"},\"wordCount\":127,\"image\":{\"@id\":\"https:\/\/portaltela.pt\/noticias\/2026\/02\/19\/centenas-reunem-se-entre-escombros-na-faixa-de-gaza-para-a-primeira-refeicao-do-ramadao\/#primaryimage\"},\"thumbnailUrl\":\"https:\/\/portaltela.pt\/s.01k8rhncp4jt1\/2026\/02\/img_1200x721uu2026-02-19-11-00-32-2422492.jpg\",\"keywords\":[\"ajuda humanit\u00e1ria\",\"pessoas\",\"prote\u00e7\u00e3o alimentar\",\"refugiados internos\",\"Seguran\u00e7a Alimentar\",\"situa\u00e7\u00f5es sociais\"],\"articleSection\":[\"Internacional\",\"Not\u00edcias\"],\"inLanguage\":\"pt-PT\"},{\"@type\":\"WebPage\",\"@id\":\"https:\/\/portaltela.pt\/noticias\/2026\/02\/19\/centenas-reunem-se-entre-escombros-na-faixa-de-gaza-para-a-primeira-refeicao-do-ramadao\/\",\"url\":\"https:\/\/portaltela.pt\/noticias\/2026\/02\/19\/centenas-reunem-se-entre-escombros-na-faixa-de-gaza-para-a-primeira-refeicao-do-ramadao\/\",\"name\":\"Centenas re\u00fanem-se entre escombros na Faixa de Gaza para a primeira refei\u00e7\u00e3o do Ramad\u00e3o - Portal Tela Portugal\",\"isPartOf\":{\"@id\":\"https:\/\/portaltela.pt\/#website\"},\"primaryImageOfPage\":{\"@id\":\"https:\/\/portaltela.pt\/noticias\/2026\/02\/19\/centenas-reunem-se-entre-escombros-na-faixa-de-gaza-para-a-primeira-refeicao-do-ramadao\/#primaryimage\"},\"image\":{\"@id\":\"https:\/\/portaltela.pt\/noticias\/2026\/02\/19\/centenas-reunem-se-entre-escombros-na-faixa-de-gaza-para-a-primeira-refeicao-do-ramadao\/#primaryimage\"},\"thumbnailUrl\":\"https:\/\/portaltela.pt\/s.01k8rhncp4jt1\/2026\/02\/img_1200x721uu2026-02-19-11-00-32-2422492.jpg\",\"datePublished\":\"2026-02-19T11:01:19+00:00\",\"author\":{\"@id\":\"https:\/\/portaltela.pt\/#\/schema\/person\/c4278d4a6028830caff9ee44b42d32ed\"},\"breadcrumb\":{\"@id\":\"https:\/\/portaltela.pt\/noticias\/2026\/02\/19\/centenas-reunem-se-entre-escombros-na-faixa-de-gaza-para-a-primeira-refeicao-do-ramadao\/#breadcrumb\"},\"inLanguage\":\"pt-PT\",\"potentialAction\":[{\"@type\":\"ReadAction\",\"target\":[\"https:\/\/portaltela.pt\/noticias\/2026\/02\/19\/centenas-reunem-se-entre-escombros-na-faixa-de-gaza-para-a-primeira-refeicao-do-ramadao\/\"]}]},{\"@type\":\"ImageObject\",\"inLanguage\":\"pt-PT\",\"@id\":\"https:\/\/portaltela.pt\/noticias\/2026\/02\/19\/centenas-reunem-se-entre-escombros-na-faixa-de-gaza-para-a-primeira-refeicao-do-ramadao\/#primaryimage\",\"url\":\"https:\/\/portaltela.pt\/s.01k8rhncp4jt1\/2026\/02\/img_1200x721uu2026-02-19-11-00-32-2422492.jpg\",\"contentUrl\":\"https:\/\/portaltela.pt\/s.01k8rhncp4jt1\/2026\/02\/img_1200x721uu2026-02-19-11-00-32-2422492.jpg\",\"width\":796,\"height\":448,\"caption\":\"Centenas de pessoas reuniram-se entre escombros na Faixa de Gaza para a primeira refei\u00e7\u00e3o do Ramad\u00e3o\"},{\"@type\":\"BreadcrumbList\",\"@id\":\"https:\/\/portaltela.pt\/noticias\/2026\/02\/19\/centenas-reunem-se-entre-escombros-na-faixa-de-gaza-para-a-primeira-refeicao-do-ramadao\/#breadcrumb\",\"itemListElement\":[{\"@type\":\"ListItem\",\"position\":1,\"name\":\"In\u00edcio\",\"item\":\"https:\/\/portaltela.pt\/\"},{\"@type\":\"ListItem\",\"position\":2,\"name\":\"Centenas re\u00fanem-se entre escombros na Faixa de Gaza para a primeira refei\u00e7\u00e3o do Ramad\u00e3o\"}]},{\"@type\":\"WebSite\",\"@id\":\"https:\/\/portaltela.pt\/#website\",\"url\":\"https:\/\/portaltela.pt\/\",\"name\":\"Portal Tela Portugal\",\"description\":\"\",\"potentialAction\":[{\"@type\":\"SearchAction\",\"target\":{\"@type\":\"EntryPoint\",\"urlTemplate\":\"https:\/\/portaltela.pt\/?s={search_term_string}\"},\"query-input\":{\"@type\":\"PropertyValueSpecification\",\"valueRequired\":true,\"valueName\":\"search_term_string\"}}],\"inLanguage\":\"pt-PT\"},{\"@type\":\"Person\",\"@id\":\"https:\/\/portaltela.pt\/#\/schema\/person\/c4278d4a6028830caff9ee44b42d32ed\",\"name\":\"Telinha\",\"image\":{\"@type\":\"ImageObject\",\"inLanguage\":\"pt-PT\",\"@id\":\"https:\/\/portaltela.pt\/s.01k8rhncp4jt1\/2025\/11\/talking-bot-125x125.png\",\"url\":\"https:\/\/portaltela.pt\/s.01k8rhncp4jt1\/2025\/11\/talking-bot-125x125.png\",\"contentUrl\":\"https:\/\/portaltela.pt\/s.01k8rhncp4jt1\/2025\/11\/talking-bot-125x125.png\",\"caption\":\"Telinha\"},\"sameAs\":[\"https:\/\/portaltela.pt\/\"],\"url\":\"https:\/\/portaltela.pt\/por\/367410592786\/\"}]}<\/script>\n<!-- \/ Yoast SEO plugin. -->","yoast_head_json":{"title":"Centenas re\u00fanem-se entre escombros na Faixa de Gaza para a primeira refei\u00e7\u00e3o do Ramad\u00e3o - Portal Tela Portugal","robots":{"index":"index","follow":"follow","max-snippet":"max-snippet:-1","max-image-preview":"max-image-preview:large","max-video-preview":"max-video-preview:-1"},"og_locale":"pt_PT","og_type":"article","og_title":"Centenas re\u00fanem-se entre escombros na Faixa de Gaza para a primeira refei\u00e7\u00e3o do Ramad\u00e3o - Portal Tela Portugal","og_description":"Centenas de pessoas reuniram-se entre escombros em Khan Younis, na Faixa de Gaza, para o iftar. O iftar \u00e9 a primeira refei\u00e7\u00e3o do Ramad\u00e3o, que quebra o jejum di\u00e1rio. O encontro decorre num territ\u00f3rio marcado por mais de dois anos de conflito.","og_url":"https:\/\/portaltela.pt\/noticias\/2026\/02\/19\/centenas-reunem-se-entre-escombros-na-faixa-de-gaza-para-a-primeira-refeicao-do-ramadao\/","og_site_name":"Portal Tela Portugal","article_published_time":"2026-02-19T11:01:19+00:00","author":"Telinha","twitter_card":"summary_large_image","twitter_misc":{"Escrito por":"Telinha","Tempo estimado de leitura":"1 minuto"},"schema":{"@context":"https:\/\/schema.org","@graph":[{"@type":"Article","@id":"https:\/\/portaltela.pt\/noticias\/2026\/02\/19\/centenas-reunem-se-entre-escombros-na-faixa-de-gaza-para-a-primeira-refeicao-do-ramadao\/#article","isPartOf":{"@id":"https:\/\/portaltela.pt\/noticias\/2026\/02\/19\/centenas-reunem-se-entre-escombros-na-faixa-de-gaza-para-a-primeira-refeicao-do-ramadao\/"},"author":{"name":"Telinha","@id":"https:\/\/portaltela.pt\/#\/schema\/person\/c4278d4a6028830caff9ee44b42d32ed"},"headline":"Centenas re\u00fanem-se entre escombros na Faixa de Gaza para a primeira refei\u00e7\u00e3o do Ramad\u00e3o","datePublished":"2026-02-19T11:01:19+00:00","mainEntityOfPage":{"@id":"https:\/\/portaltela.pt\/noticias\/2026\/02\/19\/centenas-reunem-se-entre-escombros-na-faixa-de-gaza-para-a-primeira-refeicao-do-ramadao\/"},"wordCount":127,"image":{"@id":"https:\/\/portaltela.pt\/noticias\/2026\/02\/19\/centenas-reunem-se-entre-escombros-na-faixa-de-gaza-para-a-primeira-refeicao-do-ramadao\/#primaryimage"},"thumbnailUrl":"https:\/\/portaltela.pt\/s.01k8rhncp4jt1\/2026\/02\/img_1200x721uu2026-02-19-11-00-32-2422492.jpg","keywords":["ajuda humanit\u00e1ria","pessoas","prote\u00e7\u00e3o alimentar","refugiados internos","Seguran\u00e7a Alimentar","situa\u00e7\u00f5es sociais"],"articleSection":["Internacional","Not\u00edcias"],"inLanguage":"pt-PT"},{"@type":"WebPage","@id":"https:\/\/portaltela.pt\/noticias\/2026\/02\/19\/centenas-reunem-se-entre-escombros-na-faixa-de-gaza-para-a-primeira-refeicao-do-ramadao\/","url":"https:\/\/portaltela.pt\/noticias\/2026\/02\/19\/centenas-reunem-se-entre-escombros-na-faixa-de-gaza-para-a-primeira-refeicao-do-ramadao\/","name":"Centenas re\u00fanem-se entre escombros na Faixa de Gaza para a primeira refei\u00e7\u00e3o do Ramad\u00e3o - Portal Tela Portugal","isPartOf":{"@id":"https:\/\/portaltela.pt\/#website"},"primaryImageOfPage":{"@id":"https:\/\/portaltela.pt\/noticias\/2026\/02\/19\/centenas-reunem-se-entre-escombros-na-faixa-de-gaza-para-a-primeira-refeicao-do-ramadao\/#primaryimage"},"image":{"@id":"https:\/\/portaltela.pt\/noticias\/2026\/02\/19\/centenas-reunem-se-entre-escombros-na-faixa-de-gaza-para-a-primeira-refeicao-do-ramadao\/#primaryimage"},"thumbnailUrl":"https:\/\/portaltela.pt\/s.01k8rhncp4jt1\/2026\/02\/img_1200x721uu2026-02-19-11-00-32-2422492.jpg","datePublished":"2026-02-19T11:01:19+00:00","author":{"@id":"https:\/\/portaltela.pt\/#\/schema\/person\/c4278d4a6028830caff9ee44b42d32ed"},"breadcrumb":{"@id":"https:\/\/portaltela.pt\/noticias\/2026\/02\/19\/centenas-reunem-se-entre-escombros-na-faixa-de-gaza-para-a-primeira-refeicao-do-ramadao\/#breadcrumb"},"inLanguage":"pt-PT","potentialAction":[{"@type":"ReadAction","target":["https:\/\/portaltela.pt\/noticias\/2026\/02\/19\/centenas-reunem-se-entre-escombros-na-faixa-de-gaza-para-a-primeira-refeicao-do-ramadao\/"]}]},{"@type":"ImageObject","inLanguage":"pt-PT","@id":"https:\/\/portaltela.pt\/noticias\/2026\/02\/19\/centenas-reunem-se-entre-escombros-na-faixa-de-gaza-para-a-primeira-refeicao-do-ramadao\/#primaryimage","url":"https:\/\/portaltela.pt\/s.01k8rhncp4jt1\/2026\/02\/img_1200x721uu2026-02-19-11-00-32-2422492.jpg","contentUrl":"https:\/\/portaltela.pt\/s.01k8rhncp4jt1\/2026\/02\/img_1200x721uu2026-02-19-11-00-32-2422492.jpg","width":796,"height":448,"caption":"Centenas de pessoas reuniram-se entre escombros na Faixa de Gaza para a primeira refei\u00e7\u00e3o do Ramad\u00e3o"},{"@type":"BreadcrumbList","@id":"https:\/\/portaltela.pt\/noticias\/2026\/02\/19\/centenas-reunem-se-entre-escombros-na-faixa-de-gaza-para-a-primeira-refeicao-do-ramadao\/#breadcrumb","itemListElement":[{"@type":"ListItem","position":1,"name":"In\u00edcio","item":"https:\/\/portaltela.pt\/"},{"@type":"ListItem","position":2,"name":"Centenas re\u00fanem-se entre escombros na Faixa de Gaza para a primeira refei\u00e7\u00e3o do Ramad\u00e3o"}]},{"@type":"WebSite","@id":"https:\/\/portaltela.pt\/#website","url":"https:\/\/portaltela.pt\/","name":"Portal Tela Portugal","description":"","potentialAction":[{"@type":"SearchAction","target":{"@type":"EntryPoint","urlTemplate":"https:\/\/portaltela.pt\/?s={search_term_string}"},"query-input":{"@type":"PropertyValueSpecification","valueRequired":true,"valueName":"search_term_string"}}],"inLanguage":"pt-PT"},{"@type":"Person","@id":"https:\/\/portaltela.pt\/#\/schema\/person\/c4278d4a6028830caff9ee44b42d32ed","name":"Telinha","image":{"@type":"ImageObject","inLanguage":"pt-PT","@id":"https:\/\/portaltela.pt\/s.01k8rhncp4jt1\/2025\/11\/talking-bot-125x125.png","url":"https:\/\/portaltela.pt\/s.01k8rhncp4jt1\/2025\/11\/talking-bot-125x125.png","contentUrl":"https:\/\/portaltela.pt\/s.01k8rhncp4jt1\/2025\/11\/talking-bot-125x125.png","caption":"Telinha"},"sameAs":["https:\/\/portaltela.pt\/"],"url":"https:\/\/portaltela.pt\/por\/367410592786\/"}]}},"_links":{"self":[{"href":"https:\/\/portaltela.pt\/api\/wp\/v2\/posts\/217289","targetHints":{"allow":["GET"]}}],"collection":[{"href":"https:\/\/portaltela.pt\/api\/wp\/v2\/posts"}],"about":[{"href":"https:\/\/portaltela.pt\/api\/wp\/v2\/types\/post"}],"author":[{"embeddable":true,"href":"https:\/\/portaltela.pt\/api\/wp\/v2\/users\/2"}],"replies":[{"embeddable":true,"href":"https:\/\/portaltela.pt\/api\/wp\/v2\/comments?post=217289"}],"version-history":[{"count":0,"href":"https:\/\/portaltela.pt\/api\/wp\/v2\/posts\/217289\/revisions"}],"wp:featuredmedia":[{"embeddable":true,"href":"https:\/\/portaltela.pt\/api\/wp\/v2\/media\/217295"}],"wp:attachment":[{"href":"https:\/\/portaltela.pt\/api\/wp\/v2\/media?parent=217289"}],"wp:term":[{"taxonomy":"category","embeddable":true,"href":"https:\/\/portaltela.pt\/api\/wp\/v2\/categories?post=217289"},{"taxonomy":"post_tag","embeddable":true,"href":"https:\/\/portaltela.pt\/api\/wp\/v2\/tags?post=217289"}],"curies":[{"name":"wp","href":"https:\/\/api.w.org\/{rel}","templated":true}]}}