{"id":217166,"date":"2026-02-19T06:28:00","date_gmt":"2026-02-19T09:28:00","guid":{"rendered":"https:\/\/portaltela.pt\/noticias\/2026\/02\/19\/oito-mortos-e-um-desaparecido-apos-avalanche-na-california-2\/"},"modified":"2026-02-19T06:28:00","modified_gmt":"2026-02-19T09:28:00","slug":"oito-mortos-e-um-desaparecido-apos-avalanche-na-california-2","status":"publish","type":"post","link":"https:\/\/portaltela.pt\/noticias\/2026\/02\/19\/oito-mortos-e-um-desaparecido-apos-avalanche-na-california-2\/","title":{"rendered":"Oito mortos e um desaparecido ap\u00f3s avalanche na Calif\u00f3rnia"},"content":{"rendered":"<p>Oito esquiadores foram encontrados mortos ap\u00f3s uma avalanche perto de Lake Tahoe, na Calif\u00f3rnia. As autoridades confirmaram a trag\u00e9dia e indicaram que as opera\u00e7\u00f5es passaram de busca e salvamento para recupera\u00e7\u00e3o.<\/p>\n<p>Ainda n\u00e3o foram apresentadas informa\u00e7\u00f5es sobre identidades das v\u00edtimas. O incidente ocorreu em regi\u00e3o montanhosa frequentada por praticantes de desportos de neve.<\/p>\n<p>Um desaparecido continua sob investiga\u00e7\u00e3o, com equipes de resgate a trabalhar no local. As autoridades n\u00e3o detalharam as causas, apenas que o evento foi s\u00fabito.<\/p>\n<h3>Estado das opera\u00e7\u00f5es de busca<\/h3>\n<p>As opera\u00e7\u00f5es de resgate evolu\u00edram para uma atividade de recupera\u00e7\u00e3o, com foco em localizar o incompleto conjunto de v\u00edtimas e confirmar o estado de quem possa ainda estar desaparecido.<\/p>\n<p>Equipes de bombeiros, agentes de prote\u00e7\u00e3o civil e volunt\u00e1rios permanecem no terreno, avaliando per\u00edmetros e seguindo protocolos de socorro em avalanche. O caso continua a ser acompanhado pelas autoridades locais.<\/p>\n","protected":false},"excerpt":{"rendered":"<ul>\n<li>Oito esquiadores foram encontrados mortos numa avalanche perto de Lake Tahoe, na Calif\u00f3rnia.<\/li>\n<li>Um indiv\u00edduo continua desaparecido.<\/li>\n<li>As opera\u00e7\u00f5es passaram de busca e salvamento para recupera\u00e7\u00e3o.<\/li>\n<li>As autoridades confirmaram a mudan\u00e7a de estrat\u00e9gia \u00e0 medida que os corpos foram localizados.<\/li>\n<li>N\u00e3o foram divulgados detalhes sobre identidades ou circunst\u00e2ncias adicionais do incidente.<\/li>\n<\/ul>\n","protected":false},"author":2,"featured_media":217167,"comment_status":"closed","ping_status":"closed","sticky":false,"template":"","format":"standard","meta":{"footnotes":""},"categories":[1],"tags":[971,4056,5215,6063,1600,320],"class_list":["post-217166","post","type-post","status-publish","format-standard","has-post-thumbnail","hentry","category-noticias","tag-bombeiros","tag-busca-e-resgate-urbano","tag-catastrofes-naturais","tag-desastres","tag-estados-unidos","tag-protecao-civil"],"yoast_head":"<!-- This site is optimized with the Yoast SEO plugin v27.2 - https:\/\/yoast.com\/product\/yoast-seo-wordpress\/ -->\n<title>Oito mortos e um desaparecido ap\u00f3s avalanche na Calif\u00f3rnia - Portal Tela Portugal<\/title>\n<meta name=\"robots\" content=\"index, follow, max-snippet:-1, max-image-preview:large, max-video-preview:-1\" \/>\n<meta property=\"og:locale\" content=\"pt_PT\" \/>\n<meta property=\"og:type\" content=\"article\" \/>\n<meta property=\"og:title\" content=\"Oito mortos e um desaparecido ap\u00f3s avalanche na Calif\u00f3rnia - Portal Tela Portugal\" \/>\n<meta property=\"og:description\" content=\"Oito esquiadores foram encontrados mortos numa avalanche perto de Lake Tahoe, na Calif\u00f3rnia. Um indiv\u00edduo continua desaparecido. As opera\u00e7\u00f5es passaram de busca e salvamento para recupera\u00e7\u00e3o. As autoridades confirmaram a mudan\u00e7a de estrat\u00e9gia \u00e0 medida que os corpos foram localizados. N\u00e3o foram divulgados detalhes sobre identidades ou circunst\u00e2ncias adicionais do incidente.\" \/>\n<meta property=\"og:url\" content=\"https:\/\/portaltela.pt\/noticias\/2026\/02\/19\/oito-mortos-e-um-desaparecido-apos-avalanche-na-california-2\/\" \/>\n<meta property=\"og:site_name\" content=\"Portal Tela Portugal\" \/>\n<meta property=\"article:published_time\" content=\"2026-02-19T09:28:00+00:00\" \/>\n<meta name=\"author\" content=\"Telinha\" \/>\n<meta name=\"twitter:card\" content=\"summary_large_image\" \/>\n<meta name=\"twitter:label1\" content=\"Escrito por\" \/>\n\t<meta name=\"twitter:data1\" content=\"Telinha\" \/>\n\t<meta name=\"twitter:label2\" content=\"Tempo estimado de leitura\" \/>\n\t<meta name=\"twitter:data2\" content=\"1 minuto\" \/>\n<script type=\"application\/ld+json\" class=\"yoast-schema-graph\">{\"@context\":\"https:\/\/schema.org\",\"@graph\":[{\"@type\":\"Article\",\"@id\":\"https:\/\/portaltela.pt\/noticias\/2026\/02\/19\/oito-mortos-e-um-desaparecido-apos-avalanche-na-california-2\/#article\",\"isPartOf\":{\"@id\":\"https:\/\/portaltela.pt\/noticias\/2026\/02\/19\/oito-mortos-e-um-desaparecido-apos-avalanche-na-california-2\/\"},\"author\":{\"name\":\"Telinha\",\"@id\":\"https:\/\/portaltela.pt\/#\/schema\/person\/c4278d4a6028830caff9ee44b42d32ed\"},\"headline\":\"Oito mortos e um desaparecido ap\u00f3s avalanche na Calif\u00f3rnia\",\"datePublished\":\"2026-02-19T09:28:00+00:00\",\"mainEntityOfPage\":{\"@id\":\"https:\/\/portaltela.pt\/noticias\/2026\/02\/19\/oito-mortos-e-um-desaparecido-apos-avalanche-na-california-2\/\"},\"wordCount\":173,\"image\":{\"@id\":\"https:\/\/portaltela.pt\/noticias\/2026\/02\/19\/oito-mortos-e-um-desaparecido-apos-avalanche-na-california-2\/#primaryimage\"},\"thumbnailUrl\":\"https:\/\/portaltela.pt\/s.01k8rhncp4jt1\/2026\/02\/img_1200x721uu2026-02-19-09-33-17-2422487.jpg\",\"keywords\":[\"bombeiros\",\"Busca e Resgate Urbano\",\"cat\u00e1strofes naturais\",\"desastres\",\"Estados Unidos\",\"prote\u00e7\u00e3o civil\"],\"articleSection\":[\"Not\u00edcias\"],\"inLanguage\":\"pt-PT\"},{\"@type\":\"WebPage\",\"@id\":\"https:\/\/portaltela.pt\/noticias\/2026\/02\/19\/oito-mortos-e-um-desaparecido-apos-avalanche-na-california-2\/\",\"url\":\"https:\/\/portaltela.pt\/noticias\/2026\/02\/19\/oito-mortos-e-um-desaparecido-apos-avalanche-na-california-2\/\",\"name\":\"Oito mortos e um desaparecido ap\u00f3s avalanche na Calif\u00f3rnia - Portal Tela Portugal\",\"isPartOf\":{\"@id\":\"https:\/\/portaltela.pt\/#website\"},\"primaryImageOfPage\":{\"@id\":\"https:\/\/portaltela.pt\/noticias\/2026\/02\/19\/oito-mortos-e-um-desaparecido-apos-avalanche-na-california-2\/#primaryimage\"},\"image\":{\"@id\":\"https:\/\/portaltela.pt\/noticias\/2026\/02\/19\/oito-mortos-e-um-desaparecido-apos-avalanche-na-california-2\/#primaryimage\"},\"thumbnailUrl\":\"https:\/\/portaltela.pt\/s.01k8rhncp4jt1\/2026\/02\/img_1200x721uu2026-02-19-09-33-17-2422487.jpg\",\"datePublished\":\"2026-02-19T09:28:00+00:00\",\"author\":{\"@id\":\"https:\/\/portaltela.pt\/#\/schema\/person\/c4278d4a6028830caff9ee44b42d32ed\"},\"breadcrumb\":{\"@id\":\"https:\/\/portaltela.pt\/noticias\/2026\/02\/19\/oito-mortos-e-um-desaparecido-apos-avalanche-na-california-2\/#breadcrumb\"},\"inLanguage\":\"pt-PT\",\"potentialAction\":[{\"@type\":\"ReadAction\",\"target\":[\"https:\/\/portaltela.pt\/noticias\/2026\/02\/19\/oito-mortos-e-um-desaparecido-apos-avalanche-na-california-2\/\"]}]},{\"@type\":\"ImageObject\",\"inLanguage\":\"pt-PT\",\"@id\":\"https:\/\/portaltela.pt\/noticias\/2026\/02\/19\/oito-mortos-e-um-desaparecido-apos-avalanche-na-california-2\/#primaryimage\",\"url\":\"https:\/\/portaltela.pt\/s.01k8rhncp4jt1\/2026\/02\/img_1200x721uu2026-02-19-09-33-17-2422487.jpg\",\"contentUrl\":\"https:\/\/portaltela.pt\/s.01k8rhncp4jt1\/2026\/02\/img_1200x721uu2026-02-19-09-33-17-2422487.jpg\",\"width\":796,\"height\":448,\"caption\":\"Oito mortos e um ainda desaparecido ap\u00f3s avalanche na Calif\u00f3rnia\"},{\"@type\":\"BreadcrumbList\",\"@id\":\"https:\/\/portaltela.pt\/noticias\/2026\/02\/19\/oito-mortos-e-um-desaparecido-apos-avalanche-na-california-2\/#breadcrumb\",\"itemListElement\":[{\"@type\":\"ListItem\",\"position\":1,\"name\":\"In\u00edcio\",\"item\":\"https:\/\/portaltela.pt\/\"},{\"@type\":\"ListItem\",\"position\":2,\"name\":\"Oito mortos e um desaparecido ap\u00f3s avalanche na Calif\u00f3rnia\"}]},{\"@type\":\"WebSite\",\"@id\":\"https:\/\/portaltela.pt\/#website\",\"url\":\"https:\/\/portaltela.pt\/\",\"name\":\"Portal Tela Portugal\",\"description\":\"\",\"potentialAction\":[{\"@type\":\"SearchAction\",\"target\":{\"@type\":\"EntryPoint\",\"urlTemplate\":\"https:\/\/portaltela.pt\/?s={search_term_string}\"},\"query-input\":{\"@type\":\"PropertyValueSpecification\",\"valueRequired\":true,\"valueName\":\"search_term_string\"}}],\"inLanguage\":\"pt-PT\"},{\"@type\":\"Person\",\"@id\":\"https:\/\/portaltela.pt\/#\/schema\/person\/c4278d4a6028830caff9ee44b42d32ed\",\"name\":\"Telinha\",\"image\":{\"@type\":\"ImageObject\",\"inLanguage\":\"pt-PT\",\"@id\":\"https:\/\/portaltela.pt\/s.01k8rhncp4jt1\/2025\/11\/talking-bot-125x125.png\",\"url\":\"https:\/\/portaltela.pt\/s.01k8rhncp4jt1\/2025\/11\/talking-bot-125x125.png\",\"contentUrl\":\"https:\/\/portaltela.pt\/s.01k8rhncp4jt1\/2025\/11\/talking-bot-125x125.png\",\"caption\":\"Telinha\"},\"sameAs\":[\"https:\/\/portaltela.pt\/\"],\"url\":\"https:\/\/portaltela.pt\/por\/367410592786\/\"}]}<\/script>\n<!-- \/ Yoast SEO plugin. -->","yoast_head_json":{"title":"Oito mortos e um desaparecido ap\u00f3s avalanche na Calif\u00f3rnia - Portal Tela Portugal","robots":{"index":"index","follow":"follow","max-snippet":"max-snippet:-1","max-image-preview":"max-image-preview:large","max-video-preview":"max-video-preview:-1"},"og_locale":"pt_PT","og_type":"article","og_title":"Oito mortos e um desaparecido ap\u00f3s avalanche na Calif\u00f3rnia - Portal Tela Portugal","og_description":"Oito esquiadores foram encontrados mortos numa avalanche perto de Lake Tahoe, na Calif\u00f3rnia. Um indiv\u00edduo continua desaparecido. As opera\u00e7\u00f5es passaram de busca e salvamento para recupera\u00e7\u00e3o. As autoridades confirmaram a mudan\u00e7a de estrat\u00e9gia \u00e0 medida que os corpos foram localizados. N\u00e3o foram divulgados detalhes sobre identidades ou circunst\u00e2ncias adicionais do incidente.","og_url":"https:\/\/portaltela.pt\/noticias\/2026\/02\/19\/oito-mortos-e-um-desaparecido-apos-avalanche-na-california-2\/","og_site_name":"Portal Tela Portugal","article_published_time":"2026-02-19T09:28:00+00:00","author":"Telinha","twitter_card":"summary_large_image","twitter_misc":{"Escrito por":"Telinha","Tempo estimado de leitura":"1 minuto"},"schema":{"@context":"https:\/\/schema.org","@graph":[{"@type":"Article","@id":"https:\/\/portaltela.pt\/noticias\/2026\/02\/19\/oito-mortos-e-um-desaparecido-apos-avalanche-na-california-2\/#article","isPartOf":{"@id":"https:\/\/portaltela.pt\/noticias\/2026\/02\/19\/oito-mortos-e-um-desaparecido-apos-avalanche-na-california-2\/"},"author":{"name":"Telinha","@id":"https:\/\/portaltela.pt\/#\/schema\/person\/c4278d4a6028830caff9ee44b42d32ed"},"headline":"Oito mortos e um desaparecido ap\u00f3s avalanche na Calif\u00f3rnia","datePublished":"2026-02-19T09:28:00+00:00","mainEntityOfPage":{"@id":"https:\/\/portaltela.pt\/noticias\/2026\/02\/19\/oito-mortos-e-um-desaparecido-apos-avalanche-na-california-2\/"},"wordCount":173,"image":{"@id":"https:\/\/portaltela.pt\/noticias\/2026\/02\/19\/oito-mortos-e-um-desaparecido-apos-avalanche-na-california-2\/#primaryimage"},"thumbnailUrl":"https:\/\/portaltela.pt\/s.01k8rhncp4jt1\/2026\/02\/img_1200x721uu2026-02-19-09-33-17-2422487.jpg","keywords":["bombeiros","Busca e Resgate Urbano","cat\u00e1strofes naturais","desastres","Estados Unidos","prote\u00e7\u00e3o civil"],"articleSection":["Not\u00edcias"],"inLanguage":"pt-PT"},{"@type":"WebPage","@id":"https:\/\/portaltela.pt\/noticias\/2026\/02\/19\/oito-mortos-e-um-desaparecido-apos-avalanche-na-california-2\/","url":"https:\/\/portaltela.pt\/noticias\/2026\/02\/19\/oito-mortos-e-um-desaparecido-apos-avalanche-na-california-2\/","name":"Oito mortos e um desaparecido ap\u00f3s avalanche na Calif\u00f3rnia - Portal Tela Portugal","isPartOf":{"@id":"https:\/\/portaltela.pt\/#website"},"primaryImageOfPage":{"@id":"https:\/\/portaltela.pt\/noticias\/2026\/02\/19\/oito-mortos-e-um-desaparecido-apos-avalanche-na-california-2\/#primaryimage"},"image":{"@id":"https:\/\/portaltela.pt\/noticias\/2026\/02\/19\/oito-mortos-e-um-desaparecido-apos-avalanche-na-california-2\/#primaryimage"},"thumbnailUrl":"https:\/\/portaltela.pt\/s.01k8rhncp4jt1\/2026\/02\/img_1200x721uu2026-02-19-09-33-17-2422487.jpg","datePublished":"2026-02-19T09:28:00+00:00","author":{"@id":"https:\/\/portaltela.pt\/#\/schema\/person\/c4278d4a6028830caff9ee44b42d32ed"},"breadcrumb":{"@id":"https:\/\/portaltela.pt\/noticias\/2026\/02\/19\/oito-mortos-e-um-desaparecido-apos-avalanche-na-california-2\/#breadcrumb"},"inLanguage":"pt-PT","potentialAction":[{"@type":"ReadAction","target":["https:\/\/portaltela.pt\/noticias\/2026\/02\/19\/oito-mortos-e-um-desaparecido-apos-avalanche-na-california-2\/"]}]},{"@type":"ImageObject","inLanguage":"pt-PT","@id":"https:\/\/portaltela.pt\/noticias\/2026\/02\/19\/oito-mortos-e-um-desaparecido-apos-avalanche-na-california-2\/#primaryimage","url":"https:\/\/portaltela.pt\/s.01k8rhncp4jt1\/2026\/02\/img_1200x721uu2026-02-19-09-33-17-2422487.jpg","contentUrl":"https:\/\/portaltela.pt\/s.01k8rhncp4jt1\/2026\/02\/img_1200x721uu2026-02-19-09-33-17-2422487.jpg","width":796,"height":448,"caption":"Oito mortos e um ainda desaparecido ap\u00f3s avalanche na Calif\u00f3rnia"},{"@type":"BreadcrumbList","@id":"https:\/\/portaltela.pt\/noticias\/2026\/02\/19\/oito-mortos-e-um-desaparecido-apos-avalanche-na-california-2\/#breadcrumb","itemListElement":[{"@type":"ListItem","position":1,"name":"In\u00edcio","item":"https:\/\/portaltela.pt\/"},{"@type":"ListItem","position":2,"name":"Oito mortos e um desaparecido ap\u00f3s avalanche na Calif\u00f3rnia"}]},{"@type":"WebSite","@id":"https:\/\/portaltela.pt\/#website","url":"https:\/\/portaltela.pt\/","name":"Portal Tela Portugal","description":"","potentialAction":[{"@type":"SearchAction","target":{"@type":"EntryPoint","urlTemplate":"https:\/\/portaltela.pt\/?s={search_term_string}"},"query-input":{"@type":"PropertyValueSpecification","valueRequired":true,"valueName":"search_term_string"}}],"inLanguage":"pt-PT"},{"@type":"Person","@id":"https:\/\/portaltela.pt\/#\/schema\/person\/c4278d4a6028830caff9ee44b42d32ed","name":"Telinha","image":{"@type":"ImageObject","inLanguage":"pt-PT","@id":"https:\/\/portaltela.pt\/s.01k8rhncp4jt1\/2025\/11\/talking-bot-125x125.png","url":"https:\/\/portaltela.pt\/s.01k8rhncp4jt1\/2025\/11\/talking-bot-125x125.png","contentUrl":"https:\/\/portaltela.pt\/s.01k8rhncp4jt1\/2025\/11\/talking-bot-125x125.png","caption":"Telinha"},"sameAs":["https:\/\/portaltela.pt\/"],"url":"https:\/\/portaltela.pt\/por\/367410592786\/"}]}},"_links":{"self":[{"href":"https:\/\/portaltela.pt\/api\/wp\/v2\/posts\/217166","targetHints":{"allow":["GET"]}}],"collection":[{"href":"https:\/\/portaltela.pt\/api\/wp\/v2\/posts"}],"about":[{"href":"https:\/\/portaltela.pt\/api\/wp\/v2\/types\/post"}],"author":[{"embeddable":true,"href":"https:\/\/portaltela.pt\/api\/wp\/v2\/users\/2"}],"replies":[{"embeddable":true,"href":"https:\/\/portaltela.pt\/api\/wp\/v2\/comments?post=217166"}],"version-history":[{"count":0,"href":"https:\/\/portaltela.pt\/api\/wp\/v2\/posts\/217166\/revisions"}],"wp:featuredmedia":[{"embeddable":true,"href":"https:\/\/portaltela.pt\/api\/wp\/v2\/media\/217167"}],"wp:attachment":[{"href":"https:\/\/portaltela.pt\/api\/wp\/v2\/media?parent=217166"}],"wp:term":[{"taxonomy":"category","embeddable":true,"href":"https:\/\/portaltela.pt\/api\/wp\/v2\/categories?post=217166"},{"taxonomy":"post_tag","embeddable":true,"href":"https:\/\/portaltela.pt\/api\/wp\/v2\/tags?post=217166"}],"curies":[{"name":"wp","href":"https:\/\/api.w.org\/{rel}","templated":true}]}}