{"id":217134,"date":"2026-02-19T06:17:00","date_gmt":"2026-02-19T09:17:00","guid":{"rendered":"https:\/\/portaltela.pt\/noticias\/2026\/02\/19\/doencas-alimentares-tornam-se-resistentes-a-antibioticos-na-europa\/"},"modified":"2026-02-19T06:17:00","modified_gmt":"2026-02-19T09:17:00","slug":"doencas-alimentares-tornam-se-resistentes-a-antibioticos-na-europa","status":"publish","type":"post","link":"https:\/\/portaltela.pt\/noticias\/2026\/02\/19\/doencas-alimentares-tornam-se-resistentes-a-antibioticos-na-europa\/","title":{"rendered":"Doen\u00e7as alimentares tornam-se resistentes a antibi\u00f3ticos na Europa"},"content":{"rendered":"<p>A resist\u00eancia aos antimicrobianos em bact\u00e9rias associadas a alimentos permanece alta na Europa, conforme um novo relat\u00f3rio conjunto do ECDC e da EFSA. Salmonella e Campylobacter destacam-se pela resist\u00eancia a ciprofloxacina, um antibi\u00f3tico-chave para infe\u00e7\u00f5es graves.<\/p>\n<p>Em 2024, mais de 20% dos casos humanos de Salmonella foram resistentes \u00e0 ciprofloxacina, com resist\u00eancia a m\u00faltiplos f\u00e1rmacos presente em uma fatia semelhante. Na Campylobacter, a resist\u00eancia disseminou-se a ponto de a ciprofloxacina j\u00e1 n\u00e3o ser recomendada para tratamento humano.<\/p>\n<p>As bact\u00e9rias tamb\u00e9m resistem a ampicilina, tetraciclinas e sulfonamidas, o que reduz op\u00e7\u00f5es terap\u00eauticas. Piotr Kramarz, cientista-chefe do ECDC, sublinha a liga\u00e7\u00e3o entre sa\u00fade humana, animal e alimenta\u00e7\u00e3o na resist\u00eancia.<\/p>\n<h3>Abordagem One Health<\/h3>\n<p>As autoridades destacam a necessidade de uma estrat\u00e9gia One Health, que integre sa\u00fade humana, sa\u00fade animal e produ\u00e7\u00e3o alimentar para preservar a efic\u00e1cia dos antimicrobianos.<\/p>\n<p>Os perfis de resist\u00eancia variam entre pa\u00edses, animais, alimentos e antibi\u00f3ticos, refletindo pr\u00e1ticas de uso de medicamentos e de higiene alimentar. A monitoriza\u00e7\u00e3o refor\u00e7a a import\u00e2ncia de interven\u00e7\u00f5es coordenadas.<\/p>\n<h3>Doen\u00e7as de origem alimentar na UE<\/h3>\n<p>Em 2024, a UE registou 168 396 infe\u00e7\u00f5es humanas por Campylobacter e 79 703 por Salmonella, com tend\u00eancia de aumento desde 2020. Os surtos associaram-se a ovos, produtos de origem animal e tamb\u00e9m a leguminosas impregnadas em casos isolados.<\/p>\n","protected":false},"excerpt":{"rendered":"<ul>\n<li>Relat\u00f3rio conjunto do Centro Europeu de Preven\u00e7\u00e3o e Controlo das Doen\u00e7as (ECDC) e da Autoridade Europeia para a Seguran\u00e7a dos Alimentos (EFSA) alerta para a resist\u00eancia a antimicrobianos em bact\u00e9rias alimentares na Europa.<\/li>\n<li>Em 2024, mais de uma em cada cinco infe\u00e7\u00f5es humanas por Salmonella foram resistentes \u00e0 ciprofloxacina; a resist\u00eancia a v\u00e1rios antibi\u00f3ticos afetou quase um quinto dos casos.<\/li>\n<li>Na Campylobacter, a resist\u00eancia \u00e0 ciprofloxacina est\u00e1 t\u00e3o disseminada que j\u00e1 n\u00e3o \u00e9 recomendada para o tratamento de infe\u00e7\u00f5es humanas.<\/li>\n<li>As duas bact\u00e9rias apresentam resist\u00eancia a ampicilina, tetraciclinas e sulfonamidas, evidenciando liga\u00e7\u00f5es entre sa\u00fade humana, animal e alimentar (One Health).<\/li>\n<li>Em 2024, a Uni\u00e3o Europeia registou 168.396 casos de Campylobacter e 79.703 de Salmonella; ovos e produtos de ovo s\u00e3o o principal ve\u00edculo, com legumes n\u00e3o animais tamb\u00e9m associados a surtos graves.<\/li>\n<\/ul>\n","protected":false},"author":2,"featured_media":217135,"comment_status":"closed","ping_status":"closed","sticky":false,"template":"","format":"standard","meta":{"footnotes":""},"categories":[1],"tags":[86,4808,2487,3013,271,2867],"class_list":["post-217134","post","type-post","status-publish","format-standard","has-post-thumbnail","hentry","category-noticias","tag-alimentacao","tag-antimicrobianos","tag-europa","tag-infecoes","tag-saude-publica","tag-seguranca-alimentar"],"yoast_head":"<!-- This site is optimized with the Yoast SEO plugin v27.2 - https:\/\/yoast.com\/product\/yoast-seo-wordpress\/ -->\n<title>Doen\u00e7as alimentares tornam-se resistentes a antibi\u00f3ticos na Europa - Portal Tela Portugal<\/title>\n<meta name=\"robots\" content=\"index, follow, max-snippet:-1, max-image-preview:large, max-video-preview:-1\" \/>\n<meta property=\"og:locale\" content=\"pt_PT\" \/>\n<meta property=\"og:type\" content=\"article\" \/>\n<meta property=\"og:title\" content=\"Doen\u00e7as alimentares tornam-se resistentes a antibi\u00f3ticos na Europa - Portal Tela Portugal\" \/>\n<meta property=\"og:description\" content=\"Relat\u00f3rio conjunto do Centro Europeu de Preven\u00e7\u00e3o e Controlo das Doen\u00e7as (ECDC) e da Autoridade Europeia para a Seguran\u00e7a dos Alimentos (EFSA) alerta para a resist\u00eancia a antimicrobianos em bact\u00e9rias alimentares na Europa. Em 2024, mais de uma em cada cinco infe\u00e7\u00f5es humanas por Salmonella foram resistentes \u00e0 ciprofloxacina; a resist\u00eancia a v\u00e1rios antibi\u00f3ticos afetou quase um quinto dos casos. Na Campylobacter, a resist\u00eancia \u00e0 ciprofloxacina est\u00e1 t\u00e3o disseminada que j\u00e1 n\u00e3o \u00e9 recomendada para o tratamento de infe\u00e7\u00f5es humanas. As duas bact\u00e9rias apresentam resist\u00eancia a ampicilina, tetraciclinas e sulfonamidas, evidenciando liga\u00e7\u00f5es entre sa\u00fade humana, animal e alimentar (One Health). Em 2024, a Uni\u00e3o Europeia registou 168.396 casos de Campylobacter e 79.703 de Salmonella; ovos e produtos de ovo s\u00e3o o principal ve\u00edculo, com legumes n\u00e3o animais tamb\u00e9m associados a surtos graves.\" \/>\n<meta property=\"og:url\" content=\"https:\/\/portaltela.pt\/noticias\/2026\/02\/19\/doencas-alimentares-tornam-se-resistentes-a-antibioticos-na-europa\/\" \/>\n<meta property=\"og:site_name\" content=\"Portal Tela Portugal\" \/>\n<meta property=\"article:published_time\" content=\"2026-02-19T09:17:00+00:00\" \/>\n<meta name=\"author\" content=\"Telinha\" \/>\n<meta name=\"twitter:card\" content=\"summary_large_image\" \/>\n<meta name=\"twitter:label1\" content=\"Escrito por\" \/>\n\t<meta name=\"twitter:data1\" content=\"Telinha\" \/>\n\t<meta name=\"twitter:label2\" content=\"Tempo estimado de leitura\" \/>\n\t<meta name=\"twitter:data2\" content=\"1 minuto\" \/>\n<script type=\"application\/ld+json\" class=\"yoast-schema-graph\">{\"@context\":\"https:\/\/schema.org\",\"@graph\":[{\"@type\":\"Article\",\"@id\":\"https:\/\/portaltela.pt\/noticias\/2026\/02\/19\/doencas-alimentares-tornam-se-resistentes-a-antibioticos-na-europa\/#article\",\"isPartOf\":{\"@id\":\"https:\/\/portaltela.pt\/noticias\/2026\/02\/19\/doencas-alimentares-tornam-se-resistentes-a-antibioticos-na-europa\/\"},\"author\":{\"name\":\"Telinha\",\"@id\":\"https:\/\/portaltela.pt\/#\/schema\/person\/c4278d4a6028830caff9ee44b42d32ed\"},\"headline\":\"Doen\u00e7as alimentares tornam-se resistentes a antibi\u00f3ticos na Europa\",\"datePublished\":\"2026-02-19T09:17:00+00:00\",\"mainEntityOfPage\":{\"@id\":\"https:\/\/portaltela.pt\/noticias\/2026\/02\/19\/doencas-alimentares-tornam-se-resistentes-a-antibioticos-na-europa\/\"},\"wordCount\":246,\"image\":{\"@id\":\"https:\/\/portaltela.pt\/noticias\/2026\/02\/19\/doencas-alimentares-tornam-se-resistentes-a-antibioticos-na-europa\/#primaryimage\"},\"thumbnailUrl\":\"https:\/\/portaltela.pt\/s.01k8rhncp4jt1\/2026\/02\/1536x864_cmsv2_6768aeb3-e504-5fb3-9230-fb731923dbc4-9656179.jpg\",\"keywords\":[\"alimenta\u00e7\u00e3o\",\"antimicrobianos\",\"Europa\",\"infe\u00e7\u00f5es\",\"sa\u00fade p\u00fablica\",\"Seguran\u00e7a Alimentar\"],\"articleSection\":[\"Not\u00edcias\"],\"inLanguage\":\"pt-PT\"},{\"@type\":\"WebPage\",\"@id\":\"https:\/\/portaltela.pt\/noticias\/2026\/02\/19\/doencas-alimentares-tornam-se-resistentes-a-antibioticos-na-europa\/\",\"url\":\"https:\/\/portaltela.pt\/noticias\/2026\/02\/19\/doencas-alimentares-tornam-se-resistentes-a-antibioticos-na-europa\/\",\"name\":\"Doen\u00e7as alimentares tornam-se resistentes a antibi\u00f3ticos na Europa - Portal Tela Portugal\",\"isPartOf\":{\"@id\":\"https:\/\/portaltela.pt\/#website\"},\"primaryImageOfPage\":{\"@id\":\"https:\/\/portaltela.pt\/noticias\/2026\/02\/19\/doencas-alimentares-tornam-se-resistentes-a-antibioticos-na-europa\/#primaryimage\"},\"image\":{\"@id\":\"https:\/\/portaltela.pt\/noticias\/2026\/02\/19\/doencas-alimentares-tornam-se-resistentes-a-antibioticos-na-europa\/#primaryimage\"},\"thumbnailUrl\":\"https:\/\/portaltela.pt\/s.01k8rhncp4jt1\/2026\/02\/1536x864_cmsv2_6768aeb3-e504-5fb3-9230-fb731923dbc4-9656179.jpg\",\"datePublished\":\"2026-02-19T09:17:00+00:00\",\"author\":{\"@id\":\"https:\/\/portaltela.pt\/#\/schema\/person\/c4278d4a6028830caff9ee44b42d32ed\"},\"breadcrumb\":{\"@id\":\"https:\/\/portaltela.pt\/noticias\/2026\/02\/19\/doencas-alimentares-tornam-se-resistentes-a-antibioticos-na-europa\/#breadcrumb\"},\"inLanguage\":\"pt-PT\",\"potentialAction\":[{\"@type\":\"ReadAction\",\"target\":[\"https:\/\/portaltela.pt\/noticias\/2026\/02\/19\/doencas-alimentares-tornam-se-resistentes-a-antibioticos-na-europa\/\"]}]},{\"@type\":\"ImageObject\",\"inLanguage\":\"pt-PT\",\"@id\":\"https:\/\/portaltela.pt\/noticias\/2026\/02\/19\/doencas-alimentares-tornam-se-resistentes-a-antibioticos-na-europa\/#primaryimage\",\"url\":\"https:\/\/portaltela.pt\/s.01k8rhncp4jt1\/2026\/02\/1536x864_cmsv2_6768aeb3-e504-5fb3-9230-fb731923dbc4-9656179.jpg\",\"contentUrl\":\"https:\/\/portaltela.pt\/s.01k8rhncp4jt1\/2026\/02\/1536x864_cmsv2_6768aeb3-e504-5fb3-9230-fb731923dbc4-9656179.jpg\",\"width\":796,\"height\":448,\"caption\":\"A resist\u00eancia aos antimicrobianos (RAM) em bact\u00e9rias alimentares comuns, como a Salmonella e a Campylobacter, constitui um problema de sa\u00fade p\u00fablica na Europa.\"},{\"@type\":\"BreadcrumbList\",\"@id\":\"https:\/\/portaltela.pt\/noticias\/2026\/02\/19\/doencas-alimentares-tornam-se-resistentes-a-antibioticos-na-europa\/#breadcrumb\",\"itemListElement\":[{\"@type\":\"ListItem\",\"position\":1,\"name\":\"In\u00edcio\",\"item\":\"https:\/\/portaltela.pt\/\"},{\"@type\":\"ListItem\",\"position\":2,\"name\":\"Doen\u00e7as alimentares tornam-se resistentes a antibi\u00f3ticos na Europa\"}]},{\"@type\":\"WebSite\",\"@id\":\"https:\/\/portaltela.pt\/#website\",\"url\":\"https:\/\/portaltela.pt\/\",\"name\":\"Portal Tela Portugal\",\"description\":\"\",\"potentialAction\":[{\"@type\":\"SearchAction\",\"target\":{\"@type\":\"EntryPoint\",\"urlTemplate\":\"https:\/\/portaltela.pt\/?s={search_term_string}\"},\"query-input\":{\"@type\":\"PropertyValueSpecification\",\"valueRequired\":true,\"valueName\":\"search_term_string\"}}],\"inLanguage\":\"pt-PT\"},{\"@type\":\"Person\",\"@id\":\"https:\/\/portaltela.pt\/#\/schema\/person\/c4278d4a6028830caff9ee44b42d32ed\",\"name\":\"Telinha\",\"image\":{\"@type\":\"ImageObject\",\"inLanguage\":\"pt-PT\",\"@id\":\"https:\/\/portaltela.pt\/s.01k8rhncp4jt1\/2025\/11\/talking-bot-125x125.png\",\"url\":\"https:\/\/portaltela.pt\/s.01k8rhncp4jt1\/2025\/11\/talking-bot-125x125.png\",\"contentUrl\":\"https:\/\/portaltela.pt\/s.01k8rhncp4jt1\/2025\/11\/talking-bot-125x125.png\",\"caption\":\"Telinha\"},\"sameAs\":[\"https:\/\/portaltela.pt\/\"],\"url\":\"https:\/\/portaltela.pt\/por\/367410592786\/\"}]}<\/script>\n<!-- \/ Yoast SEO plugin. -->","yoast_head_json":{"title":"Doen\u00e7as alimentares tornam-se resistentes a antibi\u00f3ticos na Europa - Portal Tela Portugal","robots":{"index":"index","follow":"follow","max-snippet":"max-snippet:-1","max-image-preview":"max-image-preview:large","max-video-preview":"max-video-preview:-1"},"og_locale":"pt_PT","og_type":"article","og_title":"Doen\u00e7as alimentares tornam-se resistentes a antibi\u00f3ticos na Europa - Portal Tela Portugal","og_description":"Relat\u00f3rio conjunto do Centro Europeu de Preven\u00e7\u00e3o e Controlo das Doen\u00e7as (ECDC) e da Autoridade Europeia para a Seguran\u00e7a dos Alimentos (EFSA) alerta para a resist\u00eancia a antimicrobianos em bact\u00e9rias alimentares na Europa. Em 2024, mais de uma em cada cinco infe\u00e7\u00f5es humanas por Salmonella foram resistentes \u00e0 ciprofloxacina; a resist\u00eancia a v\u00e1rios antibi\u00f3ticos afetou quase um quinto dos casos. Na Campylobacter, a resist\u00eancia \u00e0 ciprofloxacina est\u00e1 t\u00e3o disseminada que j\u00e1 n\u00e3o \u00e9 recomendada para o tratamento de infe\u00e7\u00f5es humanas. As duas bact\u00e9rias apresentam resist\u00eancia a ampicilina, tetraciclinas e sulfonamidas, evidenciando liga\u00e7\u00f5es entre sa\u00fade humana, animal e alimentar (One Health). Em 2024, a Uni\u00e3o Europeia registou 168.396 casos de Campylobacter e 79.703 de Salmonella; ovos e produtos de ovo s\u00e3o o principal ve\u00edculo, com legumes n\u00e3o animais tamb\u00e9m associados a surtos graves.","og_url":"https:\/\/portaltela.pt\/noticias\/2026\/02\/19\/doencas-alimentares-tornam-se-resistentes-a-antibioticos-na-europa\/","og_site_name":"Portal Tela Portugal","article_published_time":"2026-02-19T09:17:00+00:00","author":"Telinha","twitter_card":"summary_large_image","twitter_misc":{"Escrito por":"Telinha","Tempo estimado de leitura":"1 minuto"},"schema":{"@context":"https:\/\/schema.org","@graph":[{"@type":"Article","@id":"https:\/\/portaltela.pt\/noticias\/2026\/02\/19\/doencas-alimentares-tornam-se-resistentes-a-antibioticos-na-europa\/#article","isPartOf":{"@id":"https:\/\/portaltela.pt\/noticias\/2026\/02\/19\/doencas-alimentares-tornam-se-resistentes-a-antibioticos-na-europa\/"},"author":{"name":"Telinha","@id":"https:\/\/portaltela.pt\/#\/schema\/person\/c4278d4a6028830caff9ee44b42d32ed"},"headline":"Doen\u00e7as alimentares tornam-se resistentes a antibi\u00f3ticos na Europa","datePublished":"2026-02-19T09:17:00+00:00","mainEntityOfPage":{"@id":"https:\/\/portaltela.pt\/noticias\/2026\/02\/19\/doencas-alimentares-tornam-se-resistentes-a-antibioticos-na-europa\/"},"wordCount":246,"image":{"@id":"https:\/\/portaltela.pt\/noticias\/2026\/02\/19\/doencas-alimentares-tornam-se-resistentes-a-antibioticos-na-europa\/#primaryimage"},"thumbnailUrl":"https:\/\/portaltela.pt\/s.01k8rhncp4jt1\/2026\/02\/1536x864_cmsv2_6768aeb3-e504-5fb3-9230-fb731923dbc4-9656179.jpg","keywords":["alimenta\u00e7\u00e3o","antimicrobianos","Europa","infe\u00e7\u00f5es","sa\u00fade p\u00fablica","Seguran\u00e7a Alimentar"],"articleSection":["Not\u00edcias"],"inLanguage":"pt-PT"},{"@type":"WebPage","@id":"https:\/\/portaltela.pt\/noticias\/2026\/02\/19\/doencas-alimentares-tornam-se-resistentes-a-antibioticos-na-europa\/","url":"https:\/\/portaltela.pt\/noticias\/2026\/02\/19\/doencas-alimentares-tornam-se-resistentes-a-antibioticos-na-europa\/","name":"Doen\u00e7as alimentares tornam-se resistentes a antibi\u00f3ticos na Europa - Portal Tela Portugal","isPartOf":{"@id":"https:\/\/portaltela.pt\/#website"},"primaryImageOfPage":{"@id":"https:\/\/portaltela.pt\/noticias\/2026\/02\/19\/doencas-alimentares-tornam-se-resistentes-a-antibioticos-na-europa\/#primaryimage"},"image":{"@id":"https:\/\/portaltela.pt\/noticias\/2026\/02\/19\/doencas-alimentares-tornam-se-resistentes-a-antibioticos-na-europa\/#primaryimage"},"thumbnailUrl":"https:\/\/portaltela.pt\/s.01k8rhncp4jt1\/2026\/02\/1536x864_cmsv2_6768aeb3-e504-5fb3-9230-fb731923dbc4-9656179.jpg","datePublished":"2026-02-19T09:17:00+00:00","author":{"@id":"https:\/\/portaltela.pt\/#\/schema\/person\/c4278d4a6028830caff9ee44b42d32ed"},"breadcrumb":{"@id":"https:\/\/portaltela.pt\/noticias\/2026\/02\/19\/doencas-alimentares-tornam-se-resistentes-a-antibioticos-na-europa\/#breadcrumb"},"inLanguage":"pt-PT","potentialAction":[{"@type":"ReadAction","target":["https:\/\/portaltela.pt\/noticias\/2026\/02\/19\/doencas-alimentares-tornam-se-resistentes-a-antibioticos-na-europa\/"]}]},{"@type":"ImageObject","inLanguage":"pt-PT","@id":"https:\/\/portaltela.pt\/noticias\/2026\/02\/19\/doencas-alimentares-tornam-se-resistentes-a-antibioticos-na-europa\/#primaryimage","url":"https:\/\/portaltela.pt\/s.01k8rhncp4jt1\/2026\/02\/1536x864_cmsv2_6768aeb3-e504-5fb3-9230-fb731923dbc4-9656179.jpg","contentUrl":"https:\/\/portaltela.pt\/s.01k8rhncp4jt1\/2026\/02\/1536x864_cmsv2_6768aeb3-e504-5fb3-9230-fb731923dbc4-9656179.jpg","width":796,"height":448,"caption":"A resist\u00eancia aos antimicrobianos (RAM) em bact\u00e9rias alimentares comuns, como a Salmonella e a Campylobacter, constitui um problema de sa\u00fade p\u00fablica na Europa."},{"@type":"BreadcrumbList","@id":"https:\/\/portaltela.pt\/noticias\/2026\/02\/19\/doencas-alimentares-tornam-se-resistentes-a-antibioticos-na-europa\/#breadcrumb","itemListElement":[{"@type":"ListItem","position":1,"name":"In\u00edcio","item":"https:\/\/portaltela.pt\/"},{"@type":"ListItem","position":2,"name":"Doen\u00e7as alimentares tornam-se resistentes a antibi\u00f3ticos na Europa"}]},{"@type":"WebSite","@id":"https:\/\/portaltela.pt\/#website","url":"https:\/\/portaltela.pt\/","name":"Portal Tela Portugal","description":"","potentialAction":[{"@type":"SearchAction","target":{"@type":"EntryPoint","urlTemplate":"https:\/\/portaltela.pt\/?s={search_term_string}"},"query-input":{"@type":"PropertyValueSpecification","valueRequired":true,"valueName":"search_term_string"}}],"inLanguage":"pt-PT"},{"@type":"Person","@id":"https:\/\/portaltela.pt\/#\/schema\/person\/c4278d4a6028830caff9ee44b42d32ed","name":"Telinha","image":{"@type":"ImageObject","inLanguage":"pt-PT","@id":"https:\/\/portaltela.pt\/s.01k8rhncp4jt1\/2025\/11\/talking-bot-125x125.png","url":"https:\/\/portaltela.pt\/s.01k8rhncp4jt1\/2025\/11\/talking-bot-125x125.png","contentUrl":"https:\/\/portaltela.pt\/s.01k8rhncp4jt1\/2025\/11\/talking-bot-125x125.png","caption":"Telinha"},"sameAs":["https:\/\/portaltela.pt\/"],"url":"https:\/\/portaltela.pt\/por\/367410592786\/"}]}},"_links":{"self":[{"href":"https:\/\/portaltela.pt\/api\/wp\/v2\/posts\/217134","targetHints":{"allow":["GET"]}}],"collection":[{"href":"https:\/\/portaltela.pt\/api\/wp\/v2\/posts"}],"about":[{"href":"https:\/\/portaltela.pt\/api\/wp\/v2\/types\/post"}],"author":[{"embeddable":true,"href":"https:\/\/portaltela.pt\/api\/wp\/v2\/users\/2"}],"replies":[{"embeddable":true,"href":"https:\/\/portaltela.pt\/api\/wp\/v2\/comments?post=217134"}],"version-history":[{"count":0,"href":"https:\/\/portaltela.pt\/api\/wp\/v2\/posts\/217134\/revisions"}],"wp:featuredmedia":[{"embeddable":true,"href":"https:\/\/portaltela.pt\/api\/wp\/v2\/media\/217135"}],"wp:attachment":[{"href":"https:\/\/portaltela.pt\/api\/wp\/v2\/media?parent=217134"}],"wp:term":[{"taxonomy":"category","embeddable":true,"href":"https:\/\/portaltela.pt\/api\/wp\/v2\/categories?post=217134"},{"taxonomy":"post_tag","embeddable":true,"href":"https:\/\/portaltela.pt\/api\/wp\/v2\/tags?post=217134"}],"curies":[{"name":"wp","href":"https:\/\/api.w.org\/{rel}","templated":true}]}}