{"id":217124,"date":"2026-02-19T05:58:00","date_gmt":"2026-02-19T08:58:00","guid":{"rendered":"https:\/\/portaltela.pt\/noticias\/2026\/02\/19\/tempestades-no-algarve-provocam-erosao-costeira-acentuada\/"},"modified":"2026-02-19T05:58:00","modified_gmt":"2026-02-19T08:58:00","slug":"tempestades-no-algarve-provocam-erosao-costeira-acentuada","status":"publish","type":"post","link":"https:\/\/portaltela.pt\/noticias\/2026\/02\/19\/tempestades-no-algarve-provocam-erosao-costeira-acentuada\/","title":{"rendered":"Tempestades no Algarve provocam eros\u00e3o costeira acentuada"},"content":{"rendered":"<p>O Algarve enfrenta uma eros\u00e3o costeira acentuada causada por interven\u00e7\u00f5es de mau tempo. O alerta parte de \u00d3scar Ferreira, investigador da Universidade do Algarve, que aponta perdas significativas de sedimentos, recuo da linha de costa e quedas de arribas em v\u00e1rias zonas do litoral algarvio. A manchete das tempestades recentes sublinha impactos duradouros sem interven\u00e7\u00e3o adequada.<\/p>\n<p>Segundo o especialista, os epis\u00f3dios de agita\u00e7\u00e3o mar\u00edtima originaram perdas de areia em diversas praias, expondo arribas \u00e0 a\u00e7\u00e3o direta das ondas. O tro\u00e7o entre Quarteira e Vale do Lobo, incluindo Forte Novo, registou recuos relevantes da costa e movimentos de massa consider\u00e1veis, segundo a avalia\u00e7\u00e3o do Centro de Investiga\u00e7\u00e3o Marinha e Ambiental da Universidade do Algarve.<\/p>\n<p>O conjunto de consequ\u00eancias \u00e9 visto como epis\u00f3dico, ligado \u00e0 sucess\u00e3o de tempestades, mas com efeitos que poder\u00e3o perdurar onde o recuo \u00e9 cont\u00ednuo. Ainda assim, as praias devem, na maioria, recuperar naturalmente nos pr\u00f3ximos meses, sobretudo a partir de mecanismos de retorno de sedimentos.<\/p>\n<p>Para as zonas arenosas, a principal aposta de mitiga\u00e7\u00e3o passa pela reposi\u00e7\u00e3o de areias com vista a manter capacidade balnear e reduzir riscos para pessoas e bens. Em contrapartida, parte da costa pode exigir interven\u00e7\u00e3o artificial para que haja retorno de sedimentos.<\/p>\n<h3>A\u00e7\u00f5es e monitoriza\u00e7\u00e3o<\/h3>\n<p>Na costa rochosa, entre Olhos de \u00c1gua (Albufeira) e Lagos, o investigador defende maior monitoriza\u00e7\u00e3o e interven\u00e7\u00f5es onde exista risco iminente de arribas. A Ag\u00eancia Portuguesa do Ambiente dever\u00e1 atuar nesses locais, assegurando cautelas adicionais junto a \u00e1reas com maior vulnerabilidade.<\/p>\n<p>A recoloca\u00e7\u00e3o de sedimentos tem vida \u00fatil vari\u00e1vel consoante o local, passando por novas interven\u00e7\u00f5es quando necess\u00e1rio. Ferreira sublinha que as solu\u00e7\u00f5es devem ser integradas, combinando alimenta\u00e7\u00e3o artificial de praias, recupera\u00e7\u00e3o de sistemas dunares e revis\u00e3o do ordenamento do territ\u00f3rio em zonas de maior vulnerabilidade.<\/p>\n<p>O cientista destaca a import\u00e2ncia de monitoriza\u00e7\u00e3o permanente e de dados atualizados para sustentar decis\u00f5es pol\u00edticas e t\u00e9cnicas. Sem evid\u00eancia consolidada, o risco \u00e9 investir em medidas de efic\u00e1cia limitada a curto prazo.<\/p>\n<p>A coopera\u00e7\u00e3o entre entidades p\u00fablicas, comunidade cient\u00edfica e popula\u00e7\u00f5es locais \u00e9 apresentada como essencial. As altera\u00e7\u00f5es clim\u00e1ticas tendem a intensificar fen\u00f3menos extremos, exigindo respostas mais estruturadas e a longo prazo, incluindo planos de reordenamento territorial que evitem ocupa\u00e7\u00e3o de \u00e1reas de risco.<\/p>\n","protected":false},"excerpt":{"rendered":"<ul>\n<li>As tempestades recentes provocaram eros\u00e3o costeira acentuada no Algarve, com recuo da linha de costa e quedas de arribas, especialmente entre Quarteira e Vale do Lobo e na zona de Forte Novo, em Loul\u00e9.<\/li>\n<li>As praias perderam areia e houve movimentos de massa; a recupera\u00e7\u00e3o natural \u00e9 esperada nos pr\u00f3ximos meses, mas em alguns tro\u00e7os o recuo pode ser irrevers\u00edvel sem interven\u00e7\u00e3o.<\/li>\n<li>As solu\u00e7\u00f5es sugeridas passam pela reposi\u00e7\u00e3o de areias, alimenta\u00e7\u00e3o artificial de praias e recupera\u00e7\u00e3o de sistemas dunares, al\u00e9m de uma revis\u00e3o do ordenamento do territ\u00f3rio nas zonas mais vulner\u00e1veis.<\/li>\n<li>Na costa rochosa entre Olhos de \u00c1gua (Albufeira) e Lagos, \u00e9 necess\u00e1ria maior monitoriza\u00e7\u00e3o e interven\u00e7\u00e3o em zonas com risco iminente, potencialmente pela Ag\u00eancia Portuguesa do Ambiente.<\/li>\n<li>Defende-se uma abordagem integrada, com monitoriza\u00e7\u00e3o permanente, coopera\u00e7\u00e3o entre entidades p\u00fablicas, comunidade cient\u00edfica e popula\u00e7\u00f5es locais, e planos de relocaliza\u00e7\u00e3o para reduzir custos a longo prazo.<\/li>\n<\/ul>\n","protected":false},"author":2,"featured_media":217130,"comment_status":"closed","ping_status":"closed","sticky":false,"template":"","format":"standard","meta":{"footnotes":""},"categories":[1],"tags":[928,2665,167,4665,1506,320],"class_list":["post-217124","post","type-post","status-publish","format-standard","has-post-thumbnail","hentry","category-noticias","tag-algarve","tag-alteracoes-climaticas","tag-ambiente","tag-fenomenos-climaticos-adversos","tag-ordenamento-do-territorio","tag-protecao-civil"],"yoast_head":"<!-- This site is optimized with the Yoast SEO plugin v27.2 - https:\/\/yoast.com\/product\/yoast-seo-wordpress\/ -->\n<title>Tempestades no Algarve provocam eros\u00e3o costeira acentuada - Portal Tela Portugal<\/title>\n<meta name=\"robots\" content=\"index, follow, max-snippet:-1, max-image-preview:large, max-video-preview:-1\" \/>\n<meta property=\"og:locale\" content=\"pt_PT\" \/>\n<meta property=\"og:type\" content=\"article\" \/>\n<meta property=\"og:title\" content=\"Tempestades no Algarve provocam eros\u00e3o costeira acentuada - Portal Tela Portugal\" \/>\n<meta property=\"og:description\" content=\"As tempestades recentes provocaram eros\u00e3o costeira acentuada no Algarve, com recuo da linha de costa e quedas de arribas, especialmente entre Quarteira e Vale do Lobo e na zona de Forte Novo, em Loul\u00e9. As praias perderam areia e houve movimentos de massa; a recupera\u00e7\u00e3o natural \u00e9 esperada nos pr\u00f3ximos meses, mas em alguns tro\u00e7os o recuo pode ser irrevers\u00edvel sem interven\u00e7\u00e3o. As solu\u00e7\u00f5es sugeridas passam pela reposi\u00e7\u00e3o de areias, alimenta\u00e7\u00e3o artificial de praias e recupera\u00e7\u00e3o de sistemas dunares, al\u00e9m de uma revis\u00e3o do ordenamento do territ\u00f3rio nas zonas mais vulner\u00e1veis. Na costa rochosa entre Olhos de \u00c1gua (Albufeira) e Lagos, \u00e9 necess\u00e1ria maior monitoriza\u00e7\u00e3o e interven\u00e7\u00e3o em zonas com risco iminente, potencialmente pela Ag\u00eancia Portuguesa do Ambiente. Defende-se uma abordagem integrada, com monitoriza\u00e7\u00e3o permanente, coopera\u00e7\u00e3o entre entidades p\u00fablicas, comunidade cient\u00edfica e popula\u00e7\u00f5es locais, e planos de relocaliza\u00e7\u00e3o para reduzir custos a longo prazo.\" \/>\n<meta property=\"og:url\" content=\"https:\/\/portaltela.pt\/noticias\/2026\/02\/19\/tempestades-no-algarve-provocam-erosao-costeira-acentuada\/\" \/>\n<meta property=\"og:site_name\" content=\"Portal Tela Portugal\" \/>\n<meta property=\"article:published_time\" content=\"2026-02-19T08:58:00+00:00\" \/>\n<meta name=\"author\" content=\"Telinha\" \/>\n<meta name=\"twitter:card\" content=\"summary_large_image\" \/>\n<meta name=\"twitter:label1\" content=\"Escrito por\" \/>\n\t<meta name=\"twitter:data1\" content=\"Telinha\" \/>\n\t<meta name=\"twitter:label2\" content=\"Tempo estimado de leitura\" \/>\n\t<meta name=\"twitter:data2\" content=\"2 minutos\" \/>\n<script type=\"application\/ld+json\" class=\"yoast-schema-graph\">{\"@context\":\"https:\/\/schema.org\",\"@graph\":[{\"@type\":\"Article\",\"@id\":\"https:\/\/portaltela.pt\/noticias\/2026\/02\/19\/tempestades-no-algarve-provocam-erosao-costeira-acentuada\/#article\",\"isPartOf\":{\"@id\":\"https:\/\/portaltela.pt\/noticias\/2026\/02\/19\/tempestades-no-algarve-provocam-erosao-costeira-acentuada\/\"},\"author\":{\"name\":\"Telinha\",\"@id\":\"https:\/\/portaltela.pt\/#\/schema\/person\/c4278d4a6028830caff9ee44b42d32ed\"},\"headline\":\"Tempestades no Algarve provocam eros\u00e3o costeira acentuada\",\"datePublished\":\"2026-02-19T08:58:00+00:00\",\"mainEntityOfPage\":{\"@id\":\"https:\/\/portaltela.pt\/noticias\/2026\/02\/19\/tempestades-no-algarve-provocam-erosao-costeira-acentuada\/\"},\"wordCount\":416,\"image\":{\"@id\":\"https:\/\/portaltela.pt\/noticias\/2026\/02\/19\/tempestades-no-algarve-provocam-erosao-costeira-acentuada\/#primaryimage\"},\"thumbnailUrl\":\"https:\/\/portaltela.pt\/s.01k8rhncp4jt1\/2026\/02\/2068139.jpg\",\"keywords\":[\"Algarve\",\"Altera\u00e7\u00f5es Clim\u00e1ticas\",\"ambiente\",\"fen\u00f3menos clim\u00e1ticos adversos\",\"ordenamento do territ\u00f3rio\",\"prote\u00e7\u00e3o civil\"],\"articleSection\":[\"Not\u00edcias\"],\"inLanguage\":\"pt-PT\"},{\"@type\":\"WebPage\",\"@id\":\"https:\/\/portaltela.pt\/noticias\/2026\/02\/19\/tempestades-no-algarve-provocam-erosao-costeira-acentuada\/\",\"url\":\"https:\/\/portaltela.pt\/noticias\/2026\/02\/19\/tempestades-no-algarve-provocam-erosao-costeira-acentuada\/\",\"name\":\"Tempestades no Algarve provocam eros\u00e3o costeira acentuada - Portal Tela Portugal\",\"isPartOf\":{\"@id\":\"https:\/\/portaltela.pt\/#website\"},\"primaryImageOfPage\":{\"@id\":\"https:\/\/portaltela.pt\/noticias\/2026\/02\/19\/tempestades-no-algarve-provocam-erosao-costeira-acentuada\/#primaryimage\"},\"image\":{\"@id\":\"https:\/\/portaltela.pt\/noticias\/2026\/02\/19\/tempestades-no-algarve-provocam-erosao-costeira-acentuada\/#primaryimage\"},\"thumbnailUrl\":\"https:\/\/portaltela.pt\/s.01k8rhncp4jt1\/2026\/02\/2068139.jpg\",\"datePublished\":\"2026-02-19T08:58:00+00:00\",\"author\":{\"@id\":\"https:\/\/portaltela.pt\/#\/schema\/person\/c4278d4a6028830caff9ee44b42d32ed\"},\"breadcrumb\":{\"@id\":\"https:\/\/portaltela.pt\/noticias\/2026\/02\/19\/tempestades-no-algarve-provocam-erosao-costeira-acentuada\/#breadcrumb\"},\"inLanguage\":\"pt-PT\",\"potentialAction\":[{\"@type\":\"ReadAction\",\"target\":[\"https:\/\/portaltela.pt\/noticias\/2026\/02\/19\/tempestades-no-algarve-provocam-erosao-costeira-acentuada\/\"]}]},{\"@type\":\"ImageObject\",\"inLanguage\":\"pt-PT\",\"@id\":\"https:\/\/portaltela.pt\/noticias\/2026\/02\/19\/tempestades-no-algarve-provocam-erosao-costeira-acentuada\/#primaryimage\",\"url\":\"https:\/\/portaltela.pt\/s.01k8rhncp4jt1\/2026\/02\/2068139.jpg\",\"contentUrl\":\"https:\/\/portaltela.pt\/s.01k8rhncp4jt1\/2026\/02\/2068139.jpg\",\"width\":796,\"height\":448,\"caption\":\"Erosao Costeira na Praia do Forte Novo, Quarteira\"},{\"@type\":\"BreadcrumbList\",\"@id\":\"https:\/\/portaltela.pt\/noticias\/2026\/02\/19\/tempestades-no-algarve-provocam-erosao-costeira-acentuada\/#breadcrumb\",\"itemListElement\":[{\"@type\":\"ListItem\",\"position\":1,\"name\":\"In\u00edcio\",\"item\":\"https:\/\/portaltela.pt\/\"},{\"@type\":\"ListItem\",\"position\":2,\"name\":\"Tempestades no Algarve provocam eros\u00e3o costeira acentuada\"}]},{\"@type\":\"WebSite\",\"@id\":\"https:\/\/portaltela.pt\/#website\",\"url\":\"https:\/\/portaltela.pt\/\",\"name\":\"Portal Tela Portugal\",\"description\":\"\",\"potentialAction\":[{\"@type\":\"SearchAction\",\"target\":{\"@type\":\"EntryPoint\",\"urlTemplate\":\"https:\/\/portaltela.pt\/?s={search_term_string}\"},\"query-input\":{\"@type\":\"PropertyValueSpecification\",\"valueRequired\":true,\"valueName\":\"search_term_string\"}}],\"inLanguage\":\"pt-PT\"},{\"@type\":\"Person\",\"@id\":\"https:\/\/portaltela.pt\/#\/schema\/person\/c4278d4a6028830caff9ee44b42d32ed\",\"name\":\"Telinha\",\"image\":{\"@type\":\"ImageObject\",\"inLanguage\":\"pt-PT\",\"@id\":\"https:\/\/portaltela.pt\/s.01k8rhncp4jt1\/2025\/11\/talking-bot-125x125.png\",\"url\":\"https:\/\/portaltela.pt\/s.01k8rhncp4jt1\/2025\/11\/talking-bot-125x125.png\",\"contentUrl\":\"https:\/\/portaltela.pt\/s.01k8rhncp4jt1\/2025\/11\/talking-bot-125x125.png\",\"caption\":\"Telinha\"},\"sameAs\":[\"https:\/\/portaltela.pt\/\"],\"url\":\"https:\/\/portaltela.pt\/por\/367410592786\/\"}]}<\/script>\n<!-- \/ Yoast SEO plugin. -->","yoast_head_json":{"title":"Tempestades no Algarve provocam eros\u00e3o costeira acentuada - Portal Tela Portugal","robots":{"index":"index","follow":"follow","max-snippet":"max-snippet:-1","max-image-preview":"max-image-preview:large","max-video-preview":"max-video-preview:-1"},"og_locale":"pt_PT","og_type":"article","og_title":"Tempestades no Algarve provocam eros\u00e3o costeira acentuada - Portal Tela Portugal","og_description":"As tempestades recentes provocaram eros\u00e3o costeira acentuada no Algarve, com recuo da linha de costa e quedas de arribas, especialmente entre Quarteira e Vale do Lobo e na zona de Forte Novo, em Loul\u00e9. As praias perderam areia e houve movimentos de massa; a recupera\u00e7\u00e3o natural \u00e9 esperada nos pr\u00f3ximos meses, mas em alguns tro\u00e7os o recuo pode ser irrevers\u00edvel sem interven\u00e7\u00e3o. As solu\u00e7\u00f5es sugeridas passam pela reposi\u00e7\u00e3o de areias, alimenta\u00e7\u00e3o artificial de praias e recupera\u00e7\u00e3o de sistemas dunares, al\u00e9m de uma revis\u00e3o do ordenamento do territ\u00f3rio nas zonas mais vulner\u00e1veis. Na costa rochosa entre Olhos de \u00c1gua (Albufeira) e Lagos, \u00e9 necess\u00e1ria maior monitoriza\u00e7\u00e3o e interven\u00e7\u00e3o em zonas com risco iminente, potencialmente pela Ag\u00eancia Portuguesa do Ambiente. Defende-se uma abordagem integrada, com monitoriza\u00e7\u00e3o permanente, coopera\u00e7\u00e3o entre entidades p\u00fablicas, comunidade cient\u00edfica e popula\u00e7\u00f5es locais, e planos de relocaliza\u00e7\u00e3o para reduzir custos a longo prazo.","og_url":"https:\/\/portaltela.pt\/noticias\/2026\/02\/19\/tempestades-no-algarve-provocam-erosao-costeira-acentuada\/","og_site_name":"Portal Tela Portugal","article_published_time":"2026-02-19T08:58:00+00:00","author":"Telinha","twitter_card":"summary_large_image","twitter_misc":{"Escrito por":"Telinha","Tempo estimado de leitura":"2 minutos"},"schema":{"@context":"https:\/\/schema.org","@graph":[{"@type":"Article","@id":"https:\/\/portaltela.pt\/noticias\/2026\/02\/19\/tempestades-no-algarve-provocam-erosao-costeira-acentuada\/#article","isPartOf":{"@id":"https:\/\/portaltela.pt\/noticias\/2026\/02\/19\/tempestades-no-algarve-provocam-erosao-costeira-acentuada\/"},"author":{"name":"Telinha","@id":"https:\/\/portaltela.pt\/#\/schema\/person\/c4278d4a6028830caff9ee44b42d32ed"},"headline":"Tempestades no Algarve provocam eros\u00e3o costeira acentuada","datePublished":"2026-02-19T08:58:00+00:00","mainEntityOfPage":{"@id":"https:\/\/portaltela.pt\/noticias\/2026\/02\/19\/tempestades-no-algarve-provocam-erosao-costeira-acentuada\/"},"wordCount":416,"image":{"@id":"https:\/\/portaltela.pt\/noticias\/2026\/02\/19\/tempestades-no-algarve-provocam-erosao-costeira-acentuada\/#primaryimage"},"thumbnailUrl":"https:\/\/portaltela.pt\/s.01k8rhncp4jt1\/2026\/02\/2068139.jpg","keywords":["Algarve","Altera\u00e7\u00f5es Clim\u00e1ticas","ambiente","fen\u00f3menos clim\u00e1ticos adversos","ordenamento do territ\u00f3rio","prote\u00e7\u00e3o civil"],"articleSection":["Not\u00edcias"],"inLanguage":"pt-PT"},{"@type":"WebPage","@id":"https:\/\/portaltela.pt\/noticias\/2026\/02\/19\/tempestades-no-algarve-provocam-erosao-costeira-acentuada\/","url":"https:\/\/portaltela.pt\/noticias\/2026\/02\/19\/tempestades-no-algarve-provocam-erosao-costeira-acentuada\/","name":"Tempestades no Algarve provocam eros\u00e3o costeira acentuada - Portal Tela Portugal","isPartOf":{"@id":"https:\/\/portaltela.pt\/#website"},"primaryImageOfPage":{"@id":"https:\/\/portaltela.pt\/noticias\/2026\/02\/19\/tempestades-no-algarve-provocam-erosao-costeira-acentuada\/#primaryimage"},"image":{"@id":"https:\/\/portaltela.pt\/noticias\/2026\/02\/19\/tempestades-no-algarve-provocam-erosao-costeira-acentuada\/#primaryimage"},"thumbnailUrl":"https:\/\/portaltela.pt\/s.01k8rhncp4jt1\/2026\/02\/2068139.jpg","datePublished":"2026-02-19T08:58:00+00:00","author":{"@id":"https:\/\/portaltela.pt\/#\/schema\/person\/c4278d4a6028830caff9ee44b42d32ed"},"breadcrumb":{"@id":"https:\/\/portaltela.pt\/noticias\/2026\/02\/19\/tempestades-no-algarve-provocam-erosao-costeira-acentuada\/#breadcrumb"},"inLanguage":"pt-PT","potentialAction":[{"@type":"ReadAction","target":["https:\/\/portaltela.pt\/noticias\/2026\/02\/19\/tempestades-no-algarve-provocam-erosao-costeira-acentuada\/"]}]},{"@type":"ImageObject","inLanguage":"pt-PT","@id":"https:\/\/portaltela.pt\/noticias\/2026\/02\/19\/tempestades-no-algarve-provocam-erosao-costeira-acentuada\/#primaryimage","url":"https:\/\/portaltela.pt\/s.01k8rhncp4jt1\/2026\/02\/2068139.jpg","contentUrl":"https:\/\/portaltela.pt\/s.01k8rhncp4jt1\/2026\/02\/2068139.jpg","width":796,"height":448,"caption":"Erosao Costeira na Praia do Forte Novo, Quarteira"},{"@type":"BreadcrumbList","@id":"https:\/\/portaltela.pt\/noticias\/2026\/02\/19\/tempestades-no-algarve-provocam-erosao-costeira-acentuada\/#breadcrumb","itemListElement":[{"@type":"ListItem","position":1,"name":"In\u00edcio","item":"https:\/\/portaltela.pt\/"},{"@type":"ListItem","position":2,"name":"Tempestades no Algarve provocam eros\u00e3o costeira acentuada"}]},{"@type":"WebSite","@id":"https:\/\/portaltela.pt\/#website","url":"https:\/\/portaltela.pt\/","name":"Portal Tela Portugal","description":"","potentialAction":[{"@type":"SearchAction","target":{"@type":"EntryPoint","urlTemplate":"https:\/\/portaltela.pt\/?s={search_term_string}"},"query-input":{"@type":"PropertyValueSpecification","valueRequired":true,"valueName":"search_term_string"}}],"inLanguage":"pt-PT"},{"@type":"Person","@id":"https:\/\/portaltela.pt\/#\/schema\/person\/c4278d4a6028830caff9ee44b42d32ed","name":"Telinha","image":{"@type":"ImageObject","inLanguage":"pt-PT","@id":"https:\/\/portaltela.pt\/s.01k8rhncp4jt1\/2025\/11\/talking-bot-125x125.png","url":"https:\/\/portaltela.pt\/s.01k8rhncp4jt1\/2025\/11\/talking-bot-125x125.png","contentUrl":"https:\/\/portaltela.pt\/s.01k8rhncp4jt1\/2025\/11\/talking-bot-125x125.png","caption":"Telinha"},"sameAs":["https:\/\/portaltela.pt\/"],"url":"https:\/\/portaltela.pt\/por\/367410592786\/"}]}},"_links":{"self":[{"href":"https:\/\/portaltela.pt\/api\/wp\/v2\/posts\/217124","targetHints":{"allow":["GET"]}}],"collection":[{"href":"https:\/\/portaltela.pt\/api\/wp\/v2\/posts"}],"about":[{"href":"https:\/\/portaltela.pt\/api\/wp\/v2\/types\/post"}],"author":[{"embeddable":true,"href":"https:\/\/portaltela.pt\/api\/wp\/v2\/users\/2"}],"replies":[{"embeddable":true,"href":"https:\/\/portaltela.pt\/api\/wp\/v2\/comments?post=217124"}],"version-history":[{"count":0,"href":"https:\/\/portaltela.pt\/api\/wp\/v2\/posts\/217124\/revisions"}],"wp:featuredmedia":[{"embeddable":true,"href":"https:\/\/portaltela.pt\/api\/wp\/v2\/media\/217130"}],"wp:attachment":[{"href":"https:\/\/portaltela.pt\/api\/wp\/v2\/media?parent=217124"}],"wp:term":[{"taxonomy":"category","embeddable":true,"href":"https:\/\/portaltela.pt\/api\/wp\/v2\/categories?post=217124"},{"taxonomy":"post_tag","embeddable":true,"href":"https:\/\/portaltela.pt\/api\/wp\/v2\/tags?post=217124"}],"curies":[{"name":"wp","href":"https:\/\/api.w.org\/{rel}","templated":true}]}}