{"id":217123,"date":"2026-02-19T06:02:34","date_gmt":"2026-02-19T09:02:34","guid":{"rendered":"https:\/\/portaltela.pt\/noticias\/2026\/02\/19\/deputado-marxista-toma-posse-como-oitavo-presidente-do-peru-em-uma-decada\/"},"modified":"2026-02-19T06:02:34","modified_gmt":"2026-02-19T09:02:34","slug":"deputado-marxista-toma-posse-como-oitavo-presidente-do-peru-em-uma-decada","status":"publish","type":"post","link":"https:\/\/portaltela.pt\/noticias\/politica\/2026\/02\/19\/deputado-marxista-toma-posse-como-oitavo-presidente-do-peru-em-uma-decada\/","title":{"rendered":"Deputado marxista toma posse como oitavo presidente do Peru em uma d\u00e9cada"},"content":{"rendered":"<p>O deputado Jos\u00e9 Mar\u00eda Balc\u00e1zar tomou posse como novo presidente interino do Peru, ap\u00f3s vencer a vota\u00e7\u00e3o no parlamento. Assumiu o cargo na sequ\u00eancia da destitui\u00e7\u00e3o do presidente interino Jos\u00e9 Jer\u00ed. Balc\u00e1zar pertence ao partido Peru Libre.<\/p>\n<p>O advogado de 83 anos passa a ser o chefe de Estado interino, tornando-se o mais velho a ocupar o cargo na hist\u00f3ria peruana. Ele supera o recorde anterior de Pedro Pablo Kuczynski, que tinha 79 anos quando renunciou em 2018.<\/p>\n<p>Balc\u00e1zar liderar\u00e1 o governo at\u00e9 28 de julho, data em que dever\u00e1 tomar posse o presidente eleito nas elei\u00e7\u00f5es gerais de abril. O objetivo \u00e9 manter a linha de transi\u00e7\u00e3o at\u00e9 a investidura do novo chefe de Estado.<\/p>\n<p>Historicamente, Balc\u00e1zar esteve ligado ao apoio a Pedro Castillo, vencedor das elei\u00e7\u00f5es de 2021. O novo interimismo acontece num momento de instabilidade pol\u00edtica no pa\u00eds, com per\u00edodos recentes de mudan\u00e7as de lideran\u00e7a.<\/p>\n","protected":false},"excerpt":{"rendered":"<ul>\n<li>O deputado marxista Jos\u00e9 Mar\u00eda Balc\u00e1zar tomou posse como presidente interino do Peru, ap\u00f3s vencer a vota\u00e7\u00e3o no parlamento, seguindo a destitui\u00e7\u00e3o do atual l\u00edder interino, Jos\u00e9 Jer\u00ed.<\/li>\n<li>Balc\u00e1zar, dirigente do partido Peru Livre, que em 2021 apoiou Pedro Castillo, vai liderar o Governo at\u00e9 28 de julho, data em que dever\u00e1 tomar posse o presidente eleito nas elei\u00e7\u00f5es de abril.<\/li>\n<li>O advogado de 83 anos torna-se o presidente mais velho da hist\u00f3ria peruana, superando Pedro Pablo Kuczynski, que tinha 79 anos quando renunciou.<\/li>\n<li>Este \u00e9 o oitavo presidente do Peru em uma d\u00e9cada.<\/li>\n<\/ul>\n","protected":false},"author":2,"featured_media":217126,"comment_status":"closed","ping_status":"closed","sticky":false,"template":"","format":"standard","meta":{"footnotes":""},"categories":[1,5],"tags":[5068,68,34,3282,2832,30],"class_list":["post-217123","post","type-post","status-publish","format-standard","has-post-thumbnail","hentry","category-noticias","category-politica","tag-destituicao","tag-eleicoes","tag-governo","tag-interino","tag-politica","tag-presidente"],"yoast_head":"<!-- This site is optimized with the Yoast SEO plugin v27.2 - https:\/\/yoast.com\/product\/yoast-seo-wordpress\/ -->\n<title>Deputado marxista toma posse como oitavo presidente do Peru em uma d\u00e9cada - Portal Tela Portugal<\/title>\n<meta name=\"robots\" content=\"index, follow, max-snippet:-1, max-image-preview:large, max-video-preview:-1\" \/>\n<meta property=\"og:locale\" content=\"pt_PT\" \/>\n<meta property=\"og:type\" content=\"article\" \/>\n<meta property=\"og:title\" content=\"Deputado marxista toma posse como oitavo presidente do Peru em uma d\u00e9cada - Portal Tela Portugal\" \/>\n<meta property=\"og:description\" content=\"O deputado marxista Jos\u00e9 Mar\u00eda Balc\u00e1zar tomou posse como presidente interino do Peru, ap\u00f3s vencer a vota\u00e7\u00e3o no parlamento, seguindo a destitui\u00e7\u00e3o do atual l\u00edder interino, Jos\u00e9 Jer\u00ed. Balc\u00e1zar, dirigente do partido Peru Livre, que em 2021 apoiou Pedro Castillo, vai liderar o Governo at\u00e9 28 de julho, data em que dever\u00e1 tomar posse o presidente eleito nas elei\u00e7\u00f5es de abril. O advogado de 83 anos torna-se o presidente mais velho da hist\u00f3ria peruana, superando Pedro Pablo Kuczynski, que tinha 79 anos quando renunciou. Este \u00e9 o oitavo presidente do Peru em uma d\u00e9cada.\" \/>\n<meta property=\"og:url\" content=\"https:\/\/portaltela.pt\/noticias\/2026\/02\/19\/deputado-marxista-toma-posse-como-oitavo-presidente-do-peru-em-uma-decada\/\" \/>\n<meta property=\"og:site_name\" content=\"Portal Tela Portugal\" \/>\n<meta property=\"article:published_time\" content=\"2026-02-19T09:02:34+00:00\" \/>\n<meta name=\"author\" content=\"Telinha\" \/>\n<meta name=\"twitter:card\" content=\"summary_large_image\" \/>\n<meta name=\"twitter:label1\" content=\"Escrito por\" \/>\n\t<meta name=\"twitter:data1\" content=\"Telinha\" \/>\n\t<meta name=\"twitter:label2\" content=\"Tempo estimado de leitura\" \/>\n\t<meta name=\"twitter:data2\" content=\"1 minuto\" \/>\n<script type=\"application\/ld+json\" class=\"yoast-schema-graph\">{\"@context\":\"https:\/\/schema.org\",\"@graph\":[{\"@type\":\"Article\",\"@id\":\"https:\/\/portaltela.pt\/noticias\/2026\/02\/19\/deputado-marxista-toma-posse-como-oitavo-presidente-do-peru-em-uma-decada\/#article\",\"isPartOf\":{\"@id\":\"https:\/\/portaltela.pt\/noticias\/2026\/02\/19\/deputado-marxista-toma-posse-como-oitavo-presidente-do-peru-em-uma-decada\/\"},\"author\":{\"name\":\"Telinha\",\"@id\":\"https:\/\/portaltela.pt\/#\/schema\/person\/c4278d4a6028830caff9ee44b42d32ed\"},\"headline\":\"Deputado marxista toma posse como oitavo presidente do Peru em uma d\u00e9cada\",\"datePublished\":\"2026-02-19T09:02:34+00:00\",\"mainEntityOfPage\":{\"@id\":\"https:\/\/portaltela.pt\/noticias\/2026\/02\/19\/deputado-marxista-toma-posse-como-oitavo-presidente-do-peru-em-uma-decada\/\"},\"wordCount\":173,\"image\":{\"@id\":\"https:\/\/portaltela.pt\/noticias\/2026\/02\/19\/deputado-marxista-toma-posse-como-oitavo-presidente-do-peru-em-uma-decada\/#primaryimage\"},\"thumbnailUrl\":\"https:\/\/portaltela.pt\/s.01k8rhncp4jt1\/2026\/02\/img_1500x1000uu2026-02-19-09-01-23-2267675.jpg\",\"keywords\":[\"destitui\u00e7\u00e3o\",\"elei\u00e7\u00f5es\",\"governo\",\"interino\",\"pol\u00edtica\",\"presidente\"],\"articleSection\":[\"Not\u00edcias\",\"Pol\u00edtica\"],\"inLanguage\":\"pt-PT\"},{\"@type\":\"WebPage\",\"@id\":\"https:\/\/portaltela.pt\/noticias\/2026\/02\/19\/deputado-marxista-toma-posse-como-oitavo-presidente-do-peru-em-uma-decada\/\",\"url\":\"https:\/\/portaltela.pt\/noticias\/2026\/02\/19\/deputado-marxista-toma-posse-como-oitavo-presidente-do-peru-em-uma-decada\/\",\"name\":\"Deputado marxista toma posse como oitavo presidente do Peru em uma d\u00e9cada - Portal Tela Portugal\",\"isPartOf\":{\"@id\":\"https:\/\/portaltela.pt\/#website\"},\"primaryImageOfPage\":{\"@id\":\"https:\/\/portaltela.pt\/noticias\/2026\/02\/19\/deputado-marxista-toma-posse-como-oitavo-presidente-do-peru-em-uma-decada\/#primaryimage\"},\"image\":{\"@id\":\"https:\/\/portaltela.pt\/noticias\/2026\/02\/19\/deputado-marxista-toma-posse-como-oitavo-presidente-do-peru-em-uma-decada\/#primaryimage\"},\"thumbnailUrl\":\"https:\/\/portaltela.pt\/s.01k8rhncp4jt1\/2026\/02\/img_1500x1000uu2026-02-19-09-01-23-2267675.jpg\",\"datePublished\":\"2026-02-19T09:02:34+00:00\",\"author\":{\"@id\":\"https:\/\/portaltela.pt\/#\/schema\/person\/c4278d4a6028830caff9ee44b42d32ed\"},\"breadcrumb\":{\"@id\":\"https:\/\/portaltela.pt\/noticias\/2026\/02\/19\/deputado-marxista-toma-posse-como-oitavo-presidente-do-peru-em-uma-decada\/#breadcrumb\"},\"inLanguage\":\"pt-PT\",\"potentialAction\":[{\"@type\":\"ReadAction\",\"target\":[\"https:\/\/portaltela.pt\/noticias\/2026\/02\/19\/deputado-marxista-toma-posse-como-oitavo-presidente-do-peru-em-uma-decada\/\"]}]},{\"@type\":\"ImageObject\",\"inLanguage\":\"pt-PT\",\"@id\":\"https:\/\/portaltela.pt\/noticias\/2026\/02\/19\/deputado-marxista-toma-posse-como-oitavo-presidente-do-peru-em-uma-decada\/#primaryimage\",\"url\":\"https:\/\/portaltela.pt\/s.01k8rhncp4jt1\/2026\/02\/img_1500x1000uu2026-02-19-09-01-23-2267675.jpg\",\"contentUrl\":\"https:\/\/portaltela.pt\/s.01k8rhncp4jt1\/2026\/02\/img_1500x1000uu2026-02-19-09-01-23-2267675.jpg\",\"width\":796,\"height\":448,\"caption\":\"Novo presidente do Peru, Jos\u00e9 Mar\u00eda Balc\u00e1zar, \u00e0 direita\"},{\"@type\":\"BreadcrumbList\",\"@id\":\"https:\/\/portaltela.pt\/noticias\/2026\/02\/19\/deputado-marxista-toma-posse-como-oitavo-presidente-do-peru-em-uma-decada\/#breadcrumb\",\"itemListElement\":[{\"@type\":\"ListItem\",\"position\":1,\"name\":\"In\u00edcio\",\"item\":\"https:\/\/portaltela.pt\/\"},{\"@type\":\"ListItem\",\"position\":2,\"name\":\"Deputado marxista toma posse como oitavo presidente do Peru em uma d\u00e9cada\"}]},{\"@type\":\"WebSite\",\"@id\":\"https:\/\/portaltela.pt\/#website\",\"url\":\"https:\/\/portaltela.pt\/\",\"name\":\"Portal Tela Portugal\",\"description\":\"\",\"potentialAction\":[{\"@type\":\"SearchAction\",\"target\":{\"@type\":\"EntryPoint\",\"urlTemplate\":\"https:\/\/portaltela.pt\/?s={search_term_string}\"},\"query-input\":{\"@type\":\"PropertyValueSpecification\",\"valueRequired\":true,\"valueName\":\"search_term_string\"}}],\"inLanguage\":\"pt-PT\"},{\"@type\":\"Person\",\"@id\":\"https:\/\/portaltela.pt\/#\/schema\/person\/c4278d4a6028830caff9ee44b42d32ed\",\"name\":\"Telinha\",\"image\":{\"@type\":\"ImageObject\",\"inLanguage\":\"pt-PT\",\"@id\":\"https:\/\/portaltela.pt\/s.01k8rhncp4jt1\/2025\/11\/talking-bot-125x125.png\",\"url\":\"https:\/\/portaltela.pt\/s.01k8rhncp4jt1\/2025\/11\/talking-bot-125x125.png\",\"contentUrl\":\"https:\/\/portaltela.pt\/s.01k8rhncp4jt1\/2025\/11\/talking-bot-125x125.png\",\"caption\":\"Telinha\"},\"sameAs\":[\"https:\/\/portaltela.pt\/\"],\"url\":\"https:\/\/portaltela.pt\/por\/367410592786\/\"}]}<\/script>\n<!-- \/ Yoast SEO plugin. -->","yoast_head_json":{"title":"Deputado marxista toma posse como oitavo presidente do Peru em uma d\u00e9cada - Portal Tela Portugal","robots":{"index":"index","follow":"follow","max-snippet":"max-snippet:-1","max-image-preview":"max-image-preview:large","max-video-preview":"max-video-preview:-1"},"og_locale":"pt_PT","og_type":"article","og_title":"Deputado marxista toma posse como oitavo presidente do Peru em uma d\u00e9cada - Portal Tela Portugal","og_description":"O deputado marxista Jos\u00e9 Mar\u00eda Balc\u00e1zar tomou posse como presidente interino do Peru, ap\u00f3s vencer a vota\u00e7\u00e3o no parlamento, seguindo a destitui\u00e7\u00e3o do atual l\u00edder interino, Jos\u00e9 Jer\u00ed. Balc\u00e1zar, dirigente do partido Peru Livre, que em 2021 apoiou Pedro Castillo, vai liderar o Governo at\u00e9 28 de julho, data em que dever\u00e1 tomar posse o presidente eleito nas elei\u00e7\u00f5es de abril. O advogado de 83 anos torna-se o presidente mais velho da hist\u00f3ria peruana, superando Pedro Pablo Kuczynski, que tinha 79 anos quando renunciou. Este \u00e9 o oitavo presidente do Peru em uma d\u00e9cada.","og_url":"https:\/\/portaltela.pt\/noticias\/2026\/02\/19\/deputado-marxista-toma-posse-como-oitavo-presidente-do-peru-em-uma-decada\/","og_site_name":"Portal Tela Portugal","article_published_time":"2026-02-19T09:02:34+00:00","author":"Telinha","twitter_card":"summary_large_image","twitter_misc":{"Escrito por":"Telinha","Tempo estimado de leitura":"1 minuto"},"schema":{"@context":"https:\/\/schema.org","@graph":[{"@type":"Article","@id":"https:\/\/portaltela.pt\/noticias\/2026\/02\/19\/deputado-marxista-toma-posse-como-oitavo-presidente-do-peru-em-uma-decada\/#article","isPartOf":{"@id":"https:\/\/portaltela.pt\/noticias\/2026\/02\/19\/deputado-marxista-toma-posse-como-oitavo-presidente-do-peru-em-uma-decada\/"},"author":{"name":"Telinha","@id":"https:\/\/portaltela.pt\/#\/schema\/person\/c4278d4a6028830caff9ee44b42d32ed"},"headline":"Deputado marxista toma posse como oitavo presidente do Peru em uma d\u00e9cada","datePublished":"2026-02-19T09:02:34+00:00","mainEntityOfPage":{"@id":"https:\/\/portaltela.pt\/noticias\/2026\/02\/19\/deputado-marxista-toma-posse-como-oitavo-presidente-do-peru-em-uma-decada\/"},"wordCount":173,"image":{"@id":"https:\/\/portaltela.pt\/noticias\/2026\/02\/19\/deputado-marxista-toma-posse-como-oitavo-presidente-do-peru-em-uma-decada\/#primaryimage"},"thumbnailUrl":"https:\/\/portaltela.pt\/s.01k8rhncp4jt1\/2026\/02\/img_1500x1000uu2026-02-19-09-01-23-2267675.jpg","keywords":["destitui\u00e7\u00e3o","elei\u00e7\u00f5es","governo","interino","pol\u00edtica","presidente"],"articleSection":["Not\u00edcias","Pol\u00edtica"],"inLanguage":"pt-PT"},{"@type":"WebPage","@id":"https:\/\/portaltela.pt\/noticias\/2026\/02\/19\/deputado-marxista-toma-posse-como-oitavo-presidente-do-peru-em-uma-decada\/","url":"https:\/\/portaltela.pt\/noticias\/2026\/02\/19\/deputado-marxista-toma-posse-como-oitavo-presidente-do-peru-em-uma-decada\/","name":"Deputado marxista toma posse como oitavo presidente do Peru em uma d\u00e9cada - Portal Tela Portugal","isPartOf":{"@id":"https:\/\/portaltela.pt\/#website"},"primaryImageOfPage":{"@id":"https:\/\/portaltela.pt\/noticias\/2026\/02\/19\/deputado-marxista-toma-posse-como-oitavo-presidente-do-peru-em-uma-decada\/#primaryimage"},"image":{"@id":"https:\/\/portaltela.pt\/noticias\/2026\/02\/19\/deputado-marxista-toma-posse-como-oitavo-presidente-do-peru-em-uma-decada\/#primaryimage"},"thumbnailUrl":"https:\/\/portaltela.pt\/s.01k8rhncp4jt1\/2026\/02\/img_1500x1000uu2026-02-19-09-01-23-2267675.jpg","datePublished":"2026-02-19T09:02:34+00:00","author":{"@id":"https:\/\/portaltela.pt\/#\/schema\/person\/c4278d4a6028830caff9ee44b42d32ed"},"breadcrumb":{"@id":"https:\/\/portaltela.pt\/noticias\/2026\/02\/19\/deputado-marxista-toma-posse-como-oitavo-presidente-do-peru-em-uma-decada\/#breadcrumb"},"inLanguage":"pt-PT","potentialAction":[{"@type":"ReadAction","target":["https:\/\/portaltela.pt\/noticias\/2026\/02\/19\/deputado-marxista-toma-posse-como-oitavo-presidente-do-peru-em-uma-decada\/"]}]},{"@type":"ImageObject","inLanguage":"pt-PT","@id":"https:\/\/portaltela.pt\/noticias\/2026\/02\/19\/deputado-marxista-toma-posse-como-oitavo-presidente-do-peru-em-uma-decada\/#primaryimage","url":"https:\/\/portaltela.pt\/s.01k8rhncp4jt1\/2026\/02\/img_1500x1000uu2026-02-19-09-01-23-2267675.jpg","contentUrl":"https:\/\/portaltela.pt\/s.01k8rhncp4jt1\/2026\/02\/img_1500x1000uu2026-02-19-09-01-23-2267675.jpg","width":796,"height":448,"caption":"Novo presidente do Peru, Jos\u00e9 Mar\u00eda Balc\u00e1zar, \u00e0 direita"},{"@type":"BreadcrumbList","@id":"https:\/\/portaltela.pt\/noticias\/2026\/02\/19\/deputado-marxista-toma-posse-como-oitavo-presidente-do-peru-em-uma-decada\/#breadcrumb","itemListElement":[{"@type":"ListItem","position":1,"name":"In\u00edcio","item":"https:\/\/portaltela.pt\/"},{"@type":"ListItem","position":2,"name":"Deputado marxista toma posse como oitavo presidente do Peru em uma d\u00e9cada"}]},{"@type":"WebSite","@id":"https:\/\/portaltela.pt\/#website","url":"https:\/\/portaltela.pt\/","name":"Portal Tela Portugal","description":"","potentialAction":[{"@type":"SearchAction","target":{"@type":"EntryPoint","urlTemplate":"https:\/\/portaltela.pt\/?s={search_term_string}"},"query-input":{"@type":"PropertyValueSpecification","valueRequired":true,"valueName":"search_term_string"}}],"inLanguage":"pt-PT"},{"@type":"Person","@id":"https:\/\/portaltela.pt\/#\/schema\/person\/c4278d4a6028830caff9ee44b42d32ed","name":"Telinha","image":{"@type":"ImageObject","inLanguage":"pt-PT","@id":"https:\/\/portaltela.pt\/s.01k8rhncp4jt1\/2025\/11\/talking-bot-125x125.png","url":"https:\/\/portaltela.pt\/s.01k8rhncp4jt1\/2025\/11\/talking-bot-125x125.png","contentUrl":"https:\/\/portaltela.pt\/s.01k8rhncp4jt1\/2025\/11\/talking-bot-125x125.png","caption":"Telinha"},"sameAs":["https:\/\/portaltela.pt\/"],"url":"https:\/\/portaltela.pt\/por\/367410592786\/"}]}},"_links":{"self":[{"href":"https:\/\/portaltela.pt\/api\/wp\/v2\/posts\/217123","targetHints":{"allow":["GET"]}}],"collection":[{"href":"https:\/\/portaltela.pt\/api\/wp\/v2\/posts"}],"about":[{"href":"https:\/\/portaltela.pt\/api\/wp\/v2\/types\/post"}],"author":[{"embeddable":true,"href":"https:\/\/portaltela.pt\/api\/wp\/v2\/users\/2"}],"replies":[{"embeddable":true,"href":"https:\/\/portaltela.pt\/api\/wp\/v2\/comments?post=217123"}],"version-history":[{"count":0,"href":"https:\/\/portaltela.pt\/api\/wp\/v2\/posts\/217123\/revisions"}],"wp:featuredmedia":[{"embeddable":true,"href":"https:\/\/portaltela.pt\/api\/wp\/v2\/media\/217126"}],"wp:attachment":[{"href":"https:\/\/portaltela.pt\/api\/wp\/v2\/media?parent=217123"}],"wp:term":[{"taxonomy":"category","embeddable":true,"href":"https:\/\/portaltela.pt\/api\/wp\/v2\/categories?post=217123"},{"taxonomy":"post_tag","embeddable":true,"href":"https:\/\/portaltela.pt\/api\/wp\/v2\/tags?post=217123"}],"curies":[{"name":"wp","href":"https:\/\/api.w.org\/{rel}","templated":true}]}}