{"id":217097,"date":"2026-02-19T05:58:00","date_gmt":"2026-02-19T08:58:00","guid":{"rendered":"https:\/\/portaltela.pt\/noticias\/2026\/02\/19\/irao-reafirma-direito-de-produzir-combustivel-nuclear-para-fins-pacificos\/"},"modified":"2026-02-19T05:58:00","modified_gmt":"2026-02-19T08:58:00","slug":"irao-reafirma-direito-de-produzir-combustivel-nuclear-para-fins-pacificos","status":"publish","type":"post","link":"https:\/\/portaltela.pt\/noticias\/politica\/2026\/02\/19\/irao-reafirma-direito-de-produzir-combustivel-nuclear-para-fins-pacificos\/","title":{"rendered":"Ir\u00e3o reafirma direito de produzir combust\u00edvel nuclear para fins pac\u00edficos"},"content":{"rendered":"<p>O Ir\u00e3o afirmou, nesta quinta-feira, o seu direito \u00e0 produ\u00e7\u00e3o de combust\u00edvel nuclear para fins pac\u00edficos, em meio a uma escalada de tens\u00f5es com os Estados Unidos. Teer\u00e3o sustenta que nenhum pa\u00eds pode negar a sua capacidade de enriquecer ur\u00e2nio para uso civil.<\/p>\n<p>O chefe da Ag\u00eancia de Energia At\u00f3mica do Ir\u00e3o, Mohammad Eslami, explicou que a base da ind\u00fastria nuclear \u00e9 o enriquecimento, e que sem combust\u00edvel nuclear n\u00e3o \u00e9 poss\u00edvel prosseguir com processos associados ao setor. A declara\u00e7\u00e3o foi publicada num v\u00eddeo citado pelo jornal Etemad.<\/p>\n<p>Eslami acrescentou que o programa nuclear do Ir\u00e3o avan\u00e7a segundo as regras da AIEA e que nenhum pa\u00eds pode privar o Ir\u00e3o de beneficiar pacificamente desta tecnologia. A afirma\u00e7\u00e3o ocorre num contexto de aumento das tens\u00f5es com os Estados Unidos.<\/p>\n","protected":false},"excerpt":{"rendered":"<ul>\n<li>O Ir\u00e3o reafirmou o direito ao enriquecimento de ur\u00e2nio para fins pac\u00edficos, alegando que nenhum pa\u00eds pode negar esse direito.<\/li>\n<li>A declara\u00e7\u00e3o ocorre num contexto de tens\u00f5es crescentes entre Teer\u00e3o e os Estados Unidos.<\/li>\n<li>O chefe da Ag\u00eancia de Energia At\u00f3mica do Ir\u00e3o, Mohammad Eslami, destacou a import\u00e2ncia do enriquecimento para a obten\u00e7\u00e3o de combust\u00edvel nuclear.<\/li>\n<li>Eslami afirmou que o programa nuclear iraniano avan\u00e7a conforme as regras da Ag\u00eancia Internacional de Energia At\u00f3mica (AIEA).<\/li>\n<li>As declara\u00e7\u00f5es foram veiculadas num v\u00eddeo publicado pelo jornal Etemad.<\/li>\n<\/ul>\n","protected":false},"author":2,"featured_media":217100,"comment_status":"closed","ping_status":"closed","sticky":false,"template":"","format":"standard","meta":{"footnotes":""},"categories":[1,5],"tags":[5679,29,174,3153,5698],"class_list":["post-217097","post","type-post","status-publish","format-standard","has-post-thumbnail","hentry","category-noticias","category-politica","tag-aiea","tag-diplomacia","tag-energia","tag-ira","tag-politica-internacional"],"yoast_head":"<!-- This site is optimized with the Yoast SEO plugin v27.2 - https:\/\/yoast.com\/product\/yoast-seo-wordpress\/ -->\n<title>Ir\u00e3o reafirma direito de produzir combust\u00edvel nuclear para fins pac\u00edficos - Portal Tela Portugal<\/title>\n<meta name=\"robots\" content=\"index, follow, max-snippet:-1, max-image-preview:large, max-video-preview:-1\" \/>\n<meta property=\"og:locale\" content=\"pt_PT\" \/>\n<meta property=\"og:type\" content=\"article\" \/>\n<meta property=\"og:title\" content=\"Ir\u00e3o reafirma direito de produzir combust\u00edvel nuclear para fins pac\u00edficos - Portal Tela Portugal\" \/>\n<meta property=\"og:description\" content=\"O Ir\u00e3o reafirmou o direito ao enriquecimento de ur\u00e2nio para fins pac\u00edficos, alegando que nenhum pa\u00eds pode negar esse direito. A declara\u00e7\u00e3o ocorre num contexto de tens\u00f5es crescentes entre Teer\u00e3o e os Estados Unidos. O chefe da Ag\u00eancia de Energia At\u00f3mica do Ir\u00e3o, Mohammad Eslami, destacou a import\u00e2ncia do enriquecimento para a obten\u00e7\u00e3o de combust\u00edvel nuclear. Eslami afirmou que o programa nuclear iraniano avan\u00e7a conforme as regras da Ag\u00eancia Internacional de Energia At\u00f3mica (AIEA). As declara\u00e7\u00f5es foram veiculadas num v\u00eddeo publicado pelo jornal Etemad.\" \/>\n<meta property=\"og:url\" content=\"https:\/\/portaltela.pt\/noticias\/2026\/02\/19\/irao-reafirma-direito-de-produzir-combustivel-nuclear-para-fins-pacificos\/\" \/>\n<meta property=\"og:site_name\" content=\"Portal Tela Portugal\" \/>\n<meta property=\"article:published_time\" content=\"2026-02-19T08:58:00+00:00\" \/>\n<meta name=\"author\" content=\"Telinha\" \/>\n<meta name=\"twitter:card\" content=\"summary_large_image\" \/>\n<meta name=\"twitter:label1\" content=\"Escrito por\" \/>\n\t<meta name=\"twitter:data1\" content=\"Telinha\" \/>\n\t<meta name=\"twitter:label2\" content=\"Tempo estimado de leitura\" \/>\n\t<meta name=\"twitter:data2\" content=\"1 minuto\" \/>\n<script type=\"application\/ld+json\" class=\"yoast-schema-graph\">{\"@context\":\"https:\/\/schema.org\",\"@graph\":[{\"@type\":\"Article\",\"@id\":\"https:\/\/portaltela.pt\/noticias\/2026\/02\/19\/irao-reafirma-direito-de-produzir-combustivel-nuclear-para-fins-pacificos\/#article\",\"isPartOf\":{\"@id\":\"https:\/\/portaltela.pt\/noticias\/2026\/02\/19\/irao-reafirma-direito-de-produzir-combustivel-nuclear-para-fins-pacificos\/\"},\"author\":{\"name\":\"Telinha\",\"@id\":\"https:\/\/portaltela.pt\/#\/schema\/person\/c4278d4a6028830caff9ee44b42d32ed\"},\"headline\":\"Ir\u00e3o reafirma direito de produzir combust\u00edvel nuclear para fins pac\u00edficos\",\"datePublished\":\"2026-02-19T08:58:00+00:00\",\"mainEntityOfPage\":{\"@id\":\"https:\/\/portaltela.pt\/noticias\/2026\/02\/19\/irao-reafirma-direito-de-produzir-combustivel-nuclear-para-fins-pacificos\/\"},\"wordCount\":161,\"image\":{\"@id\":\"https:\/\/portaltela.pt\/noticias\/2026\/02\/19\/irao-reafirma-direito-de-produzir-combustivel-nuclear-para-fins-pacificos\/#primaryimage\"},\"thumbnailUrl\":\"https:\/\/portaltela.pt\/s.01k8rhncp4jt1\/2026\/02\/img_1500x1000uu2018-07-08-17-05-24-755839.jpg\",\"keywords\":[\"AIEA\",\"diplomacia\",\"energia\",\"Ir\u00e3\",\"pol\u00edtica internacional\"],\"articleSection\":[\"Not\u00edcias\",\"Pol\u00edtica\"],\"inLanguage\":\"pt-PT\"},{\"@type\":\"WebPage\",\"@id\":\"https:\/\/portaltela.pt\/noticias\/2026\/02\/19\/irao-reafirma-direito-de-produzir-combustivel-nuclear-para-fins-pacificos\/\",\"url\":\"https:\/\/portaltela.pt\/noticias\/2026\/02\/19\/irao-reafirma-direito-de-produzir-combustivel-nuclear-para-fins-pacificos\/\",\"name\":\"Ir\u00e3o reafirma direito de produzir combust\u00edvel nuclear para fins pac\u00edficos - Portal Tela Portugal\",\"isPartOf\":{\"@id\":\"https:\/\/portaltela.pt\/#website\"},\"primaryImageOfPage\":{\"@id\":\"https:\/\/portaltela.pt\/noticias\/2026\/02\/19\/irao-reafirma-direito-de-produzir-combustivel-nuclear-para-fins-pacificos\/#primaryimage\"},\"image\":{\"@id\":\"https:\/\/portaltela.pt\/noticias\/2026\/02\/19\/irao-reafirma-direito-de-produzir-combustivel-nuclear-para-fins-pacificos\/#primaryimage\"},\"thumbnailUrl\":\"https:\/\/portaltela.pt\/s.01k8rhncp4jt1\/2026\/02\/img_1500x1000uu2018-07-08-17-05-24-755839.jpg\",\"datePublished\":\"2026-02-19T08:58:00+00:00\",\"author\":{\"@id\":\"https:\/\/portaltela.pt\/#\/schema\/person\/c4278d4a6028830caff9ee44b42d32ed\"},\"breadcrumb\":{\"@id\":\"https:\/\/portaltela.pt\/noticias\/2026\/02\/19\/irao-reafirma-direito-de-produzir-combustivel-nuclear-para-fins-pacificos\/#breadcrumb\"},\"inLanguage\":\"pt-PT\",\"potentialAction\":[{\"@type\":\"ReadAction\",\"target\":[\"https:\/\/portaltela.pt\/noticias\/2026\/02\/19\/irao-reafirma-direito-de-produzir-combustivel-nuclear-para-fins-pacificos\/\"]}]},{\"@type\":\"ImageObject\",\"inLanguage\":\"pt-PT\",\"@id\":\"https:\/\/portaltela.pt\/noticias\/2026\/02\/19\/irao-reafirma-direito-de-produzir-combustivel-nuclear-para-fins-pacificos\/#primaryimage\",\"url\":\"https:\/\/portaltela.pt\/s.01k8rhncp4jt1\/2026\/02\/img_1500x1000uu2018-07-08-17-05-24-755839.jpg\",\"contentUrl\":\"https:\/\/portaltela.pt\/s.01k8rhncp4jt1\/2026\/02\/img_1500x1000uu2018-07-08-17-05-24-755839.jpg\",\"width\":796,\"height\":448,\"caption\":\"Bandeira do Ir\u00e3o\"},{\"@type\":\"BreadcrumbList\",\"@id\":\"https:\/\/portaltela.pt\/noticias\/2026\/02\/19\/irao-reafirma-direito-de-produzir-combustivel-nuclear-para-fins-pacificos\/#breadcrumb\",\"itemListElement\":[{\"@type\":\"ListItem\",\"position\":1,\"name\":\"In\u00edcio\",\"item\":\"https:\/\/portaltela.pt\/\"},{\"@type\":\"ListItem\",\"position\":2,\"name\":\"Ir\u00e3o reafirma direito de produzir combust\u00edvel nuclear para fins pac\u00edficos\"}]},{\"@type\":\"WebSite\",\"@id\":\"https:\/\/portaltela.pt\/#website\",\"url\":\"https:\/\/portaltela.pt\/\",\"name\":\"Portal Tela Portugal\",\"description\":\"\",\"potentialAction\":[{\"@type\":\"SearchAction\",\"target\":{\"@type\":\"EntryPoint\",\"urlTemplate\":\"https:\/\/portaltela.pt\/?s={search_term_string}\"},\"query-input\":{\"@type\":\"PropertyValueSpecification\",\"valueRequired\":true,\"valueName\":\"search_term_string\"}}],\"inLanguage\":\"pt-PT\"},{\"@type\":\"Person\",\"@id\":\"https:\/\/portaltela.pt\/#\/schema\/person\/c4278d4a6028830caff9ee44b42d32ed\",\"name\":\"Telinha\",\"image\":{\"@type\":\"ImageObject\",\"inLanguage\":\"pt-PT\",\"@id\":\"https:\/\/portaltela.pt\/s.01k8rhncp4jt1\/2025\/11\/talking-bot-125x125.png\",\"url\":\"https:\/\/portaltela.pt\/s.01k8rhncp4jt1\/2025\/11\/talking-bot-125x125.png\",\"contentUrl\":\"https:\/\/portaltela.pt\/s.01k8rhncp4jt1\/2025\/11\/talking-bot-125x125.png\",\"caption\":\"Telinha\"},\"sameAs\":[\"https:\/\/portaltela.pt\/\"],\"url\":\"https:\/\/portaltela.pt\/por\/367410592786\/\"}]}<\/script>\n<!-- \/ Yoast SEO plugin. -->","yoast_head_json":{"title":"Ir\u00e3o reafirma direito de produzir combust\u00edvel nuclear para fins pac\u00edficos - Portal Tela Portugal","robots":{"index":"index","follow":"follow","max-snippet":"max-snippet:-1","max-image-preview":"max-image-preview:large","max-video-preview":"max-video-preview:-1"},"og_locale":"pt_PT","og_type":"article","og_title":"Ir\u00e3o reafirma direito de produzir combust\u00edvel nuclear para fins pac\u00edficos - Portal Tela Portugal","og_description":"O Ir\u00e3o reafirmou o direito ao enriquecimento de ur\u00e2nio para fins pac\u00edficos, alegando que nenhum pa\u00eds pode negar esse direito. A declara\u00e7\u00e3o ocorre num contexto de tens\u00f5es crescentes entre Teer\u00e3o e os Estados Unidos. O chefe da Ag\u00eancia de Energia At\u00f3mica do Ir\u00e3o, Mohammad Eslami, destacou a import\u00e2ncia do enriquecimento para a obten\u00e7\u00e3o de combust\u00edvel nuclear. Eslami afirmou que o programa nuclear iraniano avan\u00e7a conforme as regras da Ag\u00eancia Internacional de Energia At\u00f3mica (AIEA). As declara\u00e7\u00f5es foram veiculadas num v\u00eddeo publicado pelo jornal Etemad.","og_url":"https:\/\/portaltela.pt\/noticias\/2026\/02\/19\/irao-reafirma-direito-de-produzir-combustivel-nuclear-para-fins-pacificos\/","og_site_name":"Portal Tela Portugal","article_published_time":"2026-02-19T08:58:00+00:00","author":"Telinha","twitter_card":"summary_large_image","twitter_misc":{"Escrito por":"Telinha","Tempo estimado de leitura":"1 minuto"},"schema":{"@context":"https:\/\/schema.org","@graph":[{"@type":"Article","@id":"https:\/\/portaltela.pt\/noticias\/2026\/02\/19\/irao-reafirma-direito-de-produzir-combustivel-nuclear-para-fins-pacificos\/#article","isPartOf":{"@id":"https:\/\/portaltela.pt\/noticias\/2026\/02\/19\/irao-reafirma-direito-de-produzir-combustivel-nuclear-para-fins-pacificos\/"},"author":{"name":"Telinha","@id":"https:\/\/portaltela.pt\/#\/schema\/person\/c4278d4a6028830caff9ee44b42d32ed"},"headline":"Ir\u00e3o reafirma direito de produzir combust\u00edvel nuclear para fins pac\u00edficos","datePublished":"2026-02-19T08:58:00+00:00","mainEntityOfPage":{"@id":"https:\/\/portaltela.pt\/noticias\/2026\/02\/19\/irao-reafirma-direito-de-produzir-combustivel-nuclear-para-fins-pacificos\/"},"wordCount":161,"image":{"@id":"https:\/\/portaltela.pt\/noticias\/2026\/02\/19\/irao-reafirma-direito-de-produzir-combustivel-nuclear-para-fins-pacificos\/#primaryimage"},"thumbnailUrl":"https:\/\/portaltela.pt\/s.01k8rhncp4jt1\/2026\/02\/img_1500x1000uu2018-07-08-17-05-24-755839.jpg","keywords":["AIEA","diplomacia","energia","Ir\u00e3","pol\u00edtica internacional"],"articleSection":["Not\u00edcias","Pol\u00edtica"],"inLanguage":"pt-PT"},{"@type":"WebPage","@id":"https:\/\/portaltela.pt\/noticias\/2026\/02\/19\/irao-reafirma-direito-de-produzir-combustivel-nuclear-para-fins-pacificos\/","url":"https:\/\/portaltela.pt\/noticias\/2026\/02\/19\/irao-reafirma-direito-de-produzir-combustivel-nuclear-para-fins-pacificos\/","name":"Ir\u00e3o reafirma direito de produzir combust\u00edvel nuclear para fins pac\u00edficos - Portal Tela Portugal","isPartOf":{"@id":"https:\/\/portaltela.pt\/#website"},"primaryImageOfPage":{"@id":"https:\/\/portaltela.pt\/noticias\/2026\/02\/19\/irao-reafirma-direito-de-produzir-combustivel-nuclear-para-fins-pacificos\/#primaryimage"},"image":{"@id":"https:\/\/portaltela.pt\/noticias\/2026\/02\/19\/irao-reafirma-direito-de-produzir-combustivel-nuclear-para-fins-pacificos\/#primaryimage"},"thumbnailUrl":"https:\/\/portaltela.pt\/s.01k8rhncp4jt1\/2026\/02\/img_1500x1000uu2018-07-08-17-05-24-755839.jpg","datePublished":"2026-02-19T08:58:00+00:00","author":{"@id":"https:\/\/portaltela.pt\/#\/schema\/person\/c4278d4a6028830caff9ee44b42d32ed"},"breadcrumb":{"@id":"https:\/\/portaltela.pt\/noticias\/2026\/02\/19\/irao-reafirma-direito-de-produzir-combustivel-nuclear-para-fins-pacificos\/#breadcrumb"},"inLanguage":"pt-PT","potentialAction":[{"@type":"ReadAction","target":["https:\/\/portaltela.pt\/noticias\/2026\/02\/19\/irao-reafirma-direito-de-produzir-combustivel-nuclear-para-fins-pacificos\/"]}]},{"@type":"ImageObject","inLanguage":"pt-PT","@id":"https:\/\/portaltela.pt\/noticias\/2026\/02\/19\/irao-reafirma-direito-de-produzir-combustivel-nuclear-para-fins-pacificos\/#primaryimage","url":"https:\/\/portaltela.pt\/s.01k8rhncp4jt1\/2026\/02\/img_1500x1000uu2018-07-08-17-05-24-755839.jpg","contentUrl":"https:\/\/portaltela.pt\/s.01k8rhncp4jt1\/2026\/02\/img_1500x1000uu2018-07-08-17-05-24-755839.jpg","width":796,"height":448,"caption":"Bandeira do Ir\u00e3o"},{"@type":"BreadcrumbList","@id":"https:\/\/portaltela.pt\/noticias\/2026\/02\/19\/irao-reafirma-direito-de-produzir-combustivel-nuclear-para-fins-pacificos\/#breadcrumb","itemListElement":[{"@type":"ListItem","position":1,"name":"In\u00edcio","item":"https:\/\/portaltela.pt\/"},{"@type":"ListItem","position":2,"name":"Ir\u00e3o reafirma direito de produzir combust\u00edvel nuclear para fins pac\u00edficos"}]},{"@type":"WebSite","@id":"https:\/\/portaltela.pt\/#website","url":"https:\/\/portaltela.pt\/","name":"Portal Tela Portugal","description":"","potentialAction":[{"@type":"SearchAction","target":{"@type":"EntryPoint","urlTemplate":"https:\/\/portaltela.pt\/?s={search_term_string}"},"query-input":{"@type":"PropertyValueSpecification","valueRequired":true,"valueName":"search_term_string"}}],"inLanguage":"pt-PT"},{"@type":"Person","@id":"https:\/\/portaltela.pt\/#\/schema\/person\/c4278d4a6028830caff9ee44b42d32ed","name":"Telinha","image":{"@type":"ImageObject","inLanguage":"pt-PT","@id":"https:\/\/portaltela.pt\/s.01k8rhncp4jt1\/2025\/11\/talking-bot-125x125.png","url":"https:\/\/portaltela.pt\/s.01k8rhncp4jt1\/2025\/11\/talking-bot-125x125.png","contentUrl":"https:\/\/portaltela.pt\/s.01k8rhncp4jt1\/2025\/11\/talking-bot-125x125.png","caption":"Telinha"},"sameAs":["https:\/\/portaltela.pt\/"],"url":"https:\/\/portaltela.pt\/por\/367410592786\/"}]}},"_links":{"self":[{"href":"https:\/\/portaltela.pt\/api\/wp\/v2\/posts\/217097","targetHints":{"allow":["GET"]}}],"collection":[{"href":"https:\/\/portaltela.pt\/api\/wp\/v2\/posts"}],"about":[{"href":"https:\/\/portaltela.pt\/api\/wp\/v2\/types\/post"}],"author":[{"embeddable":true,"href":"https:\/\/portaltela.pt\/api\/wp\/v2\/users\/2"}],"replies":[{"embeddable":true,"href":"https:\/\/portaltela.pt\/api\/wp\/v2\/comments?post=217097"}],"version-history":[{"count":0,"href":"https:\/\/portaltela.pt\/api\/wp\/v2\/posts\/217097\/revisions"}],"wp:featuredmedia":[{"embeddable":true,"href":"https:\/\/portaltela.pt\/api\/wp\/v2\/media\/217100"}],"wp:attachment":[{"href":"https:\/\/portaltela.pt\/api\/wp\/v2\/media?parent=217097"}],"wp:term":[{"taxonomy":"category","embeddable":true,"href":"https:\/\/portaltela.pt\/api\/wp\/v2\/categories?post=217097"},{"taxonomy":"post_tag","embeddable":true,"href":"https:\/\/portaltela.pt\/api\/wp\/v2\/tags?post=217097"}],"curies":[{"name":"wp","href":"https:\/\/api.w.org\/{rel}","templated":true}]}}