{"id":217092,"date":"2026-02-19T05:38:51","date_gmt":"2026-02-19T08:38:51","guid":{"rendered":"https:\/\/portaltela.pt\/noticias\/2026\/02\/19\/reciclagem-de-equipamentos-eletricos-atinge-valor-recorde-em-2025\/"},"modified":"2026-02-19T05:38:51","modified_gmt":"2026-02-19T08:38:51","slug":"reciclagem-de-equipamentos-eletricos-atinge-valor-recorde-em-2025","status":"publish","type":"post","link":"https:\/\/portaltela.pt\/noticias\/2026\/02\/19\/reciclagem-de-equipamentos-eletricos-atinge-valor-recorde-em-2025\/","title":{"rendered":"Reciclagem de equipamentos el\u00e9tricos atinge valor recorde em 2025"},"content":{"rendered":"<p>A reciclagem de equipamentos el\u00e9tricos atingiu um valor recorde em 2025, com mais de 45 mil toneladas recolhidas, segundo a Rede Eletr\u00e3o. O volume representa um aumento de 26% face a 2024 e confirma o crescimento cont\u00ednuo do setor.<\/p>\n<p>No ano em que a associa\u00e7\u00e3o celebra 20 anos, as recolhas geridas diretamente pela Eletr\u00e3o corresponderam a 84% do total, mantendo-se acima do patamar de 2019. O refor\u00e7o dos pontos de recolha elevou-os para 15.522, mais 1.919 face a 2024.<\/p>\n<h3>Pontos de recolha e potencial de reutiliza\u00e7\u00e3o<\/h3>\n<p>Parte relevante do incremento deve-se \u00e0 expans\u00e3o de locais de deposi\u00e7\u00e3o, que ajudaram a concentrar as opera\u00e7\u00f5es de triagem. O balan\u00e7o evidencia ainda 1.632 toneladas de equipamentos com potencial para segunda vida, avaliadas na triagem.<\/p>\n<p>O projeto de recolha porta-a-porta de grandes eletrodom\u00e9sticos permite identificar o potencial de reutiliza\u00e7\u00e3o no ato da recolha, desviando aparelhos de imediato para reutiliza\u00e7\u00e3o. O objetivo \u00e9 prolongar a vida \u00fatil dos equipamentos.<\/p>\n<p>A m\u00e9dia nacional de recolha em 2025 situa-se em 4,5 kg por cidad\u00e3o, refletindo o desempenho conjunto de consumidores e operadores. Em 2024, o total recolhido foi de 36.383 toneladas.<\/p>\n<h3>Desempenho por tipologia de equipamento<\/h3>\n<p>As maiores quantidades continuam a ser grandes eletrodom\u00e9sticos, com 22.909 toneladas recolhidas em 2025, um aumento de 51% em rela\u00e7\u00e3o a 2024. Seguem-se pequenos eletrodom\u00e9sticos, com 8.554 toneladas, e frigor\u00edficos\/arcas, com 8.129 toneladas.<\/p>\n<p>Os equipamentos de inform\u00e1tica e telecomunica\u00e7\u00f5es, incluindo telem\u00f3veis, totalizaram 3.810 toneladas. Em rela\u00e7\u00e3o aos ecr\u00e3s, foram recolhidas 2.456 toneladas, acrescidas de 2.180 toneladas de monitores e TV, e 296 toneladas de l\u00e2mpadas.<\/p>\n<h3>Envolvimento e perspetivas<\/h3>\n<p>O Electr\u00e3o tem vindo a intensificar solu\u00e7\u00f5es para prolongar a vida \u00fatil dos aparelhos, com a\u00e7\u00f5es na repara\u00e7\u00e3o via Academia REPARA e doa\u00e7\u00e3o atrav\u00e9s da plataforma ondodoar.pt. A participa\u00e7\u00e3o de operadores da gest\u00e3o de res\u00edduos tamb\u00e9m mostrou peso relevante, com 5.809 toneladas encaminhadas para tratamento e reciclagem.<\/p>\n","protected":false},"excerpt":{"rendered":"<ul>\n<li>Em 2025, a reciclagem de equipamentos el\u00e9tricos atingiu um recorde, com mais de 45.000 toneladas recolhidas, mais 26% do que em 2024.<\/li>\n<li>As recolhas geridas pela Rede Eletr\u00e3o representaram 84% do total, quase triplicando desde 2019.<\/li>\n<li>Existiram 15.522 pontos de dep\u00f3sito, mais 1.919 face ao ano anterior; foram reunidas 1.632 toneladas com potencial para segunda vida.<\/li>\n<li>O maior peso de recolha foi para grandes eletrodom\u00e9sticos, com 22.909 toneladas (mais 51% face a 2024); seguem-se pequenos eletrodom\u00e9sticos, frigor\u00edficos e arcas congeladoras.<\/li>\n<li>A m\u00e9dia de 2025 ficou em cerca de 4,5 quilogramas por cidad\u00e3o; a rede tamb\u00e9m real\u00e7a iniciativas de repara\u00e7\u00e3o e doa\u00e7\u00e3o para prolongar a vida \u00fatil dos aparelhos.<\/li>\n<\/ul>\n","protected":false},"author":2,"featured_media":217094,"comment_status":"closed","ping_status":"closed","sticky":false,"template":"","format":"standard","meta":{"footnotes":""},"categories":[1],"tags":[167,620,231,2667,223,645],"class_list":["post-217092","post","type-post","status-publish","format-standard","has-post-thumbnail","hentry","category-noticias","tag-ambiente","tag-doacao","tag-eletronica","tag-gestao-de-residuos","tag-informatica","tag-residuos"],"yoast_head":"<!-- This site is optimized with the Yoast SEO plugin v27.2 - https:\/\/yoast.com\/product\/yoast-seo-wordpress\/ -->\n<title>Reciclagem de equipamentos el\u00e9tricos atinge valor recorde em 2025 - Portal Tela Portugal<\/title>\n<meta name=\"robots\" content=\"index, follow, max-snippet:-1, max-image-preview:large, max-video-preview:-1\" \/>\n<meta property=\"og:locale\" content=\"pt_PT\" \/>\n<meta property=\"og:type\" content=\"article\" \/>\n<meta property=\"og:title\" content=\"Reciclagem de equipamentos el\u00e9tricos atinge valor recorde em 2025 - Portal Tela Portugal\" \/>\n<meta property=\"og:description\" content=\"Em 2025, a reciclagem de equipamentos el\u00e9tricos atingiu um recorde, com mais de 45.000 toneladas recolhidas, mais 26% do que em 2024. As recolhas geridas pela Rede Eletr\u00e3o representaram 84% do total, quase triplicando desde 2019. Existiram 15.522 pontos de dep\u00f3sito, mais 1.919 face ao ano anterior; foram reunidas 1.632 toneladas com potencial para segunda vida. O maior peso de recolha foi para grandes eletrodom\u00e9sticos, com 22.909 toneladas (mais 51% face a 2024); seguem-se pequenos eletrodom\u00e9sticos, frigor\u00edficos e arcas congeladoras. A m\u00e9dia de 2025 ficou em cerca de 4,5 quilogramas por cidad\u00e3o; a rede tamb\u00e9m real\u00e7a iniciativas de repara\u00e7\u00e3o e doa\u00e7\u00e3o para prolongar a vida \u00fatil dos aparelhos.\" \/>\n<meta property=\"og:url\" content=\"https:\/\/portaltela.pt\/noticias\/2026\/02\/19\/reciclagem-de-equipamentos-eletricos-atinge-valor-recorde-em-2025\/\" \/>\n<meta property=\"og:site_name\" content=\"Portal Tela Portugal\" \/>\n<meta property=\"article:published_time\" content=\"2026-02-19T08:38:51+00:00\" \/>\n<meta name=\"author\" content=\"Telinha\" \/>\n<meta name=\"twitter:card\" content=\"summary_large_image\" \/>\n<meta name=\"twitter:label1\" content=\"Escrito por\" \/>\n\t<meta name=\"twitter:data1\" content=\"Telinha\" \/>\n\t<meta name=\"twitter:label2\" content=\"Tempo estimado de leitura\" \/>\n\t<meta name=\"twitter:data2\" content=\"2 minutos\" \/>\n<script type=\"application\/ld+json\" class=\"yoast-schema-graph\">{\"@context\":\"https:\/\/schema.org\",\"@graph\":[{\"@type\":\"Article\",\"@id\":\"https:\/\/portaltela.pt\/noticias\/2026\/02\/19\/reciclagem-de-equipamentos-eletricos-atinge-valor-recorde-em-2025\/#article\",\"isPartOf\":{\"@id\":\"https:\/\/portaltela.pt\/noticias\/2026\/02\/19\/reciclagem-de-equipamentos-eletricos-atinge-valor-recorde-em-2025\/\"},\"author\":{\"name\":\"Telinha\",\"@id\":\"https:\/\/portaltela.pt\/#\/schema\/person\/c4278d4a6028830caff9ee44b42d32ed\"},\"headline\":\"Reciclagem de equipamentos el\u00e9tricos atinge valor recorde em 2025\",\"datePublished\":\"2026-02-19T08:38:51+00:00\",\"mainEntityOfPage\":{\"@id\":\"https:\/\/portaltela.pt\/noticias\/2026\/02\/19\/reciclagem-de-equipamentos-eletricos-atinge-valor-recorde-em-2025\/\"},\"wordCount\":323,\"image\":{\"@id\":\"https:\/\/portaltela.pt\/noticias\/2026\/02\/19\/reciclagem-de-equipamentos-eletricos-atinge-valor-recorde-em-2025\/#primaryimage\"},\"thumbnailUrl\":\"https:\/\/portaltela.pt\/s.01k8rhncp4jt1\/2026\/02\/img_1500x1000uu2025-10-14-09-28-50-2241461.jpg\",\"keywords\":[\"ambiente\",\"doa\u00e7\u00e3o\",\"eletr\u00f3nica\",\"gest\u00e3o de res\u00edduos\",\"inform\u00e1tica\",\"res\u00edduos\"],\"articleSection\":[\"Not\u00edcias\"],\"inLanguage\":\"pt-PT\"},{\"@type\":\"WebPage\",\"@id\":\"https:\/\/portaltela.pt\/noticias\/2026\/02\/19\/reciclagem-de-equipamentos-eletricos-atinge-valor-recorde-em-2025\/\",\"url\":\"https:\/\/portaltela.pt\/noticias\/2026\/02\/19\/reciclagem-de-equipamentos-eletricos-atinge-valor-recorde-em-2025\/\",\"name\":\"Reciclagem de equipamentos el\u00e9tricos atinge valor recorde em 2025 - Portal Tela Portugal\",\"isPartOf\":{\"@id\":\"https:\/\/portaltela.pt\/#website\"},\"primaryImageOfPage\":{\"@id\":\"https:\/\/portaltela.pt\/noticias\/2026\/02\/19\/reciclagem-de-equipamentos-eletricos-atinge-valor-recorde-em-2025\/#primaryimage\"},\"image\":{\"@id\":\"https:\/\/portaltela.pt\/noticias\/2026\/02\/19\/reciclagem-de-equipamentos-eletricos-atinge-valor-recorde-em-2025\/#primaryimage\"},\"thumbnailUrl\":\"https:\/\/portaltela.pt\/s.01k8rhncp4jt1\/2026\/02\/img_1500x1000uu2025-10-14-09-28-50-2241461.jpg\",\"datePublished\":\"2026-02-19T08:38:51+00:00\",\"author\":{\"@id\":\"https:\/\/portaltela.pt\/#\/schema\/person\/c4278d4a6028830caff9ee44b42d32ed\"},\"breadcrumb\":{\"@id\":\"https:\/\/portaltela.pt\/noticias\/2026\/02\/19\/reciclagem-de-equipamentos-eletricos-atinge-valor-recorde-em-2025\/#breadcrumb\"},\"inLanguage\":\"pt-PT\",\"potentialAction\":[{\"@type\":\"ReadAction\",\"target\":[\"https:\/\/portaltela.pt\/noticias\/2026\/02\/19\/reciclagem-de-equipamentos-eletricos-atinge-valor-recorde-em-2025\/\"]}]},{\"@type\":\"ImageObject\",\"inLanguage\":\"pt-PT\",\"@id\":\"https:\/\/portaltela.pt\/noticias\/2026\/02\/19\/reciclagem-de-equipamentos-eletricos-atinge-valor-recorde-em-2025\/#primaryimage\",\"url\":\"https:\/\/portaltela.pt\/s.01k8rhncp4jt1\/2026\/02\/img_1500x1000uu2025-10-14-09-28-50-2241461.jpg\",\"contentUrl\":\"https:\/\/portaltela.pt\/s.01k8rhncp4jt1\/2026\/02\/img_1500x1000uu2025-10-14-09-28-50-2241461.jpg\",\"width\":796,\"height\":448,\"caption\":\"Equipamentos el\u00e9tricos\"},{\"@type\":\"BreadcrumbList\",\"@id\":\"https:\/\/portaltela.pt\/noticias\/2026\/02\/19\/reciclagem-de-equipamentos-eletricos-atinge-valor-recorde-em-2025\/#breadcrumb\",\"itemListElement\":[{\"@type\":\"ListItem\",\"position\":1,\"name\":\"In\u00edcio\",\"item\":\"https:\/\/portaltela.pt\/\"},{\"@type\":\"ListItem\",\"position\":2,\"name\":\"Reciclagem de equipamentos el\u00e9tricos atinge valor recorde em 2025\"}]},{\"@type\":\"WebSite\",\"@id\":\"https:\/\/portaltela.pt\/#website\",\"url\":\"https:\/\/portaltela.pt\/\",\"name\":\"Portal Tela Portugal\",\"description\":\"\",\"potentialAction\":[{\"@type\":\"SearchAction\",\"target\":{\"@type\":\"EntryPoint\",\"urlTemplate\":\"https:\/\/portaltela.pt\/?s={search_term_string}\"},\"query-input\":{\"@type\":\"PropertyValueSpecification\",\"valueRequired\":true,\"valueName\":\"search_term_string\"}}],\"inLanguage\":\"pt-PT\"},{\"@type\":\"Person\",\"@id\":\"https:\/\/portaltela.pt\/#\/schema\/person\/c4278d4a6028830caff9ee44b42d32ed\",\"name\":\"Telinha\",\"image\":{\"@type\":\"ImageObject\",\"inLanguage\":\"pt-PT\",\"@id\":\"https:\/\/portaltela.pt\/s.01k8rhncp4jt1\/2025\/11\/talking-bot-125x125.png\",\"url\":\"https:\/\/portaltela.pt\/s.01k8rhncp4jt1\/2025\/11\/talking-bot-125x125.png\",\"contentUrl\":\"https:\/\/portaltela.pt\/s.01k8rhncp4jt1\/2025\/11\/talking-bot-125x125.png\",\"caption\":\"Telinha\"},\"sameAs\":[\"https:\/\/portaltela.pt\/\"],\"url\":\"https:\/\/portaltela.pt\/por\/367410592786\/\"}]}<\/script>\n<!-- \/ Yoast SEO plugin. -->","yoast_head_json":{"title":"Reciclagem de equipamentos el\u00e9tricos atinge valor recorde em 2025 - Portal Tela Portugal","robots":{"index":"index","follow":"follow","max-snippet":"max-snippet:-1","max-image-preview":"max-image-preview:large","max-video-preview":"max-video-preview:-1"},"og_locale":"pt_PT","og_type":"article","og_title":"Reciclagem de equipamentos el\u00e9tricos atinge valor recorde em 2025 - Portal Tela Portugal","og_description":"Em 2025, a reciclagem de equipamentos el\u00e9tricos atingiu um recorde, com mais de 45.000 toneladas recolhidas, mais 26% do que em 2024. As recolhas geridas pela Rede Eletr\u00e3o representaram 84% do total, quase triplicando desde 2019. Existiram 15.522 pontos de dep\u00f3sito, mais 1.919 face ao ano anterior; foram reunidas 1.632 toneladas com potencial para segunda vida. O maior peso de recolha foi para grandes eletrodom\u00e9sticos, com 22.909 toneladas (mais 51% face a 2024); seguem-se pequenos eletrodom\u00e9sticos, frigor\u00edficos e arcas congeladoras. A m\u00e9dia de 2025 ficou em cerca de 4,5 quilogramas por cidad\u00e3o; a rede tamb\u00e9m real\u00e7a iniciativas de repara\u00e7\u00e3o e doa\u00e7\u00e3o para prolongar a vida \u00fatil dos aparelhos.","og_url":"https:\/\/portaltela.pt\/noticias\/2026\/02\/19\/reciclagem-de-equipamentos-eletricos-atinge-valor-recorde-em-2025\/","og_site_name":"Portal Tela Portugal","article_published_time":"2026-02-19T08:38:51+00:00","author":"Telinha","twitter_card":"summary_large_image","twitter_misc":{"Escrito por":"Telinha","Tempo estimado de leitura":"2 minutos"},"schema":{"@context":"https:\/\/schema.org","@graph":[{"@type":"Article","@id":"https:\/\/portaltela.pt\/noticias\/2026\/02\/19\/reciclagem-de-equipamentos-eletricos-atinge-valor-recorde-em-2025\/#article","isPartOf":{"@id":"https:\/\/portaltela.pt\/noticias\/2026\/02\/19\/reciclagem-de-equipamentos-eletricos-atinge-valor-recorde-em-2025\/"},"author":{"name":"Telinha","@id":"https:\/\/portaltela.pt\/#\/schema\/person\/c4278d4a6028830caff9ee44b42d32ed"},"headline":"Reciclagem de equipamentos el\u00e9tricos atinge valor recorde em 2025","datePublished":"2026-02-19T08:38:51+00:00","mainEntityOfPage":{"@id":"https:\/\/portaltela.pt\/noticias\/2026\/02\/19\/reciclagem-de-equipamentos-eletricos-atinge-valor-recorde-em-2025\/"},"wordCount":323,"image":{"@id":"https:\/\/portaltela.pt\/noticias\/2026\/02\/19\/reciclagem-de-equipamentos-eletricos-atinge-valor-recorde-em-2025\/#primaryimage"},"thumbnailUrl":"https:\/\/portaltela.pt\/s.01k8rhncp4jt1\/2026\/02\/img_1500x1000uu2025-10-14-09-28-50-2241461.jpg","keywords":["ambiente","doa\u00e7\u00e3o","eletr\u00f3nica","gest\u00e3o de res\u00edduos","inform\u00e1tica","res\u00edduos"],"articleSection":["Not\u00edcias"],"inLanguage":"pt-PT"},{"@type":"WebPage","@id":"https:\/\/portaltela.pt\/noticias\/2026\/02\/19\/reciclagem-de-equipamentos-eletricos-atinge-valor-recorde-em-2025\/","url":"https:\/\/portaltela.pt\/noticias\/2026\/02\/19\/reciclagem-de-equipamentos-eletricos-atinge-valor-recorde-em-2025\/","name":"Reciclagem de equipamentos el\u00e9tricos atinge valor recorde em 2025 - Portal Tela Portugal","isPartOf":{"@id":"https:\/\/portaltela.pt\/#website"},"primaryImageOfPage":{"@id":"https:\/\/portaltela.pt\/noticias\/2026\/02\/19\/reciclagem-de-equipamentos-eletricos-atinge-valor-recorde-em-2025\/#primaryimage"},"image":{"@id":"https:\/\/portaltela.pt\/noticias\/2026\/02\/19\/reciclagem-de-equipamentos-eletricos-atinge-valor-recorde-em-2025\/#primaryimage"},"thumbnailUrl":"https:\/\/portaltela.pt\/s.01k8rhncp4jt1\/2026\/02\/img_1500x1000uu2025-10-14-09-28-50-2241461.jpg","datePublished":"2026-02-19T08:38:51+00:00","author":{"@id":"https:\/\/portaltela.pt\/#\/schema\/person\/c4278d4a6028830caff9ee44b42d32ed"},"breadcrumb":{"@id":"https:\/\/portaltela.pt\/noticias\/2026\/02\/19\/reciclagem-de-equipamentos-eletricos-atinge-valor-recorde-em-2025\/#breadcrumb"},"inLanguage":"pt-PT","potentialAction":[{"@type":"ReadAction","target":["https:\/\/portaltela.pt\/noticias\/2026\/02\/19\/reciclagem-de-equipamentos-eletricos-atinge-valor-recorde-em-2025\/"]}]},{"@type":"ImageObject","inLanguage":"pt-PT","@id":"https:\/\/portaltela.pt\/noticias\/2026\/02\/19\/reciclagem-de-equipamentos-eletricos-atinge-valor-recorde-em-2025\/#primaryimage","url":"https:\/\/portaltela.pt\/s.01k8rhncp4jt1\/2026\/02\/img_1500x1000uu2025-10-14-09-28-50-2241461.jpg","contentUrl":"https:\/\/portaltela.pt\/s.01k8rhncp4jt1\/2026\/02\/img_1500x1000uu2025-10-14-09-28-50-2241461.jpg","width":796,"height":448,"caption":"Equipamentos el\u00e9tricos"},{"@type":"BreadcrumbList","@id":"https:\/\/portaltela.pt\/noticias\/2026\/02\/19\/reciclagem-de-equipamentos-eletricos-atinge-valor-recorde-em-2025\/#breadcrumb","itemListElement":[{"@type":"ListItem","position":1,"name":"In\u00edcio","item":"https:\/\/portaltela.pt\/"},{"@type":"ListItem","position":2,"name":"Reciclagem de equipamentos el\u00e9tricos atinge valor recorde em 2025"}]},{"@type":"WebSite","@id":"https:\/\/portaltela.pt\/#website","url":"https:\/\/portaltela.pt\/","name":"Portal Tela Portugal","description":"","potentialAction":[{"@type":"SearchAction","target":{"@type":"EntryPoint","urlTemplate":"https:\/\/portaltela.pt\/?s={search_term_string}"},"query-input":{"@type":"PropertyValueSpecification","valueRequired":true,"valueName":"search_term_string"}}],"inLanguage":"pt-PT"},{"@type":"Person","@id":"https:\/\/portaltela.pt\/#\/schema\/person\/c4278d4a6028830caff9ee44b42d32ed","name":"Telinha","image":{"@type":"ImageObject","inLanguage":"pt-PT","@id":"https:\/\/portaltela.pt\/s.01k8rhncp4jt1\/2025\/11\/talking-bot-125x125.png","url":"https:\/\/portaltela.pt\/s.01k8rhncp4jt1\/2025\/11\/talking-bot-125x125.png","contentUrl":"https:\/\/portaltela.pt\/s.01k8rhncp4jt1\/2025\/11\/talking-bot-125x125.png","caption":"Telinha"},"sameAs":["https:\/\/portaltela.pt\/"],"url":"https:\/\/portaltela.pt\/por\/367410592786\/"}]}},"_links":{"self":[{"href":"https:\/\/portaltela.pt\/api\/wp\/v2\/posts\/217092","targetHints":{"allow":["GET"]}}],"collection":[{"href":"https:\/\/portaltela.pt\/api\/wp\/v2\/posts"}],"about":[{"href":"https:\/\/portaltela.pt\/api\/wp\/v2\/types\/post"}],"author":[{"embeddable":true,"href":"https:\/\/portaltela.pt\/api\/wp\/v2\/users\/2"}],"replies":[{"embeddable":true,"href":"https:\/\/portaltela.pt\/api\/wp\/v2\/comments?post=217092"}],"version-history":[{"count":0,"href":"https:\/\/portaltela.pt\/api\/wp\/v2\/posts\/217092\/revisions"}],"wp:featuredmedia":[{"embeddable":true,"href":"https:\/\/portaltela.pt\/api\/wp\/v2\/media\/217094"}],"wp:attachment":[{"href":"https:\/\/portaltela.pt\/api\/wp\/v2\/media?parent=217092"}],"wp:term":[{"taxonomy":"category","embeddable":true,"href":"https:\/\/portaltela.pt\/api\/wp\/v2\/categories?post=217092"},{"taxonomy":"post_tag","embeddable":true,"href":"https:\/\/portaltela.pt\/api\/wp\/v2\/tags?post=217092"}],"curies":[{"name":"wp","href":"https:\/\/api.w.org\/{rel}","templated":true}]}}