{"id":217084,"date":"2026-02-19T05:47:03","date_gmt":"2026-02-19T08:47:03","guid":{"rendered":"https:\/\/portaltela.pt\/noticias\/2026\/02\/19\/franca-chuvas-recordes-no-oeste-provocam-cheias-e-alertas-vermelhos\/"},"modified":"2026-02-19T05:47:03","modified_gmt":"2026-02-19T08:47:03","slug":"franca-chuvas-recordes-no-oeste-provocam-cheias-e-alertas-vermelhos","status":"publish","type":"post","link":"https:\/\/portaltela.pt\/noticias\/2026\/02\/19\/franca-chuvas-recordes-no-oeste-provocam-cheias-e-alertas-vermelhos\/","title":{"rendered":"Fran\u00e7a: chuvas recordes no oeste provocam cheias e alertas vermelhos"},"content":{"rendered":"<p>Fran\u00e7a enfrenta cheias severas no oeste ap\u00f3s 35 dias consecutivos de chuva, a mais longa sequ\u00eancia desde 1959, segundo a Meteo-France. O fen\u00f3meno deixou v\u00e1rias \u00e1reas com n\u00edveis cr\u00edticos de \u00e1gua e for\u00e7ou evacua\u00e7\u00f5es pontuais.<\/p>\n<p>Quatro departamentos entraram em alerta vermelho e nove em laranja com a aproxima\u00e7\u00e3o da tempestade Pedro. As autoridades ativaram planos de emerg\u00eancia e mobilizaram equipas de resposta r\u00e1pida.<\/p>\n<p>As inunda\u00e7\u00f5es j\u00e1 afetaram ruas e centenas de casas em cidades como Saintes e Bord\u00e9us, onde comunidades ficaram parcialmente isoladas. O meteorologista afirma que o pico das cheias ainda pode chegar.<\/p>\n<h3>Alerta e impactos<\/h3>\n<p>As autoridades persistem com avisos de cheias persistentes e risco de alagamento generalizado. V\u00e1rias infraestruturas sofreram danos, e turistas foram aconselhados a evitar zonas ribeirinhas.<\/p>\n<h3>Desaparecimento<\/h3>\n<p>Um homem est\u00e1 dado como desaparecido ap\u00f3s a canoa virar-se no rio Loire, segundo fontes oficiais. As buscas continuam, sem indica\u00e7\u00e3o de tempo para o avan\u00e7o das opera\u00e7\u00f5es.<\/p>\n","protected":false},"excerpt":{"rendered":"<ul>\n<li>Chuva cont\u00ednua durante 35 dias no oeste de Fran\u00e7a, a maior sequ\u00eancia desde 1959, segundo a Meteo-France.<\/li>\n<li>Quatro departamentos em alerta vermelho e nove em alerta laranja com a aproxima\u00e7\u00e3o da tempestade Pedro.<\/li>\n<li>Ruas e centenas de habita\u00e7\u00f5es foram inundadas em locais como Saintes e Bordeaux, com planos de emerg\u00eancia ativados.<\/li>\n<li>Um homem est\u00e1 desaparecido ap\u00f3s a canoa se ter virado no rio Loire.<\/li>\n<li>Autoridades alertam que o pico das cheias ainda n\u00e3o chegou.<\/li>\n<\/ul>\n","protected":false},"author":2,"featured_media":217090,"comment_status":"closed","ping_status":"closed","sticky":false,"template":"","format":"standard","meta":{"footnotes":""},"categories":[1],"tags":[3812,5210,5329,1856,2293,320],"class_list":["post-217084","post","type-post","status-publish","format-standard","has-post-thumbnail","hentry","category-noticias","tag-alagamentos","tag-alerta-vermelho","tag-chuva","tag-franca","tag-inundacoes","tag-protecao-civil"],"yoast_head":"<!-- This site is optimized with the Yoast SEO plugin v27.2 - https:\/\/yoast.com\/product\/yoast-seo-wordpress\/ -->\n<title>Fran\u00e7a: chuvas recordes no oeste provocam cheias e alertas vermelhos - Portal Tela Portugal<\/title>\n<meta name=\"robots\" content=\"index, follow, max-snippet:-1, max-image-preview:large, max-video-preview:-1\" \/>\n<meta property=\"og:locale\" content=\"pt_PT\" \/>\n<meta property=\"og:type\" content=\"article\" \/>\n<meta property=\"og:title\" content=\"Fran\u00e7a: chuvas recordes no oeste provocam cheias e alertas vermelhos - Portal Tela Portugal\" \/>\n<meta property=\"og:description\" content=\"Chuva cont\u00ednua durante 35 dias no oeste de Fran\u00e7a, a maior sequ\u00eancia desde 1959, segundo a Meteo-France. Quatro departamentos em alerta vermelho e nove em alerta laranja com a aproxima\u00e7\u00e3o da tempestade Pedro. Ruas e centenas de habita\u00e7\u00f5es foram inundadas em locais como Saintes e Bordeaux, com planos de emerg\u00eancia ativados. Um homem est\u00e1 desaparecido ap\u00f3s a canoa se ter virado no rio Loire. Autoridades alertam que o pico das cheias ainda n\u00e3o chegou.\" \/>\n<meta property=\"og:url\" content=\"https:\/\/portaltela.pt\/noticias\/2026\/02\/19\/franca-chuvas-recordes-no-oeste-provocam-cheias-e-alertas-vermelhos\/\" \/>\n<meta property=\"og:site_name\" content=\"Portal Tela Portugal\" \/>\n<meta property=\"article:published_time\" content=\"2026-02-19T08:47:03+00:00\" \/>\n<meta name=\"author\" content=\"Telinha\" \/>\n<meta name=\"twitter:card\" content=\"summary_large_image\" \/>\n<meta name=\"twitter:label1\" content=\"Escrito por\" \/>\n\t<meta name=\"twitter:data1\" content=\"Telinha\" \/>\n\t<meta name=\"twitter:label2\" content=\"Tempo estimado de leitura\" \/>\n\t<meta name=\"twitter:data2\" content=\"1 minuto\" \/>\n<script type=\"application\/ld+json\" class=\"yoast-schema-graph\">{\"@context\":\"https:\/\/schema.org\",\"@graph\":[{\"@type\":\"Article\",\"@id\":\"https:\/\/portaltela.pt\/noticias\/2026\/02\/19\/franca-chuvas-recordes-no-oeste-provocam-cheias-e-alertas-vermelhos\/#article\",\"isPartOf\":{\"@id\":\"https:\/\/portaltela.pt\/noticias\/2026\/02\/19\/franca-chuvas-recordes-no-oeste-provocam-cheias-e-alertas-vermelhos\/\"},\"author\":{\"name\":\"Telinha\",\"@id\":\"https:\/\/portaltela.pt\/#\/schema\/person\/c4278d4a6028830caff9ee44b42d32ed\"},\"headline\":\"Fran\u00e7a: chuvas recordes no oeste provocam cheias e alertas vermelhos\",\"datePublished\":\"2026-02-19T08:47:03+00:00\",\"mainEntityOfPage\":{\"@id\":\"https:\/\/portaltela.pt\/noticias\/2026\/02\/19\/franca-chuvas-recordes-no-oeste-provocam-cheias-e-alertas-vermelhos\/\"},\"wordCount\":179,\"image\":{\"@id\":\"https:\/\/portaltela.pt\/noticias\/2026\/02\/19\/franca-chuvas-recordes-no-oeste-provocam-cheias-e-alertas-vermelhos\/#primaryimage\"},\"thumbnailUrl\":\"https:\/\/portaltela.pt\/s.01k8rhncp4jt1\/2026\/02\/1536x864_cmsv2_70cb049b-ec02-5bc4-aa8a-93c1c9f85d9c-9656781.jpg\",\"keywords\":[\"alagamentos\",\"alerta vermelho\",\"chuva\",\"Fran\u00e7a\",\"inunda\u00e7\u00f5es\",\"prote\u00e7\u00e3o civil\"],\"articleSection\":[\"Not\u00edcias\"],\"inLanguage\":\"pt-PT\"},{\"@type\":\"WebPage\",\"@id\":\"https:\/\/portaltela.pt\/noticias\/2026\/02\/19\/franca-chuvas-recordes-no-oeste-provocam-cheias-e-alertas-vermelhos\/\",\"url\":\"https:\/\/portaltela.pt\/noticias\/2026\/02\/19\/franca-chuvas-recordes-no-oeste-provocam-cheias-e-alertas-vermelhos\/\",\"name\":\"Fran\u00e7a: chuvas recordes no oeste provocam cheias e alertas vermelhos - Portal Tela Portugal\",\"isPartOf\":{\"@id\":\"https:\/\/portaltela.pt\/#website\"},\"primaryImageOfPage\":{\"@id\":\"https:\/\/portaltela.pt\/noticias\/2026\/02\/19\/franca-chuvas-recordes-no-oeste-provocam-cheias-e-alertas-vermelhos\/#primaryimage\"},\"image\":{\"@id\":\"https:\/\/portaltela.pt\/noticias\/2026\/02\/19\/franca-chuvas-recordes-no-oeste-provocam-cheias-e-alertas-vermelhos\/#primaryimage\"},\"thumbnailUrl\":\"https:\/\/portaltela.pt\/s.01k8rhncp4jt1\/2026\/02\/1536x864_cmsv2_70cb049b-ec02-5bc4-aa8a-93c1c9f85d9c-9656781.jpg\",\"datePublished\":\"2026-02-19T08:47:03+00:00\",\"author\":{\"@id\":\"https:\/\/portaltela.pt\/#\/schema\/person\/c4278d4a6028830caff9ee44b42d32ed\"},\"breadcrumb\":{\"@id\":\"https:\/\/portaltela.pt\/noticias\/2026\/02\/19\/franca-chuvas-recordes-no-oeste-provocam-cheias-e-alertas-vermelhos\/#breadcrumb\"},\"inLanguage\":\"pt-PT\",\"potentialAction\":[{\"@type\":\"ReadAction\",\"target\":[\"https:\/\/portaltela.pt\/noticias\/2026\/02\/19\/franca-chuvas-recordes-no-oeste-provocam-cheias-e-alertas-vermelhos\/\"]}]},{\"@type\":\"ImageObject\",\"inLanguage\":\"pt-PT\",\"@id\":\"https:\/\/portaltela.pt\/noticias\/2026\/02\/19\/franca-chuvas-recordes-no-oeste-provocam-cheias-e-alertas-vermelhos\/#primaryimage\",\"url\":\"https:\/\/portaltela.pt\/s.01k8rhncp4jt1\/2026\/02\/1536x864_cmsv2_70cb049b-ec02-5bc4-aa8a-93c1c9f85d9c-9656781.jpg\",\"contentUrl\":\"https:\/\/portaltela.pt\/s.01k8rhncp4jt1\/2026\/02\/1536x864_cmsv2_70cb049b-ec02-5bc4-aa8a-93c1c9f85d9c-9656781.jpg\",\"width\":796,\"height\":448,\"caption\":\"Rua inundada em Saintes, no oeste de Fran\u00e7a, durante cheias graves provocadas pela tempestade Pedro, quarta-feira, 18 de fevereiro de 2026.\"},{\"@type\":\"BreadcrumbList\",\"@id\":\"https:\/\/portaltela.pt\/noticias\/2026\/02\/19\/franca-chuvas-recordes-no-oeste-provocam-cheias-e-alertas-vermelhos\/#breadcrumb\",\"itemListElement\":[{\"@type\":\"ListItem\",\"position\":1,\"name\":\"In\u00edcio\",\"item\":\"https:\/\/portaltela.pt\/\"},{\"@type\":\"ListItem\",\"position\":2,\"name\":\"Fran\u00e7a: chuvas recordes no oeste provocam cheias e alertas vermelhos\"}]},{\"@type\":\"WebSite\",\"@id\":\"https:\/\/portaltela.pt\/#website\",\"url\":\"https:\/\/portaltela.pt\/\",\"name\":\"Portal Tela Portugal\",\"description\":\"\",\"potentialAction\":[{\"@type\":\"SearchAction\",\"target\":{\"@type\":\"EntryPoint\",\"urlTemplate\":\"https:\/\/portaltela.pt\/?s={search_term_string}\"},\"query-input\":{\"@type\":\"PropertyValueSpecification\",\"valueRequired\":true,\"valueName\":\"search_term_string\"}}],\"inLanguage\":\"pt-PT\"},{\"@type\":\"Person\",\"@id\":\"https:\/\/portaltela.pt\/#\/schema\/person\/c4278d4a6028830caff9ee44b42d32ed\",\"name\":\"Telinha\",\"image\":{\"@type\":\"ImageObject\",\"inLanguage\":\"pt-PT\",\"@id\":\"https:\/\/portaltela.pt\/s.01k8rhncp4jt1\/2025\/11\/talking-bot-125x125.png\",\"url\":\"https:\/\/portaltela.pt\/s.01k8rhncp4jt1\/2025\/11\/talking-bot-125x125.png\",\"contentUrl\":\"https:\/\/portaltela.pt\/s.01k8rhncp4jt1\/2025\/11\/talking-bot-125x125.png\",\"caption\":\"Telinha\"},\"sameAs\":[\"https:\/\/portaltela.pt\/\"],\"url\":\"https:\/\/portaltela.pt\/por\/367410592786\/\"}]}<\/script>\n<!-- \/ Yoast SEO plugin. -->","yoast_head_json":{"title":"Fran\u00e7a: chuvas recordes no oeste provocam cheias e alertas vermelhos - Portal Tela Portugal","robots":{"index":"index","follow":"follow","max-snippet":"max-snippet:-1","max-image-preview":"max-image-preview:large","max-video-preview":"max-video-preview:-1"},"og_locale":"pt_PT","og_type":"article","og_title":"Fran\u00e7a: chuvas recordes no oeste provocam cheias e alertas vermelhos - Portal Tela Portugal","og_description":"Chuva cont\u00ednua durante 35 dias no oeste de Fran\u00e7a, a maior sequ\u00eancia desde 1959, segundo a Meteo-France. Quatro departamentos em alerta vermelho e nove em alerta laranja com a aproxima\u00e7\u00e3o da tempestade Pedro. Ruas e centenas de habita\u00e7\u00f5es foram inundadas em locais como Saintes e Bordeaux, com planos de emerg\u00eancia ativados. Um homem est\u00e1 desaparecido ap\u00f3s a canoa se ter virado no rio Loire. Autoridades alertam que o pico das cheias ainda n\u00e3o chegou.","og_url":"https:\/\/portaltela.pt\/noticias\/2026\/02\/19\/franca-chuvas-recordes-no-oeste-provocam-cheias-e-alertas-vermelhos\/","og_site_name":"Portal Tela Portugal","article_published_time":"2026-02-19T08:47:03+00:00","author":"Telinha","twitter_card":"summary_large_image","twitter_misc":{"Escrito por":"Telinha","Tempo estimado de leitura":"1 minuto"},"schema":{"@context":"https:\/\/schema.org","@graph":[{"@type":"Article","@id":"https:\/\/portaltela.pt\/noticias\/2026\/02\/19\/franca-chuvas-recordes-no-oeste-provocam-cheias-e-alertas-vermelhos\/#article","isPartOf":{"@id":"https:\/\/portaltela.pt\/noticias\/2026\/02\/19\/franca-chuvas-recordes-no-oeste-provocam-cheias-e-alertas-vermelhos\/"},"author":{"name":"Telinha","@id":"https:\/\/portaltela.pt\/#\/schema\/person\/c4278d4a6028830caff9ee44b42d32ed"},"headline":"Fran\u00e7a: chuvas recordes no oeste provocam cheias e alertas vermelhos","datePublished":"2026-02-19T08:47:03+00:00","mainEntityOfPage":{"@id":"https:\/\/portaltela.pt\/noticias\/2026\/02\/19\/franca-chuvas-recordes-no-oeste-provocam-cheias-e-alertas-vermelhos\/"},"wordCount":179,"image":{"@id":"https:\/\/portaltela.pt\/noticias\/2026\/02\/19\/franca-chuvas-recordes-no-oeste-provocam-cheias-e-alertas-vermelhos\/#primaryimage"},"thumbnailUrl":"https:\/\/portaltela.pt\/s.01k8rhncp4jt1\/2026\/02\/1536x864_cmsv2_70cb049b-ec02-5bc4-aa8a-93c1c9f85d9c-9656781.jpg","keywords":["alagamentos","alerta vermelho","chuva","Fran\u00e7a","inunda\u00e7\u00f5es","prote\u00e7\u00e3o civil"],"articleSection":["Not\u00edcias"],"inLanguage":"pt-PT"},{"@type":"WebPage","@id":"https:\/\/portaltela.pt\/noticias\/2026\/02\/19\/franca-chuvas-recordes-no-oeste-provocam-cheias-e-alertas-vermelhos\/","url":"https:\/\/portaltela.pt\/noticias\/2026\/02\/19\/franca-chuvas-recordes-no-oeste-provocam-cheias-e-alertas-vermelhos\/","name":"Fran\u00e7a: chuvas recordes no oeste provocam cheias e alertas vermelhos - Portal Tela Portugal","isPartOf":{"@id":"https:\/\/portaltela.pt\/#website"},"primaryImageOfPage":{"@id":"https:\/\/portaltela.pt\/noticias\/2026\/02\/19\/franca-chuvas-recordes-no-oeste-provocam-cheias-e-alertas-vermelhos\/#primaryimage"},"image":{"@id":"https:\/\/portaltela.pt\/noticias\/2026\/02\/19\/franca-chuvas-recordes-no-oeste-provocam-cheias-e-alertas-vermelhos\/#primaryimage"},"thumbnailUrl":"https:\/\/portaltela.pt\/s.01k8rhncp4jt1\/2026\/02\/1536x864_cmsv2_70cb049b-ec02-5bc4-aa8a-93c1c9f85d9c-9656781.jpg","datePublished":"2026-02-19T08:47:03+00:00","author":{"@id":"https:\/\/portaltela.pt\/#\/schema\/person\/c4278d4a6028830caff9ee44b42d32ed"},"breadcrumb":{"@id":"https:\/\/portaltela.pt\/noticias\/2026\/02\/19\/franca-chuvas-recordes-no-oeste-provocam-cheias-e-alertas-vermelhos\/#breadcrumb"},"inLanguage":"pt-PT","potentialAction":[{"@type":"ReadAction","target":["https:\/\/portaltela.pt\/noticias\/2026\/02\/19\/franca-chuvas-recordes-no-oeste-provocam-cheias-e-alertas-vermelhos\/"]}]},{"@type":"ImageObject","inLanguage":"pt-PT","@id":"https:\/\/portaltela.pt\/noticias\/2026\/02\/19\/franca-chuvas-recordes-no-oeste-provocam-cheias-e-alertas-vermelhos\/#primaryimage","url":"https:\/\/portaltela.pt\/s.01k8rhncp4jt1\/2026\/02\/1536x864_cmsv2_70cb049b-ec02-5bc4-aa8a-93c1c9f85d9c-9656781.jpg","contentUrl":"https:\/\/portaltela.pt\/s.01k8rhncp4jt1\/2026\/02\/1536x864_cmsv2_70cb049b-ec02-5bc4-aa8a-93c1c9f85d9c-9656781.jpg","width":796,"height":448,"caption":"Rua inundada em Saintes, no oeste de Fran\u00e7a, durante cheias graves provocadas pela tempestade Pedro, quarta-feira, 18 de fevereiro de 2026."},{"@type":"BreadcrumbList","@id":"https:\/\/portaltela.pt\/noticias\/2026\/02\/19\/franca-chuvas-recordes-no-oeste-provocam-cheias-e-alertas-vermelhos\/#breadcrumb","itemListElement":[{"@type":"ListItem","position":1,"name":"In\u00edcio","item":"https:\/\/portaltela.pt\/"},{"@type":"ListItem","position":2,"name":"Fran\u00e7a: chuvas recordes no oeste provocam cheias e alertas vermelhos"}]},{"@type":"WebSite","@id":"https:\/\/portaltela.pt\/#website","url":"https:\/\/portaltela.pt\/","name":"Portal Tela Portugal","description":"","potentialAction":[{"@type":"SearchAction","target":{"@type":"EntryPoint","urlTemplate":"https:\/\/portaltela.pt\/?s={search_term_string}"},"query-input":{"@type":"PropertyValueSpecification","valueRequired":true,"valueName":"search_term_string"}}],"inLanguage":"pt-PT"},{"@type":"Person","@id":"https:\/\/portaltela.pt\/#\/schema\/person\/c4278d4a6028830caff9ee44b42d32ed","name":"Telinha","image":{"@type":"ImageObject","inLanguage":"pt-PT","@id":"https:\/\/portaltela.pt\/s.01k8rhncp4jt1\/2025\/11\/talking-bot-125x125.png","url":"https:\/\/portaltela.pt\/s.01k8rhncp4jt1\/2025\/11\/talking-bot-125x125.png","contentUrl":"https:\/\/portaltela.pt\/s.01k8rhncp4jt1\/2025\/11\/talking-bot-125x125.png","caption":"Telinha"},"sameAs":["https:\/\/portaltela.pt\/"],"url":"https:\/\/portaltela.pt\/por\/367410592786\/"}]}},"_links":{"self":[{"href":"https:\/\/portaltela.pt\/api\/wp\/v2\/posts\/217084","targetHints":{"allow":["GET"]}}],"collection":[{"href":"https:\/\/portaltela.pt\/api\/wp\/v2\/posts"}],"about":[{"href":"https:\/\/portaltela.pt\/api\/wp\/v2\/types\/post"}],"author":[{"embeddable":true,"href":"https:\/\/portaltela.pt\/api\/wp\/v2\/users\/2"}],"replies":[{"embeddable":true,"href":"https:\/\/portaltela.pt\/api\/wp\/v2\/comments?post=217084"}],"version-history":[{"count":0,"href":"https:\/\/portaltela.pt\/api\/wp\/v2\/posts\/217084\/revisions"}],"wp:featuredmedia":[{"embeddable":true,"href":"https:\/\/portaltela.pt\/api\/wp\/v2\/media\/217090"}],"wp:attachment":[{"href":"https:\/\/portaltela.pt\/api\/wp\/v2\/media?parent=217084"}],"wp:term":[{"taxonomy":"category","embeddable":true,"href":"https:\/\/portaltela.pt\/api\/wp\/v2\/categories?post=217084"},{"taxonomy":"post_tag","embeddable":true,"href":"https:\/\/portaltela.pt\/api\/wp\/v2\/tags?post=217084"}],"curies":[{"name":"wp","href":"https:\/\/api.w.org\/{rel}","templated":true}]}}