{"id":217082,"date":"2026-02-19T05:37:43","date_gmt":"2026-02-19T08:37:43","guid":{"rendered":"https:\/\/portaltela.pt\/noticias\/2026\/02\/19\/missao-da-onu-denuncia-genocidio-no-sudao\/"},"modified":"2026-02-19T05:37:43","modified_gmt":"2026-02-19T08:37:43","slug":"missao-da-onu-denuncia-genocidio-no-sudao","status":"publish","type":"post","link":"https:\/\/portaltela.pt\/noticias\/2026\/02\/19\/missao-da-onu-denuncia-genocidio-no-sudao\/","title":{"rendered":"Miss\u00e3o da ONU denuncia genoc\u00eddio no Sud\u00e3o"},"content":{"rendered":"<p>A miss\u00e3o independente da ONU para apurar factos no Sud\u00e3o reportou esta quinta-feira atos de genoc\u00eddio na cidade de El Fasher, palco de in\u00fameras atrocidades desde que foi conquistada pelos paramilitares, em outubro.<\/p>\n<p>Segundo o relat\u00f3rio, a inten\u00e7\u00e3o genocida \u00e9 a conclus\u00e3o mais plaus\u00edvel face \u00e0s a\u00e7\u00f5es sistem\u00e1ticas. O documento aponta para a responsabilidade da For\u00e7a de Apoio R\u00e1pido (RSF) nesta cidade do Darfur, no Sud\u00e3o Ocidental.<\/p>\n<p>As a\u00e7\u00f5es s\u00e3o descritas como assassinatos seletivos por etnia, viol\u00eancia sexual, destrui\u00e7\u00e3o de comunidades e declara\u00e7\u00f5es p\u00fablicas que promovem a elimina\u00e7\u00e3o de grupos n\u00e3o \u00e1rabes, sobretudo os Zaghawa e os Fur.<\/p>\n<h3>Contexto da investiga\u00e7\u00e3o<\/h3>\n<p>A miss\u00e3o descreve padr\u00f5es de viol\u00eancia que ocorreram desde a tomada de El Fasher pelos paramilitares. Das conclus\u00f5es consta que h\u00e1 uma coordena\u00e7\u00e3o que aponta para objetivos \u00e9tnicos, com impactos graves na popula\u00e7\u00e3o local. O Darfur tem sido palco de viol\u00eancia desde a d\u00e9cada de 2000, agravando-se com a atua\u00e7\u00e3o das for\u00e7as envolvidas no conflito.<\/p>\n<p>A ONU mant\u00e9m o compromisso de monitorar abusos e recolher evid\u00eancias em terreno, ressaltando a necessidade de responsabiliza\u00e7\u00e3o. N\u00e3o foram reportadas informa\u00e7\u00f5es sobre pris\u00f5es ou medidas de resposta imediata por parte de autoridades sudanesas. O relat\u00f3rio refor\u00e7a a urg\u00eancia de investiga\u00e7\u00e3o internacional independente para apurar responsabilidades.<\/p>\n","protected":false},"excerpt":{"rendered":"<ul>\n<li>A miss\u00e3o independente da ONU para apurar factos no Sud\u00e3o reportou, esta quinta-feira, atos de genoc\u00eddio na cidade de El Fasher.<\/li>\n<li>O relat\u00f3rio conclui que a inten\u00e7\u00e3o genocida \u00e9 a \u00fanica conclus\u00e3o razo\u00e1vel das a\u00e7\u00f5es sistem\u00e1ticas das For\u00e7as de Apoio R\u00e1pido (RSF) em El Fasher, no Darfur.<\/li>\n<li>Os atos incluem assassinatos seletivos por etnia, viol\u00eancia sexual, destrui\u00e7\u00e3o e declara\u00e7\u00f5es p\u00fablicas que incitam \u00e0 elimina\u00e7\u00e3o de comunidades n\u00e3o \u00e1rabe, especialmente Zaghawa e Fur.<\/li>\n<li>El Fasher tem sido palco de atrocidades desde a tomada pela RSF em outubro, numa regi\u00e3o j\u00e1 devastada pela viol\u00eancia nos anos de 2000.<\/li>\n<\/ul>\n","protected":false},"author":2,"featured_media":217085,"comment_status":"closed","ping_status":"closed","sticky":false,"template":"","format":"standard","meta":{"footnotes":""},"categories":[1],"tags":[2820,2819,2633,2343,5123,939],"class_list":["post-217082","post","type-post","status-publish","format-standard","has-post-thumbnail","hentry","category-noticias","tag-crimes-contra-a-humanidade","tag-crimes-de-guerra","tag-direitos-humanos","tag-investigacao-internacional","tag-onu","tag-violencia"],"yoast_head":"<!-- This site is optimized with the Yoast SEO plugin v27.2 - https:\/\/yoast.com\/product\/yoast-seo-wordpress\/ -->\n<title>Miss\u00e3o da ONU denuncia genoc\u00eddio no Sud\u00e3o - Portal Tela Portugal<\/title>\n<meta name=\"robots\" content=\"index, follow, max-snippet:-1, max-image-preview:large, max-video-preview:-1\" \/>\n<meta property=\"og:locale\" content=\"pt_PT\" \/>\n<meta property=\"og:type\" content=\"article\" \/>\n<meta property=\"og:title\" content=\"Miss\u00e3o da ONU denuncia genoc\u00eddio no Sud\u00e3o - Portal Tela Portugal\" \/>\n<meta property=\"og:description\" content=\"A miss\u00e3o independente da ONU para apurar factos no Sud\u00e3o reportou, esta quinta-feira, atos de genoc\u00eddio na cidade de El Fasher. O relat\u00f3rio conclui que a inten\u00e7\u00e3o genocida \u00e9 a \u00fanica conclus\u00e3o razo\u00e1vel das a\u00e7\u00f5es sistem\u00e1ticas das For\u00e7as de Apoio R\u00e1pido (RSF) em El Fasher, no Darfur. Os atos incluem assassinatos seletivos por etnia, viol\u00eancia sexual, destrui\u00e7\u00e3o e declara\u00e7\u00f5es p\u00fablicas que incitam \u00e0 elimina\u00e7\u00e3o de comunidades n\u00e3o \u00e1rabe, especialmente Zaghawa e Fur. El Fasher tem sido palco de atrocidades desde a tomada pela RSF em outubro, numa regi\u00e3o j\u00e1 devastada pela viol\u00eancia nos anos de 2000.\" \/>\n<meta property=\"og:url\" content=\"https:\/\/portaltela.pt\/noticias\/2026\/02\/19\/missao-da-onu-denuncia-genocidio-no-sudao\/\" \/>\n<meta property=\"og:site_name\" content=\"Portal Tela Portugal\" \/>\n<meta property=\"article:published_time\" content=\"2026-02-19T08:37:43+00:00\" \/>\n<meta name=\"author\" content=\"Telinha\" \/>\n<meta name=\"twitter:card\" content=\"summary_large_image\" \/>\n<meta name=\"twitter:label1\" content=\"Escrito por\" \/>\n\t<meta name=\"twitter:data1\" content=\"Telinha\" \/>\n\t<meta name=\"twitter:label2\" content=\"Tempo estimado de leitura\" \/>\n\t<meta name=\"twitter:data2\" content=\"1 minuto\" \/>\n<script type=\"application\/ld+json\" class=\"yoast-schema-graph\">{\"@context\":\"https:\/\/schema.org\",\"@graph\":[{\"@type\":\"Article\",\"@id\":\"https:\/\/portaltela.pt\/noticias\/2026\/02\/19\/missao-da-onu-denuncia-genocidio-no-sudao\/#article\",\"isPartOf\":{\"@id\":\"https:\/\/portaltela.pt\/noticias\/2026\/02\/19\/missao-da-onu-denuncia-genocidio-no-sudao\/\"},\"author\":{\"name\":\"Telinha\",\"@id\":\"https:\/\/portaltela.pt\/#\/schema\/person\/c4278d4a6028830caff9ee44b42d32ed\"},\"headline\":\"Miss\u00e3o da ONU denuncia genoc\u00eddio no Sud\u00e3o\",\"datePublished\":\"2026-02-19T08:37:43+00:00\",\"mainEntityOfPage\":{\"@id\":\"https:\/\/portaltela.pt\/noticias\/2026\/02\/19\/missao-da-onu-denuncia-genocidio-no-sudao\/\"},\"wordCount\":252,\"image\":{\"@id\":\"https:\/\/portaltela.pt\/noticias\/2026\/02\/19\/missao-da-onu-denuncia-genocidio-no-sudao\/#primaryimage\"},\"thumbnailUrl\":\"https:\/\/portaltela.pt\/s.01k8rhncp4jt1\/2026\/02\/img_1500x1000uu2025-02-14-22-07-49-2193393-im-638957020932485786.jpg\",\"keywords\":[\"crimes contra a humanidade\",\"crimes de guerra\",\"direitos humanos\",\"investiga\u00e7\u00e3o internacional\",\"ONU\",\"viol\u00eancia\"],\"articleSection\":[\"Not\u00edcias\"],\"inLanguage\":\"pt-PT\"},{\"@type\":\"WebPage\",\"@id\":\"https:\/\/portaltela.pt\/noticias\/2026\/02\/19\/missao-da-onu-denuncia-genocidio-no-sudao\/\",\"url\":\"https:\/\/portaltela.pt\/noticias\/2026\/02\/19\/missao-da-onu-denuncia-genocidio-no-sudao\/\",\"name\":\"Miss\u00e3o da ONU denuncia genoc\u00eddio no Sud\u00e3o - Portal Tela Portugal\",\"isPartOf\":{\"@id\":\"https:\/\/portaltela.pt\/#website\"},\"primaryImageOfPage\":{\"@id\":\"https:\/\/portaltela.pt\/noticias\/2026\/02\/19\/missao-da-onu-denuncia-genocidio-no-sudao\/#primaryimage\"},\"image\":{\"@id\":\"https:\/\/portaltela.pt\/noticias\/2026\/02\/19\/missao-da-onu-denuncia-genocidio-no-sudao\/#primaryimage\"},\"thumbnailUrl\":\"https:\/\/portaltela.pt\/s.01k8rhncp4jt1\/2026\/02\/img_1500x1000uu2025-02-14-22-07-49-2193393-im-638957020932485786.jpg\",\"datePublished\":\"2026-02-19T08:37:43+00:00\",\"author\":{\"@id\":\"https:\/\/portaltela.pt\/#\/schema\/person\/c4278d4a6028830caff9ee44b42d32ed\"},\"breadcrumb\":{\"@id\":\"https:\/\/portaltela.pt\/noticias\/2026\/02\/19\/missao-da-onu-denuncia-genocidio-no-sudao\/#breadcrumb\"},\"inLanguage\":\"pt-PT\",\"potentialAction\":[{\"@type\":\"ReadAction\",\"target\":[\"https:\/\/portaltela.pt\/noticias\/2026\/02\/19\/missao-da-onu-denuncia-genocidio-no-sudao\/\"]}]},{\"@type\":\"ImageObject\",\"inLanguage\":\"pt-PT\",\"@id\":\"https:\/\/portaltela.pt\/noticias\/2026\/02\/19\/missao-da-onu-denuncia-genocidio-no-sudao\/#primaryimage\",\"url\":\"https:\/\/portaltela.pt\/s.01k8rhncp4jt1\/2026\/02\/img_1500x1000uu2025-02-14-22-07-49-2193393-im-638957020932485786.jpg\",\"contentUrl\":\"https:\/\/portaltela.pt\/s.01k8rhncp4jt1\/2026\/02\/img_1500x1000uu2025-02-14-22-07-49-2193393-im-638957020932485786.jpg\",\"width\":796,\"height\":448,\"caption\":\"ONU\"},{\"@type\":\"BreadcrumbList\",\"@id\":\"https:\/\/portaltela.pt\/noticias\/2026\/02\/19\/missao-da-onu-denuncia-genocidio-no-sudao\/#breadcrumb\",\"itemListElement\":[{\"@type\":\"ListItem\",\"position\":1,\"name\":\"In\u00edcio\",\"item\":\"https:\/\/portaltela.pt\/\"},{\"@type\":\"ListItem\",\"position\":2,\"name\":\"Miss\u00e3o da ONU denuncia genoc\u00eddio no Sud\u00e3o\"}]},{\"@type\":\"WebSite\",\"@id\":\"https:\/\/portaltela.pt\/#website\",\"url\":\"https:\/\/portaltela.pt\/\",\"name\":\"Portal Tela Portugal\",\"description\":\"\",\"potentialAction\":[{\"@type\":\"SearchAction\",\"target\":{\"@type\":\"EntryPoint\",\"urlTemplate\":\"https:\/\/portaltela.pt\/?s={search_term_string}\"},\"query-input\":{\"@type\":\"PropertyValueSpecification\",\"valueRequired\":true,\"valueName\":\"search_term_string\"}}],\"inLanguage\":\"pt-PT\"},{\"@type\":\"Person\",\"@id\":\"https:\/\/portaltela.pt\/#\/schema\/person\/c4278d4a6028830caff9ee44b42d32ed\",\"name\":\"Telinha\",\"image\":{\"@type\":\"ImageObject\",\"inLanguage\":\"pt-PT\",\"@id\":\"https:\/\/portaltela.pt\/s.01k8rhncp4jt1\/2025\/11\/talking-bot-125x125.png\",\"url\":\"https:\/\/portaltela.pt\/s.01k8rhncp4jt1\/2025\/11\/talking-bot-125x125.png\",\"contentUrl\":\"https:\/\/portaltela.pt\/s.01k8rhncp4jt1\/2025\/11\/talking-bot-125x125.png\",\"caption\":\"Telinha\"},\"sameAs\":[\"https:\/\/portaltela.pt\/\"],\"url\":\"https:\/\/portaltela.pt\/por\/367410592786\/\"}]}<\/script>\n<!-- \/ Yoast SEO plugin. -->","yoast_head_json":{"title":"Miss\u00e3o da ONU denuncia genoc\u00eddio no Sud\u00e3o - Portal Tela Portugal","robots":{"index":"index","follow":"follow","max-snippet":"max-snippet:-1","max-image-preview":"max-image-preview:large","max-video-preview":"max-video-preview:-1"},"og_locale":"pt_PT","og_type":"article","og_title":"Miss\u00e3o da ONU denuncia genoc\u00eddio no Sud\u00e3o - Portal Tela Portugal","og_description":"A miss\u00e3o independente da ONU para apurar factos no Sud\u00e3o reportou, esta quinta-feira, atos de genoc\u00eddio na cidade de El Fasher. O relat\u00f3rio conclui que a inten\u00e7\u00e3o genocida \u00e9 a \u00fanica conclus\u00e3o razo\u00e1vel das a\u00e7\u00f5es sistem\u00e1ticas das For\u00e7as de Apoio R\u00e1pido (RSF) em El Fasher, no Darfur. Os atos incluem assassinatos seletivos por etnia, viol\u00eancia sexual, destrui\u00e7\u00e3o e declara\u00e7\u00f5es p\u00fablicas que incitam \u00e0 elimina\u00e7\u00e3o de comunidades n\u00e3o \u00e1rabe, especialmente Zaghawa e Fur. El Fasher tem sido palco de atrocidades desde a tomada pela RSF em outubro, numa regi\u00e3o j\u00e1 devastada pela viol\u00eancia nos anos de 2000.","og_url":"https:\/\/portaltela.pt\/noticias\/2026\/02\/19\/missao-da-onu-denuncia-genocidio-no-sudao\/","og_site_name":"Portal Tela Portugal","article_published_time":"2026-02-19T08:37:43+00:00","author":"Telinha","twitter_card":"summary_large_image","twitter_misc":{"Escrito por":"Telinha","Tempo estimado de leitura":"1 minuto"},"schema":{"@context":"https:\/\/schema.org","@graph":[{"@type":"Article","@id":"https:\/\/portaltela.pt\/noticias\/2026\/02\/19\/missao-da-onu-denuncia-genocidio-no-sudao\/#article","isPartOf":{"@id":"https:\/\/portaltela.pt\/noticias\/2026\/02\/19\/missao-da-onu-denuncia-genocidio-no-sudao\/"},"author":{"name":"Telinha","@id":"https:\/\/portaltela.pt\/#\/schema\/person\/c4278d4a6028830caff9ee44b42d32ed"},"headline":"Miss\u00e3o da ONU denuncia genoc\u00eddio no Sud\u00e3o","datePublished":"2026-02-19T08:37:43+00:00","mainEntityOfPage":{"@id":"https:\/\/portaltela.pt\/noticias\/2026\/02\/19\/missao-da-onu-denuncia-genocidio-no-sudao\/"},"wordCount":252,"image":{"@id":"https:\/\/portaltela.pt\/noticias\/2026\/02\/19\/missao-da-onu-denuncia-genocidio-no-sudao\/#primaryimage"},"thumbnailUrl":"https:\/\/portaltela.pt\/s.01k8rhncp4jt1\/2026\/02\/img_1500x1000uu2025-02-14-22-07-49-2193393-im-638957020932485786.jpg","keywords":["crimes contra a humanidade","crimes de guerra","direitos humanos","investiga\u00e7\u00e3o internacional","ONU","viol\u00eancia"],"articleSection":["Not\u00edcias"],"inLanguage":"pt-PT"},{"@type":"WebPage","@id":"https:\/\/portaltela.pt\/noticias\/2026\/02\/19\/missao-da-onu-denuncia-genocidio-no-sudao\/","url":"https:\/\/portaltela.pt\/noticias\/2026\/02\/19\/missao-da-onu-denuncia-genocidio-no-sudao\/","name":"Miss\u00e3o da ONU denuncia genoc\u00eddio no Sud\u00e3o - Portal Tela Portugal","isPartOf":{"@id":"https:\/\/portaltela.pt\/#website"},"primaryImageOfPage":{"@id":"https:\/\/portaltela.pt\/noticias\/2026\/02\/19\/missao-da-onu-denuncia-genocidio-no-sudao\/#primaryimage"},"image":{"@id":"https:\/\/portaltela.pt\/noticias\/2026\/02\/19\/missao-da-onu-denuncia-genocidio-no-sudao\/#primaryimage"},"thumbnailUrl":"https:\/\/portaltela.pt\/s.01k8rhncp4jt1\/2026\/02\/img_1500x1000uu2025-02-14-22-07-49-2193393-im-638957020932485786.jpg","datePublished":"2026-02-19T08:37:43+00:00","author":{"@id":"https:\/\/portaltela.pt\/#\/schema\/person\/c4278d4a6028830caff9ee44b42d32ed"},"breadcrumb":{"@id":"https:\/\/portaltela.pt\/noticias\/2026\/02\/19\/missao-da-onu-denuncia-genocidio-no-sudao\/#breadcrumb"},"inLanguage":"pt-PT","potentialAction":[{"@type":"ReadAction","target":["https:\/\/portaltela.pt\/noticias\/2026\/02\/19\/missao-da-onu-denuncia-genocidio-no-sudao\/"]}]},{"@type":"ImageObject","inLanguage":"pt-PT","@id":"https:\/\/portaltela.pt\/noticias\/2026\/02\/19\/missao-da-onu-denuncia-genocidio-no-sudao\/#primaryimage","url":"https:\/\/portaltela.pt\/s.01k8rhncp4jt1\/2026\/02\/img_1500x1000uu2025-02-14-22-07-49-2193393-im-638957020932485786.jpg","contentUrl":"https:\/\/portaltela.pt\/s.01k8rhncp4jt1\/2026\/02\/img_1500x1000uu2025-02-14-22-07-49-2193393-im-638957020932485786.jpg","width":796,"height":448,"caption":"ONU"},{"@type":"BreadcrumbList","@id":"https:\/\/portaltela.pt\/noticias\/2026\/02\/19\/missao-da-onu-denuncia-genocidio-no-sudao\/#breadcrumb","itemListElement":[{"@type":"ListItem","position":1,"name":"In\u00edcio","item":"https:\/\/portaltela.pt\/"},{"@type":"ListItem","position":2,"name":"Miss\u00e3o da ONU denuncia genoc\u00eddio no Sud\u00e3o"}]},{"@type":"WebSite","@id":"https:\/\/portaltela.pt\/#website","url":"https:\/\/portaltela.pt\/","name":"Portal Tela Portugal","description":"","potentialAction":[{"@type":"SearchAction","target":{"@type":"EntryPoint","urlTemplate":"https:\/\/portaltela.pt\/?s={search_term_string}"},"query-input":{"@type":"PropertyValueSpecification","valueRequired":true,"valueName":"search_term_string"}}],"inLanguage":"pt-PT"},{"@type":"Person","@id":"https:\/\/portaltela.pt\/#\/schema\/person\/c4278d4a6028830caff9ee44b42d32ed","name":"Telinha","image":{"@type":"ImageObject","inLanguage":"pt-PT","@id":"https:\/\/portaltela.pt\/s.01k8rhncp4jt1\/2025\/11\/talking-bot-125x125.png","url":"https:\/\/portaltela.pt\/s.01k8rhncp4jt1\/2025\/11\/talking-bot-125x125.png","contentUrl":"https:\/\/portaltela.pt\/s.01k8rhncp4jt1\/2025\/11\/talking-bot-125x125.png","caption":"Telinha"},"sameAs":["https:\/\/portaltela.pt\/"],"url":"https:\/\/portaltela.pt\/por\/367410592786\/"}]}},"_links":{"self":[{"href":"https:\/\/portaltela.pt\/api\/wp\/v2\/posts\/217082","targetHints":{"allow":["GET"]}}],"collection":[{"href":"https:\/\/portaltela.pt\/api\/wp\/v2\/posts"}],"about":[{"href":"https:\/\/portaltela.pt\/api\/wp\/v2\/types\/post"}],"author":[{"embeddable":true,"href":"https:\/\/portaltela.pt\/api\/wp\/v2\/users\/2"}],"replies":[{"embeddable":true,"href":"https:\/\/portaltela.pt\/api\/wp\/v2\/comments?post=217082"}],"version-history":[{"count":0,"href":"https:\/\/portaltela.pt\/api\/wp\/v2\/posts\/217082\/revisions"}],"wp:featuredmedia":[{"embeddable":true,"href":"https:\/\/portaltela.pt\/api\/wp\/v2\/media\/217085"}],"wp:attachment":[{"href":"https:\/\/portaltela.pt\/api\/wp\/v2\/media?parent=217082"}],"wp:term":[{"taxonomy":"category","embeddable":true,"href":"https:\/\/portaltela.pt\/api\/wp\/v2\/categories?post=217082"},{"taxonomy":"post_tag","embeddable":true,"href":"https:\/\/portaltela.pt\/api\/wp\/v2\/tags?post=217082"}],"curies":[{"name":"wp","href":"https:\/\/api.w.org\/{rel}","templated":true}]}}