{"id":217052,"date":"2026-02-19T04:58:24","date_gmt":"2026-02-19T07:58:24","guid":{"rendered":"https:\/\/portaltela.pt\/noticias\/2026\/02\/19\/algoritmo-da-rede-x-favorece-posicoes-politicas-mais-conservadoras\/"},"modified":"2026-02-19T04:58:24","modified_gmt":"2026-02-19T07:58:24","slug":"algoritmo-da-rede-x-favorece-posicoes-politicas-mais-conservadoras","status":"publish","type":"post","link":"https:\/\/portaltela.pt\/noticias\/politica\/2026\/02\/19\/algoritmo-da-rede-x-favorece-posicoes-politicas-mais-conservadoras\/","title":{"rendered":"Algoritmo da rede X favorece posi\u00e7\u00f5es pol\u00edticas mais conservadoras"},"content":{"rendered":"<p>O algoritmo \u201cpara ti\u201d da rede social X leva os utilizadores a adotarem posi\u00e7\u00f5es pol\u00edticas mais conservadoras. O estudo envolveu 4.965 utilizadores da plataforma e decorreu durante sete semanas, nos Estados Unidos. A an\u00e1lise mostrou aumento de intera\u00e7\u00e3o com conte\u00fado conservador e maior propens\u00e3o a seguir ativistas conservadores.<\/p>\n<p>Os investigadores observaram que, mesmo quando os utilizadores trocavam para o feed cronol\u00f3gico, a influ\u00eancia persiste. O estudo foi conduzido por uma equipa internacional de It\u00e1lia, Su\u00ed\u00e7a e Fran\u00e7a e publicado na revista Nature, segundo a ag\u00eancia Efe.<\/p>\n<p>A experi\u00eancia dividiu os participantes em dois grupos: feed algor\u00edtmico versus linha do tempo padr\u00e3o. Os dados incluem entrevistas pr\u00e9 e p\u00f3s experi\u00eancia e monitoriza\u00e7\u00e3o do conte\u00fado exibido e das intera\u00e7\u00f5es na X.<\/p>\n<h3>Resultados principais<\/h3>\n<p>Os resultados indicam que o grupo com feed algor\u00edtmico interagiu mais com a plataforma e assumiu vis\u00f5es pol\u00edticas mais \u00e0 direita. A tend\u00eancia envolveu tamb\u00e9m o seguimento de ativistas pol\u00edticos conservadores.<\/p>\n<p>Quando os participantes passaram do feed algor\u00edtmico para o cronol\u00f3gico, as mudan\u00e7as nas opini\u00f5es foram menos percept\u00edveis, aponta o estudo. A an\u00e1lise de conte\u00fado revelou maior exposi\u00e7\u00e3o a publica\u00e7\u00f5es conservadoras.<\/p>\n<p>O algoritmo tamb\u00e9m exibiu menos conte\u00fados tradicionais de comunica\u00e7\u00e3o e influenciou o ambiente pol\u00edtico digital em que os utilizadores atuam, segundo os autores. Estes efeitos, segundo eles, s\u00e3o significativos mesmo sem filtro de algoritmo.<\/p>\n<h3>Limita\u00e7\u00f5es e contexto<\/h3>\n<p>Os autores destacam limita\u00e7\u00f5es: os resultados referem-se exclusivamente \u00e0 rede X e n\u00e3o permitem extrapola\u00e7\u00f5es. O per\u00edodo de estudo n\u00e3o aponta efeitos a longo prazo e n\u00e3o substitui outras investiga\u00e7\u00f5es independentes.<\/p>\n","protected":false},"excerpt":{"rendered":"<ul>\n<li>Um estudo com quase 5.000 utilizadores da rede X concluiu que ativar o algoritmo \u201cpara ti\u201d conduz a opini\u00f5es pol\u00edticas mais conservadoras.<\/li>\n<li>A tend\u00eancia permaneceu mesmo ap\u00f3s desativarem o filtro e regressarem ao feed cronol\u00f3gico (vers\u00e3o normal).<\/li>\n<li>A investiga\u00e7\u00e3o, realizada por cientistas de It\u00e1lia, Su\u00ed\u00e7a e Fran\u00e7a, foi publicada na revista Nature, conforme not\u00edcia da ag\u00eancia Efe.<\/li>\n<li>Participantes foram aleatoriamente designados para o feed algor\u00edtmico ou para a linha do tempo durante sete semanas; aqueles no feed algor\u00edtmico interagiram mais e mostraram maior propens\u00e3o a seguir ativistas conservadores.<\/li>\n<li>Os autores alertam que o algoritmo molda atitudes pol\u00edticas, exibindo mais publica\u00e7\u00f5es conservadoras e reduzindo a visibilidade de meios tradicionais; o estudo tem limita\u00e7\u00f5es, incluindo foco na rede X e dura\u00e7\u00e3o do per\u00edodo.<\/li>\n<\/ul>\n","protected":false},"author":2,"featured_media":217057,"comment_status":"closed","ping_status":"closed","sticky":false,"template":"","format":"standard","meta":{"footnotes":""},"categories":[1,5],"tags":[5637,5547,39,2832,88,153],"class_list":["post-217052","post","type-post","status-publish","format-standard","has-post-thumbnail","hentry","category-noticias","category-politica","tag-algoritmo","tag-informacao-internacional","tag-internet","tag-politica","tag-redes-sociais","tag-tecnologia"],"yoast_head":"<!-- This site is optimized with the Yoast SEO plugin v27.2 - https:\/\/yoast.com\/product\/yoast-seo-wordpress\/ -->\n<title>Algoritmo da rede X favorece posi\u00e7\u00f5es pol\u00edticas mais conservadoras - Portal Tela Portugal<\/title>\n<meta name=\"robots\" content=\"index, follow, max-snippet:-1, max-image-preview:large, max-video-preview:-1\" \/>\n<meta property=\"og:locale\" content=\"pt_PT\" \/>\n<meta property=\"og:type\" content=\"article\" \/>\n<meta property=\"og:title\" content=\"Algoritmo da rede X favorece posi\u00e7\u00f5es pol\u00edticas mais conservadoras - Portal Tela Portugal\" \/>\n<meta property=\"og:description\" content=\"Um estudo com quase 5.000 utilizadores da rede X concluiu que ativar o algoritmo \u201cpara ti\u201d conduz a opini\u00f5es pol\u00edticas mais conservadoras. A tend\u00eancia permaneceu mesmo ap\u00f3s desativarem o filtro e regressarem ao feed cronol\u00f3gico (vers\u00e3o normal). A investiga\u00e7\u00e3o, realizada por cientistas de It\u00e1lia, Su\u00ed\u00e7a e Fran\u00e7a, foi publicada na revista Nature, conforme not\u00edcia da ag\u00eancia Efe. Participantes foram aleatoriamente designados para o feed algor\u00edtmico ou para a linha do tempo durante sete semanas; aqueles no feed algor\u00edtmico interagiram mais e mostraram maior propens\u00e3o a seguir ativistas conservadores. Os autores alertam que o algoritmo molda atitudes pol\u00edticas, exibindo mais publica\u00e7\u00f5es conservadoras e reduzindo a visibilidade de meios tradicionais; o estudo tem limita\u00e7\u00f5es, incluindo foco na rede X e dura\u00e7\u00e3o do per\u00edodo.\" \/>\n<meta property=\"og:url\" content=\"https:\/\/portaltela.pt\/noticias\/2026\/02\/19\/algoritmo-da-rede-x-favorece-posicoes-politicas-mais-conservadoras\/\" \/>\n<meta property=\"og:site_name\" content=\"Portal Tela Portugal\" \/>\n<meta property=\"article:published_time\" content=\"2026-02-19T07:58:24+00:00\" \/>\n<meta name=\"author\" content=\"Telinha\" \/>\n<meta name=\"twitter:card\" content=\"summary_large_image\" \/>\n<meta name=\"twitter:label1\" content=\"Escrito por\" \/>\n\t<meta name=\"twitter:data1\" content=\"Telinha\" \/>\n\t<meta name=\"twitter:label2\" content=\"Tempo estimado de leitura\" \/>\n\t<meta name=\"twitter:data2\" content=\"1 minuto\" \/>\n<script type=\"application\/ld+json\" class=\"yoast-schema-graph\">{\"@context\":\"https:\/\/schema.org\",\"@graph\":[{\"@type\":\"Article\",\"@id\":\"https:\/\/portaltela.pt\/noticias\/2026\/02\/19\/algoritmo-da-rede-x-favorece-posicoes-politicas-mais-conservadoras\/#article\",\"isPartOf\":{\"@id\":\"https:\/\/portaltela.pt\/noticias\/2026\/02\/19\/algoritmo-da-rede-x-favorece-posicoes-politicas-mais-conservadoras\/\"},\"author\":{\"name\":\"Telinha\",\"@id\":\"https:\/\/portaltela.pt\/#\/schema\/person\/c4278d4a6028830caff9ee44b42d32ed\"},\"headline\":\"Algoritmo da rede X favorece posi\u00e7\u00f5es pol\u00edticas mais conservadoras\",\"datePublished\":\"2026-02-19T07:58:24+00:00\",\"mainEntityOfPage\":{\"@id\":\"https:\/\/portaltela.pt\/noticias\/2026\/02\/19\/algoritmo-da-rede-x-favorece-posicoes-politicas-mais-conservadoras\/\"},\"wordCount\":306,\"image\":{\"@id\":\"https:\/\/portaltela.pt\/noticias\/2026\/02\/19\/algoritmo-da-rede-x-favorece-posicoes-politicas-mais-conservadoras\/#primaryimage\"},\"thumbnailUrl\":\"https:\/\/portaltela.pt\/s.01k8rhncp4jt1\/2026\/02\/img_1280x721uu2026-02-05-15-07-53-2264970-1.jpg\",\"keywords\":[\"Algoritmo\",\"informa\u00e7\u00e3o internacional\",\"internet\",\"pol\u00edtica\",\"redes sociais\",\"tecnologia\"],\"articleSection\":[\"Not\u00edcias\",\"Pol\u00edtica\"],\"inLanguage\":\"pt-PT\"},{\"@type\":\"WebPage\",\"@id\":\"https:\/\/portaltela.pt\/noticias\/2026\/02\/19\/algoritmo-da-rede-x-favorece-posicoes-politicas-mais-conservadoras\/\",\"url\":\"https:\/\/portaltela.pt\/noticias\/2026\/02\/19\/algoritmo-da-rede-x-favorece-posicoes-politicas-mais-conservadoras\/\",\"name\":\"Algoritmo da rede X favorece posi\u00e7\u00f5es pol\u00edticas mais conservadoras - Portal Tela Portugal\",\"isPartOf\":{\"@id\":\"https:\/\/portaltela.pt\/#website\"},\"primaryImageOfPage\":{\"@id\":\"https:\/\/portaltela.pt\/noticias\/2026\/02\/19\/algoritmo-da-rede-x-favorece-posicoes-politicas-mais-conservadoras\/#primaryimage\"},\"image\":{\"@id\":\"https:\/\/portaltela.pt\/noticias\/2026\/02\/19\/algoritmo-da-rede-x-favorece-posicoes-politicas-mais-conservadoras\/#primaryimage\"},\"thumbnailUrl\":\"https:\/\/portaltela.pt\/s.01k8rhncp4jt1\/2026\/02\/img_1280x721uu2026-02-05-15-07-53-2264970-1.jpg\",\"datePublished\":\"2026-02-19T07:58:24+00:00\",\"author\":{\"@id\":\"https:\/\/portaltela.pt\/#\/schema\/person\/c4278d4a6028830caff9ee44b42d32ed\"},\"breadcrumb\":{\"@id\":\"https:\/\/portaltela.pt\/noticias\/2026\/02\/19\/algoritmo-da-rede-x-favorece-posicoes-politicas-mais-conservadoras\/#breadcrumb\"},\"inLanguage\":\"pt-PT\",\"potentialAction\":[{\"@type\":\"ReadAction\",\"target\":[\"https:\/\/portaltela.pt\/noticias\/2026\/02\/19\/algoritmo-da-rede-x-favorece-posicoes-politicas-mais-conservadoras\/\"]}]},{\"@type\":\"ImageObject\",\"inLanguage\":\"pt-PT\",\"@id\":\"https:\/\/portaltela.pt\/noticias\/2026\/02\/19\/algoritmo-da-rede-x-favorece-posicoes-politicas-mais-conservadoras\/#primaryimage\",\"url\":\"https:\/\/portaltela.pt\/s.01k8rhncp4jt1\/2026\/02\/img_1280x721uu2026-02-05-15-07-53-2264970-1.jpg\",\"contentUrl\":\"https:\/\/portaltela.pt\/s.01k8rhncp4jt1\/2026\/02\/img_1280x721uu2026-02-05-15-07-53-2264970-1.jpg\",\"width\":796,\"height\":448,\"caption\":\"Rede social X\"},{\"@type\":\"BreadcrumbList\",\"@id\":\"https:\/\/portaltela.pt\/noticias\/2026\/02\/19\/algoritmo-da-rede-x-favorece-posicoes-politicas-mais-conservadoras\/#breadcrumb\",\"itemListElement\":[{\"@type\":\"ListItem\",\"position\":1,\"name\":\"In\u00edcio\",\"item\":\"https:\/\/portaltela.pt\/\"},{\"@type\":\"ListItem\",\"position\":2,\"name\":\"Algoritmo da rede X favorece posi\u00e7\u00f5es pol\u00edticas mais conservadoras\"}]},{\"@type\":\"WebSite\",\"@id\":\"https:\/\/portaltela.pt\/#website\",\"url\":\"https:\/\/portaltela.pt\/\",\"name\":\"Portal Tela Portugal\",\"description\":\"\",\"potentialAction\":[{\"@type\":\"SearchAction\",\"target\":{\"@type\":\"EntryPoint\",\"urlTemplate\":\"https:\/\/portaltela.pt\/?s={search_term_string}\"},\"query-input\":{\"@type\":\"PropertyValueSpecification\",\"valueRequired\":true,\"valueName\":\"search_term_string\"}}],\"inLanguage\":\"pt-PT\"},{\"@type\":\"Person\",\"@id\":\"https:\/\/portaltela.pt\/#\/schema\/person\/c4278d4a6028830caff9ee44b42d32ed\",\"name\":\"Telinha\",\"image\":{\"@type\":\"ImageObject\",\"inLanguage\":\"pt-PT\",\"@id\":\"https:\/\/portaltela.pt\/s.01k8rhncp4jt1\/2025\/11\/talking-bot-125x125.png\",\"url\":\"https:\/\/portaltela.pt\/s.01k8rhncp4jt1\/2025\/11\/talking-bot-125x125.png\",\"contentUrl\":\"https:\/\/portaltela.pt\/s.01k8rhncp4jt1\/2025\/11\/talking-bot-125x125.png\",\"caption\":\"Telinha\"},\"sameAs\":[\"https:\/\/portaltela.pt\/\"],\"url\":\"https:\/\/portaltela.pt\/por\/367410592786\/\"}]}<\/script>\n<!-- \/ Yoast SEO plugin. -->","yoast_head_json":{"title":"Algoritmo da rede X favorece posi\u00e7\u00f5es pol\u00edticas mais conservadoras - Portal Tela Portugal","robots":{"index":"index","follow":"follow","max-snippet":"max-snippet:-1","max-image-preview":"max-image-preview:large","max-video-preview":"max-video-preview:-1"},"og_locale":"pt_PT","og_type":"article","og_title":"Algoritmo da rede X favorece posi\u00e7\u00f5es pol\u00edticas mais conservadoras - Portal Tela Portugal","og_description":"Um estudo com quase 5.000 utilizadores da rede X concluiu que ativar o algoritmo \u201cpara ti\u201d conduz a opini\u00f5es pol\u00edticas mais conservadoras. A tend\u00eancia permaneceu mesmo ap\u00f3s desativarem o filtro e regressarem ao feed cronol\u00f3gico (vers\u00e3o normal). A investiga\u00e7\u00e3o, realizada por cientistas de It\u00e1lia, Su\u00ed\u00e7a e Fran\u00e7a, foi publicada na revista Nature, conforme not\u00edcia da ag\u00eancia Efe. Participantes foram aleatoriamente designados para o feed algor\u00edtmico ou para a linha do tempo durante sete semanas; aqueles no feed algor\u00edtmico interagiram mais e mostraram maior propens\u00e3o a seguir ativistas conservadores. Os autores alertam que o algoritmo molda atitudes pol\u00edticas, exibindo mais publica\u00e7\u00f5es conservadoras e reduzindo a visibilidade de meios tradicionais; o estudo tem limita\u00e7\u00f5es, incluindo foco na rede X e dura\u00e7\u00e3o do per\u00edodo.","og_url":"https:\/\/portaltela.pt\/noticias\/2026\/02\/19\/algoritmo-da-rede-x-favorece-posicoes-politicas-mais-conservadoras\/","og_site_name":"Portal Tela Portugal","article_published_time":"2026-02-19T07:58:24+00:00","author":"Telinha","twitter_card":"summary_large_image","twitter_misc":{"Escrito por":"Telinha","Tempo estimado de leitura":"1 minuto"},"schema":{"@context":"https:\/\/schema.org","@graph":[{"@type":"Article","@id":"https:\/\/portaltela.pt\/noticias\/2026\/02\/19\/algoritmo-da-rede-x-favorece-posicoes-politicas-mais-conservadoras\/#article","isPartOf":{"@id":"https:\/\/portaltela.pt\/noticias\/2026\/02\/19\/algoritmo-da-rede-x-favorece-posicoes-politicas-mais-conservadoras\/"},"author":{"name":"Telinha","@id":"https:\/\/portaltela.pt\/#\/schema\/person\/c4278d4a6028830caff9ee44b42d32ed"},"headline":"Algoritmo da rede X favorece posi\u00e7\u00f5es pol\u00edticas mais conservadoras","datePublished":"2026-02-19T07:58:24+00:00","mainEntityOfPage":{"@id":"https:\/\/portaltela.pt\/noticias\/2026\/02\/19\/algoritmo-da-rede-x-favorece-posicoes-politicas-mais-conservadoras\/"},"wordCount":306,"image":{"@id":"https:\/\/portaltela.pt\/noticias\/2026\/02\/19\/algoritmo-da-rede-x-favorece-posicoes-politicas-mais-conservadoras\/#primaryimage"},"thumbnailUrl":"https:\/\/portaltela.pt\/s.01k8rhncp4jt1\/2026\/02\/img_1280x721uu2026-02-05-15-07-53-2264970-1.jpg","keywords":["Algoritmo","informa\u00e7\u00e3o internacional","internet","pol\u00edtica","redes sociais","tecnologia"],"articleSection":["Not\u00edcias","Pol\u00edtica"],"inLanguage":"pt-PT"},{"@type":"WebPage","@id":"https:\/\/portaltela.pt\/noticias\/2026\/02\/19\/algoritmo-da-rede-x-favorece-posicoes-politicas-mais-conservadoras\/","url":"https:\/\/portaltela.pt\/noticias\/2026\/02\/19\/algoritmo-da-rede-x-favorece-posicoes-politicas-mais-conservadoras\/","name":"Algoritmo da rede X favorece posi\u00e7\u00f5es pol\u00edticas mais conservadoras - Portal Tela Portugal","isPartOf":{"@id":"https:\/\/portaltela.pt\/#website"},"primaryImageOfPage":{"@id":"https:\/\/portaltela.pt\/noticias\/2026\/02\/19\/algoritmo-da-rede-x-favorece-posicoes-politicas-mais-conservadoras\/#primaryimage"},"image":{"@id":"https:\/\/portaltela.pt\/noticias\/2026\/02\/19\/algoritmo-da-rede-x-favorece-posicoes-politicas-mais-conservadoras\/#primaryimage"},"thumbnailUrl":"https:\/\/portaltela.pt\/s.01k8rhncp4jt1\/2026\/02\/img_1280x721uu2026-02-05-15-07-53-2264970-1.jpg","datePublished":"2026-02-19T07:58:24+00:00","author":{"@id":"https:\/\/portaltela.pt\/#\/schema\/person\/c4278d4a6028830caff9ee44b42d32ed"},"breadcrumb":{"@id":"https:\/\/portaltela.pt\/noticias\/2026\/02\/19\/algoritmo-da-rede-x-favorece-posicoes-politicas-mais-conservadoras\/#breadcrumb"},"inLanguage":"pt-PT","potentialAction":[{"@type":"ReadAction","target":["https:\/\/portaltela.pt\/noticias\/2026\/02\/19\/algoritmo-da-rede-x-favorece-posicoes-politicas-mais-conservadoras\/"]}]},{"@type":"ImageObject","inLanguage":"pt-PT","@id":"https:\/\/portaltela.pt\/noticias\/2026\/02\/19\/algoritmo-da-rede-x-favorece-posicoes-politicas-mais-conservadoras\/#primaryimage","url":"https:\/\/portaltela.pt\/s.01k8rhncp4jt1\/2026\/02\/img_1280x721uu2026-02-05-15-07-53-2264970-1.jpg","contentUrl":"https:\/\/portaltela.pt\/s.01k8rhncp4jt1\/2026\/02\/img_1280x721uu2026-02-05-15-07-53-2264970-1.jpg","width":796,"height":448,"caption":"Rede social X"},{"@type":"BreadcrumbList","@id":"https:\/\/portaltela.pt\/noticias\/2026\/02\/19\/algoritmo-da-rede-x-favorece-posicoes-politicas-mais-conservadoras\/#breadcrumb","itemListElement":[{"@type":"ListItem","position":1,"name":"In\u00edcio","item":"https:\/\/portaltela.pt\/"},{"@type":"ListItem","position":2,"name":"Algoritmo da rede X favorece posi\u00e7\u00f5es pol\u00edticas mais conservadoras"}]},{"@type":"WebSite","@id":"https:\/\/portaltela.pt\/#website","url":"https:\/\/portaltela.pt\/","name":"Portal Tela Portugal","description":"","potentialAction":[{"@type":"SearchAction","target":{"@type":"EntryPoint","urlTemplate":"https:\/\/portaltela.pt\/?s={search_term_string}"},"query-input":{"@type":"PropertyValueSpecification","valueRequired":true,"valueName":"search_term_string"}}],"inLanguage":"pt-PT"},{"@type":"Person","@id":"https:\/\/portaltela.pt\/#\/schema\/person\/c4278d4a6028830caff9ee44b42d32ed","name":"Telinha","image":{"@type":"ImageObject","inLanguage":"pt-PT","@id":"https:\/\/portaltela.pt\/s.01k8rhncp4jt1\/2025\/11\/talking-bot-125x125.png","url":"https:\/\/portaltela.pt\/s.01k8rhncp4jt1\/2025\/11\/talking-bot-125x125.png","contentUrl":"https:\/\/portaltela.pt\/s.01k8rhncp4jt1\/2025\/11\/talking-bot-125x125.png","caption":"Telinha"},"sameAs":["https:\/\/portaltela.pt\/"],"url":"https:\/\/portaltela.pt\/por\/367410592786\/"}]}},"_links":{"self":[{"href":"https:\/\/portaltela.pt\/api\/wp\/v2\/posts\/217052","targetHints":{"allow":["GET"]}}],"collection":[{"href":"https:\/\/portaltela.pt\/api\/wp\/v2\/posts"}],"about":[{"href":"https:\/\/portaltela.pt\/api\/wp\/v2\/types\/post"}],"author":[{"embeddable":true,"href":"https:\/\/portaltela.pt\/api\/wp\/v2\/users\/2"}],"replies":[{"embeddable":true,"href":"https:\/\/portaltela.pt\/api\/wp\/v2\/comments?post=217052"}],"version-history":[{"count":0,"href":"https:\/\/portaltela.pt\/api\/wp\/v2\/posts\/217052\/revisions"}],"wp:featuredmedia":[{"embeddable":true,"href":"https:\/\/portaltela.pt\/api\/wp\/v2\/media\/217057"}],"wp:attachment":[{"href":"https:\/\/portaltela.pt\/api\/wp\/v2\/media?parent=217052"}],"wp:term":[{"taxonomy":"category","embeddable":true,"href":"https:\/\/portaltela.pt\/api\/wp\/v2\/categories?post=217052"},{"taxonomy":"post_tag","embeddable":true,"href":"https:\/\/portaltela.pt\/api\/wp\/v2\/tags?post=217052"}],"curies":[{"name":"wp","href":"https:\/\/api.w.org\/{rel}","templated":true}]}}