{"id":217033,"date":"2026-02-19T05:01:51","date_gmt":"2026-02-19T08:01:51","guid":{"rendered":"https:\/\/portaltela.pt\/noticias\/2026\/02\/19\/seguros-vao-pagar-mais-de-500-milhoes-por-danos-causados-pelas-tempestades\/"},"modified":"2026-02-19T05:01:51","modified_gmt":"2026-02-19T08:01:51","slug":"seguros-vao-pagar-mais-de-500-milhoes-por-danos-causados-pelas-tempestades","status":"publish","type":"post","link":"https:\/\/portaltela.pt\/noticias\/2026\/02\/19\/seguros-vao-pagar-mais-de-500-milhoes-por-danos-causados-pelas-tempestades\/","title":{"rendered":"Seguros v\u00e3o pagar mais de 500 milh\u00f5es por danos causados pelas tempestades"},"content":{"rendered":"<p>Tr\u00eas semanas ap\u00f3s o impacto inicial da Tempestade Kristin e das tempestades subsequentes, os seguros estimam preju\u00edzos superiores a 500 milh\u00f5es de euros. A estimativa foi avan\u00e7ada pela Associa\u00e7\u00e3o Portuguesa de Seguradores (APS) \u00e0 Lusa.<\/p>\n<p>O presidente da APS, Jo\u00e3o Barros, indicou que j\u00e1 foram pagos ou provisionados cerca de 260 milh\u00f5es de euros at\u00e9 agora. O valor \u00e9 provis\u00f3rio e pode subir, com avalia\u00e7\u00e3o ainda pendente at\u00e9 ao fecho do per\u00edodo de an\u00e1lise.<\/p>\n<p>A an\u00e1lise que sustenta o montante atual termina a 3 de fevereiro, m\u00eas em que as seguradoras continuam a avaliar danos em diversos setores. O setor est\u00e1 preparado para assegurar as indemniza\u00e7\u00f5es.<\/p>\n<h3>Fundo de cat\u00e1strofes<\/h3>\n<p>Barros pediu ao Governo que n\u00e3o se esque\u00e7a de avan\u00e7ar com o fundo de cat\u00e1strofes, instrumento que pode recuperar parte dos preju\u00edzos para o setor. O objetivo \u00e9 facilitar a recupera\u00e7\u00e3o financeira das seguradoras.<\/p>\n<p>As seguradoras continuam o trabalho de avalia\u00e7\u00e3o dos danos, enquanto o montante final permanece dependente de novas avalia\u00e7\u00f5es. A APS mant\u00e9m o valor de refer\u00eancia pr\u00f3ximo de 500 milh\u00f5es de euros, sujeito a confirma\u00e7\u00e3o.<\/p>\n","protected":false},"excerpt":{"rendered":"<ul>\n<li>Seguros v\u00e3o pagar mais de 500 milh\u00f5es de euros por danos causados pelas tempestades, segundo a Associa\u00e7\u00e3o Portuguesa de Seguradores (APS).<\/li>\n<li>At\u00e9 ao momento, o total estimado de preju\u00edzos \u00e9 de cerca de 260 milh\u00f5es de euros, incluindo o que j\u00e1 foi pago ou provisionado pelas seguradoras.<\/li>\n<li>Este valor \u00e9 provis\u00f3rio; o montante final pode ser superior, pois ainda h\u00e1 preju\u00edzos por avaliar e o per\u00edodo de an\u00e1lise termina a 3 de fevereiro.<\/li>\n<li>As seguradoras est\u00e3o a avaliar os preju\u00edzos e o setor est\u00e1 preparado para fazer face \u00e0s indemniza\u00e7\u00f5es, conforme afirmou o presidente da APS, Jo\u00e3o Barros.<\/li>\n<li>Barros pediu ao Governo que avance com o fundo de cat\u00e1strofes para permitir a recupera\u00e7\u00e3o de parte dos preju\u00edzos causados pelas tempestades.<\/li>\n<\/ul>\n","protected":false},"author":2,"featured_media":217035,"comment_status":"closed","ping_status":"closed","sticky":false,"template":"","format":"standard","meta":{"footnotes":""},"categories":[1],"tags":[6075,5215,5888,2745,320,3416],"class_list":["post-217033","post","type-post","status-publish","format-standard","has-post-thumbnail","hentry","category-noticias","tag-aps","tag-catastrofes-naturais","tag-fundo-de-catastrofes","tag-indenizacoes","tag-protecao-civil","tag-seguro"],"yoast_head":"<!-- This site is optimized with the Yoast SEO plugin v27.2 - https:\/\/yoast.com\/product\/yoast-seo-wordpress\/ -->\n<title>Seguros v\u00e3o pagar mais de 500 milh\u00f5es por danos causados pelas tempestades - Portal Tela Portugal<\/title>\n<meta name=\"robots\" content=\"index, follow, max-snippet:-1, max-image-preview:large, max-video-preview:-1\" \/>\n<meta property=\"og:locale\" content=\"pt_PT\" \/>\n<meta property=\"og:type\" content=\"article\" \/>\n<meta property=\"og:title\" content=\"Seguros v\u00e3o pagar mais de 500 milh\u00f5es por danos causados pelas tempestades - Portal Tela Portugal\" \/>\n<meta property=\"og:description\" content=\"Seguros v\u00e3o pagar mais de 500 milh\u00f5es de euros por danos causados pelas tempestades, segundo a Associa\u00e7\u00e3o Portuguesa de Seguradores (APS). At\u00e9 ao momento, o total estimado de preju\u00edzos \u00e9 de cerca de 260 milh\u00f5es de euros, incluindo o que j\u00e1 foi pago ou provisionado pelas seguradoras. Este valor \u00e9 provis\u00f3rio; o montante final pode ser superior, pois ainda h\u00e1 preju\u00edzos por avaliar e o per\u00edodo de an\u00e1lise termina a 3 de fevereiro. As seguradoras est\u00e3o a avaliar os preju\u00edzos e o setor est\u00e1 preparado para fazer face \u00e0s indemniza\u00e7\u00f5es, conforme afirmou o presidente da APS, Jo\u00e3o Barros. Barros pediu ao Governo que avance com o fundo de cat\u00e1strofes para permitir a recupera\u00e7\u00e3o de parte dos preju\u00edzos causados pelas tempestades.\" \/>\n<meta property=\"og:url\" content=\"https:\/\/portaltela.pt\/noticias\/2026\/02\/19\/seguros-vao-pagar-mais-de-500-milhoes-por-danos-causados-pelas-tempestades\/\" \/>\n<meta property=\"og:site_name\" content=\"Portal Tela Portugal\" \/>\n<meta property=\"article:published_time\" content=\"2026-02-19T08:01:51+00:00\" \/>\n<meta name=\"author\" content=\"Telinha\" \/>\n<meta name=\"twitter:card\" content=\"summary_large_image\" \/>\n<meta name=\"twitter:label1\" content=\"Escrito por\" \/>\n\t<meta name=\"twitter:data1\" content=\"Telinha\" \/>\n\t<meta name=\"twitter:label2\" content=\"Tempo estimado de leitura\" \/>\n\t<meta name=\"twitter:data2\" content=\"1 minuto\" \/>\n<script type=\"application\/ld+json\" class=\"yoast-schema-graph\">{\"@context\":\"https:\/\/schema.org\",\"@graph\":[{\"@type\":\"Article\",\"@id\":\"https:\/\/portaltela.pt\/noticias\/2026\/02\/19\/seguros-vao-pagar-mais-de-500-milhoes-por-danos-causados-pelas-tempestades\/#article\",\"isPartOf\":{\"@id\":\"https:\/\/portaltela.pt\/noticias\/2026\/02\/19\/seguros-vao-pagar-mais-de-500-milhoes-por-danos-causados-pelas-tempestades\/\"},\"author\":{\"name\":\"Telinha\",\"@id\":\"https:\/\/portaltela.pt\/#\/schema\/person\/c4278d4a6028830caff9ee44b42d32ed\"},\"headline\":\"Seguros v\u00e3o pagar mais de 500 milh\u00f5es por danos causados pelas tempestades\",\"datePublished\":\"2026-02-19T08:01:51+00:00\",\"mainEntityOfPage\":{\"@id\":\"https:\/\/portaltela.pt\/noticias\/2026\/02\/19\/seguros-vao-pagar-mais-de-500-milhoes-por-danos-causados-pelas-tempestades\/\"},\"wordCount\":212,\"image\":{\"@id\":\"https:\/\/portaltela.pt\/noticias\/2026\/02\/19\/seguros-vao-pagar-mais-de-500-milhoes-por-danos-causados-pelas-tempestades\/#primaryimage\"},\"thumbnailUrl\":\"https:\/\/portaltela.pt\/s.01k8rhncp4jt1\/2026\/02\/dn2F2026-02-182Fn0pi3l692FDN28012026REINALDORODRIGUES080.jpg\",\"keywords\":[\"APS\",\"cat\u00e1strofes naturais\",\"Fundo de Cat\u00e1strofes\",\"indeniza\u00e7\u00f5es\",\"prote\u00e7\u00e3o civil\",\"Seguro\"],\"articleSection\":[\"Not\u00edcias\"],\"inLanguage\":\"pt-PT\"},{\"@type\":\"WebPage\",\"@id\":\"https:\/\/portaltela.pt\/noticias\/2026\/02\/19\/seguros-vao-pagar-mais-de-500-milhoes-por-danos-causados-pelas-tempestades\/\",\"url\":\"https:\/\/portaltela.pt\/noticias\/2026\/02\/19\/seguros-vao-pagar-mais-de-500-milhoes-por-danos-causados-pelas-tempestades\/\",\"name\":\"Seguros v\u00e3o pagar mais de 500 milh\u00f5es por danos causados pelas tempestades - Portal Tela Portugal\",\"isPartOf\":{\"@id\":\"https:\/\/portaltela.pt\/#website\"},\"primaryImageOfPage\":{\"@id\":\"https:\/\/portaltela.pt\/noticias\/2026\/02\/19\/seguros-vao-pagar-mais-de-500-milhoes-por-danos-causados-pelas-tempestades\/#primaryimage\"},\"image\":{\"@id\":\"https:\/\/portaltela.pt\/noticias\/2026\/02\/19\/seguros-vao-pagar-mais-de-500-milhoes-por-danos-causados-pelas-tempestades\/#primaryimage\"},\"thumbnailUrl\":\"https:\/\/portaltela.pt\/s.01k8rhncp4jt1\/2026\/02\/dn2F2026-02-182Fn0pi3l692FDN28012026REINALDORODRIGUES080.jpg\",\"datePublished\":\"2026-02-19T08:01:51+00:00\",\"author\":{\"@id\":\"https:\/\/portaltela.pt\/#\/schema\/person\/c4278d4a6028830caff9ee44b42d32ed\"},\"breadcrumb\":{\"@id\":\"https:\/\/portaltela.pt\/noticias\/2026\/02\/19\/seguros-vao-pagar-mais-de-500-milhoes-por-danos-causados-pelas-tempestades\/#breadcrumb\"},\"inLanguage\":\"pt-PT\",\"potentialAction\":[{\"@type\":\"ReadAction\",\"target\":[\"https:\/\/portaltela.pt\/noticias\/2026\/02\/19\/seguros-vao-pagar-mais-de-500-milhoes-por-danos-causados-pelas-tempestades\/\"]}]},{\"@type\":\"ImageObject\",\"inLanguage\":\"pt-PT\",\"@id\":\"https:\/\/portaltela.pt\/noticias\/2026\/02\/19\/seguros-vao-pagar-mais-de-500-milhoes-por-danos-causados-pelas-tempestades\/#primaryimage\",\"url\":\"https:\/\/portaltela.pt\/s.01k8rhncp4jt1\/2026\/02\/dn2F2026-02-182Fn0pi3l692FDN28012026REINALDORODRIGUES080.jpg\",\"contentUrl\":\"https:\/\/portaltela.pt\/s.01k8rhncp4jt1\/2026\/02\/dn2F2026-02-182Fn0pi3l692FDN28012026REINALDORODRIGUES080.jpg\",\"width\":1200,\"height\":800,\"caption\":\"Reinaldo Rodrigues\"},{\"@type\":\"BreadcrumbList\",\"@id\":\"https:\/\/portaltela.pt\/noticias\/2026\/02\/19\/seguros-vao-pagar-mais-de-500-milhoes-por-danos-causados-pelas-tempestades\/#breadcrumb\",\"itemListElement\":[{\"@type\":\"ListItem\",\"position\":1,\"name\":\"In\u00edcio\",\"item\":\"https:\/\/portaltela.pt\/\"},{\"@type\":\"ListItem\",\"position\":2,\"name\":\"Seguros v\u00e3o pagar mais de 500 milh\u00f5es por danos causados pelas tempestades\"}]},{\"@type\":\"WebSite\",\"@id\":\"https:\/\/portaltela.pt\/#website\",\"url\":\"https:\/\/portaltela.pt\/\",\"name\":\"Portal Tela Portugal\",\"description\":\"\",\"potentialAction\":[{\"@type\":\"SearchAction\",\"target\":{\"@type\":\"EntryPoint\",\"urlTemplate\":\"https:\/\/portaltela.pt\/?s={search_term_string}\"},\"query-input\":{\"@type\":\"PropertyValueSpecification\",\"valueRequired\":true,\"valueName\":\"search_term_string\"}}],\"inLanguage\":\"pt-PT\"},{\"@type\":\"Person\",\"@id\":\"https:\/\/portaltela.pt\/#\/schema\/person\/c4278d4a6028830caff9ee44b42d32ed\",\"name\":\"Telinha\",\"image\":{\"@type\":\"ImageObject\",\"inLanguage\":\"pt-PT\",\"@id\":\"https:\/\/portaltela.pt\/s.01k8rhncp4jt1\/2025\/11\/talking-bot-125x125.png\",\"url\":\"https:\/\/portaltela.pt\/s.01k8rhncp4jt1\/2025\/11\/talking-bot-125x125.png\",\"contentUrl\":\"https:\/\/portaltela.pt\/s.01k8rhncp4jt1\/2025\/11\/talking-bot-125x125.png\",\"caption\":\"Telinha\"},\"sameAs\":[\"https:\/\/portaltela.pt\/\"],\"url\":\"https:\/\/portaltela.pt\/por\/367410592786\/\"}]}<\/script>\n<!-- \/ Yoast SEO plugin. -->","yoast_head_json":{"title":"Seguros v\u00e3o pagar mais de 500 milh\u00f5es por danos causados pelas tempestades - Portal Tela Portugal","robots":{"index":"index","follow":"follow","max-snippet":"max-snippet:-1","max-image-preview":"max-image-preview:large","max-video-preview":"max-video-preview:-1"},"og_locale":"pt_PT","og_type":"article","og_title":"Seguros v\u00e3o pagar mais de 500 milh\u00f5es por danos causados pelas tempestades - Portal Tela Portugal","og_description":"Seguros v\u00e3o pagar mais de 500 milh\u00f5es de euros por danos causados pelas tempestades, segundo a Associa\u00e7\u00e3o Portuguesa de Seguradores (APS). At\u00e9 ao momento, o total estimado de preju\u00edzos \u00e9 de cerca de 260 milh\u00f5es de euros, incluindo o que j\u00e1 foi pago ou provisionado pelas seguradoras. Este valor \u00e9 provis\u00f3rio; o montante final pode ser superior, pois ainda h\u00e1 preju\u00edzos por avaliar e o per\u00edodo de an\u00e1lise termina a 3 de fevereiro. As seguradoras est\u00e3o a avaliar os preju\u00edzos e o setor est\u00e1 preparado para fazer face \u00e0s indemniza\u00e7\u00f5es, conforme afirmou o presidente da APS, Jo\u00e3o Barros. Barros pediu ao Governo que avance com o fundo de cat\u00e1strofes para permitir a recupera\u00e7\u00e3o de parte dos preju\u00edzos causados pelas tempestades.","og_url":"https:\/\/portaltela.pt\/noticias\/2026\/02\/19\/seguros-vao-pagar-mais-de-500-milhoes-por-danos-causados-pelas-tempestades\/","og_site_name":"Portal Tela Portugal","article_published_time":"2026-02-19T08:01:51+00:00","author":"Telinha","twitter_card":"summary_large_image","twitter_misc":{"Escrito por":"Telinha","Tempo estimado de leitura":"1 minuto"},"schema":{"@context":"https:\/\/schema.org","@graph":[{"@type":"Article","@id":"https:\/\/portaltela.pt\/noticias\/2026\/02\/19\/seguros-vao-pagar-mais-de-500-milhoes-por-danos-causados-pelas-tempestades\/#article","isPartOf":{"@id":"https:\/\/portaltela.pt\/noticias\/2026\/02\/19\/seguros-vao-pagar-mais-de-500-milhoes-por-danos-causados-pelas-tempestades\/"},"author":{"name":"Telinha","@id":"https:\/\/portaltela.pt\/#\/schema\/person\/c4278d4a6028830caff9ee44b42d32ed"},"headline":"Seguros v\u00e3o pagar mais de 500 milh\u00f5es por danos causados pelas tempestades","datePublished":"2026-02-19T08:01:51+00:00","mainEntityOfPage":{"@id":"https:\/\/portaltela.pt\/noticias\/2026\/02\/19\/seguros-vao-pagar-mais-de-500-milhoes-por-danos-causados-pelas-tempestades\/"},"wordCount":212,"image":{"@id":"https:\/\/portaltela.pt\/noticias\/2026\/02\/19\/seguros-vao-pagar-mais-de-500-milhoes-por-danos-causados-pelas-tempestades\/#primaryimage"},"thumbnailUrl":"https:\/\/portaltela.pt\/s.01k8rhncp4jt1\/2026\/02\/dn2F2026-02-182Fn0pi3l692FDN28012026REINALDORODRIGUES080.jpg","keywords":["APS","cat\u00e1strofes naturais","Fundo de Cat\u00e1strofes","indeniza\u00e7\u00f5es","prote\u00e7\u00e3o civil","Seguro"],"articleSection":["Not\u00edcias"],"inLanguage":"pt-PT"},{"@type":"WebPage","@id":"https:\/\/portaltela.pt\/noticias\/2026\/02\/19\/seguros-vao-pagar-mais-de-500-milhoes-por-danos-causados-pelas-tempestades\/","url":"https:\/\/portaltela.pt\/noticias\/2026\/02\/19\/seguros-vao-pagar-mais-de-500-milhoes-por-danos-causados-pelas-tempestades\/","name":"Seguros v\u00e3o pagar mais de 500 milh\u00f5es por danos causados pelas tempestades - Portal Tela Portugal","isPartOf":{"@id":"https:\/\/portaltela.pt\/#website"},"primaryImageOfPage":{"@id":"https:\/\/portaltela.pt\/noticias\/2026\/02\/19\/seguros-vao-pagar-mais-de-500-milhoes-por-danos-causados-pelas-tempestades\/#primaryimage"},"image":{"@id":"https:\/\/portaltela.pt\/noticias\/2026\/02\/19\/seguros-vao-pagar-mais-de-500-milhoes-por-danos-causados-pelas-tempestades\/#primaryimage"},"thumbnailUrl":"https:\/\/portaltela.pt\/s.01k8rhncp4jt1\/2026\/02\/dn2F2026-02-182Fn0pi3l692FDN28012026REINALDORODRIGUES080.jpg","datePublished":"2026-02-19T08:01:51+00:00","author":{"@id":"https:\/\/portaltela.pt\/#\/schema\/person\/c4278d4a6028830caff9ee44b42d32ed"},"breadcrumb":{"@id":"https:\/\/portaltela.pt\/noticias\/2026\/02\/19\/seguros-vao-pagar-mais-de-500-milhoes-por-danos-causados-pelas-tempestades\/#breadcrumb"},"inLanguage":"pt-PT","potentialAction":[{"@type":"ReadAction","target":["https:\/\/portaltela.pt\/noticias\/2026\/02\/19\/seguros-vao-pagar-mais-de-500-milhoes-por-danos-causados-pelas-tempestades\/"]}]},{"@type":"ImageObject","inLanguage":"pt-PT","@id":"https:\/\/portaltela.pt\/noticias\/2026\/02\/19\/seguros-vao-pagar-mais-de-500-milhoes-por-danos-causados-pelas-tempestades\/#primaryimage","url":"https:\/\/portaltela.pt\/s.01k8rhncp4jt1\/2026\/02\/dn2F2026-02-182Fn0pi3l692FDN28012026REINALDORODRIGUES080.jpg","contentUrl":"https:\/\/portaltela.pt\/s.01k8rhncp4jt1\/2026\/02\/dn2F2026-02-182Fn0pi3l692FDN28012026REINALDORODRIGUES080.jpg","width":1200,"height":800,"caption":"Reinaldo Rodrigues"},{"@type":"BreadcrumbList","@id":"https:\/\/portaltela.pt\/noticias\/2026\/02\/19\/seguros-vao-pagar-mais-de-500-milhoes-por-danos-causados-pelas-tempestades\/#breadcrumb","itemListElement":[{"@type":"ListItem","position":1,"name":"In\u00edcio","item":"https:\/\/portaltela.pt\/"},{"@type":"ListItem","position":2,"name":"Seguros v\u00e3o pagar mais de 500 milh\u00f5es por danos causados pelas tempestades"}]},{"@type":"WebSite","@id":"https:\/\/portaltela.pt\/#website","url":"https:\/\/portaltela.pt\/","name":"Portal Tela Portugal","description":"","potentialAction":[{"@type":"SearchAction","target":{"@type":"EntryPoint","urlTemplate":"https:\/\/portaltela.pt\/?s={search_term_string}"},"query-input":{"@type":"PropertyValueSpecification","valueRequired":true,"valueName":"search_term_string"}}],"inLanguage":"pt-PT"},{"@type":"Person","@id":"https:\/\/portaltela.pt\/#\/schema\/person\/c4278d4a6028830caff9ee44b42d32ed","name":"Telinha","image":{"@type":"ImageObject","inLanguage":"pt-PT","@id":"https:\/\/portaltela.pt\/s.01k8rhncp4jt1\/2025\/11\/talking-bot-125x125.png","url":"https:\/\/portaltela.pt\/s.01k8rhncp4jt1\/2025\/11\/talking-bot-125x125.png","contentUrl":"https:\/\/portaltela.pt\/s.01k8rhncp4jt1\/2025\/11\/talking-bot-125x125.png","caption":"Telinha"},"sameAs":["https:\/\/portaltela.pt\/"],"url":"https:\/\/portaltela.pt\/por\/367410592786\/"}]}},"_links":{"self":[{"href":"https:\/\/portaltela.pt\/api\/wp\/v2\/posts\/217033","targetHints":{"allow":["GET"]}}],"collection":[{"href":"https:\/\/portaltela.pt\/api\/wp\/v2\/posts"}],"about":[{"href":"https:\/\/portaltela.pt\/api\/wp\/v2\/types\/post"}],"author":[{"embeddable":true,"href":"https:\/\/portaltela.pt\/api\/wp\/v2\/users\/2"}],"replies":[{"embeddable":true,"href":"https:\/\/portaltela.pt\/api\/wp\/v2\/comments?post=217033"}],"version-history":[{"count":0,"href":"https:\/\/portaltela.pt\/api\/wp\/v2\/posts\/217033\/revisions"}],"wp:featuredmedia":[{"embeddable":true,"href":"https:\/\/portaltela.pt\/api\/wp\/v2\/media\/217035"}],"wp:attachment":[{"href":"https:\/\/portaltela.pt\/api\/wp\/v2\/media?parent=217033"}],"wp:term":[{"taxonomy":"category","embeddable":true,"href":"https:\/\/portaltela.pt\/api\/wp\/v2\/categories?post=217033"},{"taxonomy":"post_tag","embeddable":true,"href":"https:\/\/portaltela.pt\/api\/wp\/v2\/tags?post=217033"}],"curies":[{"name":"wp","href":"https:\/\/api.w.org\/{rel}","templated":true}]}}