{"id":217014,"date":"2026-02-19T03:30:00","date_gmt":"2026-02-19T06:30:00","guid":{"rendered":"https:\/\/portaltela.pt\/noticias\/2026\/02\/19\/autarca-de-leiria-pede-maior-controlo-para-empresas-como-a-e-redes\/"},"modified":"2026-02-19T03:30:00","modified_gmt":"2026-02-19T06:30:00","slug":"autarca-de-leiria-pede-maior-controlo-para-empresas-como-a-e-redes","status":"publish","type":"post","link":"https:\/\/portaltela.pt\/noticias\/politica\/2026\/02\/19\/autarca-de-leiria-pede-maior-controlo-para-empresas-como-a-e-redes\/","title":{"rendered":"Autarca de Leiria pede maior controlo para empresas como a E-Redes"},"content":{"rendered":"<p>O presidente da C\u00e2mara Municipal de Leiria, Gon\u00e7alo Lopes, reivindica um refor\u00e7o do controlo sobre empresas como a E-Redes, ap\u00f3s a passagem da depress\u00e3o Kristin pelo concelho. Em entrevista ao Hora da Verdade, ele defende uma reformula\u00e7\u00e3o da Prote\u00e7\u00e3o Civil e um plano de ajuda p\u00fablico mais robusto para dinamizar a recupera\u00e7\u00e3o econ\u00f3mica local.<\/p>\n<p>Lide e contexto imediato: Lopes tem acompanhado a crise desde o epicentro, no quartel dos Bombeiros Sapadores, onde montou o gabinete de crise. O autarca admitiu ter ficado com uma percep\u00e7\u00e3o de atraso na resposta central e pediu uma vis\u00e3o mais integrada entre governo, CCDR e autarquias.<\/p>\n<p>Custos e preju\u00edzos: os n\u00fameros sobre preju\u00edzos ainda est\u00e3o a ser apurados. A autarquia j\u00e1 contabiliza 14 milh\u00f5es de euros em despesas de limpeza e restabelecimento de servi\u00e7os m\u00ednimos. Em habita\u00e7\u00e3o, existem cerca de 3 500 candidaturas por confirmar. Na economia, h\u00e1 aproximadamente 700 candidaturas com potencial de custo de 200 milh\u00f5es de euros, elevando o total para perto de 700 milh\u00f5es.<\/p>\n<h3>Apoios estatais em avalia\u00e7\u00e3o<\/h3>\n<p>O autarca questiona se o pacote de apoio de 2,5 mil milh\u00f5es de euros chegou \u00e0s empresas e reconhece que n\u00e3o h\u00e1 confirma\u00e7\u00e3o sobre a valida\u00e7\u00e3o de candidaturas. Lopes ressalva a necessidade de evitar pagamentos injustos e de ativar mecanismos de revers\u00e3o caso haja falhas.<\/p>\n<p>Di\u00e1logo com o Governo: Lopes descreve o di\u00e1logo com o Governo como dif\u00edcil pela aus\u00eancia de informa\u00e7\u00f5es. Explica que espera que o PTRR seja refor\u00e7ado com uma coordena\u00e7\u00e3o mais clara entre Estado central, autarquias e regi\u00f5es, com envolvimento das CCDR.<\/p>\n<p>Impacto econ\u00f3mico local: a falta de eletricidade em v\u00e1rias zonas e a depend\u00eancia de redes privadas para servi\u00e7os estrat\u00e9gicos geram risco de novas paragens. O autarca sugere que a gest\u00e3o de infraestruturas importantes, como redes el\u00e9tricas, exija maior regula\u00e7\u00e3o e poss\u00edvel retalho p\u00fablico.<\/p>\n<h3>E-Redes e seguran\u00e7a energ\u00e9tica<\/h3>\n<p>Lopes afirma que h\u00e1 vulnerabilidade na distribui\u00e7\u00e3o de energia e defende um controlo mais apertado sobre empresas privadas que operam redes cr\u00edticas. Aponta a necessidade de uma estrat\u00e9gia de investimento que inclua resili\u00eancia, prote\u00e7\u00e3o e capacidade de resposta a crises.<\/p>\n<p>Perspetivas para o futuro imediato: o autarca alerta que, sem apoios adequados, o desemprego pode subir, com impacto em setores como metalomec\u00e2nica e constru\u00e7\u00e3o civil. Prop\u00f5e solu\u00e7\u00f5es de apoio \u00e0 tesouraria com prazos mais longos e maior possibilidade de fundos perdidos para estimular a recupera\u00e7\u00e3o.<\/p>\n<p>Conselhos institucionais: Lopes considera crucial a coopera\u00e7\u00e3o entre o Estado, o poder local e regional, bem como a participa\u00e7\u00e3o cont\u00ednua de embaixadas comunit\u00e1rias. Defende uma reformula\u00e7\u00e3o da Prote\u00e7\u00e3o Civil para responder a novos cen\u00e1rios de risco.<\/p>\n<p>Relato pol\u00edtico e institucional: o autarca reflete sobre o papel do Presidente da Rep\u00fablica e reconhece o apoio de Marcelo Rebelo de Sousa nestas semanas. Encerra com a ideia de que a recupera\u00e7\u00e3o exige esfor\u00e7o conjunto entre todos os n\u00edveis de poder.<\/p>\n","protected":false},"excerpt":{"rendered":"<ul>\n<li>O presidente da C\u00e2mara de Leiria, Gon\u00e7alo Lopes, pediu um plano de ajudas do Governo mais muscular, criticando a gest\u00e3o da Prote\u00e7\u00e3o Civil e pedindo maior controlo a empresas como a E\u2011Redes.<\/li>\n<li>A autarquia j\u00e1 gasta 14 milh\u00f5es de euros em limpeza para restabelecer servi\u00e7os m\u00ednimos; h\u00e1 23 milh\u00f5es de euros em candidaturas de fam\u00edlias para apoio \u00e0 habita\u00e7\u00e3o e cerca de 200 milh\u00f5es de euros em candidaturas de empresas, com a estimativa de preju\u00edzos na ordem dos 700 milh\u00f5es de euros.<\/li>\n<li>Questiona se o apoio do Estado central tem sido suficiente e afirma que algumas candidaturas ainda n\u00e3o est\u00e3o validadas, indicando preocupa\u00e7\u00e3o com eventual atribui\u00e7\u00e3o incorreta de verbas.<\/li>\n<li>Defende a reformula\u00e7\u00e3o da Prote\u00e7\u00e3o Civil e uma maior interven\u00e7\u00e3o do Estado na gest\u00e3o de redes estrat\u00e9gicas de energia, como a E\u2011Redes, para evitar que estas fiquem \u201cintoc\u00e1veis\u201d.<\/li>\n<li>Refor\u00e7a a necessidade de dinheiro, coordena\u00e7\u00e3o entre n\u00edveis de governo (Estado, autarquias e CCDR) e apoio da Uni\u00e3o Europeia, advertindo que, sem cont\u00e1gio controlado, o impacto econ\u00f3mico no pa\u00eds pode ser grave.<\/li>\n<\/ul>\n","protected":false},"author":2,"featured_media":217017,"comment_status":"closed","ping_status":"closed","sticky":false,"template":"","format":"standard","meta":{"footnotes":""},"categories":[1,5],"tags":[2706,5037,34,1385,320,5113],"class_list":["post-217014","post","type-post","status-publish","format-standard","has-post-thumbnail","hentry","category-noticias","category-politica","tag-autarquias","tag-e-redes","tag-governo","tag-leiria","tag-protecao-civil","tag-redes-eletricas"],"yoast_head":"<!-- This site is optimized with the Yoast SEO plugin v27.2 - https:\/\/yoast.com\/product\/yoast-seo-wordpress\/ -->\n<title>Autarca de Leiria pede maior controlo para empresas como a E-Redes - Portal Tela Portugal<\/title>\n<meta name=\"robots\" content=\"index, follow, max-snippet:-1, max-image-preview:large, max-video-preview:-1\" \/>\n<meta property=\"og:locale\" content=\"pt_PT\" \/>\n<meta property=\"og:type\" content=\"article\" \/>\n<meta property=\"og:title\" content=\"Autarca de Leiria pede maior controlo para empresas como a E-Redes - Portal Tela Portugal\" \/>\n<meta property=\"og:description\" content=\"O presidente da C\u00e2mara de Leiria, Gon\u00e7alo Lopes, pediu um plano de ajudas do Governo mais muscular, criticando a gest\u00e3o da Prote\u00e7\u00e3o Civil e pedindo maior controlo a empresas como a E\u2011Redes. A autarquia j\u00e1 gasta 14 milh\u00f5es de euros em limpeza para restabelecer servi\u00e7os m\u00ednimos; h\u00e1 23 milh\u00f5es de euros em candidaturas de fam\u00edlias para apoio \u00e0 habita\u00e7\u00e3o e cerca de 200 milh\u00f5es de euros em candidaturas de empresas, com a estimativa de preju\u00edzos na ordem dos 700 milh\u00f5es de euros. Questiona se o apoio do Estado central tem sido suficiente e afirma que algumas candidaturas ainda n\u00e3o est\u00e3o validadas, indicando preocupa\u00e7\u00e3o com eventual atribui\u00e7\u00e3o incorreta de verbas. Defende a reformula\u00e7\u00e3o da Prote\u00e7\u00e3o Civil e uma maior interven\u00e7\u00e3o do Estado na gest\u00e3o de redes estrat\u00e9gicas de energia, como a E\u2011Redes, para evitar que estas fiquem \u201cintoc\u00e1veis\u201d. Refor\u00e7a a necessidade de dinheiro, coordena\u00e7\u00e3o entre n\u00edveis de governo (Estado, autarquias e CCDR) e apoio da Uni\u00e3o Europeia, advertindo que, sem cont\u00e1gio controlado, o impacto econ\u00f3mico no pa\u00eds pode ser grave.\" \/>\n<meta property=\"og:url\" content=\"https:\/\/portaltela.pt\/noticias\/2026\/02\/19\/autarca-de-leiria-pede-maior-controlo-para-empresas-como-a-e-redes\/\" \/>\n<meta property=\"og:site_name\" content=\"Portal Tela Portugal\" \/>\n<meta property=\"article:published_time\" content=\"2026-02-19T06:30:00+00:00\" \/>\n<meta name=\"author\" content=\"Telinha\" \/>\n<meta name=\"twitter:card\" content=\"summary_large_image\" \/>\n<meta name=\"twitter:label1\" content=\"Escrito por\" \/>\n\t<meta name=\"twitter:data1\" content=\"Telinha\" \/>\n\t<meta name=\"twitter:label2\" content=\"Tempo estimado de leitura\" \/>\n\t<meta name=\"twitter:data2\" content=\"3 minutos\" \/>\n<script type=\"application\/ld+json\" class=\"yoast-schema-graph\">{\"@context\":\"https:\/\/schema.org\",\"@graph\":[{\"@type\":\"Article\",\"@id\":\"https:\/\/portaltela.pt\/noticias\/2026\/02\/19\/autarca-de-leiria-pede-maior-controlo-para-empresas-como-a-e-redes\/#article\",\"isPartOf\":{\"@id\":\"https:\/\/portaltela.pt\/noticias\/2026\/02\/19\/autarca-de-leiria-pede-maior-controlo-para-empresas-como-a-e-redes\/\"},\"author\":{\"name\":\"Telinha\",\"@id\":\"https:\/\/portaltela.pt\/#\/schema\/person\/c4278d4a6028830caff9ee44b42d32ed\"},\"headline\":\"Autarca de Leiria pede maior controlo para empresas como a E-Redes\",\"datePublished\":\"2026-02-19T06:30:00+00:00\",\"mainEntityOfPage\":{\"@id\":\"https:\/\/portaltela.pt\/noticias\/2026\/02\/19\/autarca-de-leiria-pede-maior-controlo-para-empresas-como-a-e-redes\/\"},\"wordCount\":535,\"image\":{\"@id\":\"https:\/\/portaltela.pt\/noticias\/2026\/02\/19\/autarca-de-leiria-pede-maior-controlo-para-empresas-como-a-e-redes\/#primaryimage\"},\"thumbnailUrl\":\"https:\/\/portaltela.pt\/s.01k8rhncp4jt1\/2026\/02\/2068178.jpg\",\"keywords\":[\"autarquias\",\"E-Redes\",\"governo\",\"Leiria\",\"prote\u00e7\u00e3o civil\",\"redes el\u00e9tricas\"],\"articleSection\":[\"Not\u00edcias\",\"Pol\u00edtica\"],\"inLanguage\":\"pt-PT\"},{\"@type\":\"WebPage\",\"@id\":\"https:\/\/portaltela.pt\/noticias\/2026\/02\/19\/autarca-de-leiria-pede-maior-controlo-para-empresas-como-a-e-redes\/\",\"url\":\"https:\/\/portaltela.pt\/noticias\/2026\/02\/19\/autarca-de-leiria-pede-maior-controlo-para-empresas-como-a-e-redes\/\",\"name\":\"Autarca de Leiria pede maior controlo para empresas como a E-Redes - Portal Tela Portugal\",\"isPartOf\":{\"@id\":\"https:\/\/portaltela.pt\/#website\"},\"primaryImageOfPage\":{\"@id\":\"https:\/\/portaltela.pt\/noticias\/2026\/02\/19\/autarca-de-leiria-pede-maior-controlo-para-empresas-como-a-e-redes\/#primaryimage\"},\"image\":{\"@id\":\"https:\/\/portaltela.pt\/noticias\/2026\/02\/19\/autarca-de-leiria-pede-maior-controlo-para-empresas-como-a-e-redes\/#primaryimage\"},\"thumbnailUrl\":\"https:\/\/portaltela.pt\/s.01k8rhncp4jt1\/2026\/02\/2068178.jpg\",\"datePublished\":\"2026-02-19T06:30:00+00:00\",\"author\":{\"@id\":\"https:\/\/portaltela.pt\/#\/schema\/person\/c4278d4a6028830caff9ee44b42d32ed\"},\"breadcrumb\":{\"@id\":\"https:\/\/portaltela.pt\/noticias\/2026\/02\/19\/autarca-de-leiria-pede-maior-controlo-para-empresas-como-a-e-redes\/#breadcrumb\"},\"inLanguage\":\"pt-PT\",\"potentialAction\":[{\"@type\":\"ReadAction\",\"target\":[\"https:\/\/portaltela.pt\/noticias\/2026\/02\/19\/autarca-de-leiria-pede-maior-controlo-para-empresas-como-a-e-redes\/\"]}]},{\"@type\":\"ImageObject\",\"inLanguage\":\"pt-PT\",\"@id\":\"https:\/\/portaltela.pt\/noticias\/2026\/02\/19\/autarca-de-leiria-pede-maior-controlo-para-empresas-como-a-e-redes\/#primaryimage\",\"url\":\"https:\/\/portaltela.pt\/s.01k8rhncp4jt1\/2026\/02\/2068178.jpg\",\"contentUrl\":\"https:\/\/portaltela.pt\/s.01k8rhncp4jt1\/2026\/02\/2068178.jpg\",\"width\":796,\"height\":448,\"caption\":\"Gon\u00e7alo Lopes\"},{\"@type\":\"BreadcrumbList\",\"@id\":\"https:\/\/portaltela.pt\/noticias\/2026\/02\/19\/autarca-de-leiria-pede-maior-controlo-para-empresas-como-a-e-redes\/#breadcrumb\",\"itemListElement\":[{\"@type\":\"ListItem\",\"position\":1,\"name\":\"In\u00edcio\",\"item\":\"https:\/\/portaltela.pt\/\"},{\"@type\":\"ListItem\",\"position\":2,\"name\":\"Autarca de Leiria pede maior controlo para empresas como a E-Redes\"}]},{\"@type\":\"WebSite\",\"@id\":\"https:\/\/portaltela.pt\/#website\",\"url\":\"https:\/\/portaltela.pt\/\",\"name\":\"Portal Tela Portugal\",\"description\":\"\",\"potentialAction\":[{\"@type\":\"SearchAction\",\"target\":{\"@type\":\"EntryPoint\",\"urlTemplate\":\"https:\/\/portaltela.pt\/?s={search_term_string}\"},\"query-input\":{\"@type\":\"PropertyValueSpecification\",\"valueRequired\":true,\"valueName\":\"search_term_string\"}}],\"inLanguage\":\"pt-PT\"},{\"@type\":\"Person\",\"@id\":\"https:\/\/portaltela.pt\/#\/schema\/person\/c4278d4a6028830caff9ee44b42d32ed\",\"name\":\"Telinha\",\"image\":{\"@type\":\"ImageObject\",\"inLanguage\":\"pt-PT\",\"@id\":\"https:\/\/portaltela.pt\/s.01k8rhncp4jt1\/2025\/11\/talking-bot-125x125.png\",\"url\":\"https:\/\/portaltela.pt\/s.01k8rhncp4jt1\/2025\/11\/talking-bot-125x125.png\",\"contentUrl\":\"https:\/\/portaltela.pt\/s.01k8rhncp4jt1\/2025\/11\/talking-bot-125x125.png\",\"caption\":\"Telinha\"},\"sameAs\":[\"https:\/\/portaltela.pt\/\"],\"url\":\"https:\/\/portaltela.pt\/por\/367410592786\/\"}]}<\/script>\n<!-- \/ Yoast SEO plugin. -->","yoast_head_json":{"title":"Autarca de Leiria pede maior controlo para empresas como a E-Redes - Portal Tela Portugal","robots":{"index":"index","follow":"follow","max-snippet":"max-snippet:-1","max-image-preview":"max-image-preview:large","max-video-preview":"max-video-preview:-1"},"og_locale":"pt_PT","og_type":"article","og_title":"Autarca de Leiria pede maior controlo para empresas como a E-Redes - Portal Tela Portugal","og_description":"O presidente da C\u00e2mara de Leiria, Gon\u00e7alo Lopes, pediu um plano de ajudas do Governo mais muscular, criticando a gest\u00e3o da Prote\u00e7\u00e3o Civil e pedindo maior controlo a empresas como a E\u2011Redes. A autarquia j\u00e1 gasta 14 milh\u00f5es de euros em limpeza para restabelecer servi\u00e7os m\u00ednimos; h\u00e1 23 milh\u00f5es de euros em candidaturas de fam\u00edlias para apoio \u00e0 habita\u00e7\u00e3o e cerca de 200 milh\u00f5es de euros em candidaturas de empresas, com a estimativa de preju\u00edzos na ordem dos 700 milh\u00f5es de euros. Questiona se o apoio do Estado central tem sido suficiente e afirma que algumas candidaturas ainda n\u00e3o est\u00e3o validadas, indicando preocupa\u00e7\u00e3o com eventual atribui\u00e7\u00e3o incorreta de verbas. Defende a reformula\u00e7\u00e3o da Prote\u00e7\u00e3o Civil e uma maior interven\u00e7\u00e3o do Estado na gest\u00e3o de redes estrat\u00e9gicas de energia, como a E\u2011Redes, para evitar que estas fiquem \u201cintoc\u00e1veis\u201d. Refor\u00e7a a necessidade de dinheiro, coordena\u00e7\u00e3o entre n\u00edveis de governo (Estado, autarquias e CCDR) e apoio da Uni\u00e3o Europeia, advertindo que, sem cont\u00e1gio controlado, o impacto econ\u00f3mico no pa\u00eds pode ser grave.","og_url":"https:\/\/portaltela.pt\/noticias\/2026\/02\/19\/autarca-de-leiria-pede-maior-controlo-para-empresas-como-a-e-redes\/","og_site_name":"Portal Tela Portugal","article_published_time":"2026-02-19T06:30:00+00:00","author":"Telinha","twitter_card":"summary_large_image","twitter_misc":{"Escrito por":"Telinha","Tempo estimado de leitura":"3 minutos"},"schema":{"@context":"https:\/\/schema.org","@graph":[{"@type":"Article","@id":"https:\/\/portaltela.pt\/noticias\/2026\/02\/19\/autarca-de-leiria-pede-maior-controlo-para-empresas-como-a-e-redes\/#article","isPartOf":{"@id":"https:\/\/portaltela.pt\/noticias\/2026\/02\/19\/autarca-de-leiria-pede-maior-controlo-para-empresas-como-a-e-redes\/"},"author":{"name":"Telinha","@id":"https:\/\/portaltela.pt\/#\/schema\/person\/c4278d4a6028830caff9ee44b42d32ed"},"headline":"Autarca de Leiria pede maior controlo para empresas como a E-Redes","datePublished":"2026-02-19T06:30:00+00:00","mainEntityOfPage":{"@id":"https:\/\/portaltela.pt\/noticias\/2026\/02\/19\/autarca-de-leiria-pede-maior-controlo-para-empresas-como-a-e-redes\/"},"wordCount":535,"image":{"@id":"https:\/\/portaltela.pt\/noticias\/2026\/02\/19\/autarca-de-leiria-pede-maior-controlo-para-empresas-como-a-e-redes\/#primaryimage"},"thumbnailUrl":"https:\/\/portaltela.pt\/s.01k8rhncp4jt1\/2026\/02\/2068178.jpg","keywords":["autarquias","E-Redes","governo","Leiria","prote\u00e7\u00e3o civil","redes el\u00e9tricas"],"articleSection":["Not\u00edcias","Pol\u00edtica"],"inLanguage":"pt-PT"},{"@type":"WebPage","@id":"https:\/\/portaltela.pt\/noticias\/2026\/02\/19\/autarca-de-leiria-pede-maior-controlo-para-empresas-como-a-e-redes\/","url":"https:\/\/portaltela.pt\/noticias\/2026\/02\/19\/autarca-de-leiria-pede-maior-controlo-para-empresas-como-a-e-redes\/","name":"Autarca de Leiria pede maior controlo para empresas como a E-Redes - Portal Tela Portugal","isPartOf":{"@id":"https:\/\/portaltela.pt\/#website"},"primaryImageOfPage":{"@id":"https:\/\/portaltela.pt\/noticias\/2026\/02\/19\/autarca-de-leiria-pede-maior-controlo-para-empresas-como-a-e-redes\/#primaryimage"},"image":{"@id":"https:\/\/portaltela.pt\/noticias\/2026\/02\/19\/autarca-de-leiria-pede-maior-controlo-para-empresas-como-a-e-redes\/#primaryimage"},"thumbnailUrl":"https:\/\/portaltela.pt\/s.01k8rhncp4jt1\/2026\/02\/2068178.jpg","datePublished":"2026-02-19T06:30:00+00:00","author":{"@id":"https:\/\/portaltela.pt\/#\/schema\/person\/c4278d4a6028830caff9ee44b42d32ed"},"breadcrumb":{"@id":"https:\/\/portaltela.pt\/noticias\/2026\/02\/19\/autarca-de-leiria-pede-maior-controlo-para-empresas-como-a-e-redes\/#breadcrumb"},"inLanguage":"pt-PT","potentialAction":[{"@type":"ReadAction","target":["https:\/\/portaltela.pt\/noticias\/2026\/02\/19\/autarca-de-leiria-pede-maior-controlo-para-empresas-como-a-e-redes\/"]}]},{"@type":"ImageObject","inLanguage":"pt-PT","@id":"https:\/\/portaltela.pt\/noticias\/2026\/02\/19\/autarca-de-leiria-pede-maior-controlo-para-empresas-como-a-e-redes\/#primaryimage","url":"https:\/\/portaltela.pt\/s.01k8rhncp4jt1\/2026\/02\/2068178.jpg","contentUrl":"https:\/\/portaltela.pt\/s.01k8rhncp4jt1\/2026\/02\/2068178.jpg","width":796,"height":448,"caption":"Gon\u00e7alo Lopes"},{"@type":"BreadcrumbList","@id":"https:\/\/portaltela.pt\/noticias\/2026\/02\/19\/autarca-de-leiria-pede-maior-controlo-para-empresas-como-a-e-redes\/#breadcrumb","itemListElement":[{"@type":"ListItem","position":1,"name":"In\u00edcio","item":"https:\/\/portaltela.pt\/"},{"@type":"ListItem","position":2,"name":"Autarca de Leiria pede maior controlo para empresas como a E-Redes"}]},{"@type":"WebSite","@id":"https:\/\/portaltela.pt\/#website","url":"https:\/\/portaltela.pt\/","name":"Portal Tela Portugal","description":"","potentialAction":[{"@type":"SearchAction","target":{"@type":"EntryPoint","urlTemplate":"https:\/\/portaltela.pt\/?s={search_term_string}"},"query-input":{"@type":"PropertyValueSpecification","valueRequired":true,"valueName":"search_term_string"}}],"inLanguage":"pt-PT"},{"@type":"Person","@id":"https:\/\/portaltela.pt\/#\/schema\/person\/c4278d4a6028830caff9ee44b42d32ed","name":"Telinha","image":{"@type":"ImageObject","inLanguage":"pt-PT","@id":"https:\/\/portaltela.pt\/s.01k8rhncp4jt1\/2025\/11\/talking-bot-125x125.png","url":"https:\/\/portaltela.pt\/s.01k8rhncp4jt1\/2025\/11\/talking-bot-125x125.png","contentUrl":"https:\/\/portaltela.pt\/s.01k8rhncp4jt1\/2025\/11\/talking-bot-125x125.png","caption":"Telinha"},"sameAs":["https:\/\/portaltela.pt\/"],"url":"https:\/\/portaltela.pt\/por\/367410592786\/"}]}},"_links":{"self":[{"href":"https:\/\/portaltela.pt\/api\/wp\/v2\/posts\/217014","targetHints":{"allow":["GET"]}}],"collection":[{"href":"https:\/\/portaltela.pt\/api\/wp\/v2\/posts"}],"about":[{"href":"https:\/\/portaltela.pt\/api\/wp\/v2\/types\/post"}],"author":[{"embeddable":true,"href":"https:\/\/portaltela.pt\/api\/wp\/v2\/users\/2"}],"replies":[{"embeddable":true,"href":"https:\/\/portaltela.pt\/api\/wp\/v2\/comments?post=217014"}],"version-history":[{"count":0,"href":"https:\/\/portaltela.pt\/api\/wp\/v2\/posts\/217014\/revisions"}],"wp:featuredmedia":[{"embeddable":true,"href":"https:\/\/portaltela.pt\/api\/wp\/v2\/media\/217017"}],"wp:attachment":[{"href":"https:\/\/portaltela.pt\/api\/wp\/v2\/media?parent=217014"}],"wp:term":[{"taxonomy":"category","embeddable":true,"href":"https:\/\/portaltela.pt\/api\/wp\/v2\/categories?post=217014"},{"taxonomy":"post_tag","embeddable":true,"href":"https:\/\/portaltela.pt\/api\/wp\/v2\/tags?post=217014"}],"curies":[{"name":"wp","href":"https:\/\/api.w.org\/{rel}","templated":true}]}}