{"id":216955,"date":"2026-02-19T02:45:00","date_gmt":"2026-02-19T05:45:00","guid":{"rendered":"https:\/\/portaltela.pt\/noticias\/2026\/02\/19\/mario-moutinho-recebe-reconhecimento-ibero-americano-das-artes-cenicas\/"},"modified":"2026-02-19T02:45:00","modified_gmt":"2026-02-19T05:45:00","slug":"mario-moutinho-recebe-reconhecimento-ibero-americano-das-artes-cenicas","status":"publish","type":"post","link":"https:\/\/portaltela.pt\/noticias\/2026\/02\/19\/mario-moutinho-recebe-reconhecimento-ibero-americano-das-artes-cenicas\/","title":{"rendered":"M\u00e1rio Moutinho recebe Reconhecimento Ibero-Americano das Artes C\u00e9nicas"},"content":{"rendered":"<p>M\u00e1rio Moutinho recebeu o Reconhecimento Ibero-Americano das Artes C\u00e9nicas, conforme informa\u00e7\u00e3o associada \u00e0 ag\u00eancia Lusa.<\/p>\n<p>O material fornecido n\u00e3o detalha a data, o local da cerim\u00f3nia nem os motivos espec\u00edficos da distin\u00e7\u00e3o atribu\u00edda ao artista.<\/p>\n<p>A publica\u00e7\u00e3o acompanha uma imagem que retrata o momento da entrega do pr\u00e9mio. O conte\u00fado \u00e9 protegido por direitos de autor, n\u00e3o devendo ser utilizado fora das condi\u00e7\u00f5es legais.<\/p>\n<p>Este texto foi desenvolvido com base no conte\u00fado disponibilizado, sem informa\u00e7\u00f5es adicionais n\u00e3o constantes no material original.<\/p>\n","protected":false},"excerpt":{"rendered":"<ul>\n<li>M\u00e1rio Moutinho recebeu o Reconhecimento Ibero-Americano das Artes C\u00e9nicas.<\/li>\n<\/ul>\n","protected":false},"author":2,"featured_media":216958,"comment_status":"closed","ping_status":"closed","sticky":false,"template":"","format":"standard","meta":{"footnotes":""},"categories":[1],"tags":[70,1423,145,40,2175],"class_list":["post-216955","post","type-post","status-publish","format-standard","has-post-thumbnail","hentry","category-noticias","tag-arte","tag-artes-do-espectaculo","tag-cultura","tag-pessoas","tag-reconhecimentos-internacionais"],"yoast_head":"<!-- This site is optimized with the Yoast SEO plugin v27.2 - https:\/\/yoast.com\/product\/yoast-seo-wordpress\/ -->\n<title>M\u00e1rio Moutinho recebe Reconhecimento Ibero-Americano das Artes C\u00e9nicas - Portal Tela Portugal<\/title>\n<meta name=\"robots\" content=\"index, follow, max-snippet:-1, max-image-preview:large, max-video-preview:-1\" \/>\n<meta property=\"og:locale\" content=\"pt_PT\" \/>\n<meta property=\"og:type\" content=\"article\" \/>\n<meta property=\"og:title\" content=\"M\u00e1rio Moutinho recebe Reconhecimento Ibero-Americano das Artes C\u00e9nicas - Portal Tela Portugal\" \/>\n<meta property=\"og:description\" content=\"M\u00e1rio Moutinho recebeu o Reconhecimento Ibero-Americano das Artes C\u00e9nicas.\" \/>\n<meta property=\"og:url\" content=\"https:\/\/portaltela.pt\/noticias\/2026\/02\/19\/mario-moutinho-recebe-reconhecimento-ibero-americano-das-artes-cenicas\/\" \/>\n<meta property=\"og:site_name\" content=\"Portal Tela Portugal\" \/>\n<meta property=\"article:published_time\" content=\"2026-02-19T05:45:00+00:00\" \/>\n<meta name=\"author\" content=\"Telinha\" \/>\n<meta name=\"twitter:card\" content=\"summary_large_image\" \/>\n<meta name=\"twitter:label1\" content=\"Escrito por\" \/>\n\t<meta name=\"twitter:data1\" content=\"Telinha\" \/>\n<script type=\"application\/ld+json\" class=\"yoast-schema-graph\">{\"@context\":\"https:\/\/schema.org\",\"@graph\":[{\"@type\":\"Article\",\"@id\":\"https:\/\/portaltela.pt\/noticias\/2026\/02\/19\/mario-moutinho-recebe-reconhecimento-ibero-americano-das-artes-cenicas\/#article\",\"isPartOf\":{\"@id\":\"https:\/\/portaltela.pt\/noticias\/2026\/02\/19\/mario-moutinho-recebe-reconhecimento-ibero-americano-das-artes-cenicas\/\"},\"author\":{\"name\":\"Telinha\",\"@id\":\"https:\/\/portaltela.pt\/#\/schema\/person\/c4278d4a6028830caff9ee44b42d32ed\"},\"headline\":\"M\u00e1rio Moutinho recebe Reconhecimento Ibero-Americano das Artes C\u00e9nicas\",\"datePublished\":\"2026-02-19T05:45:00+00:00\",\"mainEntityOfPage\":{\"@id\":\"https:\/\/portaltela.pt\/noticias\/2026\/02\/19\/mario-moutinho-recebe-reconhecimento-ibero-americano-das-artes-cenicas\/\"},\"wordCount\":106,\"image\":{\"@id\":\"https:\/\/portaltela.pt\/noticias\/2026\/02\/19\/mario-moutinho-recebe-reconhecimento-ibero-americano-das-artes-cenicas\/#primaryimage\"},\"thumbnailUrl\":\"https:\/\/portaltela.pt\/s.01k8rhncp4jt1\/2026\/02\/CACHE_780X1200_ANALOG_WATERMARKED_25369665_1016313_02032019030257.jpg\",\"keywords\":[\"arte\",\"artes do espect\u00e1culo\",\"cultura\",\"pessoas\",\"reconhecimentos internacionais\"],\"articleSection\":[\"Not\u00edcias\"],\"inLanguage\":\"pt-PT\"},{\"@type\":\"WebPage\",\"@id\":\"https:\/\/portaltela.pt\/noticias\/2026\/02\/19\/mario-moutinho-recebe-reconhecimento-ibero-americano-das-artes-cenicas\/\",\"url\":\"https:\/\/portaltela.pt\/noticias\/2026\/02\/19\/mario-moutinho-recebe-reconhecimento-ibero-americano-das-artes-cenicas\/\",\"name\":\"M\u00e1rio Moutinho recebe Reconhecimento Ibero-Americano das Artes C\u00e9nicas - Portal Tela Portugal\",\"isPartOf\":{\"@id\":\"https:\/\/portaltela.pt\/#website\"},\"primaryImageOfPage\":{\"@id\":\"https:\/\/portaltela.pt\/noticias\/2026\/02\/19\/mario-moutinho-recebe-reconhecimento-ibero-americano-das-artes-cenicas\/#primaryimage\"},\"image\":{\"@id\":\"https:\/\/portaltela.pt\/noticias\/2026\/02\/19\/mario-moutinho-recebe-reconhecimento-ibero-americano-das-artes-cenicas\/#primaryimage\"},\"thumbnailUrl\":\"https:\/\/portaltela.pt\/s.01k8rhncp4jt1\/2026\/02\/CACHE_780X1200_ANALOG_WATERMARKED_25369665_1016313_02032019030257.jpg\",\"datePublished\":\"2026-02-19T05:45:00+00:00\",\"author\":{\"@id\":\"https:\/\/portaltela.pt\/#\/schema\/person\/c4278d4a6028830caff9ee44b42d32ed\"},\"breadcrumb\":{\"@id\":\"https:\/\/portaltela.pt\/noticias\/2026\/02\/19\/mario-moutinho-recebe-reconhecimento-ibero-americano-das-artes-cenicas\/#breadcrumb\"},\"inLanguage\":\"pt-PT\",\"potentialAction\":[{\"@type\":\"ReadAction\",\"target\":[\"https:\/\/portaltela.pt\/noticias\/2026\/02\/19\/mario-moutinho-recebe-reconhecimento-ibero-americano-das-artes-cenicas\/\"]}]},{\"@type\":\"ImageObject\",\"inLanguage\":\"pt-PT\",\"@id\":\"https:\/\/portaltela.pt\/noticias\/2026\/02\/19\/mario-moutinho-recebe-reconhecimento-ibero-americano-das-artes-cenicas\/#primaryimage\",\"url\":\"https:\/\/portaltela.pt\/s.01k8rhncp4jt1\/2026\/02\/CACHE_780X1200_ANALOG_WATERMARKED_25369665_1016313_02032019030257.jpg\",\"contentUrl\":\"https:\/\/portaltela.pt\/s.01k8rhncp4jt1\/2026\/02\/CACHE_780X1200_ANALOG_WATERMARKED_25369665_1016313_02032019030257.jpg\",\"width\":796,\"height\":448,\"caption\":\"M\u00e1rio Moutinho recebe Reconhecimento Ibero-Americano das Artes C\u00e9nicas\"},{\"@type\":\"BreadcrumbList\",\"@id\":\"https:\/\/portaltela.pt\/noticias\/2026\/02\/19\/mario-moutinho-recebe-reconhecimento-ibero-americano-das-artes-cenicas\/#breadcrumb\",\"itemListElement\":[{\"@type\":\"ListItem\",\"position\":1,\"name\":\"In\u00edcio\",\"item\":\"https:\/\/portaltela.pt\/\"},{\"@type\":\"ListItem\",\"position\":2,\"name\":\"M\u00e1rio Moutinho recebe Reconhecimento Ibero-Americano das Artes C\u00e9nicas\"}]},{\"@type\":\"WebSite\",\"@id\":\"https:\/\/portaltela.pt\/#website\",\"url\":\"https:\/\/portaltela.pt\/\",\"name\":\"Portal Tela Portugal\",\"description\":\"\",\"potentialAction\":[{\"@type\":\"SearchAction\",\"target\":{\"@type\":\"EntryPoint\",\"urlTemplate\":\"https:\/\/portaltela.pt\/?s={search_term_string}\"},\"query-input\":{\"@type\":\"PropertyValueSpecification\",\"valueRequired\":true,\"valueName\":\"search_term_string\"}}],\"inLanguage\":\"pt-PT\"},{\"@type\":\"Person\",\"@id\":\"https:\/\/portaltela.pt\/#\/schema\/person\/c4278d4a6028830caff9ee44b42d32ed\",\"name\":\"Telinha\",\"image\":{\"@type\":\"ImageObject\",\"inLanguage\":\"pt-PT\",\"@id\":\"https:\/\/portaltela.pt\/s.01k8rhncp4jt1\/2025\/11\/talking-bot-125x125.png\",\"url\":\"https:\/\/portaltela.pt\/s.01k8rhncp4jt1\/2025\/11\/talking-bot-125x125.png\",\"contentUrl\":\"https:\/\/portaltela.pt\/s.01k8rhncp4jt1\/2025\/11\/talking-bot-125x125.png\",\"caption\":\"Telinha\"},\"sameAs\":[\"https:\/\/portaltela.pt\/\"],\"url\":\"https:\/\/portaltela.pt\/por\/367410592786\/\"}]}<\/script>\n<!-- \/ Yoast SEO plugin. -->","yoast_head_json":{"title":"M\u00e1rio Moutinho recebe Reconhecimento Ibero-Americano das Artes C\u00e9nicas - Portal Tela Portugal","robots":{"index":"index","follow":"follow","max-snippet":"max-snippet:-1","max-image-preview":"max-image-preview:large","max-video-preview":"max-video-preview:-1"},"og_locale":"pt_PT","og_type":"article","og_title":"M\u00e1rio Moutinho recebe Reconhecimento Ibero-Americano das Artes C\u00e9nicas - Portal Tela Portugal","og_description":"M\u00e1rio Moutinho recebeu o Reconhecimento Ibero-Americano das Artes C\u00e9nicas.","og_url":"https:\/\/portaltela.pt\/noticias\/2026\/02\/19\/mario-moutinho-recebe-reconhecimento-ibero-americano-das-artes-cenicas\/","og_site_name":"Portal Tela Portugal","article_published_time":"2026-02-19T05:45:00+00:00","author":"Telinha","twitter_card":"summary_large_image","twitter_misc":{"Escrito por":"Telinha"},"schema":{"@context":"https:\/\/schema.org","@graph":[{"@type":"Article","@id":"https:\/\/portaltela.pt\/noticias\/2026\/02\/19\/mario-moutinho-recebe-reconhecimento-ibero-americano-das-artes-cenicas\/#article","isPartOf":{"@id":"https:\/\/portaltela.pt\/noticias\/2026\/02\/19\/mario-moutinho-recebe-reconhecimento-ibero-americano-das-artes-cenicas\/"},"author":{"name":"Telinha","@id":"https:\/\/portaltela.pt\/#\/schema\/person\/c4278d4a6028830caff9ee44b42d32ed"},"headline":"M\u00e1rio Moutinho recebe Reconhecimento Ibero-Americano das Artes C\u00e9nicas","datePublished":"2026-02-19T05:45:00+00:00","mainEntityOfPage":{"@id":"https:\/\/portaltela.pt\/noticias\/2026\/02\/19\/mario-moutinho-recebe-reconhecimento-ibero-americano-das-artes-cenicas\/"},"wordCount":106,"image":{"@id":"https:\/\/portaltela.pt\/noticias\/2026\/02\/19\/mario-moutinho-recebe-reconhecimento-ibero-americano-das-artes-cenicas\/#primaryimage"},"thumbnailUrl":"https:\/\/portaltela.pt\/s.01k8rhncp4jt1\/2026\/02\/CACHE_780X1200_ANALOG_WATERMARKED_25369665_1016313_02032019030257.jpg","keywords":["arte","artes do espect\u00e1culo","cultura","pessoas","reconhecimentos internacionais"],"articleSection":["Not\u00edcias"],"inLanguage":"pt-PT"},{"@type":"WebPage","@id":"https:\/\/portaltela.pt\/noticias\/2026\/02\/19\/mario-moutinho-recebe-reconhecimento-ibero-americano-das-artes-cenicas\/","url":"https:\/\/portaltela.pt\/noticias\/2026\/02\/19\/mario-moutinho-recebe-reconhecimento-ibero-americano-das-artes-cenicas\/","name":"M\u00e1rio Moutinho recebe Reconhecimento Ibero-Americano das Artes C\u00e9nicas - Portal Tela Portugal","isPartOf":{"@id":"https:\/\/portaltela.pt\/#website"},"primaryImageOfPage":{"@id":"https:\/\/portaltela.pt\/noticias\/2026\/02\/19\/mario-moutinho-recebe-reconhecimento-ibero-americano-das-artes-cenicas\/#primaryimage"},"image":{"@id":"https:\/\/portaltela.pt\/noticias\/2026\/02\/19\/mario-moutinho-recebe-reconhecimento-ibero-americano-das-artes-cenicas\/#primaryimage"},"thumbnailUrl":"https:\/\/portaltela.pt\/s.01k8rhncp4jt1\/2026\/02\/CACHE_780X1200_ANALOG_WATERMARKED_25369665_1016313_02032019030257.jpg","datePublished":"2026-02-19T05:45:00+00:00","author":{"@id":"https:\/\/portaltela.pt\/#\/schema\/person\/c4278d4a6028830caff9ee44b42d32ed"},"breadcrumb":{"@id":"https:\/\/portaltela.pt\/noticias\/2026\/02\/19\/mario-moutinho-recebe-reconhecimento-ibero-americano-das-artes-cenicas\/#breadcrumb"},"inLanguage":"pt-PT","potentialAction":[{"@type":"ReadAction","target":["https:\/\/portaltela.pt\/noticias\/2026\/02\/19\/mario-moutinho-recebe-reconhecimento-ibero-americano-das-artes-cenicas\/"]}]},{"@type":"ImageObject","inLanguage":"pt-PT","@id":"https:\/\/portaltela.pt\/noticias\/2026\/02\/19\/mario-moutinho-recebe-reconhecimento-ibero-americano-das-artes-cenicas\/#primaryimage","url":"https:\/\/portaltela.pt\/s.01k8rhncp4jt1\/2026\/02\/CACHE_780X1200_ANALOG_WATERMARKED_25369665_1016313_02032019030257.jpg","contentUrl":"https:\/\/portaltela.pt\/s.01k8rhncp4jt1\/2026\/02\/CACHE_780X1200_ANALOG_WATERMARKED_25369665_1016313_02032019030257.jpg","width":796,"height":448,"caption":"M\u00e1rio Moutinho recebe Reconhecimento Ibero-Americano das Artes C\u00e9nicas"},{"@type":"BreadcrumbList","@id":"https:\/\/portaltela.pt\/noticias\/2026\/02\/19\/mario-moutinho-recebe-reconhecimento-ibero-americano-das-artes-cenicas\/#breadcrumb","itemListElement":[{"@type":"ListItem","position":1,"name":"In\u00edcio","item":"https:\/\/portaltela.pt\/"},{"@type":"ListItem","position":2,"name":"M\u00e1rio Moutinho recebe Reconhecimento Ibero-Americano das Artes C\u00e9nicas"}]},{"@type":"WebSite","@id":"https:\/\/portaltela.pt\/#website","url":"https:\/\/portaltela.pt\/","name":"Portal Tela Portugal","description":"","potentialAction":[{"@type":"SearchAction","target":{"@type":"EntryPoint","urlTemplate":"https:\/\/portaltela.pt\/?s={search_term_string}"},"query-input":{"@type":"PropertyValueSpecification","valueRequired":true,"valueName":"search_term_string"}}],"inLanguage":"pt-PT"},{"@type":"Person","@id":"https:\/\/portaltela.pt\/#\/schema\/person\/c4278d4a6028830caff9ee44b42d32ed","name":"Telinha","image":{"@type":"ImageObject","inLanguage":"pt-PT","@id":"https:\/\/portaltela.pt\/s.01k8rhncp4jt1\/2025\/11\/talking-bot-125x125.png","url":"https:\/\/portaltela.pt\/s.01k8rhncp4jt1\/2025\/11\/talking-bot-125x125.png","contentUrl":"https:\/\/portaltela.pt\/s.01k8rhncp4jt1\/2025\/11\/talking-bot-125x125.png","caption":"Telinha"},"sameAs":["https:\/\/portaltela.pt\/"],"url":"https:\/\/portaltela.pt\/por\/367410592786\/"}]}},"_links":{"self":[{"href":"https:\/\/portaltela.pt\/api\/wp\/v2\/posts\/216955","targetHints":{"allow":["GET"]}}],"collection":[{"href":"https:\/\/portaltela.pt\/api\/wp\/v2\/posts"}],"about":[{"href":"https:\/\/portaltela.pt\/api\/wp\/v2\/types\/post"}],"author":[{"embeddable":true,"href":"https:\/\/portaltela.pt\/api\/wp\/v2\/users\/2"}],"replies":[{"embeddable":true,"href":"https:\/\/portaltela.pt\/api\/wp\/v2\/comments?post=216955"}],"version-history":[{"count":0,"href":"https:\/\/portaltela.pt\/api\/wp\/v2\/posts\/216955\/revisions"}],"wp:featuredmedia":[{"embeddable":true,"href":"https:\/\/portaltela.pt\/api\/wp\/v2\/media\/216958"}],"wp:attachment":[{"href":"https:\/\/portaltela.pt\/api\/wp\/v2\/media?parent=216955"}],"wp:term":[{"taxonomy":"category","embeddable":true,"href":"https:\/\/portaltela.pt\/api\/wp\/v2\/categories?post=216955"},{"taxonomy":"post_tag","embeddable":true,"href":"https:\/\/portaltela.pt\/api\/wp\/v2\/tags?post=216955"}],"curies":[{"name":"wp","href":"https:\/\/api.w.org\/{rel}","templated":true}]}}