{"id":216945,"date":"2026-02-19T00:10:00","date_gmt":"2026-02-19T03:10:00","guid":{"rendered":"https:\/\/portaltela.pt\/noticias\/2026\/02\/19\/deputado-marxista-e-candidata-de-direita-disputam-a-presidencia-do-peru\/"},"modified":"2026-02-19T00:10:00","modified_gmt":"2026-02-19T03:10:00","slug":"deputado-marxista-e-candidata-de-direita-disputam-a-presidencia-do-peru","status":"publish","type":"post","link":"https:\/\/portaltela.pt\/noticias\/politica\/2026\/02\/19\/deputado-marxista-e-candidata-de-direita-disputam-a-presidencia-do-peru\/","title":{"rendered":"Deputado marxista e candidata de direita disputam a presid\u00eancia do Peru"},"content":{"rendered":"<p>Jos\u00e9 Mar\u00eda Balc\u00e1zar, deputado de um partido marxista, e a candidata de direita Mar\u00eda del Carmen Alva v\u00e3o disputar a segunda volta da presid\u00eancia do Peru. O an\u00fancio chega ap\u00f3s a destitui\u00e7\u00e3o do Presidente interino, Jos\u00e9 Jer\u00ed, num desfecho pol\u00edtico recente.<\/p>\n<p>Balc\u00e1zar representa uma for\u00e7a de esquerda, enquanto Alva encara a corrida pela frente de uma candidatura liberal-conservadora. Os dois aparecem como principais candidatos numa vota\u00e7\u00e3o que dever\u00e1 definir o pr\u00f3ximo chefe de Estado peruano.<\/p>\n<p>O contexto envolve um processo de substitui\u00e7\u00e3o do poder executivo, com Jer\u00ed afastado durante o per\u00edodo de transi\u00e7\u00e3o. A segunda volta dever\u00e1 ocorrer em data ainda por confirmar, com foco em propostas para os pr\u00f3ximos passos do pa\u00eds.<\/p>\n<p>A disputa \u00e9 acompanhada por analistas que ressaltam as diferen\u00e7as entre as plataformas e a necessidade de estabilidade institucional. O resultado pode influenciar diretrizes econ\u00f3micas e sociais do Peru nos pr\u00f3ximos anos.<\/p>\n","protected":false},"excerpt":{"rendered":"<ul>\n<li>O deputado Jos\u00e9 Mar\u00eda Balc\u00e1zar, de um partido marxista, vai disputar a segunda volta da presid\u00eancia do Peru.<\/li>\n<li>A candidata de direita Mar\u00eda del Carmen Alva tamb\u00e9m avan\u00e7ou para a segunda volta.<\/li>\n<li>A defini\u00e7\u00e3o ocorre ap\u00f3s a destitui\u00e7\u00e3o do Presidente interino Jos\u00e9 Jer\u00ed.<\/li>\n<li>O duelo entre Balc\u00e1zar e Alva marca o desfecho de uma etapa pol\u00edtica importante no Peru.<\/li>\n<\/ul>\n","protected":false},"author":2,"featured_media":216948,"comment_status":"closed","ping_status":"closed","sticky":false,"template":"","format":"standard","meta":{"footnotes":""},"categories":[1,5],"tags":[5068,68,1732,2832,5698,30],"class_list":["post-216945","post","type-post","status-publish","format-standard","has-post-thumbnail","hentry","category-noticias","category-politica","tag-destituicao","tag-eleicoes","tag-partidos","tag-politica","tag-politica-internacional","tag-presidente"],"yoast_head":"<!-- This site is optimized with the Yoast SEO plugin v27.2 - https:\/\/yoast.com\/product\/yoast-seo-wordpress\/ -->\n<title>Deputado marxista e candidata de direita disputam a presid\u00eancia do Peru - Portal Tela Portugal<\/title>\n<meta name=\"robots\" content=\"index, follow, max-snippet:-1, max-image-preview:large, max-video-preview:-1\" \/>\n<meta property=\"og:locale\" content=\"pt_PT\" \/>\n<meta property=\"og:type\" content=\"article\" \/>\n<meta property=\"og:title\" content=\"Deputado marxista e candidata de direita disputam a presid\u00eancia do Peru - Portal Tela Portugal\" \/>\n<meta property=\"og:description\" content=\"O deputado Jos\u00e9 Mar\u00eda Balc\u00e1zar, de um partido marxista, vai disputar a segunda volta da presid\u00eancia do Peru. A candidata de direita Mar\u00eda del Carmen Alva tamb\u00e9m avan\u00e7ou para a segunda volta. A defini\u00e7\u00e3o ocorre ap\u00f3s a destitui\u00e7\u00e3o do Presidente interino Jos\u00e9 Jer\u00ed. O duelo entre Balc\u00e1zar e Alva marca o desfecho de uma etapa pol\u00edtica importante no Peru.\" \/>\n<meta property=\"og:url\" content=\"https:\/\/portaltela.pt\/noticias\/2026\/02\/19\/deputado-marxista-e-candidata-de-direita-disputam-a-presidencia-do-peru\/\" \/>\n<meta property=\"og:site_name\" content=\"Portal Tela Portugal\" \/>\n<meta property=\"article:published_time\" content=\"2026-02-19T03:10:00+00:00\" \/>\n<meta name=\"author\" content=\"Telinha\" \/>\n<meta name=\"twitter:card\" content=\"summary_large_image\" \/>\n<meta name=\"twitter:label1\" content=\"Escrito por\" \/>\n\t<meta name=\"twitter:data1\" content=\"Telinha\" \/>\n\t<meta name=\"twitter:label2\" content=\"Tempo estimado de leitura\" \/>\n\t<meta name=\"twitter:data2\" content=\"1 minuto\" \/>\n<script type=\"application\/ld+json\" class=\"yoast-schema-graph\">{\"@context\":\"https:\/\/schema.org\",\"@graph\":[{\"@type\":\"Article\",\"@id\":\"https:\/\/portaltela.pt\/noticias\/2026\/02\/19\/deputado-marxista-e-candidata-de-direita-disputam-a-presidencia-do-peru\/#article\",\"isPartOf\":{\"@id\":\"https:\/\/portaltela.pt\/noticias\/2026\/02\/19\/deputado-marxista-e-candidata-de-direita-disputam-a-presidencia-do-peru\/\"},\"author\":{\"name\":\"Telinha\",\"@id\":\"https:\/\/portaltela.pt\/#\/schema\/person\/c4278d4a6028830caff9ee44b42d32ed\"},\"headline\":\"Deputado marxista e candidata de direita disputam a presid\u00eancia do Peru\",\"datePublished\":\"2026-02-19T03:10:00+00:00\",\"mainEntityOfPage\":{\"@id\":\"https:\/\/portaltela.pt\/noticias\/2026\/02\/19\/deputado-marxista-e-candidata-de-direita-disputam-a-presidencia-do-peru\/\"},\"wordCount\":177,\"image\":{\"@id\":\"https:\/\/portaltela.pt\/noticias\/2026\/02\/19\/deputado-marxista-e-candidata-de-direita-disputam-a-presidencia-do-peru\/#primaryimage\"},\"thumbnailUrl\":\"https:\/\/portaltela.pt\/s.01k8rhncp4jt1\/2026\/02\/CACHE_780X1200_ANALOG_WATERMARKED_46586925_437312514872804.jpg\",\"keywords\":[\"destitui\u00e7\u00e3o\",\"elei\u00e7\u00f5es\",\"partidos\",\"pol\u00edtica\",\"pol\u00edtica internacional\",\"presidente\"],\"articleSection\":[\"Not\u00edcias\",\"Pol\u00edtica\"],\"inLanguage\":\"pt-PT\"},{\"@type\":\"WebPage\",\"@id\":\"https:\/\/portaltela.pt\/noticias\/2026\/02\/19\/deputado-marxista-e-candidata-de-direita-disputam-a-presidencia-do-peru\/\",\"url\":\"https:\/\/portaltela.pt\/noticias\/2026\/02\/19\/deputado-marxista-e-candidata-de-direita-disputam-a-presidencia-do-peru\/\",\"name\":\"Deputado marxista e candidata de direita disputam a presid\u00eancia do Peru - Portal Tela Portugal\",\"isPartOf\":{\"@id\":\"https:\/\/portaltela.pt\/#website\"},\"primaryImageOfPage\":{\"@id\":\"https:\/\/portaltela.pt\/noticias\/2026\/02\/19\/deputado-marxista-e-candidata-de-direita-disputam-a-presidencia-do-peru\/#primaryimage\"},\"image\":{\"@id\":\"https:\/\/portaltela.pt\/noticias\/2026\/02\/19\/deputado-marxista-e-candidata-de-direita-disputam-a-presidencia-do-peru\/#primaryimage\"},\"thumbnailUrl\":\"https:\/\/portaltela.pt\/s.01k8rhncp4jt1\/2026\/02\/CACHE_780X1200_ANALOG_WATERMARKED_46586925_437312514872804.jpg\",\"datePublished\":\"2026-02-19T03:10:00+00:00\",\"author\":{\"@id\":\"https:\/\/portaltela.pt\/#\/schema\/person\/c4278d4a6028830caff9ee44b42d32ed\"},\"breadcrumb\":{\"@id\":\"https:\/\/portaltela.pt\/noticias\/2026\/02\/19\/deputado-marxista-e-candidata-de-direita-disputam-a-presidencia-do-peru\/#breadcrumb\"},\"inLanguage\":\"pt-PT\",\"potentialAction\":[{\"@type\":\"ReadAction\",\"target\":[\"https:\/\/portaltela.pt\/noticias\/2026\/02\/19\/deputado-marxista-e-candidata-de-direita-disputam-a-presidencia-do-peru\/\"]}]},{\"@type\":\"ImageObject\",\"inLanguage\":\"pt-PT\",\"@id\":\"https:\/\/portaltela.pt\/noticias\/2026\/02\/19\/deputado-marxista-e-candidata-de-direita-disputam-a-presidencia-do-peru\/#primaryimage\",\"url\":\"https:\/\/portaltela.pt\/s.01k8rhncp4jt1\/2026\/02\/CACHE_780X1200_ANALOG_WATERMARKED_46586925_437312514872804.jpg\",\"contentUrl\":\"https:\/\/portaltela.pt\/s.01k8rhncp4jt1\/2026\/02\/CACHE_780X1200_ANALOG_WATERMARKED_46586925_437312514872804.jpg\",\"width\":768,\"height\":512,\"caption\":\"Photo\"},{\"@type\":\"BreadcrumbList\",\"@id\":\"https:\/\/portaltela.pt\/noticias\/2026\/02\/19\/deputado-marxista-e-candidata-de-direita-disputam-a-presidencia-do-peru\/#breadcrumb\",\"itemListElement\":[{\"@type\":\"ListItem\",\"position\":1,\"name\":\"In\u00edcio\",\"item\":\"https:\/\/portaltela.pt\/\"},{\"@type\":\"ListItem\",\"position\":2,\"name\":\"Deputado marxista e candidata de direita disputam a presid\u00eancia do Peru\"}]},{\"@type\":\"WebSite\",\"@id\":\"https:\/\/portaltela.pt\/#website\",\"url\":\"https:\/\/portaltela.pt\/\",\"name\":\"Portal Tela Portugal\",\"description\":\"\",\"potentialAction\":[{\"@type\":\"SearchAction\",\"target\":{\"@type\":\"EntryPoint\",\"urlTemplate\":\"https:\/\/portaltela.pt\/?s={search_term_string}\"},\"query-input\":{\"@type\":\"PropertyValueSpecification\",\"valueRequired\":true,\"valueName\":\"search_term_string\"}}],\"inLanguage\":\"pt-PT\"},{\"@type\":\"Person\",\"@id\":\"https:\/\/portaltela.pt\/#\/schema\/person\/c4278d4a6028830caff9ee44b42d32ed\",\"name\":\"Telinha\",\"image\":{\"@type\":\"ImageObject\",\"inLanguage\":\"pt-PT\",\"@id\":\"https:\/\/portaltela.pt\/s.01k8rhncp4jt1\/2025\/11\/talking-bot-125x125.png\",\"url\":\"https:\/\/portaltela.pt\/s.01k8rhncp4jt1\/2025\/11\/talking-bot-125x125.png\",\"contentUrl\":\"https:\/\/portaltela.pt\/s.01k8rhncp4jt1\/2025\/11\/talking-bot-125x125.png\",\"caption\":\"Telinha\"},\"sameAs\":[\"https:\/\/portaltela.pt\/\"],\"url\":\"https:\/\/portaltela.pt\/por\/367410592786\/\"}]}<\/script>\n<!-- \/ Yoast SEO plugin. -->","yoast_head_json":{"title":"Deputado marxista e candidata de direita disputam a presid\u00eancia do Peru - Portal Tela Portugal","robots":{"index":"index","follow":"follow","max-snippet":"max-snippet:-1","max-image-preview":"max-image-preview:large","max-video-preview":"max-video-preview:-1"},"og_locale":"pt_PT","og_type":"article","og_title":"Deputado marxista e candidata de direita disputam a presid\u00eancia do Peru - Portal Tela Portugal","og_description":"O deputado Jos\u00e9 Mar\u00eda Balc\u00e1zar, de um partido marxista, vai disputar a segunda volta da presid\u00eancia do Peru. A candidata de direita Mar\u00eda del Carmen Alva tamb\u00e9m avan\u00e7ou para a segunda volta. A defini\u00e7\u00e3o ocorre ap\u00f3s a destitui\u00e7\u00e3o do Presidente interino Jos\u00e9 Jer\u00ed. O duelo entre Balc\u00e1zar e Alva marca o desfecho de uma etapa pol\u00edtica importante no Peru.","og_url":"https:\/\/portaltela.pt\/noticias\/2026\/02\/19\/deputado-marxista-e-candidata-de-direita-disputam-a-presidencia-do-peru\/","og_site_name":"Portal Tela Portugal","article_published_time":"2026-02-19T03:10:00+00:00","author":"Telinha","twitter_card":"summary_large_image","twitter_misc":{"Escrito por":"Telinha","Tempo estimado de leitura":"1 minuto"},"schema":{"@context":"https:\/\/schema.org","@graph":[{"@type":"Article","@id":"https:\/\/portaltela.pt\/noticias\/2026\/02\/19\/deputado-marxista-e-candidata-de-direita-disputam-a-presidencia-do-peru\/#article","isPartOf":{"@id":"https:\/\/portaltela.pt\/noticias\/2026\/02\/19\/deputado-marxista-e-candidata-de-direita-disputam-a-presidencia-do-peru\/"},"author":{"name":"Telinha","@id":"https:\/\/portaltela.pt\/#\/schema\/person\/c4278d4a6028830caff9ee44b42d32ed"},"headline":"Deputado marxista e candidata de direita disputam a presid\u00eancia do Peru","datePublished":"2026-02-19T03:10:00+00:00","mainEntityOfPage":{"@id":"https:\/\/portaltela.pt\/noticias\/2026\/02\/19\/deputado-marxista-e-candidata-de-direita-disputam-a-presidencia-do-peru\/"},"wordCount":177,"image":{"@id":"https:\/\/portaltela.pt\/noticias\/2026\/02\/19\/deputado-marxista-e-candidata-de-direita-disputam-a-presidencia-do-peru\/#primaryimage"},"thumbnailUrl":"https:\/\/portaltela.pt\/s.01k8rhncp4jt1\/2026\/02\/CACHE_780X1200_ANALOG_WATERMARKED_46586925_437312514872804.jpg","keywords":["destitui\u00e7\u00e3o","elei\u00e7\u00f5es","partidos","pol\u00edtica","pol\u00edtica internacional","presidente"],"articleSection":["Not\u00edcias","Pol\u00edtica"],"inLanguage":"pt-PT"},{"@type":"WebPage","@id":"https:\/\/portaltela.pt\/noticias\/2026\/02\/19\/deputado-marxista-e-candidata-de-direita-disputam-a-presidencia-do-peru\/","url":"https:\/\/portaltela.pt\/noticias\/2026\/02\/19\/deputado-marxista-e-candidata-de-direita-disputam-a-presidencia-do-peru\/","name":"Deputado marxista e candidata de direita disputam a presid\u00eancia do Peru - Portal Tela Portugal","isPartOf":{"@id":"https:\/\/portaltela.pt\/#website"},"primaryImageOfPage":{"@id":"https:\/\/portaltela.pt\/noticias\/2026\/02\/19\/deputado-marxista-e-candidata-de-direita-disputam-a-presidencia-do-peru\/#primaryimage"},"image":{"@id":"https:\/\/portaltela.pt\/noticias\/2026\/02\/19\/deputado-marxista-e-candidata-de-direita-disputam-a-presidencia-do-peru\/#primaryimage"},"thumbnailUrl":"https:\/\/portaltela.pt\/s.01k8rhncp4jt1\/2026\/02\/CACHE_780X1200_ANALOG_WATERMARKED_46586925_437312514872804.jpg","datePublished":"2026-02-19T03:10:00+00:00","author":{"@id":"https:\/\/portaltela.pt\/#\/schema\/person\/c4278d4a6028830caff9ee44b42d32ed"},"breadcrumb":{"@id":"https:\/\/portaltela.pt\/noticias\/2026\/02\/19\/deputado-marxista-e-candidata-de-direita-disputam-a-presidencia-do-peru\/#breadcrumb"},"inLanguage":"pt-PT","potentialAction":[{"@type":"ReadAction","target":["https:\/\/portaltela.pt\/noticias\/2026\/02\/19\/deputado-marxista-e-candidata-de-direita-disputam-a-presidencia-do-peru\/"]}]},{"@type":"ImageObject","inLanguage":"pt-PT","@id":"https:\/\/portaltela.pt\/noticias\/2026\/02\/19\/deputado-marxista-e-candidata-de-direita-disputam-a-presidencia-do-peru\/#primaryimage","url":"https:\/\/portaltela.pt\/s.01k8rhncp4jt1\/2026\/02\/CACHE_780X1200_ANALOG_WATERMARKED_46586925_437312514872804.jpg","contentUrl":"https:\/\/portaltela.pt\/s.01k8rhncp4jt1\/2026\/02\/CACHE_780X1200_ANALOG_WATERMARKED_46586925_437312514872804.jpg","width":768,"height":512,"caption":"Photo"},{"@type":"BreadcrumbList","@id":"https:\/\/portaltela.pt\/noticias\/2026\/02\/19\/deputado-marxista-e-candidata-de-direita-disputam-a-presidencia-do-peru\/#breadcrumb","itemListElement":[{"@type":"ListItem","position":1,"name":"In\u00edcio","item":"https:\/\/portaltela.pt\/"},{"@type":"ListItem","position":2,"name":"Deputado marxista e candidata de direita disputam a presid\u00eancia do Peru"}]},{"@type":"WebSite","@id":"https:\/\/portaltela.pt\/#website","url":"https:\/\/portaltela.pt\/","name":"Portal Tela Portugal","description":"","potentialAction":[{"@type":"SearchAction","target":{"@type":"EntryPoint","urlTemplate":"https:\/\/portaltela.pt\/?s={search_term_string}"},"query-input":{"@type":"PropertyValueSpecification","valueRequired":true,"valueName":"search_term_string"}}],"inLanguage":"pt-PT"},{"@type":"Person","@id":"https:\/\/portaltela.pt\/#\/schema\/person\/c4278d4a6028830caff9ee44b42d32ed","name":"Telinha","image":{"@type":"ImageObject","inLanguage":"pt-PT","@id":"https:\/\/portaltela.pt\/s.01k8rhncp4jt1\/2025\/11\/talking-bot-125x125.png","url":"https:\/\/portaltela.pt\/s.01k8rhncp4jt1\/2025\/11\/talking-bot-125x125.png","contentUrl":"https:\/\/portaltela.pt\/s.01k8rhncp4jt1\/2025\/11\/talking-bot-125x125.png","caption":"Telinha"},"sameAs":["https:\/\/portaltela.pt\/"],"url":"https:\/\/portaltela.pt\/por\/367410592786\/"}]}},"_links":{"self":[{"href":"https:\/\/portaltela.pt\/api\/wp\/v2\/posts\/216945","targetHints":{"allow":["GET"]}}],"collection":[{"href":"https:\/\/portaltela.pt\/api\/wp\/v2\/posts"}],"about":[{"href":"https:\/\/portaltela.pt\/api\/wp\/v2\/types\/post"}],"author":[{"embeddable":true,"href":"https:\/\/portaltela.pt\/api\/wp\/v2\/users\/2"}],"replies":[{"embeddable":true,"href":"https:\/\/portaltela.pt\/api\/wp\/v2\/comments?post=216945"}],"version-history":[{"count":0,"href":"https:\/\/portaltela.pt\/api\/wp\/v2\/posts\/216945\/revisions"}],"wp:featuredmedia":[{"embeddable":true,"href":"https:\/\/portaltela.pt\/api\/wp\/v2\/media\/216948"}],"wp:attachment":[{"href":"https:\/\/portaltela.pt\/api\/wp\/v2\/media?parent=216945"}],"wp:term":[{"taxonomy":"category","embeddable":true,"href":"https:\/\/portaltela.pt\/api\/wp\/v2\/categories?post=216945"},{"taxonomy":"post_tag","embeddable":true,"href":"https:\/\/portaltela.pt\/api\/wp\/v2\/tags?post=216945"}],"curies":[{"name":"wp","href":"https:\/\/api.w.org\/{rel}","templated":true}]}}