{"id":216912,"date":"2026-02-18T22:30:00","date_gmt":"2026-02-19T01:30:00","guid":{"rendered":"https:\/\/portaltela.pt\/noticias\/2026\/02\/18\/venda-de-casa-comprada-com-iva-de-6-em-menos-de-um-ano-sujeita-a-penalizacao\/"},"modified":"2026-02-18T22:30:00","modified_gmt":"2026-02-19T01:30:00","slug":"venda-de-casa-comprada-com-iva-de-6-em-menos-de-um-ano-sujeita-a-penalizacao","status":"publish","type":"post","link":"https:\/\/portaltela.pt\/noticias\/economia\/2026\/02\/18\/venda-de-casa-comprada-com-iva-de-6-em-menos-de-um-ano-sujeita-a-penalizacao\/","title":{"rendered":"Venda de casa comprada com IVA de 6% em menos de um ano sujeita a penaliza\u00e7\u00e3o"},"content":{"rendered":"<p>Os deputados da Comiss\u00e3o de Or\u00e7amento e Finan\u00e7as aprovaram, nesta quarta-feira, com absten\u00e7\u00e3o do Chega, o choque fiscal para a habita\u00e7\u00e3o. O pacote mant\u00e9m IVA de 6% na constru\u00e7\u00e3o de im\u00f3veis para habita\u00e7\u00e3o pr\u00f3pria e permanente, com restri\u00e7\u00f5es de pre\u00e7o e renda. A medida continua sujeita a vota\u00e7\u00e3o final global.<\/p>\n<p>O governo define que o benef\u00edcio se aplica a im\u00f3veis com pre\u00e7o at\u00e9 660 mil euros ou rendas at\u00e9 2300 euros. Caso n\u00e3o seja cumprido o fim de habita\u00e7\u00e3o pr\u00f3pria e permanente, instala-se um agravamento de IMT de 10 pontos percentuais. A penaliza\u00e7\u00e3o passa a recair sobre o comprador.<\/p>\n<p>Deste modo, os promotores imobili\u00e1rios n\u00e3o ficam respons\u00e1veis pela destina\u00e7\u00e3o do im\u00f3vel ap\u00f3s a venda, cabendo o \u00f3nus ao adquirente. A exce\u00e7\u00e3o prev\u00ea que a inobserv\u00e2ncia n\u00e3o se aplique em circunst\u00e2ncias excecionais previstas no c\u00f3digo do IRS, como altera\u00e7\u00f5es do agregado familiar.<\/p>\n<p>Em autoconstru\u00e7\u00e3o, o comprador perde o benef\u00edcio de IVA se a casa n\u00e3o for destinada a habita\u00e7\u00e3o pr\u00f3pria e permanente durante um ano. O pacote inclui ainda a redu\u00e7\u00e3o da taxa aut\u00f3noma de IRS sobre rendas prediais, de 25% para 10%, para rendas at\u00e9 2300 euros.<\/p>\n<h3>Regime temporal e cr\u00edticas<\/h3>\n<p>Cr\u00edticos socialistas questionaram o alcance da medida, com Marina Gon\u00e7alves a afirmar que n\u00e3o corresponde \u00e0 realidade do Pa\u00eds. Os socialistas votaram contra a maioria dos artigos e contestaram o processo legislativo.<\/p>\n<p>A descida de IVA aplica-se a projetos iniciados entre 25 de setembro de 2025 e 31 de dezembro de 2029, com imposto devido at\u00e9 2032. A proposta permanece sujeita \u00e0 vota\u00e7\u00e3o final global.<\/p>\n<h3>Impacto or\u00e7amental<\/h3>\n<p>A Unidade T\u00e9cnica de Apoio Or\u00e7amental estima uma perda de mais de 300 milh\u00f5es de euros para os cofres do Estado com o regime. A maior parte do benef\u00edcio fiscal para rendas n\u00e3o dever\u00e1 superar 11% dos inquilinos.<\/p>\n","protected":false},"excerpt":{"rendered":"<ul>\n<li>A Comiss\u00e3o de Or\u00e7amento e Finan\u00e7as aprovou, na especialidade, o choque fiscal para a habita\u00e7\u00e3o que prev\u00ea IVA de 6% na constru\u00e7\u00e3o de im\u00f3veis destinados a habita\u00e7\u00e3o pr\u00f3pria e permanente, com pre\u00e7o m\u00e1ximo de 660 mil euros ou rendas at\u00e9 2.300 euros.<\/li>\n<li>Se o im\u00f3vel n\u00e3o for afetado a habita\u00e7\u00e3o pr\u00f3pria e permanente, ou se o adquirente n\u00e3o permanecer no im\u00f3vel durante 12 meses, h\u00e1 um agravamento de IMT em 10 pontos percentuais, com exce\u00e7\u00f5es previstas no IRS em circunst\u00e2ncias especiais.<\/li>\n<li>A penaliza\u00e7\u00e3o n\u00e3o recai sobre os promotores imobili\u00e1rios se o destino n\u00e3o se confirmar, passando o \u00f3nus para o comprador; h\u00e1 exce\u00e7\u00f5es para altera\u00e7\u00f5es do agregado familiar ou aumento de dependentes.<\/li>\n<li>A medida aplica-se tamb\u00e9m \u00e0 autoconstru\u00e7\u00e3o: o comprador perde o benef\u00edcio de IVA se a casa n\u00e3o for destinada a habita\u00e7\u00e3o pr\u00f3pria e permanente durante um ano.<\/li>\n<li>O regime vigora para projetos iniciados entre 25 de setembro de 2025 e 31 de dezembro de 2029, com imposto exig\u00edvel at\u00e9 2032; prev\u00ea ainda reduzir a taxa aut\u00f3noma de IRS sobre rendimentos prediais de 25% para 10% para rendas at\u00e9 2.300 euros.<\/li>\n<li>Cr\u00edticos socialistas questionam a efic\u00e1cia para o pa\u00eds, e a Unidade T\u00e9cnica de Apoio Or\u00e7amental aponta uma perda de mais de 300 milh\u00f5es para os cofres do Estado, com benef\u00edcio limitado a 11% dos inquilinos.<\/li>\n<\/ul>\n","protected":false},"author":2,"featured_media":216920,"comment_status":"closed","ping_status":"closed","sticky":false,"template":"","format":"standard","meta":{"footnotes":""},"categories":[2,1],"tags":[28,2584,150,2287,3613,229],"class_list":["post-216912","post","type-post","status-publish","format-standard","has-post-thumbnail","hentry","category-economia","category-noticias","tag-economia","tag-financas","tag-habitacao","tag-habitacao-a-custos-controlados","tag-impostos","tag-politica-publica"],"yoast_head":"<!-- This site is optimized with the Yoast SEO plugin v27.2 - https:\/\/yoast.com\/product\/yoast-seo-wordpress\/ -->\n<title>Venda de casa comprada com IVA de 6% em menos de um ano sujeita a penaliza\u00e7\u00e3o - Portal Tela Portugal<\/title>\n<meta name=\"robots\" content=\"index, follow, max-snippet:-1, max-image-preview:large, max-video-preview:-1\" \/>\n<meta property=\"og:locale\" content=\"pt_PT\" \/>\n<meta property=\"og:type\" content=\"article\" \/>\n<meta property=\"og:title\" content=\"Venda de casa comprada com IVA de 6% em menos de um ano sujeita a penaliza\u00e7\u00e3o - Portal Tela Portugal\" \/>\n<meta property=\"og:description\" content=\"A Comiss\u00e3o de Or\u00e7amento e Finan\u00e7as aprovou, na especialidade, o choque fiscal para a habita\u00e7\u00e3o que prev\u00ea IVA de 6% na constru\u00e7\u00e3o de im\u00f3veis destinados a habita\u00e7\u00e3o pr\u00f3pria e permanente, com pre\u00e7o m\u00e1ximo de 660 mil euros ou rendas at\u00e9 2.300 euros. Se o im\u00f3vel n\u00e3o for afetado a habita\u00e7\u00e3o pr\u00f3pria e permanente, ou se o adquirente n\u00e3o permanecer no im\u00f3vel durante 12 meses, h\u00e1 um agravamento de IMT em 10 pontos percentuais, com exce\u00e7\u00f5es previstas no IRS em circunst\u00e2ncias especiais. A penaliza\u00e7\u00e3o n\u00e3o recai sobre os promotores imobili\u00e1rios se o destino n\u00e3o se confirmar, passando o \u00f3nus para o comprador; h\u00e1 exce\u00e7\u00f5es para altera\u00e7\u00f5es do agregado familiar ou aumento de dependentes. A medida aplica-se tamb\u00e9m \u00e0 autoconstru\u00e7\u00e3o: o comprador perde o benef\u00edcio de IVA se a casa n\u00e3o for destinada a habita\u00e7\u00e3o pr\u00f3pria e permanente durante um ano. O regime vigora para projetos iniciados entre 25 de setembro de 2025 e 31 de dezembro de 2029, com imposto exig\u00edvel at\u00e9 2032; prev\u00ea ainda reduzir a taxa aut\u00f3noma de IRS sobre rendimentos prediais de 25% para 10% para rendas at\u00e9 2.300 euros. Cr\u00edticos socialistas questionam a efic\u00e1cia para o pa\u00eds, e a Unidade T\u00e9cnica de Apoio Or\u00e7amental aponta uma perda de mais de 300 milh\u00f5es para os cofres do Estado, com benef\u00edcio limitado a 11% dos inquilinos.\" \/>\n<meta property=\"og:url\" content=\"https:\/\/portaltela.pt\/noticias\/2026\/02\/18\/venda-de-casa-comprada-com-iva-de-6-em-menos-de-um-ano-sujeita-a-penalizacao\/\" \/>\n<meta property=\"og:site_name\" content=\"Portal Tela Portugal\" \/>\n<meta property=\"article:published_time\" content=\"2026-02-19T01:30:00+00:00\" \/>\n<meta name=\"author\" content=\"Telinha\" \/>\n<meta name=\"twitter:card\" content=\"summary_large_image\" \/>\n<meta name=\"twitter:label1\" content=\"Escrito por\" \/>\n\t<meta name=\"twitter:data1\" content=\"Telinha\" \/>\n\t<meta name=\"twitter:label2\" content=\"Tempo estimado de leitura\" \/>\n\t<meta name=\"twitter:data2\" content=\"2 minutos\" \/>\n<script type=\"application\/ld+json\" class=\"yoast-schema-graph\">{\"@context\":\"https:\/\/schema.org\",\"@graph\":[{\"@type\":\"Article\",\"@id\":\"https:\/\/portaltela.pt\/noticias\/2026\/02\/18\/venda-de-casa-comprada-com-iva-de-6-em-menos-de-um-ano-sujeita-a-penalizacao\/#article\",\"isPartOf\":{\"@id\":\"https:\/\/portaltela.pt\/noticias\/2026\/02\/18\/venda-de-casa-comprada-com-iva-de-6-em-menos-de-um-ano-sujeita-a-penalizacao\/\"},\"author\":{\"name\":\"Telinha\",\"@id\":\"https:\/\/portaltela.pt\/#\/schema\/person\/c4278d4a6028830caff9ee44b42d32ed\"},\"headline\":\"Venda de casa comprada com IVA de 6% em menos de um ano sujeita a penaliza\u00e7\u00e3o\",\"datePublished\":\"2026-02-19T01:30:00+00:00\",\"mainEntityOfPage\":{\"@id\":\"https:\/\/portaltela.pt\/noticias\/2026\/02\/18\/venda-de-casa-comprada-com-iva-de-6-em-menos-de-um-ano-sujeita-a-penalizacao\/\"},\"wordCount\":347,\"image\":{\"@id\":\"https:\/\/portaltela.pt\/noticias\/2026\/02\/18\/venda-de-casa-comprada-com-iva-de-6-em-menos-de-um-ano-sujeita-a-penalizacao\/#primaryimage\"},\"thumbnailUrl\":\"https:\/\/portaltela.pt\/s.01k8rhncp4jt1\/2026\/02\/img_1500x1000uu2022-09-20-20-06-20-1186456-1.jpg\",\"keywords\":[\"economia\",\"finan\u00e7as\",\"habita\u00e7\u00e3o\",\"habita\u00e7\u00e3o a custos controlados\",\"impostos\",\"pol\u00edtica p\u00fablica\"],\"articleSection\":[\"Economia\",\"Not\u00edcias\"],\"inLanguage\":\"pt-PT\"},{\"@type\":\"WebPage\",\"@id\":\"https:\/\/portaltela.pt\/noticias\/2026\/02\/18\/venda-de-casa-comprada-com-iva-de-6-em-menos-de-um-ano-sujeita-a-penalizacao\/\",\"url\":\"https:\/\/portaltela.pt\/noticias\/2026\/02\/18\/venda-de-casa-comprada-com-iva-de-6-em-menos-de-um-ano-sujeita-a-penalizacao\/\",\"name\":\"Venda de casa comprada com IVA de 6% em menos de um ano sujeita a penaliza\u00e7\u00e3o - Portal Tela Portugal\",\"isPartOf\":{\"@id\":\"https:\/\/portaltela.pt\/#website\"},\"primaryImageOfPage\":{\"@id\":\"https:\/\/portaltela.pt\/noticias\/2026\/02\/18\/venda-de-casa-comprada-com-iva-de-6-em-menos-de-um-ano-sujeita-a-penalizacao\/#primaryimage\"},\"image\":{\"@id\":\"https:\/\/portaltela.pt\/noticias\/2026\/02\/18\/venda-de-casa-comprada-com-iva-de-6-em-menos-de-um-ano-sujeita-a-penalizacao\/#primaryimage\"},\"thumbnailUrl\":\"https:\/\/portaltela.pt\/s.01k8rhncp4jt1\/2026\/02\/img_1500x1000uu2022-09-20-20-06-20-1186456-1.jpg\",\"datePublished\":\"2026-02-19T01:30:00+00:00\",\"author\":{\"@id\":\"https:\/\/portaltela.pt\/#\/schema\/person\/c4278d4a6028830caff9ee44b42d32ed\"},\"breadcrumb\":{\"@id\":\"https:\/\/portaltela.pt\/noticias\/2026\/02\/18\/venda-de-casa-comprada-com-iva-de-6-em-menos-de-um-ano-sujeita-a-penalizacao\/#breadcrumb\"},\"inLanguage\":\"pt-PT\",\"potentialAction\":[{\"@type\":\"ReadAction\",\"target\":[\"https:\/\/portaltela.pt\/noticias\/2026\/02\/18\/venda-de-casa-comprada-com-iva-de-6-em-menos-de-um-ano-sujeita-a-penalizacao\/\"]}]},{\"@type\":\"ImageObject\",\"inLanguage\":\"pt-PT\",\"@id\":\"https:\/\/portaltela.pt\/noticias\/2026\/02\/18\/venda-de-casa-comprada-com-iva-de-6-em-menos-de-um-ano-sujeita-a-penalizacao\/#primaryimage\",\"url\":\"https:\/\/portaltela.pt\/s.01k8rhncp4jt1\/2026\/02\/img_1500x1000uu2022-09-20-20-06-20-1186456-1.jpg\",\"contentUrl\":\"https:\/\/portaltela.pt\/s.01k8rhncp4jt1\/2026\/02\/img_1500x1000uu2022-09-20-20-06-20-1186456-1.jpg\",\"width\":796,\"height\":448,\"caption\":\"Penaliza\u00e7\u00e3o para quem vender casa comprada com IVA a 6% em menos de um ano\"},{\"@type\":\"BreadcrumbList\",\"@id\":\"https:\/\/portaltela.pt\/noticias\/2026\/02\/18\/venda-de-casa-comprada-com-iva-de-6-em-menos-de-um-ano-sujeita-a-penalizacao\/#breadcrumb\",\"itemListElement\":[{\"@type\":\"ListItem\",\"position\":1,\"name\":\"In\u00edcio\",\"item\":\"https:\/\/portaltela.pt\/\"},{\"@type\":\"ListItem\",\"position\":2,\"name\":\"Venda de casa comprada com IVA de 6% em menos de um ano sujeita a penaliza\u00e7\u00e3o\"}]},{\"@type\":\"WebSite\",\"@id\":\"https:\/\/portaltela.pt\/#website\",\"url\":\"https:\/\/portaltela.pt\/\",\"name\":\"Portal Tela Portugal\",\"description\":\"\",\"potentialAction\":[{\"@type\":\"SearchAction\",\"target\":{\"@type\":\"EntryPoint\",\"urlTemplate\":\"https:\/\/portaltela.pt\/?s={search_term_string}\"},\"query-input\":{\"@type\":\"PropertyValueSpecification\",\"valueRequired\":true,\"valueName\":\"search_term_string\"}}],\"inLanguage\":\"pt-PT\"},{\"@type\":\"Person\",\"@id\":\"https:\/\/portaltela.pt\/#\/schema\/person\/c4278d4a6028830caff9ee44b42d32ed\",\"name\":\"Telinha\",\"image\":{\"@type\":\"ImageObject\",\"inLanguage\":\"pt-PT\",\"@id\":\"https:\/\/portaltela.pt\/s.01k8rhncp4jt1\/2025\/11\/talking-bot-125x125.png\",\"url\":\"https:\/\/portaltela.pt\/s.01k8rhncp4jt1\/2025\/11\/talking-bot-125x125.png\",\"contentUrl\":\"https:\/\/portaltela.pt\/s.01k8rhncp4jt1\/2025\/11\/talking-bot-125x125.png\",\"caption\":\"Telinha\"},\"sameAs\":[\"https:\/\/portaltela.pt\/\"],\"url\":\"https:\/\/portaltela.pt\/por\/367410592786\/\"}]}<\/script>\n<!-- \/ Yoast SEO plugin. -->","yoast_head_json":{"title":"Venda de casa comprada com IVA de 6% em menos de um ano sujeita a penaliza\u00e7\u00e3o - Portal Tela Portugal","robots":{"index":"index","follow":"follow","max-snippet":"max-snippet:-1","max-image-preview":"max-image-preview:large","max-video-preview":"max-video-preview:-1"},"og_locale":"pt_PT","og_type":"article","og_title":"Venda de casa comprada com IVA de 6% em menos de um ano sujeita a penaliza\u00e7\u00e3o - Portal Tela Portugal","og_description":"A Comiss\u00e3o de Or\u00e7amento e Finan\u00e7as aprovou, na especialidade, o choque fiscal para a habita\u00e7\u00e3o que prev\u00ea IVA de 6% na constru\u00e7\u00e3o de im\u00f3veis destinados a habita\u00e7\u00e3o pr\u00f3pria e permanente, com pre\u00e7o m\u00e1ximo de 660 mil euros ou rendas at\u00e9 2.300 euros. Se o im\u00f3vel n\u00e3o for afetado a habita\u00e7\u00e3o pr\u00f3pria e permanente, ou se o adquirente n\u00e3o permanecer no im\u00f3vel durante 12 meses, h\u00e1 um agravamento de IMT em 10 pontos percentuais, com exce\u00e7\u00f5es previstas no IRS em circunst\u00e2ncias especiais. A penaliza\u00e7\u00e3o n\u00e3o recai sobre os promotores imobili\u00e1rios se o destino n\u00e3o se confirmar, passando o \u00f3nus para o comprador; h\u00e1 exce\u00e7\u00f5es para altera\u00e7\u00f5es do agregado familiar ou aumento de dependentes. A medida aplica-se tamb\u00e9m \u00e0 autoconstru\u00e7\u00e3o: o comprador perde o benef\u00edcio de IVA se a casa n\u00e3o for destinada a habita\u00e7\u00e3o pr\u00f3pria e permanente durante um ano. O regime vigora para projetos iniciados entre 25 de setembro de 2025 e 31 de dezembro de 2029, com imposto exig\u00edvel at\u00e9 2032; prev\u00ea ainda reduzir a taxa aut\u00f3noma de IRS sobre rendimentos prediais de 25% para 10% para rendas at\u00e9 2.300 euros. Cr\u00edticos socialistas questionam a efic\u00e1cia para o pa\u00eds, e a Unidade T\u00e9cnica de Apoio Or\u00e7amental aponta uma perda de mais de 300 milh\u00f5es para os cofres do Estado, com benef\u00edcio limitado a 11% dos inquilinos.","og_url":"https:\/\/portaltela.pt\/noticias\/2026\/02\/18\/venda-de-casa-comprada-com-iva-de-6-em-menos-de-um-ano-sujeita-a-penalizacao\/","og_site_name":"Portal Tela Portugal","article_published_time":"2026-02-19T01:30:00+00:00","author":"Telinha","twitter_card":"summary_large_image","twitter_misc":{"Escrito por":"Telinha","Tempo estimado de leitura":"2 minutos"},"schema":{"@context":"https:\/\/schema.org","@graph":[{"@type":"Article","@id":"https:\/\/portaltela.pt\/noticias\/2026\/02\/18\/venda-de-casa-comprada-com-iva-de-6-em-menos-de-um-ano-sujeita-a-penalizacao\/#article","isPartOf":{"@id":"https:\/\/portaltela.pt\/noticias\/2026\/02\/18\/venda-de-casa-comprada-com-iva-de-6-em-menos-de-um-ano-sujeita-a-penalizacao\/"},"author":{"name":"Telinha","@id":"https:\/\/portaltela.pt\/#\/schema\/person\/c4278d4a6028830caff9ee44b42d32ed"},"headline":"Venda de casa comprada com IVA de 6% em menos de um ano sujeita a penaliza\u00e7\u00e3o","datePublished":"2026-02-19T01:30:00+00:00","mainEntityOfPage":{"@id":"https:\/\/portaltela.pt\/noticias\/2026\/02\/18\/venda-de-casa-comprada-com-iva-de-6-em-menos-de-um-ano-sujeita-a-penalizacao\/"},"wordCount":347,"image":{"@id":"https:\/\/portaltela.pt\/noticias\/2026\/02\/18\/venda-de-casa-comprada-com-iva-de-6-em-menos-de-um-ano-sujeita-a-penalizacao\/#primaryimage"},"thumbnailUrl":"https:\/\/portaltela.pt\/s.01k8rhncp4jt1\/2026\/02\/img_1500x1000uu2022-09-20-20-06-20-1186456-1.jpg","keywords":["economia","finan\u00e7as","habita\u00e7\u00e3o","habita\u00e7\u00e3o a custos controlados","impostos","pol\u00edtica p\u00fablica"],"articleSection":["Economia","Not\u00edcias"],"inLanguage":"pt-PT"},{"@type":"WebPage","@id":"https:\/\/portaltela.pt\/noticias\/2026\/02\/18\/venda-de-casa-comprada-com-iva-de-6-em-menos-de-um-ano-sujeita-a-penalizacao\/","url":"https:\/\/portaltela.pt\/noticias\/2026\/02\/18\/venda-de-casa-comprada-com-iva-de-6-em-menos-de-um-ano-sujeita-a-penalizacao\/","name":"Venda de casa comprada com IVA de 6% em menos de um ano sujeita a penaliza\u00e7\u00e3o - Portal Tela Portugal","isPartOf":{"@id":"https:\/\/portaltela.pt\/#website"},"primaryImageOfPage":{"@id":"https:\/\/portaltela.pt\/noticias\/2026\/02\/18\/venda-de-casa-comprada-com-iva-de-6-em-menos-de-um-ano-sujeita-a-penalizacao\/#primaryimage"},"image":{"@id":"https:\/\/portaltela.pt\/noticias\/2026\/02\/18\/venda-de-casa-comprada-com-iva-de-6-em-menos-de-um-ano-sujeita-a-penalizacao\/#primaryimage"},"thumbnailUrl":"https:\/\/portaltela.pt\/s.01k8rhncp4jt1\/2026\/02\/img_1500x1000uu2022-09-20-20-06-20-1186456-1.jpg","datePublished":"2026-02-19T01:30:00+00:00","author":{"@id":"https:\/\/portaltela.pt\/#\/schema\/person\/c4278d4a6028830caff9ee44b42d32ed"},"breadcrumb":{"@id":"https:\/\/portaltela.pt\/noticias\/2026\/02\/18\/venda-de-casa-comprada-com-iva-de-6-em-menos-de-um-ano-sujeita-a-penalizacao\/#breadcrumb"},"inLanguage":"pt-PT","potentialAction":[{"@type":"ReadAction","target":["https:\/\/portaltela.pt\/noticias\/2026\/02\/18\/venda-de-casa-comprada-com-iva-de-6-em-menos-de-um-ano-sujeita-a-penalizacao\/"]}]},{"@type":"ImageObject","inLanguage":"pt-PT","@id":"https:\/\/portaltela.pt\/noticias\/2026\/02\/18\/venda-de-casa-comprada-com-iva-de-6-em-menos-de-um-ano-sujeita-a-penalizacao\/#primaryimage","url":"https:\/\/portaltela.pt\/s.01k8rhncp4jt1\/2026\/02\/img_1500x1000uu2022-09-20-20-06-20-1186456-1.jpg","contentUrl":"https:\/\/portaltela.pt\/s.01k8rhncp4jt1\/2026\/02\/img_1500x1000uu2022-09-20-20-06-20-1186456-1.jpg","width":796,"height":448,"caption":"Penaliza\u00e7\u00e3o para quem vender casa comprada com IVA a 6% em menos de um ano"},{"@type":"BreadcrumbList","@id":"https:\/\/portaltela.pt\/noticias\/2026\/02\/18\/venda-de-casa-comprada-com-iva-de-6-em-menos-de-um-ano-sujeita-a-penalizacao\/#breadcrumb","itemListElement":[{"@type":"ListItem","position":1,"name":"In\u00edcio","item":"https:\/\/portaltela.pt\/"},{"@type":"ListItem","position":2,"name":"Venda de casa comprada com IVA de 6% em menos de um ano sujeita a penaliza\u00e7\u00e3o"}]},{"@type":"WebSite","@id":"https:\/\/portaltela.pt\/#website","url":"https:\/\/portaltela.pt\/","name":"Portal Tela Portugal","description":"","potentialAction":[{"@type":"SearchAction","target":{"@type":"EntryPoint","urlTemplate":"https:\/\/portaltela.pt\/?s={search_term_string}"},"query-input":{"@type":"PropertyValueSpecification","valueRequired":true,"valueName":"search_term_string"}}],"inLanguage":"pt-PT"},{"@type":"Person","@id":"https:\/\/portaltela.pt\/#\/schema\/person\/c4278d4a6028830caff9ee44b42d32ed","name":"Telinha","image":{"@type":"ImageObject","inLanguage":"pt-PT","@id":"https:\/\/portaltela.pt\/s.01k8rhncp4jt1\/2025\/11\/talking-bot-125x125.png","url":"https:\/\/portaltela.pt\/s.01k8rhncp4jt1\/2025\/11\/talking-bot-125x125.png","contentUrl":"https:\/\/portaltela.pt\/s.01k8rhncp4jt1\/2025\/11\/talking-bot-125x125.png","caption":"Telinha"},"sameAs":["https:\/\/portaltela.pt\/"],"url":"https:\/\/portaltela.pt\/por\/367410592786\/"}]}},"_links":{"self":[{"href":"https:\/\/portaltela.pt\/api\/wp\/v2\/posts\/216912","targetHints":{"allow":["GET"]}}],"collection":[{"href":"https:\/\/portaltela.pt\/api\/wp\/v2\/posts"}],"about":[{"href":"https:\/\/portaltela.pt\/api\/wp\/v2\/types\/post"}],"author":[{"embeddable":true,"href":"https:\/\/portaltela.pt\/api\/wp\/v2\/users\/2"}],"replies":[{"embeddable":true,"href":"https:\/\/portaltela.pt\/api\/wp\/v2\/comments?post=216912"}],"version-history":[{"count":0,"href":"https:\/\/portaltela.pt\/api\/wp\/v2\/posts\/216912\/revisions"}],"wp:featuredmedia":[{"embeddable":true,"href":"https:\/\/portaltela.pt\/api\/wp\/v2\/media\/216920"}],"wp:attachment":[{"href":"https:\/\/portaltela.pt\/api\/wp\/v2\/media?parent=216912"}],"wp:term":[{"taxonomy":"category","embeddable":true,"href":"https:\/\/portaltela.pt\/api\/wp\/v2\/categories?post=216912"},{"taxonomy":"post_tag","embeddable":true,"href":"https:\/\/portaltela.pt\/api\/wp\/v2\/tags?post=216912"}],"curies":[{"name":"wp","href":"https:\/\/api.w.org\/{rel}","templated":true}]}}