{"id":216911,"date":"2026-02-18T22:30:00","date_gmt":"2026-02-19T01:30:00","guid":{"rendered":"https:\/\/portaltela.pt\/noticias\/2026\/02\/18\/perder-a-chamada-a-oficina-pode-comprometer-a-inspecao-do-carro\/"},"modified":"2026-02-18T22:30:00","modified_gmt":"2026-02-19T01:30:00","slug":"perder-a-chamada-a-oficina-pode-comprometer-a-inspecao-do-carro","status":"publish","type":"post","link":"https:\/\/portaltela.pt\/noticias\/2026\/02\/18\/perder-a-chamada-a-oficina-pode-comprometer-a-inspecao-do-carro\/","title":{"rendered":"Perder a chamada \u00e0 oficina pode comprometer a inspe\u00e7\u00e3o do carro"},"content":{"rendered":"<p>Autom\u00f3veis sinalizados com recalls n\u00e3o realizados podem chumbar na inspe\u00e7\u00e3o. A medida entra em vigor no pr\u00f3ximo m\u00eas, em Portugal, e afecta ve\u00edculos cujo fabricante indicou defeitos de fabrico que n\u00e3o foram reparados.<\/p>\n<p>O Instituto da Mobilidade e dos Transportes Terrestres (IMT) revelou que qualquer ve\u00edculo com recall n\u00e3o executado ser\u00e1 reprovado na inspe\u00e7\u00e3o peri\u00f3dica, realizada nos Centros de Inspe\u00e7\u00e3o T\u00e9cnica de Ve\u00edculos. A gravidade pode variar entre defici\u00eancia grave (tipo 2) e muito grave (tipo 3), conforme o fabricante.<\/p>\n<p>A Associa\u00e7\u00e3o Autom\u00f3vel de Portugal disponibiliza um portal para verificar se a viatura esteve sujeita a recall n\u00e3o cumprido. O servi\u00e7o \u00e9 gratuito e entra em funcionamento j\u00e1 a 1 de mar\u00e7o. Basta inserir a matr\u00edcula.<\/p>\n<h3>Como verificar e o que fazer<\/h3>\n<p>Os avisos para realizar a repara\u00e7\u00e3o s\u00e3o enviados pelos fabricantes aos propriet\u00e1rios, por carta registada. Em alguns casos, o ve\u00edculo j\u00e1 n\u00e3o est\u00e1 na posse do dono original, o que dificulta a rece\u00e7\u00e3o do alerta.<\/p>\n<p>Se o ve\u00edculo n\u00e3o foi reparado, deve contactar o concession\u00e1rio da marca para agendar a repara\u00e7\u00e3o, sem qualquer custo para o propriet\u00e1rio. A medida visa prevenir falhas de fabrico que possam colocar em risco a seguran\u00e7a.<\/p>\n","protected":false},"excerpt":{"rendered":"<ul>\n<li>A partir de mar\u00e7o, ve\u00edculos sinalizados com uma a\u00e7\u00e3o de recall n\u00e3o realizada ser\u00e3o reprovados na inspe\u00e7\u00e3o peri\u00f3dica nos Centros de Inspe\u00e7\u00e3o T\u00e9cnica de Ve\u00edculos, conforme o Instituto da Mobilidade e dos Transportes Terrestres (IMT).<\/li>\n<li>A gravidade pode variar entre tipo 2 (defici\u00eancia grave) e tipo 3 (defici\u00eancia muito grave), conforme a gravidade indicada pelo fabricante.<\/li>\n<li>Cerca de 87 mil carros est\u00e3o nesta situa\u00e7\u00e3o, segundo a Associa\u00e7\u00e3o Autom\u00f3vel de Portugal (AAP); a verifica\u00e7\u00e3o por matr\u00edcula est\u00e1 dispon\u00edvel num site da AAP.<\/li>\n<li>O site da AAP \u00e9 gratuito e permite confirmar se o seu ve\u00edculo falhou num recall; a data de in\u00edcio de aplica\u00e7\u00e3o \u00e9 1 de mar\u00e7o.<\/li>\n<li>O recall \u00e9 anunciado pelo fabricante e enviado ao propriet\u00e1rio por carta registada; se j\u00e1 n\u00e3o estiver na posse do primeiro dono, deve contactar um concession\u00e1rio da marca para a repara\u00e7\u00e3o sem custos.<\/li>\n<\/ul>\n","protected":false},"author":2,"featured_media":216917,"comment_status":"closed","ping_status":"closed","sticky":false,"template":"","format":"standard","meta":{"footnotes":""},"categories":[1],"tags":[6100,5852,2761,192,4988],"class_list":["post-216911","post","type-post","status-publish","format-standard","has-post-thumbnail","hentry","category-noticias","tag-associacao-automovel-de-portugal","tag-inspecao-de-danos","tag-seguranca-rodoviaria","tag-transporte","tag-transporte-rodoviarios"],"yoast_head":"<!-- This site is optimized with the Yoast SEO plugin v27.2 - https:\/\/yoast.com\/product\/yoast-seo-wordpress\/ -->\n<title>Perder a chamada \u00e0 oficina pode comprometer a inspe\u00e7\u00e3o do carro - Portal Tela Portugal<\/title>\n<meta name=\"robots\" content=\"index, follow, max-snippet:-1, max-image-preview:large, max-video-preview:-1\" \/>\n<meta property=\"og:locale\" content=\"pt_PT\" \/>\n<meta property=\"og:type\" content=\"article\" \/>\n<meta property=\"og:title\" content=\"Perder a chamada \u00e0 oficina pode comprometer a inspe\u00e7\u00e3o do carro - Portal Tela Portugal\" \/>\n<meta property=\"og:description\" content=\"A partir de mar\u00e7o, ve\u00edculos sinalizados com uma a\u00e7\u00e3o de recall n\u00e3o realizada ser\u00e3o reprovados na inspe\u00e7\u00e3o peri\u00f3dica nos Centros de Inspe\u00e7\u00e3o T\u00e9cnica de Ve\u00edculos, conforme o Instituto da Mobilidade e dos Transportes Terrestres (IMT). A gravidade pode variar entre tipo 2 (defici\u00eancia grave) e tipo 3 (defici\u00eancia muito grave), conforme a gravidade indicada pelo fabricante. Cerca de 87 mil carros est\u00e3o nesta situa\u00e7\u00e3o, segundo a Associa\u00e7\u00e3o Autom\u00f3vel de Portugal (AAP); a verifica\u00e7\u00e3o por matr\u00edcula est\u00e1 dispon\u00edvel num site da AAP. O site da AAP \u00e9 gratuito e permite confirmar se o seu ve\u00edculo falhou num recall; a data de in\u00edcio de aplica\u00e7\u00e3o \u00e9 1 de mar\u00e7o. O recall \u00e9 anunciado pelo fabricante e enviado ao propriet\u00e1rio por carta registada; se j\u00e1 n\u00e3o estiver na posse do primeiro dono, deve contactar um concession\u00e1rio da marca para a repara\u00e7\u00e3o sem custos.\" \/>\n<meta property=\"og:url\" content=\"https:\/\/portaltela.pt\/noticias\/2026\/02\/18\/perder-a-chamada-a-oficina-pode-comprometer-a-inspecao-do-carro\/\" \/>\n<meta property=\"og:site_name\" content=\"Portal Tela Portugal\" \/>\n<meta property=\"article:published_time\" content=\"2026-02-19T01:30:00+00:00\" \/>\n<meta name=\"author\" content=\"Telinha\" \/>\n<meta name=\"twitter:card\" content=\"summary_large_image\" \/>\n<meta name=\"twitter:label1\" content=\"Escrito por\" \/>\n\t<meta name=\"twitter:data1\" content=\"Telinha\" \/>\n\t<meta name=\"twitter:label2\" content=\"Tempo estimado de leitura\" \/>\n\t<meta name=\"twitter:data2\" content=\"1 minuto\" \/>\n<script type=\"application\/ld+json\" class=\"yoast-schema-graph\">{\"@context\":\"https:\/\/schema.org\",\"@graph\":[{\"@type\":\"Article\",\"@id\":\"https:\/\/portaltela.pt\/noticias\/2026\/02\/18\/perder-a-chamada-a-oficina-pode-comprometer-a-inspecao-do-carro\/#article\",\"isPartOf\":{\"@id\":\"https:\/\/portaltela.pt\/noticias\/2026\/02\/18\/perder-a-chamada-a-oficina-pode-comprometer-a-inspecao-do-carro\/\"},\"author\":{\"name\":\"Telinha\",\"@id\":\"https:\/\/portaltela.pt\/#\/schema\/person\/c4278d4a6028830caff9ee44b42d32ed\"},\"headline\":\"Perder a chamada \u00e0 oficina pode comprometer a inspe\u00e7\u00e3o do carro\",\"datePublished\":\"2026-02-19T01:30:00+00:00\",\"mainEntityOfPage\":{\"@id\":\"https:\/\/portaltela.pt\/noticias\/2026\/02\/18\/perder-a-chamada-a-oficina-pode-comprometer-a-inspecao-do-carro\/\"},\"wordCount\":233,\"image\":{\"@id\":\"https:\/\/portaltela.pt\/noticias\/2026\/02\/18\/perder-a-chamada-a-oficina-pode-comprometer-a-inspecao-do-carro\/#primaryimage\"},\"thumbnailUrl\":\"https:\/\/portaltela.pt\/s.01k8rhncp4jt1\/2026\/02\/img_1280x721uu2018-10-31-23-23-14-793161.jpg\",\"keywords\":[\"Associa\u00e7\u00e3o Autom\u00f3vel de Portugal\",\"inspe\u00e7\u00e3o de danos\",\"seguran\u00e7a rodovi\u00e1ria\",\"transporte\",\"Transporte Rodovi\u00e1rios\"],\"articleSection\":[\"Not\u00edcias\"],\"inLanguage\":\"pt-PT\"},{\"@type\":\"WebPage\",\"@id\":\"https:\/\/portaltela.pt\/noticias\/2026\/02\/18\/perder-a-chamada-a-oficina-pode-comprometer-a-inspecao-do-carro\/\",\"url\":\"https:\/\/portaltela.pt\/noticias\/2026\/02\/18\/perder-a-chamada-a-oficina-pode-comprometer-a-inspecao-do-carro\/\",\"name\":\"Perder a chamada \u00e0 oficina pode comprometer a inspe\u00e7\u00e3o do carro - Portal Tela Portugal\",\"isPartOf\":{\"@id\":\"https:\/\/portaltela.pt\/#website\"},\"primaryImageOfPage\":{\"@id\":\"https:\/\/portaltela.pt\/noticias\/2026\/02\/18\/perder-a-chamada-a-oficina-pode-comprometer-a-inspecao-do-carro\/#primaryimage\"},\"image\":{\"@id\":\"https:\/\/portaltela.pt\/noticias\/2026\/02\/18\/perder-a-chamada-a-oficina-pode-comprometer-a-inspecao-do-carro\/#primaryimage\"},\"thumbnailUrl\":\"https:\/\/portaltela.pt\/s.01k8rhncp4jt1\/2026\/02\/img_1280x721uu2018-10-31-23-23-14-793161.jpg\",\"datePublished\":\"2026-02-19T01:30:00+00:00\",\"author\":{\"@id\":\"https:\/\/portaltela.pt\/#\/schema\/person\/c4278d4a6028830caff9ee44b42d32ed\"},\"breadcrumb\":{\"@id\":\"https:\/\/portaltela.pt\/noticias\/2026\/02\/18\/perder-a-chamada-a-oficina-pode-comprometer-a-inspecao-do-carro\/#breadcrumb\"},\"inLanguage\":\"pt-PT\",\"potentialAction\":[{\"@type\":\"ReadAction\",\"target\":[\"https:\/\/portaltela.pt\/noticias\/2026\/02\/18\/perder-a-chamada-a-oficina-pode-comprometer-a-inspecao-do-carro\/\"]}]},{\"@type\":\"ImageObject\",\"inLanguage\":\"pt-PT\",\"@id\":\"https:\/\/portaltela.pt\/noticias\/2026\/02\/18\/perder-a-chamada-a-oficina-pode-comprometer-a-inspecao-do-carro\/#primaryimage\",\"url\":\"https:\/\/portaltela.pt\/s.01k8rhncp4jt1\/2026\/02\/img_1280x721uu2018-10-31-23-23-14-793161.jpg\",\"contentUrl\":\"https:\/\/portaltela.pt\/s.01k8rhncp4jt1\/2026\/02\/img_1280x721uu2018-10-31-23-23-14-793161.jpg\",\"width\":796,\"height\":448,\"caption\":\"Repara\u00e7\u00e3o de viaturas n\u00e3o tem custos\"},{\"@type\":\"BreadcrumbList\",\"@id\":\"https:\/\/portaltela.pt\/noticias\/2026\/02\/18\/perder-a-chamada-a-oficina-pode-comprometer-a-inspecao-do-carro\/#breadcrumb\",\"itemListElement\":[{\"@type\":\"ListItem\",\"position\":1,\"name\":\"In\u00edcio\",\"item\":\"https:\/\/portaltela.pt\/\"},{\"@type\":\"ListItem\",\"position\":2,\"name\":\"Perder a chamada \u00e0 oficina pode comprometer a inspe\u00e7\u00e3o do carro\"}]},{\"@type\":\"WebSite\",\"@id\":\"https:\/\/portaltela.pt\/#website\",\"url\":\"https:\/\/portaltela.pt\/\",\"name\":\"Portal Tela Portugal\",\"description\":\"\",\"potentialAction\":[{\"@type\":\"SearchAction\",\"target\":{\"@type\":\"EntryPoint\",\"urlTemplate\":\"https:\/\/portaltela.pt\/?s={search_term_string}\"},\"query-input\":{\"@type\":\"PropertyValueSpecification\",\"valueRequired\":true,\"valueName\":\"search_term_string\"}}],\"inLanguage\":\"pt-PT\"},{\"@type\":\"Person\",\"@id\":\"https:\/\/portaltela.pt\/#\/schema\/person\/c4278d4a6028830caff9ee44b42d32ed\",\"name\":\"Telinha\",\"image\":{\"@type\":\"ImageObject\",\"inLanguage\":\"pt-PT\",\"@id\":\"https:\/\/portaltela.pt\/s.01k8rhncp4jt1\/2025\/11\/talking-bot-125x125.png\",\"url\":\"https:\/\/portaltela.pt\/s.01k8rhncp4jt1\/2025\/11\/talking-bot-125x125.png\",\"contentUrl\":\"https:\/\/portaltela.pt\/s.01k8rhncp4jt1\/2025\/11\/talking-bot-125x125.png\",\"caption\":\"Telinha\"},\"sameAs\":[\"https:\/\/portaltela.pt\/\"],\"url\":\"https:\/\/portaltela.pt\/por\/367410592786\/\"}]}<\/script>\n<!-- \/ Yoast SEO plugin. -->","yoast_head_json":{"title":"Perder a chamada \u00e0 oficina pode comprometer a inspe\u00e7\u00e3o do carro - Portal Tela Portugal","robots":{"index":"index","follow":"follow","max-snippet":"max-snippet:-1","max-image-preview":"max-image-preview:large","max-video-preview":"max-video-preview:-1"},"og_locale":"pt_PT","og_type":"article","og_title":"Perder a chamada \u00e0 oficina pode comprometer a inspe\u00e7\u00e3o do carro - Portal Tela Portugal","og_description":"A partir de mar\u00e7o, ve\u00edculos sinalizados com uma a\u00e7\u00e3o de recall n\u00e3o realizada ser\u00e3o reprovados na inspe\u00e7\u00e3o peri\u00f3dica nos Centros de Inspe\u00e7\u00e3o T\u00e9cnica de Ve\u00edculos, conforme o Instituto da Mobilidade e dos Transportes Terrestres (IMT). A gravidade pode variar entre tipo 2 (defici\u00eancia grave) e tipo 3 (defici\u00eancia muito grave), conforme a gravidade indicada pelo fabricante. Cerca de 87 mil carros est\u00e3o nesta situa\u00e7\u00e3o, segundo a Associa\u00e7\u00e3o Autom\u00f3vel de Portugal (AAP); a verifica\u00e7\u00e3o por matr\u00edcula est\u00e1 dispon\u00edvel num site da AAP. O site da AAP \u00e9 gratuito e permite confirmar se o seu ve\u00edculo falhou num recall; a data de in\u00edcio de aplica\u00e7\u00e3o \u00e9 1 de mar\u00e7o. O recall \u00e9 anunciado pelo fabricante e enviado ao propriet\u00e1rio por carta registada; se j\u00e1 n\u00e3o estiver na posse do primeiro dono, deve contactar um concession\u00e1rio da marca para a repara\u00e7\u00e3o sem custos.","og_url":"https:\/\/portaltela.pt\/noticias\/2026\/02\/18\/perder-a-chamada-a-oficina-pode-comprometer-a-inspecao-do-carro\/","og_site_name":"Portal Tela Portugal","article_published_time":"2026-02-19T01:30:00+00:00","author":"Telinha","twitter_card":"summary_large_image","twitter_misc":{"Escrito por":"Telinha","Tempo estimado de leitura":"1 minuto"},"schema":{"@context":"https:\/\/schema.org","@graph":[{"@type":"Article","@id":"https:\/\/portaltela.pt\/noticias\/2026\/02\/18\/perder-a-chamada-a-oficina-pode-comprometer-a-inspecao-do-carro\/#article","isPartOf":{"@id":"https:\/\/portaltela.pt\/noticias\/2026\/02\/18\/perder-a-chamada-a-oficina-pode-comprometer-a-inspecao-do-carro\/"},"author":{"name":"Telinha","@id":"https:\/\/portaltela.pt\/#\/schema\/person\/c4278d4a6028830caff9ee44b42d32ed"},"headline":"Perder a chamada \u00e0 oficina pode comprometer a inspe\u00e7\u00e3o do carro","datePublished":"2026-02-19T01:30:00+00:00","mainEntityOfPage":{"@id":"https:\/\/portaltela.pt\/noticias\/2026\/02\/18\/perder-a-chamada-a-oficina-pode-comprometer-a-inspecao-do-carro\/"},"wordCount":233,"image":{"@id":"https:\/\/portaltela.pt\/noticias\/2026\/02\/18\/perder-a-chamada-a-oficina-pode-comprometer-a-inspecao-do-carro\/#primaryimage"},"thumbnailUrl":"https:\/\/portaltela.pt\/s.01k8rhncp4jt1\/2026\/02\/img_1280x721uu2018-10-31-23-23-14-793161.jpg","keywords":["Associa\u00e7\u00e3o Autom\u00f3vel de Portugal","inspe\u00e7\u00e3o de danos","seguran\u00e7a rodovi\u00e1ria","transporte","Transporte Rodovi\u00e1rios"],"articleSection":["Not\u00edcias"],"inLanguage":"pt-PT"},{"@type":"WebPage","@id":"https:\/\/portaltela.pt\/noticias\/2026\/02\/18\/perder-a-chamada-a-oficina-pode-comprometer-a-inspecao-do-carro\/","url":"https:\/\/portaltela.pt\/noticias\/2026\/02\/18\/perder-a-chamada-a-oficina-pode-comprometer-a-inspecao-do-carro\/","name":"Perder a chamada \u00e0 oficina pode comprometer a inspe\u00e7\u00e3o do carro - Portal Tela Portugal","isPartOf":{"@id":"https:\/\/portaltela.pt\/#website"},"primaryImageOfPage":{"@id":"https:\/\/portaltela.pt\/noticias\/2026\/02\/18\/perder-a-chamada-a-oficina-pode-comprometer-a-inspecao-do-carro\/#primaryimage"},"image":{"@id":"https:\/\/portaltela.pt\/noticias\/2026\/02\/18\/perder-a-chamada-a-oficina-pode-comprometer-a-inspecao-do-carro\/#primaryimage"},"thumbnailUrl":"https:\/\/portaltela.pt\/s.01k8rhncp4jt1\/2026\/02\/img_1280x721uu2018-10-31-23-23-14-793161.jpg","datePublished":"2026-02-19T01:30:00+00:00","author":{"@id":"https:\/\/portaltela.pt\/#\/schema\/person\/c4278d4a6028830caff9ee44b42d32ed"},"breadcrumb":{"@id":"https:\/\/portaltela.pt\/noticias\/2026\/02\/18\/perder-a-chamada-a-oficina-pode-comprometer-a-inspecao-do-carro\/#breadcrumb"},"inLanguage":"pt-PT","potentialAction":[{"@type":"ReadAction","target":["https:\/\/portaltela.pt\/noticias\/2026\/02\/18\/perder-a-chamada-a-oficina-pode-comprometer-a-inspecao-do-carro\/"]}]},{"@type":"ImageObject","inLanguage":"pt-PT","@id":"https:\/\/portaltela.pt\/noticias\/2026\/02\/18\/perder-a-chamada-a-oficina-pode-comprometer-a-inspecao-do-carro\/#primaryimage","url":"https:\/\/portaltela.pt\/s.01k8rhncp4jt1\/2026\/02\/img_1280x721uu2018-10-31-23-23-14-793161.jpg","contentUrl":"https:\/\/portaltela.pt\/s.01k8rhncp4jt1\/2026\/02\/img_1280x721uu2018-10-31-23-23-14-793161.jpg","width":796,"height":448,"caption":"Repara\u00e7\u00e3o de viaturas n\u00e3o tem custos"},{"@type":"BreadcrumbList","@id":"https:\/\/portaltela.pt\/noticias\/2026\/02\/18\/perder-a-chamada-a-oficina-pode-comprometer-a-inspecao-do-carro\/#breadcrumb","itemListElement":[{"@type":"ListItem","position":1,"name":"In\u00edcio","item":"https:\/\/portaltela.pt\/"},{"@type":"ListItem","position":2,"name":"Perder a chamada \u00e0 oficina pode comprometer a inspe\u00e7\u00e3o do carro"}]},{"@type":"WebSite","@id":"https:\/\/portaltela.pt\/#website","url":"https:\/\/portaltela.pt\/","name":"Portal Tela Portugal","description":"","potentialAction":[{"@type":"SearchAction","target":{"@type":"EntryPoint","urlTemplate":"https:\/\/portaltela.pt\/?s={search_term_string}"},"query-input":{"@type":"PropertyValueSpecification","valueRequired":true,"valueName":"search_term_string"}}],"inLanguage":"pt-PT"},{"@type":"Person","@id":"https:\/\/portaltela.pt\/#\/schema\/person\/c4278d4a6028830caff9ee44b42d32ed","name":"Telinha","image":{"@type":"ImageObject","inLanguage":"pt-PT","@id":"https:\/\/portaltela.pt\/s.01k8rhncp4jt1\/2025\/11\/talking-bot-125x125.png","url":"https:\/\/portaltela.pt\/s.01k8rhncp4jt1\/2025\/11\/talking-bot-125x125.png","contentUrl":"https:\/\/portaltela.pt\/s.01k8rhncp4jt1\/2025\/11\/talking-bot-125x125.png","caption":"Telinha"},"sameAs":["https:\/\/portaltela.pt\/"],"url":"https:\/\/portaltela.pt\/por\/367410592786\/"}]}},"_links":{"self":[{"href":"https:\/\/portaltela.pt\/api\/wp\/v2\/posts\/216911","targetHints":{"allow":["GET"]}}],"collection":[{"href":"https:\/\/portaltela.pt\/api\/wp\/v2\/posts"}],"about":[{"href":"https:\/\/portaltela.pt\/api\/wp\/v2\/types\/post"}],"author":[{"embeddable":true,"href":"https:\/\/portaltela.pt\/api\/wp\/v2\/users\/2"}],"replies":[{"embeddable":true,"href":"https:\/\/portaltela.pt\/api\/wp\/v2\/comments?post=216911"}],"version-history":[{"count":0,"href":"https:\/\/portaltela.pt\/api\/wp\/v2\/posts\/216911\/revisions"}],"wp:featuredmedia":[{"embeddable":true,"href":"https:\/\/portaltela.pt\/api\/wp\/v2\/media\/216917"}],"wp:attachment":[{"href":"https:\/\/portaltela.pt\/api\/wp\/v2\/media?parent=216911"}],"wp:term":[{"taxonomy":"category","embeddable":true,"href":"https:\/\/portaltela.pt\/api\/wp\/v2\/categories?post=216911"},{"taxonomy":"post_tag","embeddable":true,"href":"https:\/\/portaltela.pt\/api\/wp\/v2\/tags?post=216911"}],"curies":[{"name":"wp","href":"https:\/\/api.w.org\/{rel}","templated":true}]}}