{"id":216908,"date":"2026-02-18T22:30:00","date_gmt":"2026-02-19T01:30:00","guid":{"rendered":"https:\/\/portaltela.pt\/noticias\/2026\/02\/18\/cremilde-88-anos-pede-ajuda-apos-cheias-arrasarem-alcacer-do-sal\/"},"modified":"2026-02-18T22:30:00","modified_gmt":"2026-02-19T01:30:00","slug":"cremilde-88-anos-pede-ajuda-apos-cheias-arrasarem-alcacer-do-sal","status":"publish","type":"post","link":"https:\/\/portaltela.pt\/noticias\/2026\/02\/18\/cremilde-88-anos-pede-ajuda-apos-cheias-arrasarem-alcacer-do-sal\/","title":{"rendered":"Cremilde, 88 anos, pede ajuda ap\u00f3s cheias arrasarem Alc\u00e1cer do Sal"},"content":{"rendered":"<p>Foi registada a segunda e mais grave cheia no concelho de Alc\u00e1cer do Sal. O rio Sado entrou em v\u00e1rias habita\u00e7\u00f5es na Herdade da Barrosinha, causando desalojos em 17 agregados familiares. Cerca de 40 pessoas tiveram de abandonar as casas de forma r\u00e1pida.<\/p>\n<p>Entre os afetados, uma moradora de 88 anos, Cremilde, pediu ajuda, enquanto a filha admitiu que ter\u00e3o mesmo de come\u00e7ar de novo. Grande parte das pessoas permanece em alojamento dispon\u00edvel na pr\u00f3pria herdade, outros est\u00e3o com familiares.<\/p>\n<p>A situa\u00e7\u00e3o come\u00e7ou a evoluir na segunda-feira, com a inunda\u00e7\u00e3o a desfigurar o local e a obrigar v\u00e1rias fam\u00edlias a abandonar as habita\u00e7\u00f5es. O epis\u00f3dio provocou uma mobiliza\u00e7\u00e3o de apoio \u00e0 popula\u00e7\u00e3o afetada.<\/p>\n<h3>Situa\u00e7\u00e3o atual<\/h3>\n<p>Ainda n\u00e3o h\u00e1 informa\u00e7\u00e3o oficial sobre o n\u00famero total de desalojados ou sobre retorno \u00e0s habita\u00e7\u00f5es. Muitos residentes permanecem em alojamentos tempor\u00e1rios na herdade ou junto de familiares, at\u00e9 que seja poss\u00edvel avaliar os danos e planejar solu\u00e7\u00f5es de recupera\u00e7\u00e3o.<\/p>\n","protected":false},"excerpt":{"rendered":"<ul>\n<li>A segunda e mais grave cheia em Alc\u00e1cer do Sal fez o rio Sado entrar em v\u00e1rias habita\u00e7\u00f5es.<\/li>\n<li>A Herdade da Barrosinha ficou primeiro isolada e depois alagada.<\/li>\n<li>O fen\u00f3meno deixou desalojados 17 agregados familiares.<\/li>\n<li>Cerca de quarenta pessoas tiveram de abandonar as casas de forma r\u00e1pida, com grande parte a ficar num hotel da propriedade.<\/li>\n<li>Cremilde, de 88 anos, e a filha dizem que v\u00e3o ter de come\u00e7ar de novo.<\/li>\n<\/ul>\n","protected":false},"author":2,"featured_media":216913,"comment_status":"closed","ping_status":"closed","sticky":false,"template":"","format":"standard","meta":{"footnotes":""},"categories":[1],"tags":[1998,883,5215,3004,2293,3857],"class_list":["post-216908","post","type-post","status-publish","format-standard","has-post-thumbnail","hentry","category-noticias","tag-alcacer-do-sal","tag-alentejo","tag-catastrofes-naturais","tag-desalojados","tag-inundacoes","tag-sado"],"yoast_head":"<!-- This site is optimized with the Yoast SEO plugin v27.2 - https:\/\/yoast.com\/product\/yoast-seo-wordpress\/ -->\n<title>Cremilde, 88 anos, pede ajuda ap\u00f3s cheias arrasarem Alc\u00e1cer do Sal - Portal Tela Portugal<\/title>\n<meta name=\"robots\" content=\"index, follow, max-snippet:-1, max-image-preview:large, max-video-preview:-1\" \/>\n<meta property=\"og:locale\" content=\"pt_PT\" \/>\n<meta property=\"og:type\" content=\"article\" \/>\n<meta property=\"og:title\" content=\"Cremilde, 88 anos, pede ajuda ap\u00f3s cheias arrasarem Alc\u00e1cer do Sal - Portal Tela Portugal\" \/>\n<meta property=\"og:description\" content=\"A segunda e mais grave cheia em Alc\u00e1cer do Sal fez o rio Sado entrar em v\u00e1rias habita\u00e7\u00f5es. A Herdade da Barrosinha ficou primeiro isolada e depois alagada. O fen\u00f3meno deixou desalojados 17 agregados familiares. Cerca de quarenta pessoas tiveram de abandonar as casas de forma r\u00e1pida, com grande parte a ficar num hotel da propriedade. Cremilde, de 88 anos, e a filha dizem que v\u00e3o ter de come\u00e7ar de novo.\" \/>\n<meta property=\"og:url\" content=\"https:\/\/portaltela.pt\/noticias\/2026\/02\/18\/cremilde-88-anos-pede-ajuda-apos-cheias-arrasarem-alcacer-do-sal\/\" \/>\n<meta property=\"og:site_name\" content=\"Portal Tela Portugal\" \/>\n<meta property=\"article:published_time\" content=\"2026-02-19T01:30:00+00:00\" \/>\n<meta name=\"author\" content=\"Telinha\" \/>\n<meta name=\"twitter:card\" content=\"summary_large_image\" \/>\n<meta name=\"twitter:label1\" content=\"Escrito por\" \/>\n\t<meta name=\"twitter:data1\" content=\"Telinha\" \/>\n\t<meta name=\"twitter:label2\" content=\"Tempo estimado de leitura\" \/>\n\t<meta name=\"twitter:data2\" content=\"1 minuto\" \/>\n<script type=\"application\/ld+json\" class=\"yoast-schema-graph\">{\"@context\":\"https:\/\/schema.org\",\"@graph\":[{\"@type\":\"Article\",\"@id\":\"https:\/\/portaltela.pt\/noticias\/2026\/02\/18\/cremilde-88-anos-pede-ajuda-apos-cheias-arrasarem-alcacer-do-sal\/#article\",\"isPartOf\":{\"@id\":\"https:\/\/portaltela.pt\/noticias\/2026\/02\/18\/cremilde-88-anos-pede-ajuda-apos-cheias-arrasarem-alcacer-do-sal\/\"},\"author\":{\"name\":\"Telinha\",\"@id\":\"https:\/\/portaltela.pt\/#\/schema\/person\/c4278d4a6028830caff9ee44b42d32ed\"},\"headline\":\"Cremilde, 88 anos, pede ajuda ap\u00f3s cheias arrasarem Alc\u00e1cer do Sal\",\"datePublished\":\"2026-02-19T01:30:00+00:00\",\"mainEntityOfPage\":{\"@id\":\"https:\/\/portaltela.pt\/noticias\/2026\/02\/18\/cremilde-88-anos-pede-ajuda-apos-cheias-arrasarem-alcacer-do-sal\/\"},\"wordCount\":190,\"image\":{\"@id\":\"https:\/\/portaltela.pt\/noticias\/2026\/02\/18\/cremilde-88-anos-pede-ajuda-apos-cheias-arrasarem-alcacer-do-sal\/#primaryimage\"},\"thumbnailUrl\":\"https:\/\/portaltela.pt\/s.01k8rhncp4jt1\/2026\/02\/img_1500x1000uu2026-02-18-18-11-16-2267577.jpg\",\"keywords\":[\"Alc\u00e1cer do Sal\",\"Alentejo\",\"cat\u00e1strofes naturais\",\"desalojados\",\"inunda\u00e7\u00f5es\",\"Sado\"],\"articleSection\":[\"Not\u00edcias\"],\"inLanguage\":\"pt-PT\"},{\"@type\":\"WebPage\",\"@id\":\"https:\/\/portaltela.pt\/noticias\/2026\/02\/18\/cremilde-88-anos-pede-ajuda-apos-cheias-arrasarem-alcacer-do-sal\/\",\"url\":\"https:\/\/portaltela.pt\/noticias\/2026\/02\/18\/cremilde-88-anos-pede-ajuda-apos-cheias-arrasarem-alcacer-do-sal\/\",\"name\":\"Cremilde, 88 anos, pede ajuda ap\u00f3s cheias arrasarem Alc\u00e1cer do Sal - Portal Tela Portugal\",\"isPartOf\":{\"@id\":\"https:\/\/portaltela.pt\/#website\"},\"primaryImageOfPage\":{\"@id\":\"https:\/\/portaltela.pt\/noticias\/2026\/02\/18\/cremilde-88-anos-pede-ajuda-apos-cheias-arrasarem-alcacer-do-sal\/#primaryimage\"},\"image\":{\"@id\":\"https:\/\/portaltela.pt\/noticias\/2026\/02\/18\/cremilde-88-anos-pede-ajuda-apos-cheias-arrasarem-alcacer-do-sal\/#primaryimage\"},\"thumbnailUrl\":\"https:\/\/portaltela.pt\/s.01k8rhncp4jt1\/2026\/02\/img_1500x1000uu2026-02-18-18-11-16-2267577.jpg\",\"datePublished\":\"2026-02-19T01:30:00+00:00\",\"author\":{\"@id\":\"https:\/\/portaltela.pt\/#\/schema\/person\/c4278d4a6028830caff9ee44b42d32ed\"},\"breadcrumb\":{\"@id\":\"https:\/\/portaltela.pt\/noticias\/2026\/02\/18\/cremilde-88-anos-pede-ajuda-apos-cheias-arrasarem-alcacer-do-sal\/#breadcrumb\"},\"inLanguage\":\"pt-PT\",\"potentialAction\":[{\"@type\":\"ReadAction\",\"target\":[\"https:\/\/portaltela.pt\/noticias\/2026\/02\/18\/cremilde-88-anos-pede-ajuda-apos-cheias-arrasarem-alcacer-do-sal\/\"]}]},{\"@type\":\"ImageObject\",\"inLanguage\":\"pt-PT\",\"@id\":\"https:\/\/portaltela.pt\/noticias\/2026\/02\/18\/cremilde-88-anos-pede-ajuda-apos-cheias-arrasarem-alcacer-do-sal\/#primaryimage\",\"url\":\"https:\/\/portaltela.pt\/s.01k8rhncp4jt1\/2026\/02\/img_1500x1000uu2026-02-18-18-11-16-2267577.jpg\",\"contentUrl\":\"https:\/\/portaltela.pt\/s.01k8rhncp4jt1\/2026\/02\/img_1500x1000uu2026-02-18-18-11-16-2267577.jpg\",\"width\":796,\"height\":448,\"caption\":\"Cremilde, de 88 anos\"},{\"@type\":\"BreadcrumbList\",\"@id\":\"https:\/\/portaltela.pt\/noticias\/2026\/02\/18\/cremilde-88-anos-pede-ajuda-apos-cheias-arrasarem-alcacer-do-sal\/#breadcrumb\",\"itemListElement\":[{\"@type\":\"ListItem\",\"position\":1,\"name\":\"In\u00edcio\",\"item\":\"https:\/\/portaltela.pt\/\"},{\"@type\":\"ListItem\",\"position\":2,\"name\":\"Cremilde, 88 anos, pede ajuda ap\u00f3s cheias arrasarem Alc\u00e1cer do Sal\"}]},{\"@type\":\"WebSite\",\"@id\":\"https:\/\/portaltela.pt\/#website\",\"url\":\"https:\/\/portaltela.pt\/\",\"name\":\"Portal Tela Portugal\",\"description\":\"\",\"potentialAction\":[{\"@type\":\"SearchAction\",\"target\":{\"@type\":\"EntryPoint\",\"urlTemplate\":\"https:\/\/portaltela.pt\/?s={search_term_string}\"},\"query-input\":{\"@type\":\"PropertyValueSpecification\",\"valueRequired\":true,\"valueName\":\"search_term_string\"}}],\"inLanguage\":\"pt-PT\"},{\"@type\":\"Person\",\"@id\":\"https:\/\/portaltela.pt\/#\/schema\/person\/c4278d4a6028830caff9ee44b42d32ed\",\"name\":\"Telinha\",\"image\":{\"@type\":\"ImageObject\",\"inLanguage\":\"pt-PT\",\"@id\":\"https:\/\/portaltela.pt\/s.01k8rhncp4jt1\/2025\/11\/talking-bot-125x125.png\",\"url\":\"https:\/\/portaltela.pt\/s.01k8rhncp4jt1\/2025\/11\/talking-bot-125x125.png\",\"contentUrl\":\"https:\/\/portaltela.pt\/s.01k8rhncp4jt1\/2025\/11\/talking-bot-125x125.png\",\"caption\":\"Telinha\"},\"sameAs\":[\"https:\/\/portaltela.pt\/\"],\"url\":\"https:\/\/portaltela.pt\/por\/367410592786\/\"}]}<\/script>\n<!-- \/ Yoast SEO plugin. -->","yoast_head_json":{"title":"Cremilde, 88 anos, pede ajuda ap\u00f3s cheias arrasarem Alc\u00e1cer do Sal - Portal Tela Portugal","robots":{"index":"index","follow":"follow","max-snippet":"max-snippet:-1","max-image-preview":"max-image-preview:large","max-video-preview":"max-video-preview:-1"},"og_locale":"pt_PT","og_type":"article","og_title":"Cremilde, 88 anos, pede ajuda ap\u00f3s cheias arrasarem Alc\u00e1cer do Sal - Portal Tela Portugal","og_description":"A segunda e mais grave cheia em Alc\u00e1cer do Sal fez o rio Sado entrar em v\u00e1rias habita\u00e7\u00f5es. A Herdade da Barrosinha ficou primeiro isolada e depois alagada. O fen\u00f3meno deixou desalojados 17 agregados familiares. Cerca de quarenta pessoas tiveram de abandonar as casas de forma r\u00e1pida, com grande parte a ficar num hotel da propriedade. Cremilde, de 88 anos, e a filha dizem que v\u00e3o ter de come\u00e7ar de novo.","og_url":"https:\/\/portaltela.pt\/noticias\/2026\/02\/18\/cremilde-88-anos-pede-ajuda-apos-cheias-arrasarem-alcacer-do-sal\/","og_site_name":"Portal Tela Portugal","article_published_time":"2026-02-19T01:30:00+00:00","author":"Telinha","twitter_card":"summary_large_image","twitter_misc":{"Escrito por":"Telinha","Tempo estimado de leitura":"1 minuto"},"schema":{"@context":"https:\/\/schema.org","@graph":[{"@type":"Article","@id":"https:\/\/portaltela.pt\/noticias\/2026\/02\/18\/cremilde-88-anos-pede-ajuda-apos-cheias-arrasarem-alcacer-do-sal\/#article","isPartOf":{"@id":"https:\/\/portaltela.pt\/noticias\/2026\/02\/18\/cremilde-88-anos-pede-ajuda-apos-cheias-arrasarem-alcacer-do-sal\/"},"author":{"name":"Telinha","@id":"https:\/\/portaltela.pt\/#\/schema\/person\/c4278d4a6028830caff9ee44b42d32ed"},"headline":"Cremilde, 88 anos, pede ajuda ap\u00f3s cheias arrasarem Alc\u00e1cer do Sal","datePublished":"2026-02-19T01:30:00+00:00","mainEntityOfPage":{"@id":"https:\/\/portaltela.pt\/noticias\/2026\/02\/18\/cremilde-88-anos-pede-ajuda-apos-cheias-arrasarem-alcacer-do-sal\/"},"wordCount":190,"image":{"@id":"https:\/\/portaltela.pt\/noticias\/2026\/02\/18\/cremilde-88-anos-pede-ajuda-apos-cheias-arrasarem-alcacer-do-sal\/#primaryimage"},"thumbnailUrl":"https:\/\/portaltela.pt\/s.01k8rhncp4jt1\/2026\/02\/img_1500x1000uu2026-02-18-18-11-16-2267577.jpg","keywords":["Alc\u00e1cer do Sal","Alentejo","cat\u00e1strofes naturais","desalojados","inunda\u00e7\u00f5es","Sado"],"articleSection":["Not\u00edcias"],"inLanguage":"pt-PT"},{"@type":"WebPage","@id":"https:\/\/portaltela.pt\/noticias\/2026\/02\/18\/cremilde-88-anos-pede-ajuda-apos-cheias-arrasarem-alcacer-do-sal\/","url":"https:\/\/portaltela.pt\/noticias\/2026\/02\/18\/cremilde-88-anos-pede-ajuda-apos-cheias-arrasarem-alcacer-do-sal\/","name":"Cremilde, 88 anos, pede ajuda ap\u00f3s cheias arrasarem Alc\u00e1cer do Sal - Portal Tela Portugal","isPartOf":{"@id":"https:\/\/portaltela.pt\/#website"},"primaryImageOfPage":{"@id":"https:\/\/portaltela.pt\/noticias\/2026\/02\/18\/cremilde-88-anos-pede-ajuda-apos-cheias-arrasarem-alcacer-do-sal\/#primaryimage"},"image":{"@id":"https:\/\/portaltela.pt\/noticias\/2026\/02\/18\/cremilde-88-anos-pede-ajuda-apos-cheias-arrasarem-alcacer-do-sal\/#primaryimage"},"thumbnailUrl":"https:\/\/portaltela.pt\/s.01k8rhncp4jt1\/2026\/02\/img_1500x1000uu2026-02-18-18-11-16-2267577.jpg","datePublished":"2026-02-19T01:30:00+00:00","author":{"@id":"https:\/\/portaltela.pt\/#\/schema\/person\/c4278d4a6028830caff9ee44b42d32ed"},"breadcrumb":{"@id":"https:\/\/portaltela.pt\/noticias\/2026\/02\/18\/cremilde-88-anos-pede-ajuda-apos-cheias-arrasarem-alcacer-do-sal\/#breadcrumb"},"inLanguage":"pt-PT","potentialAction":[{"@type":"ReadAction","target":["https:\/\/portaltela.pt\/noticias\/2026\/02\/18\/cremilde-88-anos-pede-ajuda-apos-cheias-arrasarem-alcacer-do-sal\/"]}]},{"@type":"ImageObject","inLanguage":"pt-PT","@id":"https:\/\/portaltela.pt\/noticias\/2026\/02\/18\/cremilde-88-anos-pede-ajuda-apos-cheias-arrasarem-alcacer-do-sal\/#primaryimage","url":"https:\/\/portaltela.pt\/s.01k8rhncp4jt1\/2026\/02\/img_1500x1000uu2026-02-18-18-11-16-2267577.jpg","contentUrl":"https:\/\/portaltela.pt\/s.01k8rhncp4jt1\/2026\/02\/img_1500x1000uu2026-02-18-18-11-16-2267577.jpg","width":796,"height":448,"caption":"Cremilde, de 88 anos"},{"@type":"BreadcrumbList","@id":"https:\/\/portaltela.pt\/noticias\/2026\/02\/18\/cremilde-88-anos-pede-ajuda-apos-cheias-arrasarem-alcacer-do-sal\/#breadcrumb","itemListElement":[{"@type":"ListItem","position":1,"name":"In\u00edcio","item":"https:\/\/portaltela.pt\/"},{"@type":"ListItem","position":2,"name":"Cremilde, 88 anos, pede ajuda ap\u00f3s cheias arrasarem Alc\u00e1cer do Sal"}]},{"@type":"WebSite","@id":"https:\/\/portaltela.pt\/#website","url":"https:\/\/portaltela.pt\/","name":"Portal Tela Portugal","description":"","potentialAction":[{"@type":"SearchAction","target":{"@type":"EntryPoint","urlTemplate":"https:\/\/portaltela.pt\/?s={search_term_string}"},"query-input":{"@type":"PropertyValueSpecification","valueRequired":true,"valueName":"search_term_string"}}],"inLanguage":"pt-PT"},{"@type":"Person","@id":"https:\/\/portaltela.pt\/#\/schema\/person\/c4278d4a6028830caff9ee44b42d32ed","name":"Telinha","image":{"@type":"ImageObject","inLanguage":"pt-PT","@id":"https:\/\/portaltela.pt\/s.01k8rhncp4jt1\/2025\/11\/talking-bot-125x125.png","url":"https:\/\/portaltela.pt\/s.01k8rhncp4jt1\/2025\/11\/talking-bot-125x125.png","contentUrl":"https:\/\/portaltela.pt\/s.01k8rhncp4jt1\/2025\/11\/talking-bot-125x125.png","caption":"Telinha"},"sameAs":["https:\/\/portaltela.pt\/"],"url":"https:\/\/portaltela.pt\/por\/367410592786\/"}]}},"_links":{"self":[{"href":"https:\/\/portaltela.pt\/api\/wp\/v2\/posts\/216908","targetHints":{"allow":["GET"]}}],"collection":[{"href":"https:\/\/portaltela.pt\/api\/wp\/v2\/posts"}],"about":[{"href":"https:\/\/portaltela.pt\/api\/wp\/v2\/types\/post"}],"author":[{"embeddable":true,"href":"https:\/\/portaltela.pt\/api\/wp\/v2\/users\/2"}],"replies":[{"embeddable":true,"href":"https:\/\/portaltela.pt\/api\/wp\/v2\/comments?post=216908"}],"version-history":[{"count":0,"href":"https:\/\/portaltela.pt\/api\/wp\/v2\/posts\/216908\/revisions"}],"wp:featuredmedia":[{"embeddable":true,"href":"https:\/\/portaltela.pt\/api\/wp\/v2\/media\/216913"}],"wp:attachment":[{"href":"https:\/\/portaltela.pt\/api\/wp\/v2\/media?parent=216908"}],"wp:term":[{"taxonomy":"category","embeddable":true,"href":"https:\/\/portaltela.pt\/api\/wp\/v2\/categories?post=216908"},{"taxonomy":"post_tag","embeddable":true,"href":"https:\/\/portaltela.pt\/api\/wp\/v2\/tags?post=216908"}],"curies":[{"name":"wp","href":"https:\/\/api.w.org\/{rel}","templated":true}]}}