{"id":216894,"date":"2026-02-18T22:30:00","date_gmt":"2026-02-19T01:30:00","guid":{"rendered":"https:\/\/portaltela.pt\/noticias\/2026\/02\/18\/artilharia-do-sporting-volta-a-frente-diante-do-moreirense\/"},"modified":"2026-02-18T22:30:00","modified_gmt":"2026-02-19T01:30:00","slug":"artilharia-do-sporting-volta-a-frente-diante-do-moreirense","status":"publish","type":"post","link":"https:\/\/portaltela.pt\/desporto\/futebol\/2026\/02\/18\/artilharia-do-sporting-volta-a-frente-diante-do-moreirense\/","title":{"rendered":"Artilharia do Sporting volta \u00e0 frente diante do Moreirense"},"content":{"rendered":"<p>O Sporting recebe o Moreirense este s\u00e1bado \u00e0s 18h00, em jogo da liga, com a artilharia pesada em campo. A equipa de Rui Borges pode contar com Lu\u00eds Su\u00e1rez, que cumpriu castigo no \u00faltimo encontro contra o Famalic\u00e3o (1-0), e com Ioannidis, j\u00e1 recuperado da les\u00e3o.<\/p>\n<p>Su\u00e1rez volta aos convocados ap\u00f3s cumprir suspens\u00e3o, o que lhe permite somar novas oportunidades de finaliza\u00e7\u00e3o. O avan\u00e7ado uruguaio esteve fora do onze na vit\u00f3ria anterior e regressa para a fase decisiva da semana.<\/p>\n<p>Ioannidis tamb\u00e9m est\u00e1 recuperado e fica dispon\u00edvel para o plantel, aumentando op\u00e7\u00f5es ofensivas para o treinador. A dupla retorna numa altura em que o Sporting procura manter o ritmo na competi\u00e7\u00e3o.<\/p>\n<h3>Disponibilidade para o jogo<\/h3>\n<p>A comiss\u00e3o t\u00e9cnica dever\u00e1 confirmar a lista de convocados nas pr\u00f3ximas horas, com a expectativa de manter a estrat\u00e9gia de ataque marcada para o encontro.<\/p>\n","protected":false},"excerpt":{"rendered":"<ul>\n<li>O Sporting recebe o Moreirense no s\u00e1bado, \u00e0s 18h00.<\/li>\n<li>Lu\u00eds Su\u00e1rez regressa \u00e0 equipa ap\u00f3s cumprir castigo no jogo com o Famalic\u00e3o (1-0).<\/li>\n<li>Ioannidis j\u00e1 est\u00e1 recuperado da les\u00e3o e volta \u00e0s op\u00e7\u00f5es.<\/li>\n<li>Rui Borges pode contar com a dupla no ataque para a partida.<\/li>\n<li>O encontro \u00e9 marcado pela volta da artilharia ofensiva do Sporting.<\/li>\n<\/ul>\n","protected":false},"author":2,"featured_media":216896,"comment_status":"closed","ping_status":"closed","sticky":false,"template":"","format":"standard","meta":{"footnotes":""},"categories":[21,24],"tags":[4143,32,6098,5579,1652,4151],"class_list":["post-216894","post","type-post","status-publish","format-standard","has-post-thumbnail","hentry","category-desporto","category-futebol","tag-1-liga","tag-futebol","tag-ioannidis","tag-moreirense","tag-sporting","tag-suarez"],"yoast_head":"<!-- This site is optimized with the Yoast SEO plugin v27.2 - https:\/\/yoast.com\/product\/yoast-seo-wordpress\/ -->\n<title>Artilharia do Sporting volta \u00e0 frente diante do Moreirense - Portal Tela Portugal<\/title>\n<meta name=\"robots\" content=\"index, follow, max-snippet:-1, max-image-preview:large, max-video-preview:-1\" \/>\n<meta property=\"og:locale\" content=\"pt_PT\" \/>\n<meta property=\"og:type\" content=\"article\" \/>\n<meta property=\"og:title\" content=\"Artilharia do Sporting volta \u00e0 frente diante do Moreirense - Portal Tela Portugal\" \/>\n<meta property=\"og:description\" content=\"O Sporting recebe o Moreirense no s\u00e1bado, \u00e0s 18h00. Lu\u00eds Su\u00e1rez regressa \u00e0 equipa ap\u00f3s cumprir castigo no jogo com o Famalic\u00e3o (1-0). Ioannidis j\u00e1 est\u00e1 recuperado da les\u00e3o e volta \u00e0s op\u00e7\u00f5es. Rui Borges pode contar com a dupla no ataque para a partida. O encontro \u00e9 marcado pela volta da artilharia ofensiva do Sporting.\" \/>\n<meta property=\"og:url\" content=\"https:\/\/portaltela.pt\/noticias\/2026\/02\/18\/artilharia-do-sporting-volta-a-frente-diante-do-moreirense\/\" \/>\n<meta property=\"og:site_name\" content=\"Portal Tela Portugal\" \/>\n<meta property=\"article:published_time\" content=\"2026-02-19T01:30:00+00:00\" \/>\n<meta name=\"author\" content=\"Telinha\" \/>\n<meta name=\"twitter:card\" content=\"summary_large_image\" \/>\n<meta name=\"twitter:label1\" content=\"Escrito por\" \/>\n\t<meta name=\"twitter:data1\" content=\"Telinha\" \/>\n\t<meta name=\"twitter:label2\" content=\"Tempo estimado de leitura\" \/>\n\t<meta name=\"twitter:data2\" content=\"1 minuto\" \/>\n<script type=\"application\/ld+json\" class=\"yoast-schema-graph\">{\"@context\":\"https:\/\/schema.org\",\"@graph\":[{\"@type\":\"Article\",\"@id\":\"https:\/\/portaltela.pt\/noticias\/2026\/02\/18\/artilharia-do-sporting-volta-a-frente-diante-do-moreirense\/#article\",\"isPartOf\":{\"@id\":\"https:\/\/portaltela.pt\/noticias\/2026\/02\/18\/artilharia-do-sporting-volta-a-frente-diante-do-moreirense\/\"},\"author\":{\"name\":\"Telinha\",\"@id\":\"https:\/\/portaltela.pt\/#\/schema\/person\/c4278d4a6028830caff9ee44b42d32ed\"},\"headline\":\"Artilharia do Sporting volta \u00e0 frente diante do Moreirense\",\"datePublished\":\"2026-02-19T01:30:00+00:00\",\"mainEntityOfPage\":{\"@id\":\"https:\/\/portaltela.pt\/noticias\/2026\/02\/18\/artilharia-do-sporting-volta-a-frente-diante-do-moreirense\/\"},\"wordCount\":167,\"image\":{\"@id\":\"https:\/\/portaltela.pt\/noticias\/2026\/02\/18\/artilharia-do-sporting-volta-a-frente-diante-do-moreirense\/#primaryimage\"},\"thumbnailUrl\":\"https:\/\/portaltela.pt\/s.01k8rhncp4jt1\/2026\/02\/img_1500x1000uu2025-09-22-22-11-58-2236899.jpg\",\"keywords\":[\"1. Liga\",\"futebol\",\"Ioannidis\",\"Moreirense\",\"Sporting\",\"Su\u00e1rez\"],\"articleSection\":[\"Desporto\",\"Futebol\"],\"inLanguage\":\"pt-PT\"},{\"@type\":\"WebPage\",\"@id\":\"https:\/\/portaltela.pt\/noticias\/2026\/02\/18\/artilharia-do-sporting-volta-a-frente-diante-do-moreirense\/\",\"url\":\"https:\/\/portaltela.pt\/noticias\/2026\/02\/18\/artilharia-do-sporting-volta-a-frente-diante-do-moreirense\/\",\"name\":\"Artilharia do Sporting volta \u00e0 frente diante do Moreirense - Portal Tela Portugal\",\"isPartOf\":{\"@id\":\"https:\/\/portaltela.pt\/#website\"},\"primaryImageOfPage\":{\"@id\":\"https:\/\/portaltela.pt\/noticias\/2026\/02\/18\/artilharia-do-sporting-volta-a-frente-diante-do-moreirense\/#primaryimage\"},\"image\":{\"@id\":\"https:\/\/portaltela.pt\/noticias\/2026\/02\/18\/artilharia-do-sporting-volta-a-frente-diante-do-moreirense\/#primaryimage\"},\"thumbnailUrl\":\"https:\/\/portaltela.pt\/s.01k8rhncp4jt1\/2026\/02\/img_1500x1000uu2025-09-22-22-11-58-2236899.jpg\",\"datePublished\":\"2026-02-19T01:30:00+00:00\",\"author\":{\"@id\":\"https:\/\/portaltela.pt\/#\/schema\/person\/c4278d4a6028830caff9ee44b42d32ed\"},\"breadcrumb\":{\"@id\":\"https:\/\/portaltela.pt\/noticias\/2026\/02\/18\/artilharia-do-sporting-volta-a-frente-diante-do-moreirense\/#breadcrumb\"},\"inLanguage\":\"pt-PT\",\"potentialAction\":[{\"@type\":\"ReadAction\",\"target\":[\"https:\/\/portaltela.pt\/noticias\/2026\/02\/18\/artilharia-do-sporting-volta-a-frente-diante-do-moreirense\/\"]}]},{\"@type\":\"ImageObject\",\"inLanguage\":\"pt-PT\",\"@id\":\"https:\/\/portaltela.pt\/noticias\/2026\/02\/18\/artilharia-do-sporting-volta-a-frente-diante-do-moreirense\/#primaryimage\",\"url\":\"https:\/\/portaltela.pt\/s.01k8rhncp4jt1\/2026\/02\/img_1500x1000uu2025-09-22-22-11-58-2236899.jpg\",\"contentUrl\":\"https:\/\/portaltela.pt\/s.01k8rhncp4jt1\/2026\/02\/img_1500x1000uu2025-09-22-22-11-58-2236899.jpg\",\"width\":796,\"height\":448,\"caption\":\"Sporting vs. Moreirense\"},{\"@type\":\"BreadcrumbList\",\"@id\":\"https:\/\/portaltela.pt\/noticias\/2026\/02\/18\/artilharia-do-sporting-volta-a-frente-diante-do-moreirense\/#breadcrumb\",\"itemListElement\":[{\"@type\":\"ListItem\",\"position\":1,\"name\":\"In\u00edcio\",\"item\":\"https:\/\/portaltela.pt\/\"},{\"@type\":\"ListItem\",\"position\":2,\"name\":\"Artilharia do Sporting volta \u00e0 frente diante do Moreirense\"}]},{\"@type\":\"WebSite\",\"@id\":\"https:\/\/portaltela.pt\/#website\",\"url\":\"https:\/\/portaltela.pt\/\",\"name\":\"Portal Tela Portugal\",\"description\":\"\",\"potentialAction\":[{\"@type\":\"SearchAction\",\"target\":{\"@type\":\"EntryPoint\",\"urlTemplate\":\"https:\/\/portaltela.pt\/?s={search_term_string}\"},\"query-input\":{\"@type\":\"PropertyValueSpecification\",\"valueRequired\":true,\"valueName\":\"search_term_string\"}}],\"inLanguage\":\"pt-PT\"},{\"@type\":\"Person\",\"@id\":\"https:\/\/portaltela.pt\/#\/schema\/person\/c4278d4a6028830caff9ee44b42d32ed\",\"name\":\"Telinha\",\"image\":{\"@type\":\"ImageObject\",\"inLanguage\":\"pt-PT\",\"@id\":\"https:\/\/portaltela.pt\/s.01k8rhncp4jt1\/2025\/11\/talking-bot-125x125.png\",\"url\":\"https:\/\/portaltela.pt\/s.01k8rhncp4jt1\/2025\/11\/talking-bot-125x125.png\",\"contentUrl\":\"https:\/\/portaltela.pt\/s.01k8rhncp4jt1\/2025\/11\/talking-bot-125x125.png\",\"caption\":\"Telinha\"},\"sameAs\":[\"https:\/\/portaltela.pt\/\"],\"url\":\"https:\/\/portaltela.pt\/por\/367410592786\/\"}]}<\/script>\n<!-- \/ Yoast SEO plugin. -->","yoast_head_json":{"title":"Artilharia do Sporting volta \u00e0 frente diante do Moreirense - Portal Tela Portugal","robots":{"index":"index","follow":"follow","max-snippet":"max-snippet:-1","max-image-preview":"max-image-preview:large","max-video-preview":"max-video-preview:-1"},"og_locale":"pt_PT","og_type":"article","og_title":"Artilharia do Sporting volta \u00e0 frente diante do Moreirense - Portal Tela Portugal","og_description":"O Sporting recebe o Moreirense no s\u00e1bado, \u00e0s 18h00. Lu\u00eds Su\u00e1rez regressa \u00e0 equipa ap\u00f3s cumprir castigo no jogo com o Famalic\u00e3o (1-0). Ioannidis j\u00e1 est\u00e1 recuperado da les\u00e3o e volta \u00e0s op\u00e7\u00f5es. Rui Borges pode contar com a dupla no ataque para a partida. O encontro \u00e9 marcado pela volta da artilharia ofensiva do Sporting.","og_url":"https:\/\/portaltela.pt\/noticias\/2026\/02\/18\/artilharia-do-sporting-volta-a-frente-diante-do-moreirense\/","og_site_name":"Portal Tela Portugal","article_published_time":"2026-02-19T01:30:00+00:00","author":"Telinha","twitter_card":"summary_large_image","twitter_misc":{"Escrito por":"Telinha","Tempo estimado de leitura":"1 minuto"},"schema":{"@context":"https:\/\/schema.org","@graph":[{"@type":"Article","@id":"https:\/\/portaltela.pt\/noticias\/2026\/02\/18\/artilharia-do-sporting-volta-a-frente-diante-do-moreirense\/#article","isPartOf":{"@id":"https:\/\/portaltela.pt\/noticias\/2026\/02\/18\/artilharia-do-sporting-volta-a-frente-diante-do-moreirense\/"},"author":{"name":"Telinha","@id":"https:\/\/portaltela.pt\/#\/schema\/person\/c4278d4a6028830caff9ee44b42d32ed"},"headline":"Artilharia do Sporting volta \u00e0 frente diante do Moreirense","datePublished":"2026-02-19T01:30:00+00:00","mainEntityOfPage":{"@id":"https:\/\/portaltela.pt\/noticias\/2026\/02\/18\/artilharia-do-sporting-volta-a-frente-diante-do-moreirense\/"},"wordCount":167,"image":{"@id":"https:\/\/portaltela.pt\/noticias\/2026\/02\/18\/artilharia-do-sporting-volta-a-frente-diante-do-moreirense\/#primaryimage"},"thumbnailUrl":"https:\/\/portaltela.pt\/s.01k8rhncp4jt1\/2026\/02\/img_1500x1000uu2025-09-22-22-11-58-2236899.jpg","keywords":["1. Liga","futebol","Ioannidis","Moreirense","Sporting","Su\u00e1rez"],"articleSection":["Desporto","Futebol"],"inLanguage":"pt-PT"},{"@type":"WebPage","@id":"https:\/\/portaltela.pt\/noticias\/2026\/02\/18\/artilharia-do-sporting-volta-a-frente-diante-do-moreirense\/","url":"https:\/\/portaltela.pt\/noticias\/2026\/02\/18\/artilharia-do-sporting-volta-a-frente-diante-do-moreirense\/","name":"Artilharia do Sporting volta \u00e0 frente diante do Moreirense - Portal Tela Portugal","isPartOf":{"@id":"https:\/\/portaltela.pt\/#website"},"primaryImageOfPage":{"@id":"https:\/\/portaltela.pt\/noticias\/2026\/02\/18\/artilharia-do-sporting-volta-a-frente-diante-do-moreirense\/#primaryimage"},"image":{"@id":"https:\/\/portaltela.pt\/noticias\/2026\/02\/18\/artilharia-do-sporting-volta-a-frente-diante-do-moreirense\/#primaryimage"},"thumbnailUrl":"https:\/\/portaltela.pt\/s.01k8rhncp4jt1\/2026\/02\/img_1500x1000uu2025-09-22-22-11-58-2236899.jpg","datePublished":"2026-02-19T01:30:00+00:00","author":{"@id":"https:\/\/portaltela.pt\/#\/schema\/person\/c4278d4a6028830caff9ee44b42d32ed"},"breadcrumb":{"@id":"https:\/\/portaltela.pt\/noticias\/2026\/02\/18\/artilharia-do-sporting-volta-a-frente-diante-do-moreirense\/#breadcrumb"},"inLanguage":"pt-PT","potentialAction":[{"@type":"ReadAction","target":["https:\/\/portaltela.pt\/noticias\/2026\/02\/18\/artilharia-do-sporting-volta-a-frente-diante-do-moreirense\/"]}]},{"@type":"ImageObject","inLanguage":"pt-PT","@id":"https:\/\/portaltela.pt\/noticias\/2026\/02\/18\/artilharia-do-sporting-volta-a-frente-diante-do-moreirense\/#primaryimage","url":"https:\/\/portaltela.pt\/s.01k8rhncp4jt1\/2026\/02\/img_1500x1000uu2025-09-22-22-11-58-2236899.jpg","contentUrl":"https:\/\/portaltela.pt\/s.01k8rhncp4jt1\/2026\/02\/img_1500x1000uu2025-09-22-22-11-58-2236899.jpg","width":796,"height":448,"caption":"Sporting vs. Moreirense"},{"@type":"BreadcrumbList","@id":"https:\/\/portaltela.pt\/noticias\/2026\/02\/18\/artilharia-do-sporting-volta-a-frente-diante-do-moreirense\/#breadcrumb","itemListElement":[{"@type":"ListItem","position":1,"name":"In\u00edcio","item":"https:\/\/portaltela.pt\/"},{"@type":"ListItem","position":2,"name":"Artilharia do Sporting volta \u00e0 frente diante do Moreirense"}]},{"@type":"WebSite","@id":"https:\/\/portaltela.pt\/#website","url":"https:\/\/portaltela.pt\/","name":"Portal Tela Portugal","description":"","potentialAction":[{"@type":"SearchAction","target":{"@type":"EntryPoint","urlTemplate":"https:\/\/portaltela.pt\/?s={search_term_string}"},"query-input":{"@type":"PropertyValueSpecification","valueRequired":true,"valueName":"search_term_string"}}],"inLanguage":"pt-PT"},{"@type":"Person","@id":"https:\/\/portaltela.pt\/#\/schema\/person\/c4278d4a6028830caff9ee44b42d32ed","name":"Telinha","image":{"@type":"ImageObject","inLanguage":"pt-PT","@id":"https:\/\/portaltela.pt\/s.01k8rhncp4jt1\/2025\/11\/talking-bot-125x125.png","url":"https:\/\/portaltela.pt\/s.01k8rhncp4jt1\/2025\/11\/talking-bot-125x125.png","contentUrl":"https:\/\/portaltela.pt\/s.01k8rhncp4jt1\/2025\/11\/talking-bot-125x125.png","caption":"Telinha"},"sameAs":["https:\/\/portaltela.pt\/"],"url":"https:\/\/portaltela.pt\/por\/367410592786\/"}]}},"_links":{"self":[{"href":"https:\/\/portaltela.pt\/api\/wp\/v2\/posts\/216894","targetHints":{"allow":["GET"]}}],"collection":[{"href":"https:\/\/portaltela.pt\/api\/wp\/v2\/posts"}],"about":[{"href":"https:\/\/portaltela.pt\/api\/wp\/v2\/types\/post"}],"author":[{"embeddable":true,"href":"https:\/\/portaltela.pt\/api\/wp\/v2\/users\/2"}],"replies":[{"embeddable":true,"href":"https:\/\/portaltela.pt\/api\/wp\/v2\/comments?post=216894"}],"version-history":[{"count":0,"href":"https:\/\/portaltela.pt\/api\/wp\/v2\/posts\/216894\/revisions"}],"wp:featuredmedia":[{"embeddable":true,"href":"https:\/\/portaltela.pt\/api\/wp\/v2\/media\/216896"}],"wp:attachment":[{"href":"https:\/\/portaltela.pt\/api\/wp\/v2\/media?parent=216894"}],"wp:term":[{"taxonomy":"category","embeddable":true,"href":"https:\/\/portaltela.pt\/api\/wp\/v2\/categories?post=216894"},{"taxonomy":"post_tag","embeddable":true,"href":"https:\/\/portaltela.pt\/api\/wp\/v2\/tags?post=216894"}],"curies":[{"name":"wp","href":"https:\/\/api.w.org\/{rel}","templated":true}]}}