{"id":216891,"date":"2026-02-18T22:30:00","date_gmt":"2026-02-19T01:30:00","guid":{"rendered":"https:\/\/portaltela.pt\/noticias\/2026\/02\/18\/regressavam-de-consulta-quando-foram-apanhados-pelo-mondego-mortes-sobem-a-19\/"},"modified":"2026-02-18T22:30:00","modified_gmt":"2026-02-19T01:30:00","slug":"regressavam-de-consulta-quando-foram-apanhados-pelo-mondego-mortes-sobem-a-19","status":"publish","type":"post","link":"https:\/\/portaltela.pt\/noticias\/2026\/02\/18\/regressavam-de-consulta-quando-foram-apanhados-pelo-mondego-mortes-sobem-a-19\/","title":{"rendered":"Regressavam de consulta quando foram apanhados pelo Mondego; mortes sobem a 19"},"content":{"rendered":"<p>O carro de Maria de F\u00e1tima e do marido Ven\u00e2ncio foi encontrado submerso numa \u00e1rea de campo junto a uma estrada alagada do Baixo Mondego. O ve\u00edculo estava tombado, com os ocupantes j\u00e1 sem vida, ap\u00f3s a cheia ter reduzido a visibilidade da zona.<\/p>\n<p>O casal, ambos com 65 e 68 anos, regressava de Coimbra para Montemor-o-Velho depois de uma consulta m\u00e9dica, quando o mau tempo intensificou o enchimento do rio. A localiza\u00e7\u00e3o do ve\u00edculo sugere que tentaram atravessar a estrada alagada.<\/p>\n<p>Foram as autoridades que confirmaram a identifica\u00e7\u00e3o dos corpos e a conclus\u00e3o de que as v\u00edtimas morreram devido \u00e0s cheias, elevando para 19 o n\u00famero de mortos diretos e indiretos associadas \u00e0s tempestades que afetam Portugal desde 28 de janeiro.<\/p>\n<h3>Contexto das cheias no Baixo Mondego<\/h3>\n<p>As buscas e opera\u00e7\u00f5es de resposta estiveram em curso durante dias, com o aumento gradual do n\u00edvel das \u00e1guas. A descoberta do carro encerra parte do processo de investiga\u00e7\u00e3o sobre as circunst\u00e2ncias do incidente.<\/p>\n<p>As autoridades reiteram cautela em \u00e1reas com alagamentos e aconselham a evitar atravessar estradas inundadas. O foco mant\u00e9m-se na avalia\u00e7\u00e3o de danos e na avalia\u00e7\u00e3o de eventuais novas v\u00edtimas.<\/p>\n","protected":false},"excerpt":{"rendered":"<ul>\n<li>O casal Maria de F\u00e1tima e Ven\u00e2ncio, de 65 e 68 anos, regressava de uma consulta em Coimbra quando foram vistos pela \u00faltima vez no dia 10, em Montemor-o-Velho.<\/li>\n<li>O descer do n\u00edvel das \u00e1guas nas cheias do Baixo Mondego fez esclarecer o paradeiro do casal.<\/li>\n<li>Um popular encontrou, na manh\u00e3 de quarta-feira, o carro tombado num campo agr\u00edcola junto a uma estrada que tinha ficado alagada.<\/li>\n<li>O ve\u00edculo continha os dois idosos, sugerindo que tentaram atravessar a zona inundada ao regressarem a Montemor-o-Velho.<\/li>\n<li>O n\u00famero de v\u00edtimas mortais diretas e indiretas das tempestades que t\u00eam afectado Portugal desde 28 de janeiro subiu para 19.<\/li>\n<\/ul>\n","protected":false},"author":2,"featured_media":216892,"comment_status":"closed","ping_status":"closed","sticky":false,"template":"","format":"standard","meta":{"footnotes":""},"categories":[1],"tags":[3812,5215,3701,1070,2410,4903],"class_list":["post-216891","post","type-post","status-publish","format-standard","has-post-thumbnail","hentry","category-noticias","tag-alagamentos","tag-catastrofes-naturais","tag-cheias","tag-coimbra","tag-mondego","tag-montemor-o-velho"],"yoast_head":"<!-- This site is optimized with the Yoast SEO plugin v27.2 - https:\/\/yoast.com\/product\/yoast-seo-wordpress\/ -->\n<title>Regressavam de consulta quando foram apanhados pelo Mondego; mortes sobem a 19 - Portal Tela Portugal<\/title>\n<meta name=\"robots\" content=\"index, follow, max-snippet:-1, max-image-preview:large, max-video-preview:-1\" \/>\n<meta property=\"og:locale\" content=\"pt_PT\" \/>\n<meta property=\"og:type\" content=\"article\" \/>\n<meta property=\"og:title\" content=\"Regressavam de consulta quando foram apanhados pelo Mondego; mortes sobem a 19 - Portal Tela Portugal\" \/>\n<meta property=\"og:description\" content=\"O casal Maria de F\u00e1tima e Ven\u00e2ncio, de 65 e 68 anos, regressava de uma consulta em Coimbra quando foram vistos pela \u00faltima vez no dia 10, em Montemor-o-Velho. O descer do n\u00edvel das \u00e1guas nas cheias do Baixo Mondego fez esclarecer o paradeiro do casal. Um popular encontrou, na manh\u00e3 de quarta-feira, o carro tombado num campo agr\u00edcola junto a uma estrada que tinha ficado alagada. O ve\u00edculo continha os dois idosos, sugerindo que tentaram atravessar a zona inundada ao regressarem a Montemor-o-Velho. O n\u00famero de v\u00edtimas mortais diretas e indiretas das tempestades que t\u00eam afectado Portugal desde 28 de janeiro subiu para 19.\" \/>\n<meta property=\"og:url\" content=\"https:\/\/portaltela.pt\/noticias\/2026\/02\/18\/regressavam-de-consulta-quando-foram-apanhados-pelo-mondego-mortes-sobem-a-19\/\" \/>\n<meta property=\"og:site_name\" content=\"Portal Tela Portugal\" \/>\n<meta property=\"article:published_time\" content=\"2026-02-19T01:30:00+00:00\" \/>\n<meta name=\"author\" content=\"Telinha\" \/>\n<meta name=\"twitter:card\" content=\"summary_large_image\" \/>\n<meta name=\"twitter:label1\" content=\"Escrito por\" \/>\n\t<meta name=\"twitter:data1\" content=\"Telinha\" \/>\n\t<meta name=\"twitter:label2\" content=\"Tempo estimado de leitura\" \/>\n\t<meta name=\"twitter:data2\" content=\"1 minuto\" \/>\n<script type=\"application\/ld+json\" class=\"yoast-schema-graph\">{\"@context\":\"https:\/\/schema.org\",\"@graph\":[{\"@type\":\"Article\",\"@id\":\"https:\/\/portaltela.pt\/noticias\/2026\/02\/18\/regressavam-de-consulta-quando-foram-apanhados-pelo-mondego-mortes-sobem-a-19\/#article\",\"isPartOf\":{\"@id\":\"https:\/\/portaltela.pt\/noticias\/2026\/02\/18\/regressavam-de-consulta-quando-foram-apanhados-pelo-mondego-mortes-sobem-a-19\/\"},\"author\":{\"name\":\"Telinha\",\"@id\":\"https:\/\/portaltela.pt\/#\/schema\/person\/c4278d4a6028830caff9ee44b42d32ed\"},\"headline\":\"Regressavam de consulta quando foram apanhados pelo Mondego; mortes sobem a 19\",\"datePublished\":\"2026-02-19T01:30:00+00:00\",\"mainEntityOfPage\":{\"@id\":\"https:\/\/portaltela.pt\/noticias\/2026\/02\/18\/regressavam-de-consulta-quando-foram-apanhados-pelo-mondego-mortes-sobem-a-19\/\"},\"wordCount\":217,\"image\":{\"@id\":\"https:\/\/portaltela.pt\/noticias\/2026\/02\/18\/regressavam-de-consulta-quando-foram-apanhados-pelo-mondego-mortes-sobem-a-19\/#primaryimage\"},\"thumbnailUrl\":\"https:\/\/portaltela.pt\/s.01k8rhncp4jt1\/2026\/02\/img_1280x721uu2026-02-18-10-27-51-2267483.jpg\",\"keywords\":[\"alagamentos\",\"cat\u00e1strofes naturais\",\"cheias\",\"Coimbra\",\"Mondego\",\"Montemor-o-Velho\"],\"articleSection\":[\"Not\u00edcias\"],\"inLanguage\":\"pt-PT\"},{\"@type\":\"WebPage\",\"@id\":\"https:\/\/portaltela.pt\/noticias\/2026\/02\/18\/regressavam-de-consulta-quando-foram-apanhados-pelo-mondego-mortes-sobem-a-19\/\",\"url\":\"https:\/\/portaltela.pt\/noticias\/2026\/02\/18\/regressavam-de-consulta-quando-foram-apanhados-pelo-mondego-mortes-sobem-a-19\/\",\"name\":\"Regressavam de consulta quando foram apanhados pelo Mondego; mortes sobem a 19 - Portal Tela Portugal\",\"isPartOf\":{\"@id\":\"https:\/\/portaltela.pt\/#website\"},\"primaryImageOfPage\":{\"@id\":\"https:\/\/portaltela.pt\/noticias\/2026\/02\/18\/regressavam-de-consulta-quando-foram-apanhados-pelo-mondego-mortes-sobem-a-19\/#primaryimage\"},\"image\":{\"@id\":\"https:\/\/portaltela.pt\/noticias\/2026\/02\/18\/regressavam-de-consulta-quando-foram-apanhados-pelo-mondego-mortes-sobem-a-19\/#primaryimage\"},\"thumbnailUrl\":\"https:\/\/portaltela.pt\/s.01k8rhncp4jt1\/2026\/02\/img_1280x721uu2026-02-18-10-27-51-2267483.jpg\",\"datePublished\":\"2026-02-19T01:30:00+00:00\",\"author\":{\"@id\":\"https:\/\/portaltela.pt\/#\/schema\/person\/c4278d4a6028830caff9ee44b42d32ed\"},\"breadcrumb\":{\"@id\":\"https:\/\/portaltela.pt\/noticias\/2026\/02\/18\/regressavam-de-consulta-quando-foram-apanhados-pelo-mondego-mortes-sobem-a-19\/#breadcrumb\"},\"inLanguage\":\"pt-PT\",\"potentialAction\":[{\"@type\":\"ReadAction\",\"target\":[\"https:\/\/portaltela.pt\/noticias\/2026\/02\/18\/regressavam-de-consulta-quando-foram-apanhados-pelo-mondego-mortes-sobem-a-19\/\"]}]},{\"@type\":\"ImageObject\",\"inLanguage\":\"pt-PT\",\"@id\":\"https:\/\/portaltela.pt\/noticias\/2026\/02\/18\/regressavam-de-consulta-quando-foram-apanhados-pelo-mondego-mortes-sobem-a-19\/#primaryimage\",\"url\":\"https:\/\/portaltela.pt\/s.01k8rhncp4jt1\/2026\/02\/img_1280x721uu2026-02-18-10-27-51-2267483.jpg\",\"contentUrl\":\"https:\/\/portaltela.pt\/s.01k8rhncp4jt1\/2026\/02\/img_1280x721uu2026-02-18-10-27-51-2267483.jpg\",\"width\":796,\"height\":448,\"caption\":\"Corpos encontrados dentro de carro pertencem a Ven\u00e2ncio e F\u00e1tima, o casal desaparecido em Montemor-o-Velho\"},{\"@type\":\"BreadcrumbList\",\"@id\":\"https:\/\/portaltela.pt\/noticias\/2026\/02\/18\/regressavam-de-consulta-quando-foram-apanhados-pelo-mondego-mortes-sobem-a-19\/#breadcrumb\",\"itemListElement\":[{\"@type\":\"ListItem\",\"position\":1,\"name\":\"In\u00edcio\",\"item\":\"https:\/\/portaltela.pt\/\"},{\"@type\":\"ListItem\",\"position\":2,\"name\":\"Regressavam de consulta quando foram apanhados pelo Mondego; mortes sobem a 19\"}]},{\"@type\":\"WebSite\",\"@id\":\"https:\/\/portaltela.pt\/#website\",\"url\":\"https:\/\/portaltela.pt\/\",\"name\":\"Portal Tela Portugal\",\"description\":\"\",\"potentialAction\":[{\"@type\":\"SearchAction\",\"target\":{\"@type\":\"EntryPoint\",\"urlTemplate\":\"https:\/\/portaltela.pt\/?s={search_term_string}\"},\"query-input\":{\"@type\":\"PropertyValueSpecification\",\"valueRequired\":true,\"valueName\":\"search_term_string\"}}],\"inLanguage\":\"pt-PT\"},{\"@type\":\"Person\",\"@id\":\"https:\/\/portaltela.pt\/#\/schema\/person\/c4278d4a6028830caff9ee44b42d32ed\",\"name\":\"Telinha\",\"image\":{\"@type\":\"ImageObject\",\"inLanguage\":\"pt-PT\",\"@id\":\"https:\/\/portaltela.pt\/s.01k8rhncp4jt1\/2025\/11\/talking-bot-125x125.png\",\"url\":\"https:\/\/portaltela.pt\/s.01k8rhncp4jt1\/2025\/11\/talking-bot-125x125.png\",\"contentUrl\":\"https:\/\/portaltela.pt\/s.01k8rhncp4jt1\/2025\/11\/talking-bot-125x125.png\",\"caption\":\"Telinha\"},\"sameAs\":[\"https:\/\/portaltela.pt\/\"],\"url\":\"https:\/\/portaltela.pt\/por\/367410592786\/\"}]}<\/script>\n<!-- \/ Yoast SEO plugin. -->","yoast_head_json":{"title":"Regressavam de consulta quando foram apanhados pelo Mondego; mortes sobem a 19 - Portal Tela Portugal","robots":{"index":"index","follow":"follow","max-snippet":"max-snippet:-1","max-image-preview":"max-image-preview:large","max-video-preview":"max-video-preview:-1"},"og_locale":"pt_PT","og_type":"article","og_title":"Regressavam de consulta quando foram apanhados pelo Mondego; mortes sobem a 19 - Portal Tela Portugal","og_description":"O casal Maria de F\u00e1tima e Ven\u00e2ncio, de 65 e 68 anos, regressava de uma consulta em Coimbra quando foram vistos pela \u00faltima vez no dia 10, em Montemor-o-Velho. O descer do n\u00edvel das \u00e1guas nas cheias do Baixo Mondego fez esclarecer o paradeiro do casal. Um popular encontrou, na manh\u00e3 de quarta-feira, o carro tombado num campo agr\u00edcola junto a uma estrada que tinha ficado alagada. O ve\u00edculo continha os dois idosos, sugerindo que tentaram atravessar a zona inundada ao regressarem a Montemor-o-Velho. O n\u00famero de v\u00edtimas mortais diretas e indiretas das tempestades que t\u00eam afectado Portugal desde 28 de janeiro subiu para 19.","og_url":"https:\/\/portaltela.pt\/noticias\/2026\/02\/18\/regressavam-de-consulta-quando-foram-apanhados-pelo-mondego-mortes-sobem-a-19\/","og_site_name":"Portal Tela Portugal","article_published_time":"2026-02-19T01:30:00+00:00","author":"Telinha","twitter_card":"summary_large_image","twitter_misc":{"Escrito por":"Telinha","Tempo estimado de leitura":"1 minuto"},"schema":{"@context":"https:\/\/schema.org","@graph":[{"@type":"Article","@id":"https:\/\/portaltela.pt\/noticias\/2026\/02\/18\/regressavam-de-consulta-quando-foram-apanhados-pelo-mondego-mortes-sobem-a-19\/#article","isPartOf":{"@id":"https:\/\/portaltela.pt\/noticias\/2026\/02\/18\/regressavam-de-consulta-quando-foram-apanhados-pelo-mondego-mortes-sobem-a-19\/"},"author":{"name":"Telinha","@id":"https:\/\/portaltela.pt\/#\/schema\/person\/c4278d4a6028830caff9ee44b42d32ed"},"headline":"Regressavam de consulta quando foram apanhados pelo Mondego; mortes sobem a 19","datePublished":"2026-02-19T01:30:00+00:00","mainEntityOfPage":{"@id":"https:\/\/portaltela.pt\/noticias\/2026\/02\/18\/regressavam-de-consulta-quando-foram-apanhados-pelo-mondego-mortes-sobem-a-19\/"},"wordCount":217,"image":{"@id":"https:\/\/portaltela.pt\/noticias\/2026\/02\/18\/regressavam-de-consulta-quando-foram-apanhados-pelo-mondego-mortes-sobem-a-19\/#primaryimage"},"thumbnailUrl":"https:\/\/portaltela.pt\/s.01k8rhncp4jt1\/2026\/02\/img_1280x721uu2026-02-18-10-27-51-2267483.jpg","keywords":["alagamentos","cat\u00e1strofes naturais","cheias","Coimbra","Mondego","Montemor-o-Velho"],"articleSection":["Not\u00edcias"],"inLanguage":"pt-PT"},{"@type":"WebPage","@id":"https:\/\/portaltela.pt\/noticias\/2026\/02\/18\/regressavam-de-consulta-quando-foram-apanhados-pelo-mondego-mortes-sobem-a-19\/","url":"https:\/\/portaltela.pt\/noticias\/2026\/02\/18\/regressavam-de-consulta-quando-foram-apanhados-pelo-mondego-mortes-sobem-a-19\/","name":"Regressavam de consulta quando foram apanhados pelo Mondego; mortes sobem a 19 - Portal Tela Portugal","isPartOf":{"@id":"https:\/\/portaltela.pt\/#website"},"primaryImageOfPage":{"@id":"https:\/\/portaltela.pt\/noticias\/2026\/02\/18\/regressavam-de-consulta-quando-foram-apanhados-pelo-mondego-mortes-sobem-a-19\/#primaryimage"},"image":{"@id":"https:\/\/portaltela.pt\/noticias\/2026\/02\/18\/regressavam-de-consulta-quando-foram-apanhados-pelo-mondego-mortes-sobem-a-19\/#primaryimage"},"thumbnailUrl":"https:\/\/portaltela.pt\/s.01k8rhncp4jt1\/2026\/02\/img_1280x721uu2026-02-18-10-27-51-2267483.jpg","datePublished":"2026-02-19T01:30:00+00:00","author":{"@id":"https:\/\/portaltela.pt\/#\/schema\/person\/c4278d4a6028830caff9ee44b42d32ed"},"breadcrumb":{"@id":"https:\/\/portaltela.pt\/noticias\/2026\/02\/18\/regressavam-de-consulta-quando-foram-apanhados-pelo-mondego-mortes-sobem-a-19\/#breadcrumb"},"inLanguage":"pt-PT","potentialAction":[{"@type":"ReadAction","target":["https:\/\/portaltela.pt\/noticias\/2026\/02\/18\/regressavam-de-consulta-quando-foram-apanhados-pelo-mondego-mortes-sobem-a-19\/"]}]},{"@type":"ImageObject","inLanguage":"pt-PT","@id":"https:\/\/portaltela.pt\/noticias\/2026\/02\/18\/regressavam-de-consulta-quando-foram-apanhados-pelo-mondego-mortes-sobem-a-19\/#primaryimage","url":"https:\/\/portaltela.pt\/s.01k8rhncp4jt1\/2026\/02\/img_1280x721uu2026-02-18-10-27-51-2267483.jpg","contentUrl":"https:\/\/portaltela.pt\/s.01k8rhncp4jt1\/2026\/02\/img_1280x721uu2026-02-18-10-27-51-2267483.jpg","width":796,"height":448,"caption":"Corpos encontrados dentro de carro pertencem a Ven\u00e2ncio e F\u00e1tima, o casal desaparecido em Montemor-o-Velho"},{"@type":"BreadcrumbList","@id":"https:\/\/portaltela.pt\/noticias\/2026\/02\/18\/regressavam-de-consulta-quando-foram-apanhados-pelo-mondego-mortes-sobem-a-19\/#breadcrumb","itemListElement":[{"@type":"ListItem","position":1,"name":"In\u00edcio","item":"https:\/\/portaltela.pt\/"},{"@type":"ListItem","position":2,"name":"Regressavam de consulta quando foram apanhados pelo Mondego; mortes sobem a 19"}]},{"@type":"WebSite","@id":"https:\/\/portaltela.pt\/#website","url":"https:\/\/portaltela.pt\/","name":"Portal Tela Portugal","description":"","potentialAction":[{"@type":"SearchAction","target":{"@type":"EntryPoint","urlTemplate":"https:\/\/portaltela.pt\/?s={search_term_string}"},"query-input":{"@type":"PropertyValueSpecification","valueRequired":true,"valueName":"search_term_string"}}],"inLanguage":"pt-PT"},{"@type":"Person","@id":"https:\/\/portaltela.pt\/#\/schema\/person\/c4278d4a6028830caff9ee44b42d32ed","name":"Telinha","image":{"@type":"ImageObject","inLanguage":"pt-PT","@id":"https:\/\/portaltela.pt\/s.01k8rhncp4jt1\/2025\/11\/talking-bot-125x125.png","url":"https:\/\/portaltela.pt\/s.01k8rhncp4jt1\/2025\/11\/talking-bot-125x125.png","contentUrl":"https:\/\/portaltela.pt\/s.01k8rhncp4jt1\/2025\/11\/talking-bot-125x125.png","caption":"Telinha"},"sameAs":["https:\/\/portaltela.pt\/"],"url":"https:\/\/portaltela.pt\/por\/367410592786\/"}]}},"_links":{"self":[{"href":"https:\/\/portaltela.pt\/api\/wp\/v2\/posts\/216891","targetHints":{"allow":["GET"]}}],"collection":[{"href":"https:\/\/portaltela.pt\/api\/wp\/v2\/posts"}],"about":[{"href":"https:\/\/portaltela.pt\/api\/wp\/v2\/types\/post"}],"author":[{"embeddable":true,"href":"https:\/\/portaltela.pt\/api\/wp\/v2\/users\/2"}],"replies":[{"embeddable":true,"href":"https:\/\/portaltela.pt\/api\/wp\/v2\/comments?post=216891"}],"version-history":[{"count":0,"href":"https:\/\/portaltela.pt\/api\/wp\/v2\/posts\/216891\/revisions"}],"wp:featuredmedia":[{"embeddable":true,"href":"https:\/\/portaltela.pt\/api\/wp\/v2\/media\/216892"}],"wp:attachment":[{"href":"https:\/\/portaltela.pt\/api\/wp\/v2\/media?parent=216891"}],"wp:term":[{"taxonomy":"category","embeddable":true,"href":"https:\/\/portaltela.pt\/api\/wp\/v2\/categories?post=216891"},{"taxonomy":"post_tag","embeddable":true,"href":"https:\/\/portaltela.pt\/api\/wp\/v2\/tags?post=216891"}],"curies":[{"name":"wp","href":"https:\/\/api.w.org\/{rel}","templated":true}]}}