{"id":216889,"date":"2026-02-18T22:30:00","date_gmt":"2026-02-19T01:30:00","guid":{"rendered":"https:\/\/portaltela.pt\/noticias\/2026\/02\/18\/joana-vasconcelos-mantem-litigio-com-o-fisco\/"},"modified":"2026-02-18T22:30:00","modified_gmt":"2026-02-19T01:30:00","slug":"joana-vasconcelos-mantem-litigio-com-o-fisco","status":"publish","type":"post","link":"https:\/\/portaltela.pt\/noticias\/2026\/02\/18\/joana-vasconcelos-mantem-litigio-com-o-fisco\/","title":{"rendered":"Joana Vasconcelos mant\u00e9m lit\u00edgio com o Fisco"},"content":{"rendered":"<p>Joana Vasconcelos recorreu ao Tribunal Administrativo Centro Sul para travar a cobran\u00e7a de 590 mil euros em impostos em atraso, exigidos pela Autoridade Tribut\u00e1ria (AT). O recurso foi apresentado ap\u00f3s uma inspe\u00e7\u00e3o fiscal \u00e0 sua empresa Unidade Infinita, Projetos Lda, em causa 2014-2015.<\/p>\n<p>A investiga\u00e7\u00e3o, em curso desde 2022, surgiu ap\u00f3s a AT identificar diverg\u00eancias nas liquida\u00e7\u00f5es de IRS, que totalizavam 1,5 milh\u00f5es de euros. A artista contestou a decis\u00e3o no CAAD, que reconheceu a obriga\u00e7\u00e3o fiscal, mas considerou regra de tributa\u00e7\u00e3o sob regime de transpar\u00eancia fiscal.<\/p>\n<p>A decis\u00e3o do CAAD mant\u00e9m em aberto a cobran\u00e7a dos 590 mil euros. Em 2019, Vasconcelos criou outra empresa, Unidade Infinita Projetos 2, e uma Funda\u00e7\u00e3o dedicada \u00e0 sua obra, com ativo superior a 1,1 milh\u00e3o de euros e passivo de 24,365 milh\u00f5es de euros. O capital social da primeira sociedade foi refor\u00e7ado em 353 mil euros.<\/p>\n<h3>Contexto financeiro e novas estruturas<\/h3>\n<p>A artista tamb\u00e9m alterou estruturas empresariais ao longo dos anos, justificando a necessidade de avaliar como cada entidade \u00e9 tributada. A AT n\u00e3o divulgou novas informa\u00e7\u00f5es oficiais sobre o caso desde o recurso apresentado.<\/p>\n<p>As recusas de decis\u00f5es anteriores mant\u00eam o lit\u00edgio ativo, com a defesa a sustentar que h\u00e1 aspetos a esclarecer quanto \u00e0 aplica\u00e7\u00e3o do regime tribut\u00e1rio. N\u00e3o foram reportadas declara\u00e7\u00f5es adicionais de Joana Vasconcelos.<\/p>\n","protected":false},"excerpt":{"rendered":"<ul>\n<li>Joana Vasconcelos recorreu ao Tribunal Administrativo Centro Sul para travar a cobran\u00e7a de 590 mil euros de impostos em atraso pela Autoridade Tribut\u00e1ria (AT).<\/li>\n<li>O processo, aberto em 2022, prende-se numa inspe\u00e7\u00e3o \u00e0s contas da empresa Unidade Infinita, Projetos Lda, antiga sociedade unipessoal com capital social de 5 mil euros, relativa a 2014 e 2015.<\/li>\n<li>A artista aumentou o capital social da empresa em 2014 de 5 mil para 50 mil euros; em 2018, o ex-marido Duarte Cordeiro foi destitu\u00eddo de fun\u00e7\u00f5es, o que chamou a aten\u00e7\u00e3o do Fisco.<\/li>\n<li>A inspe\u00e7\u00e3o concluiu que havia imposto em falta, com liquida\u00e7\u00f5es de IRS de 1,5 milh\u00f5es de euros, mas o CAAD reconheceu que a artista deveria ser tributada pelo regime de transpar\u00eancia fiscal, fixando 590 mil euros em d\u00edvida.<\/li>\n<li>Em 2019, Vasconcelos criou a Unidade Infinita Projetos 2 e uma Funda\u00e7\u00e3o ligada \u00e0 sua obra, com ativos superiores a 1,1 milh\u00e3o de euros e passivo de 24 365 mil euros; o capital social da primeira empresa foi refor\u00e7ado em 353 mil euros.<\/li>\n<\/ul>\n","protected":false},"author":2,"featured_media":216890,"comment_status":"closed","ping_status":"closed","sticky":false,"template":"","format":"standard","meta":{"footnotes":""},"categories":[1],"tags":[2850,2584,3613,215,1014,52],"class_list":["post-216889","post","type-post","status-publish","format-standard","has-post-thumbnail","hentry","category-noticias","tag-autoridade-tributaria","tag-financas","tag-impostos","tag-investigacao","tag-portugal","tag-tribunal"],"yoast_head":"<!-- This site is optimized with the Yoast SEO plugin v27.2 - https:\/\/yoast.com\/product\/yoast-seo-wordpress\/ -->\n<title>Joana Vasconcelos mant\u00e9m lit\u00edgio com o Fisco - Portal Tela Portugal<\/title>\n<meta name=\"robots\" content=\"index, follow, max-snippet:-1, max-image-preview:large, max-video-preview:-1\" \/>\n<meta property=\"og:locale\" content=\"pt_PT\" \/>\n<meta property=\"og:type\" content=\"article\" \/>\n<meta property=\"og:title\" content=\"Joana Vasconcelos mant\u00e9m lit\u00edgio com o Fisco - Portal Tela Portugal\" \/>\n<meta property=\"og:description\" content=\"Joana Vasconcelos recorreu ao Tribunal Administrativo Centro Sul para travar a cobran\u00e7a de 590 mil euros de impostos em atraso pela Autoridade Tribut\u00e1ria (AT). O processo, aberto em 2022, prende-se numa inspe\u00e7\u00e3o \u00e0s contas da empresa Unidade Infinita, Projetos Lda, antiga sociedade unipessoal com capital social de 5 mil euros, relativa a 2014 e 2015. A artista aumentou o capital social da empresa em 2014 de 5 mil para 50 mil euros; em 2018, o ex-marido Duarte Cordeiro foi destitu\u00eddo de fun\u00e7\u00f5es, o que chamou a aten\u00e7\u00e3o do Fisco. A inspe\u00e7\u00e3o concluiu que havia imposto em falta, com liquida\u00e7\u00f5es de IRS de 1,5 milh\u00f5es de euros, mas o CAAD reconheceu que a artista deveria ser tributada pelo regime de transpar\u00eancia fiscal, fixando 590 mil euros em d\u00edvida. Em 2019, Vasconcelos criou a Unidade Infinita Projetos 2 e uma Funda\u00e7\u00e3o ligada \u00e0 sua obra, com ativos superiores a 1,1 milh\u00e3o de euros e passivo de 24 365 mil euros; o capital social da primeira empresa foi refor\u00e7ado em 353 mil euros.\" \/>\n<meta property=\"og:url\" content=\"https:\/\/portaltela.pt\/noticias\/2026\/02\/18\/joana-vasconcelos-mantem-litigio-com-o-fisco\/\" \/>\n<meta property=\"og:site_name\" content=\"Portal Tela Portugal\" \/>\n<meta property=\"article:published_time\" content=\"2026-02-19T01:30:00+00:00\" \/>\n<meta name=\"author\" content=\"Telinha\" \/>\n<meta name=\"twitter:card\" content=\"summary_large_image\" \/>\n<meta name=\"twitter:label1\" content=\"Escrito por\" \/>\n\t<meta name=\"twitter:data1\" content=\"Telinha\" \/>\n\t<meta name=\"twitter:label2\" content=\"Tempo estimado de leitura\" \/>\n\t<meta name=\"twitter:data2\" content=\"1 minuto\" \/>\n<script type=\"application\/ld+json\" class=\"yoast-schema-graph\">{\"@context\":\"https:\/\/schema.org\",\"@graph\":[{\"@type\":\"Article\",\"@id\":\"https:\/\/portaltela.pt\/noticias\/2026\/02\/18\/joana-vasconcelos-mantem-litigio-com-o-fisco\/#article\",\"isPartOf\":{\"@id\":\"https:\/\/portaltela.pt\/noticias\/2026\/02\/18\/joana-vasconcelos-mantem-litigio-com-o-fisco\/\"},\"author\":{\"name\":\"Telinha\",\"@id\":\"https:\/\/portaltela.pt\/#\/schema\/person\/c4278d4a6028830caff9ee44b42d32ed\"},\"headline\":\"Joana Vasconcelos mant\u00e9m lit\u00edgio com o Fisco\",\"datePublished\":\"2026-02-19T01:30:00+00:00\",\"mainEntityOfPage\":{\"@id\":\"https:\/\/portaltela.pt\/noticias\/2026\/02\/18\/joana-vasconcelos-mantem-litigio-com-o-fisco\/\"},\"wordCount\":242,\"image\":{\"@id\":\"https:\/\/portaltela.pt\/noticias\/2026\/02\/18\/joana-vasconcelos-mantem-litigio-com-o-fisco\/#primaryimage\"},\"thumbnailUrl\":\"https:\/\/portaltela.pt\/s.01k8rhncp4jt1\/2026\/02\/img_1280x721uu2024-10-15-15-05-07-1769864.jpg\",\"keywords\":[\"Autoridade Tribut\u00e1ria\",\"finan\u00e7as\",\"impostos\",\"investiga\u00e7\u00e3o\",\"Portugal\",\"tribunal\"],\"articleSection\":[\"Not\u00edcias\"],\"inLanguage\":\"pt-PT\"},{\"@type\":\"WebPage\",\"@id\":\"https:\/\/portaltela.pt\/noticias\/2026\/02\/18\/joana-vasconcelos-mantem-litigio-com-o-fisco\/\",\"url\":\"https:\/\/portaltela.pt\/noticias\/2026\/02\/18\/joana-vasconcelos-mantem-litigio-com-o-fisco\/\",\"name\":\"Joana Vasconcelos mant\u00e9m lit\u00edgio com o Fisco - Portal Tela Portugal\",\"isPartOf\":{\"@id\":\"https:\/\/portaltela.pt\/#website\"},\"primaryImageOfPage\":{\"@id\":\"https:\/\/portaltela.pt\/noticias\/2026\/02\/18\/joana-vasconcelos-mantem-litigio-com-o-fisco\/#primaryimage\"},\"image\":{\"@id\":\"https:\/\/portaltela.pt\/noticias\/2026\/02\/18\/joana-vasconcelos-mantem-litigio-com-o-fisco\/#primaryimage\"},\"thumbnailUrl\":\"https:\/\/portaltela.pt\/s.01k8rhncp4jt1\/2026\/02\/img_1280x721uu2024-10-15-15-05-07-1769864.jpg\",\"datePublished\":\"2026-02-19T01:30:00+00:00\",\"author\":{\"@id\":\"https:\/\/portaltela.pt\/#\/schema\/person\/c4278d4a6028830caff9ee44b42d32ed\"},\"breadcrumb\":{\"@id\":\"https:\/\/portaltela.pt\/noticias\/2026\/02\/18\/joana-vasconcelos-mantem-litigio-com-o-fisco\/#breadcrumb\"},\"inLanguage\":\"pt-PT\",\"potentialAction\":[{\"@type\":\"ReadAction\",\"target\":[\"https:\/\/portaltela.pt\/noticias\/2026\/02\/18\/joana-vasconcelos-mantem-litigio-com-o-fisco\/\"]}]},{\"@type\":\"ImageObject\",\"inLanguage\":\"pt-PT\",\"@id\":\"https:\/\/portaltela.pt\/noticias\/2026\/02\/18\/joana-vasconcelos-mantem-litigio-com-o-fisco\/#primaryimage\",\"url\":\"https:\/\/portaltela.pt\/s.01k8rhncp4jt1\/2026\/02\/img_1280x721uu2024-10-15-15-05-07-1769864.jpg\",\"contentUrl\":\"https:\/\/portaltela.pt\/s.01k8rhncp4jt1\/2026\/02\/img_1280x721uu2024-10-15-15-05-07-1769864.jpg\",\"width\":796,\"height\":448,\"caption\":\"Joana Vasconcelos em Malta\"},{\"@type\":\"BreadcrumbList\",\"@id\":\"https:\/\/portaltela.pt\/noticias\/2026\/02\/18\/joana-vasconcelos-mantem-litigio-com-o-fisco\/#breadcrumb\",\"itemListElement\":[{\"@type\":\"ListItem\",\"position\":1,\"name\":\"In\u00edcio\",\"item\":\"https:\/\/portaltela.pt\/\"},{\"@type\":\"ListItem\",\"position\":2,\"name\":\"Joana Vasconcelos mant\u00e9m lit\u00edgio com o Fisco\"}]},{\"@type\":\"WebSite\",\"@id\":\"https:\/\/portaltela.pt\/#website\",\"url\":\"https:\/\/portaltela.pt\/\",\"name\":\"Portal Tela Portugal\",\"description\":\"\",\"potentialAction\":[{\"@type\":\"SearchAction\",\"target\":{\"@type\":\"EntryPoint\",\"urlTemplate\":\"https:\/\/portaltela.pt\/?s={search_term_string}\"},\"query-input\":{\"@type\":\"PropertyValueSpecification\",\"valueRequired\":true,\"valueName\":\"search_term_string\"}}],\"inLanguage\":\"pt-PT\"},{\"@type\":\"Person\",\"@id\":\"https:\/\/portaltela.pt\/#\/schema\/person\/c4278d4a6028830caff9ee44b42d32ed\",\"name\":\"Telinha\",\"image\":{\"@type\":\"ImageObject\",\"inLanguage\":\"pt-PT\",\"@id\":\"https:\/\/portaltela.pt\/s.01k8rhncp4jt1\/2025\/11\/talking-bot-125x125.png\",\"url\":\"https:\/\/portaltela.pt\/s.01k8rhncp4jt1\/2025\/11\/talking-bot-125x125.png\",\"contentUrl\":\"https:\/\/portaltela.pt\/s.01k8rhncp4jt1\/2025\/11\/talking-bot-125x125.png\",\"caption\":\"Telinha\"},\"sameAs\":[\"https:\/\/portaltela.pt\/\"],\"url\":\"https:\/\/portaltela.pt\/por\/367410592786\/\"}]}<\/script>\n<!-- \/ Yoast SEO plugin. -->","yoast_head_json":{"title":"Joana Vasconcelos mant\u00e9m lit\u00edgio com o Fisco - Portal Tela Portugal","robots":{"index":"index","follow":"follow","max-snippet":"max-snippet:-1","max-image-preview":"max-image-preview:large","max-video-preview":"max-video-preview:-1"},"og_locale":"pt_PT","og_type":"article","og_title":"Joana Vasconcelos mant\u00e9m lit\u00edgio com o Fisco - Portal Tela Portugal","og_description":"Joana Vasconcelos recorreu ao Tribunal Administrativo Centro Sul para travar a cobran\u00e7a de 590 mil euros de impostos em atraso pela Autoridade Tribut\u00e1ria (AT). O processo, aberto em 2022, prende-se numa inspe\u00e7\u00e3o \u00e0s contas da empresa Unidade Infinita, Projetos Lda, antiga sociedade unipessoal com capital social de 5 mil euros, relativa a 2014 e 2015. A artista aumentou o capital social da empresa em 2014 de 5 mil para 50 mil euros; em 2018, o ex-marido Duarte Cordeiro foi destitu\u00eddo de fun\u00e7\u00f5es, o que chamou a aten\u00e7\u00e3o do Fisco. A inspe\u00e7\u00e3o concluiu que havia imposto em falta, com liquida\u00e7\u00f5es de IRS de 1,5 milh\u00f5es de euros, mas o CAAD reconheceu que a artista deveria ser tributada pelo regime de transpar\u00eancia fiscal, fixando 590 mil euros em d\u00edvida. Em 2019, Vasconcelos criou a Unidade Infinita Projetos 2 e uma Funda\u00e7\u00e3o ligada \u00e0 sua obra, com ativos superiores a 1,1 milh\u00e3o de euros e passivo de 24 365 mil euros; o capital social da primeira empresa foi refor\u00e7ado em 353 mil euros.","og_url":"https:\/\/portaltela.pt\/noticias\/2026\/02\/18\/joana-vasconcelos-mantem-litigio-com-o-fisco\/","og_site_name":"Portal Tela Portugal","article_published_time":"2026-02-19T01:30:00+00:00","author":"Telinha","twitter_card":"summary_large_image","twitter_misc":{"Escrito por":"Telinha","Tempo estimado de leitura":"1 minuto"},"schema":{"@context":"https:\/\/schema.org","@graph":[{"@type":"Article","@id":"https:\/\/portaltela.pt\/noticias\/2026\/02\/18\/joana-vasconcelos-mantem-litigio-com-o-fisco\/#article","isPartOf":{"@id":"https:\/\/portaltela.pt\/noticias\/2026\/02\/18\/joana-vasconcelos-mantem-litigio-com-o-fisco\/"},"author":{"name":"Telinha","@id":"https:\/\/portaltela.pt\/#\/schema\/person\/c4278d4a6028830caff9ee44b42d32ed"},"headline":"Joana Vasconcelos mant\u00e9m lit\u00edgio com o Fisco","datePublished":"2026-02-19T01:30:00+00:00","mainEntityOfPage":{"@id":"https:\/\/portaltela.pt\/noticias\/2026\/02\/18\/joana-vasconcelos-mantem-litigio-com-o-fisco\/"},"wordCount":242,"image":{"@id":"https:\/\/portaltela.pt\/noticias\/2026\/02\/18\/joana-vasconcelos-mantem-litigio-com-o-fisco\/#primaryimage"},"thumbnailUrl":"https:\/\/portaltela.pt\/s.01k8rhncp4jt1\/2026\/02\/img_1280x721uu2024-10-15-15-05-07-1769864.jpg","keywords":["Autoridade Tribut\u00e1ria","finan\u00e7as","impostos","investiga\u00e7\u00e3o","Portugal","tribunal"],"articleSection":["Not\u00edcias"],"inLanguage":"pt-PT"},{"@type":"WebPage","@id":"https:\/\/portaltela.pt\/noticias\/2026\/02\/18\/joana-vasconcelos-mantem-litigio-com-o-fisco\/","url":"https:\/\/portaltela.pt\/noticias\/2026\/02\/18\/joana-vasconcelos-mantem-litigio-com-o-fisco\/","name":"Joana Vasconcelos mant\u00e9m lit\u00edgio com o Fisco - Portal Tela Portugal","isPartOf":{"@id":"https:\/\/portaltela.pt\/#website"},"primaryImageOfPage":{"@id":"https:\/\/portaltela.pt\/noticias\/2026\/02\/18\/joana-vasconcelos-mantem-litigio-com-o-fisco\/#primaryimage"},"image":{"@id":"https:\/\/portaltela.pt\/noticias\/2026\/02\/18\/joana-vasconcelos-mantem-litigio-com-o-fisco\/#primaryimage"},"thumbnailUrl":"https:\/\/portaltela.pt\/s.01k8rhncp4jt1\/2026\/02\/img_1280x721uu2024-10-15-15-05-07-1769864.jpg","datePublished":"2026-02-19T01:30:00+00:00","author":{"@id":"https:\/\/portaltela.pt\/#\/schema\/person\/c4278d4a6028830caff9ee44b42d32ed"},"breadcrumb":{"@id":"https:\/\/portaltela.pt\/noticias\/2026\/02\/18\/joana-vasconcelos-mantem-litigio-com-o-fisco\/#breadcrumb"},"inLanguage":"pt-PT","potentialAction":[{"@type":"ReadAction","target":["https:\/\/portaltela.pt\/noticias\/2026\/02\/18\/joana-vasconcelos-mantem-litigio-com-o-fisco\/"]}]},{"@type":"ImageObject","inLanguage":"pt-PT","@id":"https:\/\/portaltela.pt\/noticias\/2026\/02\/18\/joana-vasconcelos-mantem-litigio-com-o-fisco\/#primaryimage","url":"https:\/\/portaltela.pt\/s.01k8rhncp4jt1\/2026\/02\/img_1280x721uu2024-10-15-15-05-07-1769864.jpg","contentUrl":"https:\/\/portaltela.pt\/s.01k8rhncp4jt1\/2026\/02\/img_1280x721uu2024-10-15-15-05-07-1769864.jpg","width":796,"height":448,"caption":"Joana Vasconcelos em Malta"},{"@type":"BreadcrumbList","@id":"https:\/\/portaltela.pt\/noticias\/2026\/02\/18\/joana-vasconcelos-mantem-litigio-com-o-fisco\/#breadcrumb","itemListElement":[{"@type":"ListItem","position":1,"name":"In\u00edcio","item":"https:\/\/portaltela.pt\/"},{"@type":"ListItem","position":2,"name":"Joana Vasconcelos mant\u00e9m lit\u00edgio com o Fisco"}]},{"@type":"WebSite","@id":"https:\/\/portaltela.pt\/#website","url":"https:\/\/portaltela.pt\/","name":"Portal Tela Portugal","description":"","potentialAction":[{"@type":"SearchAction","target":{"@type":"EntryPoint","urlTemplate":"https:\/\/portaltela.pt\/?s={search_term_string}"},"query-input":{"@type":"PropertyValueSpecification","valueRequired":true,"valueName":"search_term_string"}}],"inLanguage":"pt-PT"},{"@type":"Person","@id":"https:\/\/portaltela.pt\/#\/schema\/person\/c4278d4a6028830caff9ee44b42d32ed","name":"Telinha","image":{"@type":"ImageObject","inLanguage":"pt-PT","@id":"https:\/\/portaltela.pt\/s.01k8rhncp4jt1\/2025\/11\/talking-bot-125x125.png","url":"https:\/\/portaltela.pt\/s.01k8rhncp4jt1\/2025\/11\/talking-bot-125x125.png","contentUrl":"https:\/\/portaltela.pt\/s.01k8rhncp4jt1\/2025\/11\/talking-bot-125x125.png","caption":"Telinha"},"sameAs":["https:\/\/portaltela.pt\/"],"url":"https:\/\/portaltela.pt\/por\/367410592786\/"}]}},"_links":{"self":[{"href":"https:\/\/portaltela.pt\/api\/wp\/v2\/posts\/216889","targetHints":{"allow":["GET"]}}],"collection":[{"href":"https:\/\/portaltela.pt\/api\/wp\/v2\/posts"}],"about":[{"href":"https:\/\/portaltela.pt\/api\/wp\/v2\/types\/post"}],"author":[{"embeddable":true,"href":"https:\/\/portaltela.pt\/api\/wp\/v2\/users\/2"}],"replies":[{"embeddable":true,"href":"https:\/\/portaltela.pt\/api\/wp\/v2\/comments?post=216889"}],"version-history":[{"count":0,"href":"https:\/\/portaltela.pt\/api\/wp\/v2\/posts\/216889\/revisions"}],"wp:featuredmedia":[{"embeddable":true,"href":"https:\/\/portaltela.pt\/api\/wp\/v2\/media\/216890"}],"wp:attachment":[{"href":"https:\/\/portaltela.pt\/api\/wp\/v2\/media?parent=216889"}],"wp:term":[{"taxonomy":"category","embeddable":true,"href":"https:\/\/portaltela.pt\/api\/wp\/v2\/categories?post=216889"},{"taxonomy":"post_tag","embeddable":true,"href":"https:\/\/portaltela.pt\/api\/wp\/v2\/tags?post=216889"}],"curies":[{"name":"wp","href":"https:\/\/api.w.org\/{rel}","templated":true}]}}