{"id":216877,"date":"2026-02-18T17:01:00","date_gmt":"2026-02-18T20:01:00","guid":{"rendered":"https:\/\/portaltela.pt\/noticias\/2026\/02\/18\/ventura-desafia-montenegro-a-demarcar-se-da-abstencao-do-psd-sobre-o-chega\/"},"modified":"2026-02-18T17:01:00","modified_gmt":"2026-02-18T20:01:00","slug":"ventura-desafia-montenegro-a-demarcar-se-da-abstencao-do-psd-sobre-o-chega","status":"publish","type":"post","link":"https:\/\/portaltela.pt\/noticias\/politica\/2026\/02\/18\/ventura-desafia-montenegro-a-demarcar-se-da-abstencao-do-psd-sobre-o-chega\/","title":{"rendered":"Ventura desafia Montenegro a demarcar-se da absten\u00e7\u00e3o do PSD sobre o Chega"},"content":{"rendered":"<p>O deputado <strong>Ventura<\/strong> desafiou o l\u00edder do PSD, <strong>Lu\u00eds Montenegro<\/strong>, a demarcar-se da absten\u00e7\u00e3o do partido numa peti\u00e7\u00e3o visando a ilegaliza\u00e7\u00e3o do Chega. A provoca\u00e7\u00e3o foi feita no contexto pol\u00edtico nacional, sem dados adicionais sobre a tramita\u00e7\u00e3o da iniciativa.<\/p>\n<p>Segundo a acusa\u00e7\u00e3o p\u00fablica de Ventura, a absten\u00e7\u00e3o do PSD pode fragilizar o peso pol\u00edtico da peti\u00e7\u00e3o e, por isso, exige clareza entre os social-democratas sobre a posi\u00e7\u00e3o do partido. O objetivo \u00e9 que Montenegro se distancie da decis\u00e3o interna do PSD.<\/p>\n<p>N\u00e3o h\u00e1, neste texto, confirma\u00e7\u00e3o oficial sobre a origem da peti\u00e7\u00e3o, nem sobre o momento exato em que ter\u00e1 sido apresentada. A discuss\u00e3o acontece numa altura de intenso escrut\u00ednio pol\u00edtico entre partidos, com debates sobre o enquadramento legal para eventual ilegaliza\u00e7\u00e3o.<\/p>\n<p>A fonte original deste resumo \u00e9 a ag\u00eancia Lusa, que reportou os desenvolvimentos relevantes sobre a troca de acusa\u00e7\u00f5es entre Ventura e Montenegro, mantendo o tom informativo sem emitir ju\u00edzos de valor.<\/p>\n","protected":false},"excerpt":{"rendered":"<ul>\n<li>Ventura desafia Montenegro a demarcar-se da absten\u00e7\u00e3o do PSD numa peti\u00e7\u00e3o para ilegalizar o Chega.<\/li>\n<li>O tema central \u00e9 a tentativa de ilegalizar o partido Chega.<\/li>\n<li>A contesta\u00e7\u00e3o envolve a posi\u00e7\u00e3o do Partido Social Democrata (PSD) em rela\u00e7\u00e3o \u00e0 peti\u00e7\u00e3o.<\/li>\n<li>A not\u00edcia n\u00e3o fornece detalhes adicionais sobre os autores nem sobre o andamento da peti\u00e7\u00e3o.<\/li>\n<\/ul>\n","protected":false},"author":2,"featured_media":216878,"comment_status":"closed","ping_status":"closed","sticky":false,"template":"","format":"standard","meta":{"footnotes":""},"categories":[1,5],"tags":[3412,3439,1732,2832,3695,2558],"class_list":["post-216877","post","type-post","status-publish","format-standard","has-post-thumbnail","hentry","category-noticias","category-politica","tag-abstencao","tag-luis-montenegro","tag-partidos","tag-politica","tag-psd","tag-ventura"],"yoast_head":"<!-- This site is optimized with the Yoast SEO plugin v27.2 - https:\/\/yoast.com\/product\/yoast-seo-wordpress\/ -->\n<title>Ventura desafia Montenegro a demarcar-se da absten\u00e7\u00e3o do PSD sobre o Chega - Portal Tela Portugal<\/title>\n<meta name=\"robots\" content=\"index, follow, max-snippet:-1, max-image-preview:large, max-video-preview:-1\" \/>\n<meta property=\"og:locale\" content=\"pt_PT\" \/>\n<meta property=\"og:type\" content=\"article\" \/>\n<meta property=\"og:title\" content=\"Ventura desafia Montenegro a demarcar-se da absten\u00e7\u00e3o do PSD sobre o Chega - Portal Tela Portugal\" \/>\n<meta property=\"og:description\" content=\"Ventura desafia Montenegro a demarcar-se da absten\u00e7\u00e3o do PSD numa peti\u00e7\u00e3o para ilegalizar o Chega. O tema central \u00e9 a tentativa de ilegalizar o partido Chega. A contesta\u00e7\u00e3o envolve a posi\u00e7\u00e3o do Partido Social Democrata (PSD) em rela\u00e7\u00e3o \u00e0 peti\u00e7\u00e3o. A not\u00edcia n\u00e3o fornece detalhes adicionais sobre os autores nem sobre o andamento da peti\u00e7\u00e3o.\" \/>\n<meta property=\"og:url\" content=\"https:\/\/portaltela.pt\/noticias\/2026\/02\/18\/ventura-desafia-montenegro-a-demarcar-se-da-abstencao-do-psd-sobre-o-chega\/\" \/>\n<meta property=\"og:site_name\" content=\"Portal Tela Portugal\" \/>\n<meta property=\"article:published_time\" content=\"2026-02-18T20:01:00+00:00\" \/>\n<meta name=\"author\" content=\"Telinha\" \/>\n<meta name=\"twitter:card\" content=\"summary_large_image\" \/>\n<meta name=\"twitter:label1\" content=\"Escrito por\" \/>\n\t<meta name=\"twitter:data1\" content=\"Telinha\" \/>\n\t<meta name=\"twitter:label2\" content=\"Tempo estimado de leitura\" \/>\n\t<meta name=\"twitter:data2\" content=\"1 minuto\" \/>\n<script type=\"application\/ld+json\" class=\"yoast-schema-graph\">{\"@context\":\"https:\/\/schema.org\",\"@graph\":[{\"@type\":\"Article\",\"@id\":\"https:\/\/portaltela.pt\/noticias\/2026\/02\/18\/ventura-desafia-montenegro-a-demarcar-se-da-abstencao-do-psd-sobre-o-chega\/#article\",\"isPartOf\":{\"@id\":\"https:\/\/portaltela.pt\/noticias\/2026\/02\/18\/ventura-desafia-montenegro-a-demarcar-se-da-abstencao-do-psd-sobre-o-chega\/\"},\"author\":{\"name\":\"Telinha\",\"@id\":\"https:\/\/portaltela.pt\/#\/schema\/person\/c4278d4a6028830caff9ee44b42d32ed\"},\"headline\":\"Ventura desafia Montenegro a demarcar-se da absten\u00e7\u00e3o do PSD sobre o Chega\",\"datePublished\":\"2026-02-18T20:01:00+00:00\",\"mainEntityOfPage\":{\"@id\":\"https:\/\/portaltela.pt\/noticias\/2026\/02\/18\/ventura-desafia-montenegro-a-demarcar-se-da-abstencao-do-psd-sobre-o-chega\/\"},\"wordCount\":190,\"image\":{\"@id\":\"https:\/\/portaltela.pt\/noticias\/2026\/02\/18\/ventura-desafia-montenegro-a-demarcar-se-da-abstencao-do-psd-sobre-o-chega\/#primaryimage\"},\"thumbnailUrl\":\"https:\/\/portaltela.pt\/s.01k8rhncp4jt1\/2026\/02\/CACHE_780X1200_ANALOG_WATERMARKED_46509597_5134998_07022026013908-1.jpg\",\"keywords\":[\"absten\u00e7\u00e3o\",\"Lu\u00eds Montenegro\",\"partidos\",\"pol\u00edtica\",\"PSD\",\"Ventura\"],\"articleSection\":[\"Not\u00edcias\",\"Pol\u00edtica\"],\"inLanguage\":\"pt-PT\"},{\"@type\":\"WebPage\",\"@id\":\"https:\/\/portaltela.pt\/noticias\/2026\/02\/18\/ventura-desafia-montenegro-a-demarcar-se-da-abstencao-do-psd-sobre-o-chega\/\",\"url\":\"https:\/\/portaltela.pt\/noticias\/2026\/02\/18\/ventura-desafia-montenegro-a-demarcar-se-da-abstencao-do-psd-sobre-o-chega\/\",\"name\":\"Ventura desafia Montenegro a demarcar-se da absten\u00e7\u00e3o do PSD sobre o Chega - Portal Tela Portugal\",\"isPartOf\":{\"@id\":\"https:\/\/portaltela.pt\/#website\"},\"primaryImageOfPage\":{\"@id\":\"https:\/\/portaltela.pt\/noticias\/2026\/02\/18\/ventura-desafia-montenegro-a-demarcar-se-da-abstencao-do-psd-sobre-o-chega\/#primaryimage\"},\"image\":{\"@id\":\"https:\/\/portaltela.pt\/noticias\/2026\/02\/18\/ventura-desafia-montenegro-a-demarcar-se-da-abstencao-do-psd-sobre-o-chega\/#primaryimage\"},\"thumbnailUrl\":\"https:\/\/portaltela.pt\/s.01k8rhncp4jt1\/2026\/02\/CACHE_780X1200_ANALOG_WATERMARKED_46509597_5134998_07022026013908-1.jpg\",\"datePublished\":\"2026-02-18T20:01:00+00:00\",\"author\":{\"@id\":\"https:\/\/portaltela.pt\/#\/schema\/person\/c4278d4a6028830caff9ee44b42d32ed\"},\"breadcrumb\":{\"@id\":\"https:\/\/portaltela.pt\/noticias\/2026\/02\/18\/ventura-desafia-montenegro-a-demarcar-se-da-abstencao-do-psd-sobre-o-chega\/#breadcrumb\"},\"inLanguage\":\"pt-PT\",\"potentialAction\":[{\"@type\":\"ReadAction\",\"target\":[\"https:\/\/portaltela.pt\/noticias\/2026\/02\/18\/ventura-desafia-montenegro-a-demarcar-se-da-abstencao-do-psd-sobre-o-chega\/\"]}]},{\"@type\":\"ImageObject\",\"inLanguage\":\"pt-PT\",\"@id\":\"https:\/\/portaltela.pt\/noticias\/2026\/02\/18\/ventura-desafia-montenegro-a-demarcar-se-da-abstencao-do-psd-sobre-o-chega\/#primaryimage\",\"url\":\"https:\/\/portaltela.pt\/s.01k8rhncp4jt1\/2026\/02\/CACHE_780X1200_ANALOG_WATERMARKED_46509597_5134998_07022026013908-1.jpg\",\"contentUrl\":\"https:\/\/portaltela.pt\/s.01k8rhncp4jt1\/2026\/02\/CACHE_780X1200_ANALOG_WATERMARKED_46509597_5134998_07022026013908-1.jpg\",\"width\":796,\"height\":448,\"caption\":\"Ventura desafia Montenegro a demarcar-se de absten\u00e7\u00e3o do PSD em peti\u00e7\u00e3o sobre ilegaliza\u00e7\u00e3o do Chega\"},{\"@type\":\"BreadcrumbList\",\"@id\":\"https:\/\/portaltela.pt\/noticias\/2026\/02\/18\/ventura-desafia-montenegro-a-demarcar-se-da-abstencao-do-psd-sobre-o-chega\/#breadcrumb\",\"itemListElement\":[{\"@type\":\"ListItem\",\"position\":1,\"name\":\"In\u00edcio\",\"item\":\"https:\/\/portaltela.pt\/\"},{\"@type\":\"ListItem\",\"position\":2,\"name\":\"Ventura desafia Montenegro a demarcar-se da absten\u00e7\u00e3o do PSD sobre o Chega\"}]},{\"@type\":\"WebSite\",\"@id\":\"https:\/\/portaltela.pt\/#website\",\"url\":\"https:\/\/portaltela.pt\/\",\"name\":\"Portal Tela Portugal\",\"description\":\"\",\"potentialAction\":[{\"@type\":\"SearchAction\",\"target\":{\"@type\":\"EntryPoint\",\"urlTemplate\":\"https:\/\/portaltela.pt\/?s={search_term_string}\"},\"query-input\":{\"@type\":\"PropertyValueSpecification\",\"valueRequired\":true,\"valueName\":\"search_term_string\"}}],\"inLanguage\":\"pt-PT\"},{\"@type\":\"Person\",\"@id\":\"https:\/\/portaltela.pt\/#\/schema\/person\/c4278d4a6028830caff9ee44b42d32ed\",\"name\":\"Telinha\",\"image\":{\"@type\":\"ImageObject\",\"inLanguage\":\"pt-PT\",\"@id\":\"https:\/\/portaltela.pt\/s.01k8rhncp4jt1\/2025\/11\/talking-bot-125x125.png\",\"url\":\"https:\/\/portaltela.pt\/s.01k8rhncp4jt1\/2025\/11\/talking-bot-125x125.png\",\"contentUrl\":\"https:\/\/portaltela.pt\/s.01k8rhncp4jt1\/2025\/11\/talking-bot-125x125.png\",\"caption\":\"Telinha\"},\"sameAs\":[\"https:\/\/portaltela.pt\/\"],\"url\":\"https:\/\/portaltela.pt\/por\/367410592786\/\"}]}<\/script>\n<!-- \/ Yoast SEO plugin. -->","yoast_head_json":{"title":"Ventura desafia Montenegro a demarcar-se da absten\u00e7\u00e3o do PSD sobre o Chega - Portal Tela Portugal","robots":{"index":"index","follow":"follow","max-snippet":"max-snippet:-1","max-image-preview":"max-image-preview:large","max-video-preview":"max-video-preview:-1"},"og_locale":"pt_PT","og_type":"article","og_title":"Ventura desafia Montenegro a demarcar-se da absten\u00e7\u00e3o do PSD sobre o Chega - Portal Tela Portugal","og_description":"Ventura desafia Montenegro a demarcar-se da absten\u00e7\u00e3o do PSD numa peti\u00e7\u00e3o para ilegalizar o Chega. O tema central \u00e9 a tentativa de ilegalizar o partido Chega. A contesta\u00e7\u00e3o envolve a posi\u00e7\u00e3o do Partido Social Democrata (PSD) em rela\u00e7\u00e3o \u00e0 peti\u00e7\u00e3o. A not\u00edcia n\u00e3o fornece detalhes adicionais sobre os autores nem sobre o andamento da peti\u00e7\u00e3o.","og_url":"https:\/\/portaltela.pt\/noticias\/2026\/02\/18\/ventura-desafia-montenegro-a-demarcar-se-da-abstencao-do-psd-sobre-o-chega\/","og_site_name":"Portal Tela Portugal","article_published_time":"2026-02-18T20:01:00+00:00","author":"Telinha","twitter_card":"summary_large_image","twitter_misc":{"Escrito por":"Telinha","Tempo estimado de leitura":"1 minuto"},"schema":{"@context":"https:\/\/schema.org","@graph":[{"@type":"Article","@id":"https:\/\/portaltela.pt\/noticias\/2026\/02\/18\/ventura-desafia-montenegro-a-demarcar-se-da-abstencao-do-psd-sobre-o-chega\/#article","isPartOf":{"@id":"https:\/\/portaltela.pt\/noticias\/2026\/02\/18\/ventura-desafia-montenegro-a-demarcar-se-da-abstencao-do-psd-sobre-o-chega\/"},"author":{"name":"Telinha","@id":"https:\/\/portaltela.pt\/#\/schema\/person\/c4278d4a6028830caff9ee44b42d32ed"},"headline":"Ventura desafia Montenegro a demarcar-se da absten\u00e7\u00e3o do PSD sobre o Chega","datePublished":"2026-02-18T20:01:00+00:00","mainEntityOfPage":{"@id":"https:\/\/portaltela.pt\/noticias\/2026\/02\/18\/ventura-desafia-montenegro-a-demarcar-se-da-abstencao-do-psd-sobre-o-chega\/"},"wordCount":190,"image":{"@id":"https:\/\/portaltela.pt\/noticias\/2026\/02\/18\/ventura-desafia-montenegro-a-demarcar-se-da-abstencao-do-psd-sobre-o-chega\/#primaryimage"},"thumbnailUrl":"https:\/\/portaltela.pt\/s.01k8rhncp4jt1\/2026\/02\/CACHE_780X1200_ANALOG_WATERMARKED_46509597_5134998_07022026013908-1.jpg","keywords":["absten\u00e7\u00e3o","Lu\u00eds Montenegro","partidos","pol\u00edtica","PSD","Ventura"],"articleSection":["Not\u00edcias","Pol\u00edtica"],"inLanguage":"pt-PT"},{"@type":"WebPage","@id":"https:\/\/portaltela.pt\/noticias\/2026\/02\/18\/ventura-desafia-montenegro-a-demarcar-se-da-abstencao-do-psd-sobre-o-chega\/","url":"https:\/\/portaltela.pt\/noticias\/2026\/02\/18\/ventura-desafia-montenegro-a-demarcar-se-da-abstencao-do-psd-sobre-o-chega\/","name":"Ventura desafia Montenegro a demarcar-se da absten\u00e7\u00e3o do PSD sobre o Chega - Portal Tela Portugal","isPartOf":{"@id":"https:\/\/portaltela.pt\/#website"},"primaryImageOfPage":{"@id":"https:\/\/portaltela.pt\/noticias\/2026\/02\/18\/ventura-desafia-montenegro-a-demarcar-se-da-abstencao-do-psd-sobre-o-chega\/#primaryimage"},"image":{"@id":"https:\/\/portaltela.pt\/noticias\/2026\/02\/18\/ventura-desafia-montenegro-a-demarcar-se-da-abstencao-do-psd-sobre-o-chega\/#primaryimage"},"thumbnailUrl":"https:\/\/portaltela.pt\/s.01k8rhncp4jt1\/2026\/02\/CACHE_780X1200_ANALOG_WATERMARKED_46509597_5134998_07022026013908-1.jpg","datePublished":"2026-02-18T20:01:00+00:00","author":{"@id":"https:\/\/portaltela.pt\/#\/schema\/person\/c4278d4a6028830caff9ee44b42d32ed"},"breadcrumb":{"@id":"https:\/\/portaltela.pt\/noticias\/2026\/02\/18\/ventura-desafia-montenegro-a-demarcar-se-da-abstencao-do-psd-sobre-o-chega\/#breadcrumb"},"inLanguage":"pt-PT","potentialAction":[{"@type":"ReadAction","target":["https:\/\/portaltela.pt\/noticias\/2026\/02\/18\/ventura-desafia-montenegro-a-demarcar-se-da-abstencao-do-psd-sobre-o-chega\/"]}]},{"@type":"ImageObject","inLanguage":"pt-PT","@id":"https:\/\/portaltela.pt\/noticias\/2026\/02\/18\/ventura-desafia-montenegro-a-demarcar-se-da-abstencao-do-psd-sobre-o-chega\/#primaryimage","url":"https:\/\/portaltela.pt\/s.01k8rhncp4jt1\/2026\/02\/CACHE_780X1200_ANALOG_WATERMARKED_46509597_5134998_07022026013908-1.jpg","contentUrl":"https:\/\/portaltela.pt\/s.01k8rhncp4jt1\/2026\/02\/CACHE_780X1200_ANALOG_WATERMARKED_46509597_5134998_07022026013908-1.jpg","width":796,"height":448,"caption":"Ventura desafia Montenegro a demarcar-se de absten\u00e7\u00e3o do PSD em peti\u00e7\u00e3o sobre ilegaliza\u00e7\u00e3o do Chega"},{"@type":"BreadcrumbList","@id":"https:\/\/portaltela.pt\/noticias\/2026\/02\/18\/ventura-desafia-montenegro-a-demarcar-se-da-abstencao-do-psd-sobre-o-chega\/#breadcrumb","itemListElement":[{"@type":"ListItem","position":1,"name":"In\u00edcio","item":"https:\/\/portaltela.pt\/"},{"@type":"ListItem","position":2,"name":"Ventura desafia Montenegro a demarcar-se da absten\u00e7\u00e3o do PSD sobre o Chega"}]},{"@type":"WebSite","@id":"https:\/\/portaltela.pt\/#website","url":"https:\/\/portaltela.pt\/","name":"Portal Tela Portugal","description":"","potentialAction":[{"@type":"SearchAction","target":{"@type":"EntryPoint","urlTemplate":"https:\/\/portaltela.pt\/?s={search_term_string}"},"query-input":{"@type":"PropertyValueSpecification","valueRequired":true,"valueName":"search_term_string"}}],"inLanguage":"pt-PT"},{"@type":"Person","@id":"https:\/\/portaltela.pt\/#\/schema\/person\/c4278d4a6028830caff9ee44b42d32ed","name":"Telinha","image":{"@type":"ImageObject","inLanguage":"pt-PT","@id":"https:\/\/portaltela.pt\/s.01k8rhncp4jt1\/2025\/11\/talking-bot-125x125.png","url":"https:\/\/portaltela.pt\/s.01k8rhncp4jt1\/2025\/11\/talking-bot-125x125.png","contentUrl":"https:\/\/portaltela.pt\/s.01k8rhncp4jt1\/2025\/11\/talking-bot-125x125.png","caption":"Telinha"},"sameAs":["https:\/\/portaltela.pt\/"],"url":"https:\/\/portaltela.pt\/por\/367410592786\/"}]}},"_links":{"self":[{"href":"https:\/\/portaltela.pt\/api\/wp\/v2\/posts\/216877","targetHints":{"allow":["GET"]}}],"collection":[{"href":"https:\/\/portaltela.pt\/api\/wp\/v2\/posts"}],"about":[{"href":"https:\/\/portaltela.pt\/api\/wp\/v2\/types\/post"}],"author":[{"embeddable":true,"href":"https:\/\/portaltela.pt\/api\/wp\/v2\/users\/2"}],"replies":[{"embeddable":true,"href":"https:\/\/portaltela.pt\/api\/wp\/v2\/comments?post=216877"}],"version-history":[{"count":0,"href":"https:\/\/portaltela.pt\/api\/wp\/v2\/posts\/216877\/revisions"}],"wp:featuredmedia":[{"embeddable":true,"href":"https:\/\/portaltela.pt\/api\/wp\/v2\/media\/216878"}],"wp:attachment":[{"href":"https:\/\/portaltela.pt\/api\/wp\/v2\/media?parent=216877"}],"wp:term":[{"taxonomy":"category","embeddable":true,"href":"https:\/\/portaltela.pt\/api\/wp\/v2\/categories?post=216877"},{"taxonomy":"post_tag","embeddable":true,"href":"https:\/\/portaltela.pt\/api\/wp\/v2\/tags?post=216877"}],"curies":[{"name":"wp","href":"https:\/\/api.w.org\/{rel}","templated":true}]}}