{"id":216827,"date":"2026-02-18T20:23:04","date_gmt":"2026-02-18T23:23:04","guid":{"rendered":"https:\/\/portaltela.pt\/noticias\/2026\/02\/18\/ex-chefe-militar-aponta-falha-da-contraofensiva-de-2023-sob-zelensky\/"},"modified":"2026-02-18T20:23:04","modified_gmt":"2026-02-18T23:23:04","slug":"ex-chefe-militar-aponta-falha-da-contraofensiva-de-2023-sob-zelensky","status":"publish","type":"post","link":"https:\/\/portaltela.pt\/noticias\/internacional\/2026\/02\/18\/ex-chefe-militar-aponta-falha-da-contraofensiva-de-2023-sob-zelensky\/","title":{"rendered":"Ex-chefe militar aponta falha da contraofensiva de 2023 sob Zelensky"},"content":{"rendered":"<p>Valerii Zaluzhnyi, antigo chefe das For\u00e7as Armadas da Ucr\u00e2nia, mant\u00e9m sil\u00eancio quanto \u00e0 sua poss\u00edvel candidatura \u00e0 presid\u00eancia, apesar de ser apontado como principal rival pol\u00edtico de Volodymyr Zelensky. Em entrevista \u00e0 AP, o embaixador ucraniano no Reino Unido, aos 52 anos, descreve a rela\u00e7\u00e3o com o Presidente como tensa desde o in\u00edcio da invas\u00e3o russa em fevereiro de 2022.<\/p>\n<p>O general relatou que as diverg\u00eancias sobre a defesa do pa\u00eds surgiram logo ap\u00f3s o come\u00e7o da guerra. Em 2022, dezenas de agentes do servi\u00e7o de informa\u00e7\u00f5es interno da Ucr\u00e2nia invadiram o seu gabinete, num momento de intimida\u00e7\u00e3o que Zaluzhnyi descreveu como inicial.<\/p>\n<p>Na sequ\u00eancia, o SBU negou que tenha ocorrido busca no escrit\u00f3rio do chefe do Estado-Maior, aclarando que as revistas ocorreram em v\u00e1rias resid\u00eancias ligadas a uma investiga\u00e7\u00e3o de crime organizado, sem rela\u00e7\u00e3o com Zaluzhnyi.<\/p>\n<h3>Diverg\u00eancias t\u00e1ticas e a contraofensiva de 2023<\/h3>\n<p>Zaluzhnyi afirma que o plano de contraofensiva de 2023, desenvolvido com parceiros da NATO, falhou por falta de compromisso de Zelensky e de outros oficiais com os recursos necess\u00e1rios. O objetivo era concentrar for\u00e7as para retomar Zapor\u00edjia, onde fica a central nuclear, seguido de avan\u00e7o para sul em dire\u00e7\u00e3o ao Mar de Azov.<\/p>\n<p>Segundo o ex-comandante, a opera\u00e7\u00e3o foi dispersa por uma \u00e1rea ampla, o que diluiu o poder de ataque. A leitura dos acontecimentos foi corroborada por dois oficiais de defesa ocidentais, que falaram anonimamente \u00e0 AP.<\/p>\n<p>O general tamb\u00e9m criticou a organiza\u00e7\u00e3o e o recrutamento de tropas, bem como a integra\u00e7\u00e3o de tecnologias no campo de batalha. Diz ter avisado o chefe de gabinete de Zelensky, por telefone, de que estava pronto para acionar as for\u00e7as para defender o centro de comando de Kiev.<\/p>\n<p>As duas reuni\u00f5es entre Zaluzhnyi e Zelensky seriam descritas pelo ex-chefe militar como amistosas, com ele a evitar discuss\u00f5es sobre pol\u00edtica para n\u00e3o dividir a popula\u00e7\u00e3o. A AP verificou a narrativa do ex-comandante, sem registro de posi\u00e7\u00e3o oficial de Kiev.<\/p>\n<p>Ipsos mostrou, na altura, que Zaluzhnyi era visto como o principal oponente de Zelensky em caso de elei\u00e7\u00e3o futura, com 23% de apoio contra 20% do Presidente. A sondagem, contudo, n\u00e3o reflete inten\u00e7\u00f5es de voto reais.<\/p>\n","protected":false},"excerpt":{"rendered":"<ul>\n<li>O ex-chefe das For\u00e7as Armadas da Ucr\u00e2nia, general Valerii Zaluzhnyi, atual embaixador no Reino Unido, acusa o presidente Zelensky de responsabilidade pelo insucesso da contraofensiva de 2023.<\/li>\n<li>Revela tens\u00f5es com Zelensky desde a invas\u00e3o russa em fevereiro de 2022, com discuss\u00f5es frequentes sobre a defesa do pa\u00eds.<\/li>\n<li>Em 2022, dezenas de agentes do Servi\u00e7o de Seguran\u00e7a ucraniano invadiram o gabinete de Zaluzhnyi; mais tarde, o escrit\u00f3rio do Chefe do Estado Maior tamb\u00e9m foi alvo de revistas, segundo o general.<\/li>\n<li>Alega que a contraofensiva de 2023 falhou porque Zelensky e outros oficiais n\u00e3o se comprometeram com os recursos necess\u00e1rios, mantendo o plano elaborado com apoio da NATO.<\/li>\n<li>A avalia\u00e7\u00e3o \u00e9 corroborada por dois oficiais de defesa ocidentais sob anonimato; h\u00e1 uma sondagem que coloca Zaluzhnyi em 23% de apoio versus 20% de Zelensky.<\/li>\n<\/ul>\n","protected":false},"author":2,"featured_media":216831,"comment_status":"closed","ping_status":"closed","sticky":false,"template":"","format":"standard","meta":{"footnotes":""},"categories":[4,1],"tags":[2336,29,62,5698,2134,4833],"class_list":["post-216827","post","type-post","status-publish","format-standard","has-post-thumbnail","hentry","category-internacional","category-noticias","tag-defesa-nacional","tag-diplomacia","tag-guerra","tag-politica-internacional","tag-ucrania","tag-volodymyr-zelenski"],"yoast_head":"<!-- This site is optimized with the Yoast SEO plugin v27.2 - https:\/\/yoast.com\/product\/yoast-seo-wordpress\/ -->\n<title>Ex-chefe militar aponta falha da contraofensiva de 2023 sob Zelensky - Portal Tela Portugal<\/title>\n<meta name=\"robots\" content=\"index, follow, max-snippet:-1, max-image-preview:large, max-video-preview:-1\" \/>\n<meta property=\"og:locale\" content=\"pt_PT\" \/>\n<meta property=\"og:type\" content=\"article\" \/>\n<meta property=\"og:title\" content=\"Ex-chefe militar aponta falha da contraofensiva de 2023 sob Zelensky - Portal Tela Portugal\" \/>\n<meta property=\"og:description\" content=\"O ex-chefe das For\u00e7as Armadas da Ucr\u00e2nia, general Valerii Zaluzhnyi, atual embaixador no Reino Unido, acusa o presidente Zelensky de responsabilidade pelo insucesso da contraofensiva de 2023. Revela tens\u00f5es com Zelensky desde a invas\u00e3o russa em fevereiro de 2022, com discuss\u00f5es frequentes sobre a defesa do pa\u00eds. Em 2022, dezenas de agentes do Servi\u00e7o de Seguran\u00e7a ucraniano invadiram o gabinete de Zaluzhnyi; mais tarde, o escrit\u00f3rio do Chefe do Estado Maior tamb\u00e9m foi alvo de revistas, segundo o general. Alega que a contraofensiva de 2023 falhou porque Zelensky e outros oficiais n\u00e3o se comprometeram com os recursos necess\u00e1rios, mantendo o plano elaborado com apoio da NATO. A avalia\u00e7\u00e3o \u00e9 corroborada por dois oficiais de defesa ocidentais sob anonimato; h\u00e1 uma sondagem que coloca Zaluzhnyi em 23% de apoio versus 20% de Zelensky.\" \/>\n<meta property=\"og:url\" content=\"https:\/\/portaltela.pt\/noticias\/2026\/02\/18\/ex-chefe-militar-aponta-falha-da-contraofensiva-de-2023-sob-zelensky\/\" \/>\n<meta property=\"og:site_name\" content=\"Portal Tela Portugal\" \/>\n<meta property=\"article:published_time\" content=\"2026-02-18T23:23:04+00:00\" \/>\n<meta name=\"author\" content=\"Telinha\" \/>\n<meta name=\"twitter:card\" content=\"summary_large_image\" \/>\n<meta name=\"twitter:label1\" content=\"Escrito por\" \/>\n\t<meta name=\"twitter:data1\" content=\"Telinha\" \/>\n\t<meta name=\"twitter:label2\" content=\"Tempo estimado de leitura\" \/>\n\t<meta name=\"twitter:data2\" content=\"2 minutos\" \/>\n<script type=\"application\/ld+json\" class=\"yoast-schema-graph\">{\"@context\":\"https:\/\/schema.org\",\"@graph\":[{\"@type\":\"Article\",\"@id\":\"https:\/\/portaltela.pt\/noticias\/2026\/02\/18\/ex-chefe-militar-aponta-falha-da-contraofensiva-de-2023-sob-zelensky\/#article\",\"isPartOf\":{\"@id\":\"https:\/\/portaltela.pt\/noticias\/2026\/02\/18\/ex-chefe-militar-aponta-falha-da-contraofensiva-de-2023-sob-zelensky\/\"},\"author\":{\"name\":\"Telinha\",\"@id\":\"https:\/\/portaltela.pt\/#\/schema\/person\/c4278d4a6028830caff9ee44b42d32ed\"},\"headline\":\"Ex-chefe militar aponta falha da contraofensiva de 2023 sob Zelensky\",\"datePublished\":\"2026-02-18T23:23:04+00:00\",\"mainEntityOfPage\":{\"@id\":\"https:\/\/portaltela.pt\/noticias\/2026\/02\/18\/ex-chefe-militar-aponta-falha-da-contraofensiva-de-2023-sob-zelensky\/\"},\"wordCount\":399,\"image\":{\"@id\":\"https:\/\/portaltela.pt\/noticias\/2026\/02\/18\/ex-chefe-militar-aponta-falha-da-contraofensiva-de-2023-sob-zelensky\/#primaryimage\"},\"thumbnailUrl\":\"https:\/\/portaltela.pt\/s.01k8rhncp4jt1\/2026\/02\/img_1500x1000uu2025-12-29-22-50-08-2257112.jpg\",\"keywords\":[\"Defesa Nacional\",\"diplomacia\",\"guerra\",\"pol\u00edtica internacional\",\"Ucr\u00e2nia\",\"Volodymyr Zelenski\"],\"articleSection\":[\"Internacional\",\"Not\u00edcias\"],\"inLanguage\":\"pt-PT\"},{\"@type\":\"WebPage\",\"@id\":\"https:\/\/portaltela.pt\/noticias\/2026\/02\/18\/ex-chefe-militar-aponta-falha-da-contraofensiva-de-2023-sob-zelensky\/\",\"url\":\"https:\/\/portaltela.pt\/noticias\/2026\/02\/18\/ex-chefe-militar-aponta-falha-da-contraofensiva-de-2023-sob-zelensky\/\",\"name\":\"Ex-chefe militar aponta falha da contraofensiva de 2023 sob Zelensky - Portal Tela Portugal\",\"isPartOf\":{\"@id\":\"https:\/\/portaltela.pt\/#website\"},\"primaryImageOfPage\":{\"@id\":\"https:\/\/portaltela.pt\/noticias\/2026\/02\/18\/ex-chefe-militar-aponta-falha-da-contraofensiva-de-2023-sob-zelensky\/#primaryimage\"},\"image\":{\"@id\":\"https:\/\/portaltela.pt\/noticias\/2026\/02\/18\/ex-chefe-militar-aponta-falha-da-contraofensiva-de-2023-sob-zelensky\/#primaryimage\"},\"thumbnailUrl\":\"https:\/\/portaltela.pt\/s.01k8rhncp4jt1\/2026\/02\/img_1500x1000uu2025-12-29-22-50-08-2257112.jpg\",\"datePublished\":\"2026-02-18T23:23:04+00:00\",\"author\":{\"@id\":\"https:\/\/portaltela.pt\/#\/schema\/person\/c4278d4a6028830caff9ee44b42d32ed\"},\"breadcrumb\":{\"@id\":\"https:\/\/portaltela.pt\/noticias\/2026\/02\/18\/ex-chefe-militar-aponta-falha-da-contraofensiva-de-2023-sob-zelensky\/#breadcrumb\"},\"inLanguage\":\"pt-PT\",\"potentialAction\":[{\"@type\":\"ReadAction\",\"target\":[\"https:\/\/portaltela.pt\/noticias\/2026\/02\/18\/ex-chefe-militar-aponta-falha-da-contraofensiva-de-2023-sob-zelensky\/\"]}]},{\"@type\":\"ImageObject\",\"inLanguage\":\"pt-PT\",\"@id\":\"https:\/\/portaltela.pt\/noticias\/2026\/02\/18\/ex-chefe-militar-aponta-falha-da-contraofensiva-de-2023-sob-zelensky\/#primaryimage\",\"url\":\"https:\/\/portaltela.pt\/s.01k8rhncp4jt1\/2026\/02\/img_1500x1000uu2025-12-29-22-50-08-2257112.jpg\",\"contentUrl\":\"https:\/\/portaltela.pt\/s.01k8rhncp4jt1\/2026\/02\/img_1500x1000uu2025-12-29-22-50-08-2257112.jpg\",\"width\":796,\"height\":448,\"caption\":\"Zelensky\"},{\"@type\":\"BreadcrumbList\",\"@id\":\"https:\/\/portaltela.pt\/noticias\/2026\/02\/18\/ex-chefe-militar-aponta-falha-da-contraofensiva-de-2023-sob-zelensky\/#breadcrumb\",\"itemListElement\":[{\"@type\":\"ListItem\",\"position\":1,\"name\":\"In\u00edcio\",\"item\":\"https:\/\/portaltela.pt\/\"},{\"@type\":\"ListItem\",\"position\":2,\"name\":\"Ex-chefe militar aponta falha da contraofensiva de 2023 sob Zelensky\"}]},{\"@type\":\"WebSite\",\"@id\":\"https:\/\/portaltela.pt\/#website\",\"url\":\"https:\/\/portaltela.pt\/\",\"name\":\"Portal Tela Portugal\",\"description\":\"\",\"potentialAction\":[{\"@type\":\"SearchAction\",\"target\":{\"@type\":\"EntryPoint\",\"urlTemplate\":\"https:\/\/portaltela.pt\/?s={search_term_string}\"},\"query-input\":{\"@type\":\"PropertyValueSpecification\",\"valueRequired\":true,\"valueName\":\"search_term_string\"}}],\"inLanguage\":\"pt-PT\"},{\"@type\":\"Person\",\"@id\":\"https:\/\/portaltela.pt\/#\/schema\/person\/c4278d4a6028830caff9ee44b42d32ed\",\"name\":\"Telinha\",\"image\":{\"@type\":\"ImageObject\",\"inLanguage\":\"pt-PT\",\"@id\":\"https:\/\/portaltela.pt\/s.01k8rhncp4jt1\/2025\/11\/talking-bot-125x125.png\",\"url\":\"https:\/\/portaltela.pt\/s.01k8rhncp4jt1\/2025\/11\/talking-bot-125x125.png\",\"contentUrl\":\"https:\/\/portaltela.pt\/s.01k8rhncp4jt1\/2025\/11\/talking-bot-125x125.png\",\"caption\":\"Telinha\"},\"sameAs\":[\"https:\/\/portaltela.pt\/\"],\"url\":\"https:\/\/portaltela.pt\/por\/367410592786\/\"}]}<\/script>\n<!-- \/ Yoast SEO plugin. -->","yoast_head_json":{"title":"Ex-chefe militar aponta falha da contraofensiva de 2023 sob Zelensky - Portal Tela Portugal","robots":{"index":"index","follow":"follow","max-snippet":"max-snippet:-1","max-image-preview":"max-image-preview:large","max-video-preview":"max-video-preview:-1"},"og_locale":"pt_PT","og_type":"article","og_title":"Ex-chefe militar aponta falha da contraofensiva de 2023 sob Zelensky - Portal Tela Portugal","og_description":"O ex-chefe das For\u00e7as Armadas da Ucr\u00e2nia, general Valerii Zaluzhnyi, atual embaixador no Reino Unido, acusa o presidente Zelensky de responsabilidade pelo insucesso da contraofensiva de 2023. Revela tens\u00f5es com Zelensky desde a invas\u00e3o russa em fevereiro de 2022, com discuss\u00f5es frequentes sobre a defesa do pa\u00eds. Em 2022, dezenas de agentes do Servi\u00e7o de Seguran\u00e7a ucraniano invadiram o gabinete de Zaluzhnyi; mais tarde, o escrit\u00f3rio do Chefe do Estado Maior tamb\u00e9m foi alvo de revistas, segundo o general. Alega que a contraofensiva de 2023 falhou porque Zelensky e outros oficiais n\u00e3o se comprometeram com os recursos necess\u00e1rios, mantendo o plano elaborado com apoio da NATO. A avalia\u00e7\u00e3o \u00e9 corroborada por dois oficiais de defesa ocidentais sob anonimato; h\u00e1 uma sondagem que coloca Zaluzhnyi em 23% de apoio versus 20% de Zelensky.","og_url":"https:\/\/portaltela.pt\/noticias\/2026\/02\/18\/ex-chefe-militar-aponta-falha-da-contraofensiva-de-2023-sob-zelensky\/","og_site_name":"Portal Tela Portugal","article_published_time":"2026-02-18T23:23:04+00:00","author":"Telinha","twitter_card":"summary_large_image","twitter_misc":{"Escrito por":"Telinha","Tempo estimado de leitura":"2 minutos"},"schema":{"@context":"https:\/\/schema.org","@graph":[{"@type":"Article","@id":"https:\/\/portaltela.pt\/noticias\/2026\/02\/18\/ex-chefe-militar-aponta-falha-da-contraofensiva-de-2023-sob-zelensky\/#article","isPartOf":{"@id":"https:\/\/portaltela.pt\/noticias\/2026\/02\/18\/ex-chefe-militar-aponta-falha-da-contraofensiva-de-2023-sob-zelensky\/"},"author":{"name":"Telinha","@id":"https:\/\/portaltela.pt\/#\/schema\/person\/c4278d4a6028830caff9ee44b42d32ed"},"headline":"Ex-chefe militar aponta falha da contraofensiva de 2023 sob Zelensky","datePublished":"2026-02-18T23:23:04+00:00","mainEntityOfPage":{"@id":"https:\/\/portaltela.pt\/noticias\/2026\/02\/18\/ex-chefe-militar-aponta-falha-da-contraofensiva-de-2023-sob-zelensky\/"},"wordCount":399,"image":{"@id":"https:\/\/portaltela.pt\/noticias\/2026\/02\/18\/ex-chefe-militar-aponta-falha-da-contraofensiva-de-2023-sob-zelensky\/#primaryimage"},"thumbnailUrl":"https:\/\/portaltela.pt\/s.01k8rhncp4jt1\/2026\/02\/img_1500x1000uu2025-12-29-22-50-08-2257112.jpg","keywords":["Defesa Nacional","diplomacia","guerra","pol\u00edtica internacional","Ucr\u00e2nia","Volodymyr Zelenski"],"articleSection":["Internacional","Not\u00edcias"],"inLanguage":"pt-PT"},{"@type":"WebPage","@id":"https:\/\/portaltela.pt\/noticias\/2026\/02\/18\/ex-chefe-militar-aponta-falha-da-contraofensiva-de-2023-sob-zelensky\/","url":"https:\/\/portaltela.pt\/noticias\/2026\/02\/18\/ex-chefe-militar-aponta-falha-da-contraofensiva-de-2023-sob-zelensky\/","name":"Ex-chefe militar aponta falha da contraofensiva de 2023 sob Zelensky - Portal Tela Portugal","isPartOf":{"@id":"https:\/\/portaltela.pt\/#website"},"primaryImageOfPage":{"@id":"https:\/\/portaltela.pt\/noticias\/2026\/02\/18\/ex-chefe-militar-aponta-falha-da-contraofensiva-de-2023-sob-zelensky\/#primaryimage"},"image":{"@id":"https:\/\/portaltela.pt\/noticias\/2026\/02\/18\/ex-chefe-militar-aponta-falha-da-contraofensiva-de-2023-sob-zelensky\/#primaryimage"},"thumbnailUrl":"https:\/\/portaltela.pt\/s.01k8rhncp4jt1\/2026\/02\/img_1500x1000uu2025-12-29-22-50-08-2257112.jpg","datePublished":"2026-02-18T23:23:04+00:00","author":{"@id":"https:\/\/portaltela.pt\/#\/schema\/person\/c4278d4a6028830caff9ee44b42d32ed"},"breadcrumb":{"@id":"https:\/\/portaltela.pt\/noticias\/2026\/02\/18\/ex-chefe-militar-aponta-falha-da-contraofensiva-de-2023-sob-zelensky\/#breadcrumb"},"inLanguage":"pt-PT","potentialAction":[{"@type":"ReadAction","target":["https:\/\/portaltela.pt\/noticias\/2026\/02\/18\/ex-chefe-militar-aponta-falha-da-contraofensiva-de-2023-sob-zelensky\/"]}]},{"@type":"ImageObject","inLanguage":"pt-PT","@id":"https:\/\/portaltela.pt\/noticias\/2026\/02\/18\/ex-chefe-militar-aponta-falha-da-contraofensiva-de-2023-sob-zelensky\/#primaryimage","url":"https:\/\/portaltela.pt\/s.01k8rhncp4jt1\/2026\/02\/img_1500x1000uu2025-12-29-22-50-08-2257112.jpg","contentUrl":"https:\/\/portaltela.pt\/s.01k8rhncp4jt1\/2026\/02\/img_1500x1000uu2025-12-29-22-50-08-2257112.jpg","width":796,"height":448,"caption":"Zelensky"},{"@type":"BreadcrumbList","@id":"https:\/\/portaltela.pt\/noticias\/2026\/02\/18\/ex-chefe-militar-aponta-falha-da-contraofensiva-de-2023-sob-zelensky\/#breadcrumb","itemListElement":[{"@type":"ListItem","position":1,"name":"In\u00edcio","item":"https:\/\/portaltela.pt\/"},{"@type":"ListItem","position":2,"name":"Ex-chefe militar aponta falha da contraofensiva de 2023 sob Zelensky"}]},{"@type":"WebSite","@id":"https:\/\/portaltela.pt\/#website","url":"https:\/\/portaltela.pt\/","name":"Portal Tela Portugal","description":"","potentialAction":[{"@type":"SearchAction","target":{"@type":"EntryPoint","urlTemplate":"https:\/\/portaltela.pt\/?s={search_term_string}"},"query-input":{"@type":"PropertyValueSpecification","valueRequired":true,"valueName":"search_term_string"}}],"inLanguage":"pt-PT"},{"@type":"Person","@id":"https:\/\/portaltela.pt\/#\/schema\/person\/c4278d4a6028830caff9ee44b42d32ed","name":"Telinha","image":{"@type":"ImageObject","inLanguage":"pt-PT","@id":"https:\/\/portaltela.pt\/s.01k8rhncp4jt1\/2025\/11\/talking-bot-125x125.png","url":"https:\/\/portaltela.pt\/s.01k8rhncp4jt1\/2025\/11\/talking-bot-125x125.png","contentUrl":"https:\/\/portaltela.pt\/s.01k8rhncp4jt1\/2025\/11\/talking-bot-125x125.png","caption":"Telinha"},"sameAs":["https:\/\/portaltela.pt\/"],"url":"https:\/\/portaltela.pt\/por\/367410592786\/"}]}},"_links":{"self":[{"href":"https:\/\/portaltela.pt\/api\/wp\/v2\/posts\/216827","targetHints":{"allow":["GET"]}}],"collection":[{"href":"https:\/\/portaltela.pt\/api\/wp\/v2\/posts"}],"about":[{"href":"https:\/\/portaltela.pt\/api\/wp\/v2\/types\/post"}],"author":[{"embeddable":true,"href":"https:\/\/portaltela.pt\/api\/wp\/v2\/users\/2"}],"replies":[{"embeddable":true,"href":"https:\/\/portaltela.pt\/api\/wp\/v2\/comments?post=216827"}],"version-history":[{"count":0,"href":"https:\/\/portaltela.pt\/api\/wp\/v2\/posts\/216827\/revisions"}],"wp:featuredmedia":[{"embeddable":true,"href":"https:\/\/portaltela.pt\/api\/wp\/v2\/media\/216831"}],"wp:attachment":[{"href":"https:\/\/portaltela.pt\/api\/wp\/v2\/media?parent=216827"}],"wp:term":[{"taxonomy":"category","embeddable":true,"href":"https:\/\/portaltela.pt\/api\/wp\/v2\/categories?post=216827"},{"taxonomy":"post_tag","embeddable":true,"href":"https:\/\/portaltela.pt\/api\/wp\/v2\/tags?post=216827"}],"curies":[{"name":"wp","href":"https:\/\/api.w.org\/{rel}","templated":true}]}}