{"id":216822,"date":"2026-02-18T16:36:00","date_gmt":"2026-02-18T19:36:00","guid":{"rendered":"https:\/\/portaltela.pt\/noticias\/2026\/02\/18\/desafio-do-paracetamol-nas-redes-e-risco-serio-para-a-saude-dizem-farmaceuticos\/"},"modified":"2026-02-18T16:36:00","modified_gmt":"2026-02-18T19:36:00","slug":"desafio-do-paracetamol-nas-redes-e-risco-serio-para-a-saude-dizem-farmaceuticos","status":"publish","type":"post","link":"https:\/\/portaltela.pt\/noticias\/2026\/02\/18\/desafio-do-paracetamol-nas-redes-e-risco-serio-para-a-saude-dizem-farmaceuticos\/","title":{"rendered":"Desafio do paracetamol nas redes \u00e9 risco s\u00e9rio para a sa\u00fade, dizem farmac\u00eauticos"},"content":{"rendered":"<p>O que aconteceu: o chamado &#8220;desafio do paracetamol&#8221; ganhou destaque nas redes sociais, sendo descrito por farmac\u00eauticos como um risco s\u00e9rio para a sa\u00fade. Profissionais reconhecem que a pr\u00e1tica envolve potenciais perigos para quem participa.<\/p>\n<p>Quem est\u00e1 envolvido: farmac\u00eauticos, profissionais de sa\u00fade e p\u00fablico em geral s\u00e3o mencionados como partes afetadas pelo fen\u00f3meno, que circula sobretudo em plataformas sociais.<\/p>\n<p>Quando e onde: o tema tem ganho repercuss\u00e3o recentemente, em contextos online, com milh\u00f5es de utilizadores a serem expostos ao conte\u00fado. A situa\u00e7\u00e3o n\u00e3o se restringe a um local espec\u00edfico.<\/p>\n<p>Porqu\u00ea: a principal preocupa\u00e7\u00e3o \u00e9 a possibilidade de overdose ou uso inadequado do paracetamol, que pode causar danos graves ao f\u00edgado e a outros \u00f3rg\u00e3os. M\u00e9dicos aconselham cautela e a consulta de profissionais de sa\u00fade.<\/p>\n<p>O que fazer: evitar seguir instru\u00e7\u00f5es n\u00e3o oficiais, ler as bulas, n\u00e3o misturar paracetamol com outros medicamentos que o contenham, e falar com um farmac\u00eautico para orientar doses seguras.<\/p>\n","protected":false},"excerpt":{"rendered":"<ul>\n<li>O \u201cDesafio do paracetamol\u201d nas redes sociais \u00e9 considerado um risco s\u00e9rio para a sa\u00fade, de acordo com farmac\u00eauticos.<\/li>\n<li>O conte\u00fado completo da not\u00edcia est\u00e1 dispon\u00edvel apenas para subscritores.<\/li>\n<li>O portal disponibiliza um link de entrada para subscri\u00e7\u00e3o para aceder ao artigo integral.<\/li>\n<li>O tema envolve alertas de profissionais de sa\u00fade sobre potenciais perigos associados ao desafio online.<\/li>\n<\/ul>\n","protected":false},"author":2,"featured_media":216823,"comment_status":"closed","ping_status":"closed","sticky":false,"template":"","format":"standard","meta":{"footnotes":""},"categories":[1],"tags":[5087,5762,3664,195,172,271],"class_list":["post-216822","post","type-post","status-publish","format-standard","has-post-thumbnail","hentry","category-noticias","tag-educacao-para-a-saude","tag-farmacia-comunitaria","tag-farmacias","tag-informacao","tag-saude","tag-saude-publica"],"yoast_head":"<!-- This site is optimized with the Yoast SEO plugin v27.2 - https:\/\/yoast.com\/product\/yoast-seo-wordpress\/ -->\n<title>Desafio do paracetamol nas redes \u00e9 risco s\u00e9rio para a sa\u00fade, dizem farmac\u00eauticos - Portal Tela Portugal<\/title>\n<meta name=\"robots\" content=\"index, follow, max-snippet:-1, max-image-preview:large, max-video-preview:-1\" \/>\n<meta property=\"og:locale\" content=\"pt_PT\" \/>\n<meta property=\"og:type\" content=\"article\" \/>\n<meta property=\"og:title\" content=\"Desafio do paracetamol nas redes \u00e9 risco s\u00e9rio para a sa\u00fade, dizem farmac\u00eauticos - Portal Tela Portugal\" \/>\n<meta property=\"og:description\" content=\"O \u201cDesafio do paracetamol\u201d nas redes sociais \u00e9 considerado um risco s\u00e9rio para a sa\u00fade, de acordo com farmac\u00eauticos. O conte\u00fado completo da not\u00edcia est\u00e1 dispon\u00edvel apenas para subscritores. O portal disponibiliza um link de entrada para subscri\u00e7\u00e3o para aceder ao artigo integral. O tema envolve alertas de profissionais de sa\u00fade sobre potenciais perigos associados ao desafio online.\" \/>\n<meta property=\"og:url\" content=\"https:\/\/portaltela.pt\/noticias\/2026\/02\/18\/desafio-do-paracetamol-nas-redes-e-risco-serio-para-a-saude-dizem-farmaceuticos\/\" \/>\n<meta property=\"og:site_name\" content=\"Portal Tela Portugal\" \/>\n<meta property=\"article:published_time\" content=\"2026-02-18T19:36:00+00:00\" \/>\n<meta name=\"author\" content=\"Telinha\" \/>\n<meta name=\"twitter:card\" content=\"summary_large_image\" \/>\n<meta name=\"twitter:label1\" content=\"Escrito por\" \/>\n\t<meta name=\"twitter:data1\" content=\"Telinha\" \/>\n\t<meta name=\"twitter:label2\" content=\"Tempo estimado de leitura\" \/>\n\t<meta name=\"twitter:data2\" content=\"1 minuto\" \/>\n<script type=\"application\/ld+json\" class=\"yoast-schema-graph\">{\"@context\":\"https:\/\/schema.org\",\"@graph\":[{\"@type\":\"Article\",\"@id\":\"https:\/\/portaltela.pt\/noticias\/2026\/02\/18\/desafio-do-paracetamol-nas-redes-e-risco-serio-para-a-saude-dizem-farmaceuticos\/#article\",\"isPartOf\":{\"@id\":\"https:\/\/portaltela.pt\/noticias\/2026\/02\/18\/desafio-do-paracetamol-nas-redes-e-risco-serio-para-a-saude-dizem-farmaceuticos\/\"},\"author\":{\"name\":\"Telinha\",\"@id\":\"https:\/\/portaltela.pt\/#\/schema\/person\/c4278d4a6028830caff9ee44b42d32ed\"},\"headline\":\"Desafio do paracetamol nas redes \u00e9 risco s\u00e9rio para a sa\u00fade, dizem farmac\u00eauticos\",\"datePublished\":\"2026-02-18T19:36:00+00:00\",\"mainEntityOfPage\":{\"@id\":\"https:\/\/portaltela.pt\/noticias\/2026\/02\/18\/desafio-do-paracetamol-nas-redes-e-risco-serio-para-a-saude-dizem-farmaceuticos\/\"},\"wordCount\":191,\"image\":{\"@id\":\"https:\/\/portaltela.pt\/noticias\/2026\/02\/18\/desafio-do-paracetamol-nas-redes-e-risco-serio-para-a-saude-dizem-farmaceuticos\/#primaryimage\"},\"thumbnailUrl\":\"https:\/\/portaltela.pt\/s.01k8rhncp4jt1\/2026\/02\/CACHE_780X1200_ANALOG_WATERMARKED_34472539_2484337_05102021092303.jpg\",\"keywords\":[\"educa\u00e7\u00e3o para a sa\u00fade\",\"farm\u00e1cia comunit\u00e1ria\",\"farm\u00e1cias\",\"informa\u00e7\u00e3o\",\"sa\u00fade\",\"sa\u00fade p\u00fablica\"],\"articleSection\":[\"Not\u00edcias\"],\"inLanguage\":\"pt-PT\"},{\"@type\":\"WebPage\",\"@id\":\"https:\/\/portaltela.pt\/noticias\/2026\/02\/18\/desafio-do-paracetamol-nas-redes-e-risco-serio-para-a-saude-dizem-farmaceuticos\/\",\"url\":\"https:\/\/portaltela.pt\/noticias\/2026\/02\/18\/desafio-do-paracetamol-nas-redes-e-risco-serio-para-a-saude-dizem-farmaceuticos\/\",\"name\":\"Desafio do paracetamol nas redes \u00e9 risco s\u00e9rio para a sa\u00fade, dizem farmac\u00eauticos - Portal Tela Portugal\",\"isPartOf\":{\"@id\":\"https:\/\/portaltela.pt\/#website\"},\"primaryImageOfPage\":{\"@id\":\"https:\/\/portaltela.pt\/noticias\/2026\/02\/18\/desafio-do-paracetamol-nas-redes-e-risco-serio-para-a-saude-dizem-farmaceuticos\/#primaryimage\"},\"image\":{\"@id\":\"https:\/\/portaltela.pt\/noticias\/2026\/02\/18\/desafio-do-paracetamol-nas-redes-e-risco-serio-para-a-saude-dizem-farmaceuticos\/#primaryimage\"},\"thumbnailUrl\":\"https:\/\/portaltela.pt\/s.01k8rhncp4jt1\/2026\/02\/CACHE_780X1200_ANALOG_WATERMARKED_34472539_2484337_05102021092303.jpg\",\"datePublished\":\"2026-02-18T19:36:00+00:00\",\"author\":{\"@id\":\"https:\/\/portaltela.pt\/#\/schema\/person\/c4278d4a6028830caff9ee44b42d32ed\"},\"breadcrumb\":{\"@id\":\"https:\/\/portaltela.pt\/noticias\/2026\/02\/18\/desafio-do-paracetamol-nas-redes-e-risco-serio-para-a-saude-dizem-farmaceuticos\/#breadcrumb\"},\"inLanguage\":\"pt-PT\",\"potentialAction\":[{\"@type\":\"ReadAction\",\"target\":[\"https:\/\/portaltela.pt\/noticias\/2026\/02\/18\/desafio-do-paracetamol-nas-redes-e-risco-serio-para-a-saude-dizem-farmaceuticos\/\"]}]},{\"@type\":\"ImageObject\",\"inLanguage\":\"pt-PT\",\"@id\":\"https:\/\/portaltela.pt\/noticias\/2026\/02\/18\/desafio-do-paracetamol-nas-redes-e-risco-serio-para-a-saude-dizem-farmaceuticos\/#primaryimage\",\"url\":\"https:\/\/portaltela.pt\/s.01k8rhncp4jt1\/2026\/02\/CACHE_780X1200_ANALOG_WATERMARKED_34472539_2484337_05102021092303.jpg\",\"contentUrl\":\"https:\/\/portaltela.pt\/s.01k8rhncp4jt1\/2026\/02\/CACHE_780X1200_ANALOG_WATERMARKED_34472539_2484337_05102021092303.jpg\",\"width\":768,\"height\":571,\"caption\":\"Desafio do paracetamol nas redes sociais \u00e9 \u201crisco s\u00e9rio para a sa\u00fade\u201d - farmac\u00eauticos\"},{\"@type\":\"BreadcrumbList\",\"@id\":\"https:\/\/portaltela.pt\/noticias\/2026\/02\/18\/desafio-do-paracetamol-nas-redes-e-risco-serio-para-a-saude-dizem-farmaceuticos\/#breadcrumb\",\"itemListElement\":[{\"@type\":\"ListItem\",\"position\":1,\"name\":\"In\u00edcio\",\"item\":\"https:\/\/portaltela.pt\/\"},{\"@type\":\"ListItem\",\"position\":2,\"name\":\"Desafio do paracetamol nas redes \u00e9 risco s\u00e9rio para a sa\u00fade, dizem farmac\u00eauticos\"}]},{\"@type\":\"WebSite\",\"@id\":\"https:\/\/portaltela.pt\/#website\",\"url\":\"https:\/\/portaltela.pt\/\",\"name\":\"Portal Tela Portugal\",\"description\":\"\",\"potentialAction\":[{\"@type\":\"SearchAction\",\"target\":{\"@type\":\"EntryPoint\",\"urlTemplate\":\"https:\/\/portaltela.pt\/?s={search_term_string}\"},\"query-input\":{\"@type\":\"PropertyValueSpecification\",\"valueRequired\":true,\"valueName\":\"search_term_string\"}}],\"inLanguage\":\"pt-PT\"},{\"@type\":\"Person\",\"@id\":\"https:\/\/portaltela.pt\/#\/schema\/person\/c4278d4a6028830caff9ee44b42d32ed\",\"name\":\"Telinha\",\"image\":{\"@type\":\"ImageObject\",\"inLanguage\":\"pt-PT\",\"@id\":\"https:\/\/portaltela.pt\/s.01k8rhncp4jt1\/2025\/11\/talking-bot-125x125.png\",\"url\":\"https:\/\/portaltela.pt\/s.01k8rhncp4jt1\/2025\/11\/talking-bot-125x125.png\",\"contentUrl\":\"https:\/\/portaltela.pt\/s.01k8rhncp4jt1\/2025\/11\/talking-bot-125x125.png\",\"caption\":\"Telinha\"},\"sameAs\":[\"https:\/\/portaltela.pt\/\"],\"url\":\"https:\/\/portaltela.pt\/por\/367410592786\/\"}]}<\/script>\n<!-- \/ Yoast SEO plugin. -->","yoast_head_json":{"title":"Desafio do paracetamol nas redes \u00e9 risco s\u00e9rio para a sa\u00fade, dizem farmac\u00eauticos - Portal Tela Portugal","robots":{"index":"index","follow":"follow","max-snippet":"max-snippet:-1","max-image-preview":"max-image-preview:large","max-video-preview":"max-video-preview:-1"},"og_locale":"pt_PT","og_type":"article","og_title":"Desafio do paracetamol nas redes \u00e9 risco s\u00e9rio para a sa\u00fade, dizem farmac\u00eauticos - Portal Tela Portugal","og_description":"O \u201cDesafio do paracetamol\u201d nas redes sociais \u00e9 considerado um risco s\u00e9rio para a sa\u00fade, de acordo com farmac\u00eauticos. O conte\u00fado completo da not\u00edcia est\u00e1 dispon\u00edvel apenas para subscritores. O portal disponibiliza um link de entrada para subscri\u00e7\u00e3o para aceder ao artigo integral. O tema envolve alertas de profissionais de sa\u00fade sobre potenciais perigos associados ao desafio online.","og_url":"https:\/\/portaltela.pt\/noticias\/2026\/02\/18\/desafio-do-paracetamol-nas-redes-e-risco-serio-para-a-saude-dizem-farmaceuticos\/","og_site_name":"Portal Tela Portugal","article_published_time":"2026-02-18T19:36:00+00:00","author":"Telinha","twitter_card":"summary_large_image","twitter_misc":{"Escrito por":"Telinha","Tempo estimado de leitura":"1 minuto"},"schema":{"@context":"https:\/\/schema.org","@graph":[{"@type":"Article","@id":"https:\/\/portaltela.pt\/noticias\/2026\/02\/18\/desafio-do-paracetamol-nas-redes-e-risco-serio-para-a-saude-dizem-farmaceuticos\/#article","isPartOf":{"@id":"https:\/\/portaltela.pt\/noticias\/2026\/02\/18\/desafio-do-paracetamol-nas-redes-e-risco-serio-para-a-saude-dizem-farmaceuticos\/"},"author":{"name":"Telinha","@id":"https:\/\/portaltela.pt\/#\/schema\/person\/c4278d4a6028830caff9ee44b42d32ed"},"headline":"Desafio do paracetamol nas redes \u00e9 risco s\u00e9rio para a sa\u00fade, dizem farmac\u00eauticos","datePublished":"2026-02-18T19:36:00+00:00","mainEntityOfPage":{"@id":"https:\/\/portaltela.pt\/noticias\/2026\/02\/18\/desafio-do-paracetamol-nas-redes-e-risco-serio-para-a-saude-dizem-farmaceuticos\/"},"wordCount":191,"image":{"@id":"https:\/\/portaltela.pt\/noticias\/2026\/02\/18\/desafio-do-paracetamol-nas-redes-e-risco-serio-para-a-saude-dizem-farmaceuticos\/#primaryimage"},"thumbnailUrl":"https:\/\/portaltela.pt\/s.01k8rhncp4jt1\/2026\/02\/CACHE_780X1200_ANALOG_WATERMARKED_34472539_2484337_05102021092303.jpg","keywords":["educa\u00e7\u00e3o para a sa\u00fade","farm\u00e1cia comunit\u00e1ria","farm\u00e1cias","informa\u00e7\u00e3o","sa\u00fade","sa\u00fade p\u00fablica"],"articleSection":["Not\u00edcias"],"inLanguage":"pt-PT"},{"@type":"WebPage","@id":"https:\/\/portaltela.pt\/noticias\/2026\/02\/18\/desafio-do-paracetamol-nas-redes-e-risco-serio-para-a-saude-dizem-farmaceuticos\/","url":"https:\/\/portaltela.pt\/noticias\/2026\/02\/18\/desafio-do-paracetamol-nas-redes-e-risco-serio-para-a-saude-dizem-farmaceuticos\/","name":"Desafio do paracetamol nas redes \u00e9 risco s\u00e9rio para a sa\u00fade, dizem farmac\u00eauticos - Portal Tela Portugal","isPartOf":{"@id":"https:\/\/portaltela.pt\/#website"},"primaryImageOfPage":{"@id":"https:\/\/portaltela.pt\/noticias\/2026\/02\/18\/desafio-do-paracetamol-nas-redes-e-risco-serio-para-a-saude-dizem-farmaceuticos\/#primaryimage"},"image":{"@id":"https:\/\/portaltela.pt\/noticias\/2026\/02\/18\/desafio-do-paracetamol-nas-redes-e-risco-serio-para-a-saude-dizem-farmaceuticos\/#primaryimage"},"thumbnailUrl":"https:\/\/portaltela.pt\/s.01k8rhncp4jt1\/2026\/02\/CACHE_780X1200_ANALOG_WATERMARKED_34472539_2484337_05102021092303.jpg","datePublished":"2026-02-18T19:36:00+00:00","author":{"@id":"https:\/\/portaltela.pt\/#\/schema\/person\/c4278d4a6028830caff9ee44b42d32ed"},"breadcrumb":{"@id":"https:\/\/portaltela.pt\/noticias\/2026\/02\/18\/desafio-do-paracetamol-nas-redes-e-risco-serio-para-a-saude-dizem-farmaceuticos\/#breadcrumb"},"inLanguage":"pt-PT","potentialAction":[{"@type":"ReadAction","target":["https:\/\/portaltela.pt\/noticias\/2026\/02\/18\/desafio-do-paracetamol-nas-redes-e-risco-serio-para-a-saude-dizem-farmaceuticos\/"]}]},{"@type":"ImageObject","inLanguage":"pt-PT","@id":"https:\/\/portaltela.pt\/noticias\/2026\/02\/18\/desafio-do-paracetamol-nas-redes-e-risco-serio-para-a-saude-dizem-farmaceuticos\/#primaryimage","url":"https:\/\/portaltela.pt\/s.01k8rhncp4jt1\/2026\/02\/CACHE_780X1200_ANALOG_WATERMARKED_34472539_2484337_05102021092303.jpg","contentUrl":"https:\/\/portaltela.pt\/s.01k8rhncp4jt1\/2026\/02\/CACHE_780X1200_ANALOG_WATERMARKED_34472539_2484337_05102021092303.jpg","width":768,"height":571,"caption":"Desafio do paracetamol nas redes sociais \u00e9 \u201crisco s\u00e9rio para a sa\u00fade\u201d - farmac\u00eauticos"},{"@type":"BreadcrumbList","@id":"https:\/\/portaltela.pt\/noticias\/2026\/02\/18\/desafio-do-paracetamol-nas-redes-e-risco-serio-para-a-saude-dizem-farmaceuticos\/#breadcrumb","itemListElement":[{"@type":"ListItem","position":1,"name":"In\u00edcio","item":"https:\/\/portaltela.pt\/"},{"@type":"ListItem","position":2,"name":"Desafio do paracetamol nas redes \u00e9 risco s\u00e9rio para a sa\u00fade, dizem farmac\u00eauticos"}]},{"@type":"WebSite","@id":"https:\/\/portaltela.pt\/#website","url":"https:\/\/portaltela.pt\/","name":"Portal Tela Portugal","description":"","potentialAction":[{"@type":"SearchAction","target":{"@type":"EntryPoint","urlTemplate":"https:\/\/portaltela.pt\/?s={search_term_string}"},"query-input":{"@type":"PropertyValueSpecification","valueRequired":true,"valueName":"search_term_string"}}],"inLanguage":"pt-PT"},{"@type":"Person","@id":"https:\/\/portaltela.pt\/#\/schema\/person\/c4278d4a6028830caff9ee44b42d32ed","name":"Telinha","image":{"@type":"ImageObject","inLanguage":"pt-PT","@id":"https:\/\/portaltela.pt\/s.01k8rhncp4jt1\/2025\/11\/talking-bot-125x125.png","url":"https:\/\/portaltela.pt\/s.01k8rhncp4jt1\/2025\/11\/talking-bot-125x125.png","contentUrl":"https:\/\/portaltela.pt\/s.01k8rhncp4jt1\/2025\/11\/talking-bot-125x125.png","caption":"Telinha"},"sameAs":["https:\/\/portaltela.pt\/"],"url":"https:\/\/portaltela.pt\/por\/367410592786\/"}]}},"_links":{"self":[{"href":"https:\/\/portaltela.pt\/api\/wp\/v2\/posts\/216822","targetHints":{"allow":["GET"]}}],"collection":[{"href":"https:\/\/portaltela.pt\/api\/wp\/v2\/posts"}],"about":[{"href":"https:\/\/portaltela.pt\/api\/wp\/v2\/types\/post"}],"author":[{"embeddable":true,"href":"https:\/\/portaltela.pt\/api\/wp\/v2\/users\/2"}],"replies":[{"embeddable":true,"href":"https:\/\/portaltela.pt\/api\/wp\/v2\/comments?post=216822"}],"version-history":[{"count":0,"href":"https:\/\/portaltela.pt\/api\/wp\/v2\/posts\/216822\/revisions"}],"wp:featuredmedia":[{"embeddable":true,"href":"https:\/\/portaltela.pt\/api\/wp\/v2\/media\/216823"}],"wp:attachment":[{"href":"https:\/\/portaltela.pt\/api\/wp\/v2\/media?parent=216822"}],"wp:term":[{"taxonomy":"category","embeddable":true,"href":"https:\/\/portaltela.pt\/api\/wp\/v2\/categories?post=216822"},{"taxonomy":"post_tag","embeddable":true,"href":"https:\/\/portaltela.pt\/api\/wp\/v2\/tags?post=216822"}],"curies":[{"name":"wp","href":"https:\/\/api.w.org\/{rel}","templated":true}]}}