{"id":216796,"date":"2026-02-18T19:51:00","date_gmt":"2026-02-18T22:51:00","guid":{"rendered":"https:\/\/portaltela.pt\/noticias\/2026\/02\/18\/edu-castro-elogia-benfica-equipa-imbativel-ha-16-jornadas\/"},"modified":"2026-02-18T19:51:00","modified_gmt":"2026-02-18T22:51:00","slug":"edu-castro-elogia-benfica-equipa-imbativel-ha-16-jornadas","status":"publish","type":"post","link":"https:\/\/portaltela.pt\/desporto\/2026\/02\/18\/edu-castro-elogia-benfica-equipa-imbativel-ha-16-jornadas\/","title":{"rendered":"Edu Castro elogia Benfica: equipa imbat\u00edvel h\u00e1 16 jornadas"},"content":{"rendered":"<p>O Benfica empatou 4-4 com o FC Porto no Drag\u00e3o Arena, mantendo-se invenc\u00edvel na \u00e9poca e j\u00e1 com 28 jogos sem derrota. O encontro, em 18 de fevereiro de 2026, ficou marcado por v\u00e1rias fases e terminou com um resultado que n\u00e3o contrariou a sequ\u00eancia positiva das \u00e1guias.<\/p>\n<p>O treinador Edu Castro comentou, em tom refletivo, que o jogo teve tudo e que a segunda parte, apesar do empate, mostrou a qualidade da equipa. Real\u00e7ou o orgulho na forma como os seus jogadores se porta\u00adram, apesar das oscila\u00e7\u00f5es do encontro.<\/p>\n<p>Para o t\u00e9cnico, a prova refor\u00e7a que a liga \u00e9 das melhores do mundo e que o Benfica n\u00e3o aceita resignar-se com empates ou derrotas. Enfatizou ainda que o lote de advers\u00e1rios \u00e9 competitivo e que a aprendizagem deve ser aproveitada em cada jogo, dada a menor previsibilidade do h\u00f3quei em patins.<\/p>\n<h3>An\u00e1lise do treinador<\/h3>\n<p>Castro apelou \u00e0 melhoria das condi\u00e7\u00f5es de arbitragem, defendendo que o h\u00f3quei em patins exige recursos adicionais. Assinalou que o desporto exige mais ferramentas de an\u00e1lise, visto que as decis\u00f5es dos \u00e1rbitros s\u00e3o intensas e r\u00e1pidas, e que os treinadores fazem v\u00e1rias avalia\u00e7\u00f5es por jogo.<\/p>\n","protected":false},"excerpt":{"rendered":"<ul>\n<li>O Benfica empatou 4-4 com o FC Porto no Drag\u00e3o Arena, mantendo-se imbat\u00edvel h\u00e1 28 jogos consecutivos.<\/li>\n<li>O treinador Eduard Castro afirmou que a equipa n\u00e3o se conforma com outro resultado que n\u00e3o a vit\u00f3ria.<\/li>\n<li>O t\u00e9cnico destacou que o encontro teve fases distintas: 0-0 na primeira parte e 4-4 na segunda.<\/li>\n<li>Garantiu que esta \u00e9 a melhor liga do mundo e que as \u00e1guias est\u00e3o h\u00e1 16 jornadas sem perder.<\/li>\n<li>Pediu mais apoio aos \u00e1rbitros, defendendo que o h\u00f3quei em patins \u00e9 dif\u00edcil de apitar e requer mais ferramentas de decis\u00e3o.<\/li>\n<\/ul>\n","protected":false},"author":2,"featured_media":216802,"comment_status":"closed","ping_status":"closed","sticky":false,"template":"","format":"standard","meta":{"footnotes":""},"categories":[21],"tags":[1289,1946,3972,152,171,982],"class_list":["post-216796","post","type-post","status-publish","format-standard","has-post-thumbnail","hentry","category-desporto","tag-arbitragem","tag-benfica","tag-benfica-sad","tag-desporto","tag-hoquei-em-patins","tag-porto"],"yoast_head":"<!-- This site is optimized with the Yoast SEO plugin v27.2 - https:\/\/yoast.com\/product\/yoast-seo-wordpress\/ -->\n<title>Edu Castro elogia Benfica: equipa imbat\u00edvel h\u00e1 16 jornadas - Portal Tela Portugal<\/title>\n<meta name=\"robots\" content=\"index, follow, max-snippet:-1, max-image-preview:large, max-video-preview:-1\" \/>\n<meta property=\"og:locale\" content=\"pt_PT\" \/>\n<meta property=\"og:type\" content=\"article\" \/>\n<meta property=\"og:title\" content=\"Edu Castro elogia Benfica: equipa imbat\u00edvel h\u00e1 16 jornadas - Portal Tela Portugal\" \/>\n<meta property=\"og:description\" content=\"O Benfica empatou 4-4 com o FC Porto no Drag\u00e3o Arena, mantendo-se imbat\u00edvel h\u00e1 28 jogos consecutivos. O treinador Eduard Castro afirmou que a equipa n\u00e3o se conforma com outro resultado que n\u00e3o a vit\u00f3ria. O t\u00e9cnico destacou que o encontro teve fases distintas: 0-0 na primeira parte e 4-4 na segunda. Garantiu que esta \u00e9 a melhor liga do mundo e que as \u00e1guias est\u00e3o h\u00e1 16 jornadas sem perder. Pediu mais apoio aos \u00e1rbitros, defendendo que o h\u00f3quei em patins \u00e9 dif\u00edcil de apitar e requer mais ferramentas de decis\u00e3o.\" \/>\n<meta property=\"og:url\" content=\"https:\/\/portaltela.pt\/noticias\/2026\/02\/18\/edu-castro-elogia-benfica-equipa-imbativel-ha-16-jornadas\/\" \/>\n<meta property=\"og:site_name\" content=\"Portal Tela Portugal\" \/>\n<meta property=\"article:published_time\" content=\"2026-02-18T22:51:00+00:00\" \/>\n<meta name=\"author\" content=\"Telinha\" \/>\n<meta name=\"twitter:card\" content=\"summary_large_image\" \/>\n<meta name=\"twitter:label1\" content=\"Escrito por\" \/>\n\t<meta name=\"twitter:data1\" content=\"Telinha\" \/>\n\t<meta name=\"twitter:label2\" content=\"Tempo estimado de leitura\" \/>\n\t<meta name=\"twitter:data2\" content=\"1 minuto\" \/>\n<script type=\"application\/ld+json\" class=\"yoast-schema-graph\">{\"@context\":\"https:\/\/schema.org\",\"@graph\":[{\"@type\":\"Article\",\"@id\":\"https:\/\/portaltela.pt\/noticias\/2026\/02\/18\/edu-castro-elogia-benfica-equipa-imbativel-ha-16-jornadas\/#article\",\"isPartOf\":{\"@id\":\"https:\/\/portaltela.pt\/noticias\/2026\/02\/18\/edu-castro-elogia-benfica-equipa-imbativel-ha-16-jornadas\/\"},\"author\":{\"name\":\"Telinha\",\"@id\":\"https:\/\/portaltela.pt\/#\/schema\/person\/c4278d4a6028830caff9ee44b42d32ed\"},\"headline\":\"Edu Castro elogia Benfica: equipa imbat\u00edvel h\u00e1 16 jornadas\",\"datePublished\":\"2026-02-18T22:51:00+00:00\",\"mainEntityOfPage\":{\"@id\":\"https:\/\/portaltela.pt\/noticias\/2026\/02\/18\/edu-castro-elogia-benfica-equipa-imbativel-ha-16-jornadas\/\"},\"wordCount\":215,\"image\":{\"@id\":\"https:\/\/portaltela.pt\/noticias\/2026\/02\/18\/edu-castro-elogia-benfica-equipa-imbativel-ha-16-jornadas\/#primaryimage\"},\"thumbnailUrl\":\"https:\/\/portaltela.pt\/s.01k8rhncp4jt1\/2026\/02\/img_920x518uu2026-02-18-22-49-45-2422466.jpg\",\"keywords\":[\"arbitragem\",\"Benfica\",\"Benfica SAD\",\"desporto\",\"h\u00f3quei em patins\",\"Porto\"],\"articleSection\":[\"Desporto\"],\"inLanguage\":\"pt-PT\"},{\"@type\":\"WebPage\",\"@id\":\"https:\/\/portaltela.pt\/noticias\/2026\/02\/18\/edu-castro-elogia-benfica-equipa-imbativel-ha-16-jornadas\/\",\"url\":\"https:\/\/portaltela.pt\/noticias\/2026\/02\/18\/edu-castro-elogia-benfica-equipa-imbativel-ha-16-jornadas\/\",\"name\":\"Edu Castro elogia Benfica: equipa imbat\u00edvel h\u00e1 16 jornadas - Portal Tela Portugal\",\"isPartOf\":{\"@id\":\"https:\/\/portaltela.pt\/#website\"},\"primaryImageOfPage\":{\"@id\":\"https:\/\/portaltela.pt\/noticias\/2026\/02\/18\/edu-castro-elogia-benfica-equipa-imbativel-ha-16-jornadas\/#primaryimage\"},\"image\":{\"@id\":\"https:\/\/portaltela.pt\/noticias\/2026\/02\/18\/edu-castro-elogia-benfica-equipa-imbativel-ha-16-jornadas\/#primaryimage\"},\"thumbnailUrl\":\"https:\/\/portaltela.pt\/s.01k8rhncp4jt1\/2026\/02\/img_920x518uu2026-02-18-22-49-45-2422466.jpg\",\"datePublished\":\"2026-02-18T22:51:00+00:00\",\"author\":{\"@id\":\"https:\/\/portaltela.pt\/#\/schema\/person\/c4278d4a6028830caff9ee44b42d32ed\"},\"breadcrumb\":{\"@id\":\"https:\/\/portaltela.pt\/noticias\/2026\/02\/18\/edu-castro-elogia-benfica-equipa-imbativel-ha-16-jornadas\/#breadcrumb\"},\"inLanguage\":\"pt-PT\",\"potentialAction\":[{\"@type\":\"ReadAction\",\"target\":[\"https:\/\/portaltela.pt\/noticias\/2026\/02\/18\/edu-castro-elogia-benfica-equipa-imbativel-ha-16-jornadas\/\"]}]},{\"@type\":\"ImageObject\",\"inLanguage\":\"pt-PT\",\"@id\":\"https:\/\/portaltela.pt\/noticias\/2026\/02\/18\/edu-castro-elogia-benfica-equipa-imbativel-ha-16-jornadas\/#primaryimage\",\"url\":\"https:\/\/portaltela.pt\/s.01k8rhncp4jt1\/2026\/02\/img_920x518uu2026-02-18-22-49-45-2422466.jpg\",\"contentUrl\":\"https:\/\/portaltela.pt\/s.01k8rhncp4jt1\/2026\/02\/img_920x518uu2026-02-18-22-49-45-2422466.jpg\",\"width\":796,\"height\":448,\"caption\":\"Eduard Castro destaca invencibilidade\"},{\"@type\":\"BreadcrumbList\",\"@id\":\"https:\/\/portaltela.pt\/noticias\/2026\/02\/18\/edu-castro-elogia-benfica-equipa-imbativel-ha-16-jornadas\/#breadcrumb\",\"itemListElement\":[{\"@type\":\"ListItem\",\"position\":1,\"name\":\"In\u00edcio\",\"item\":\"https:\/\/portaltela.pt\/\"},{\"@type\":\"ListItem\",\"position\":2,\"name\":\"Edu Castro elogia Benfica: equipa imbat\u00edvel h\u00e1 16 jornadas\"}]},{\"@type\":\"WebSite\",\"@id\":\"https:\/\/portaltela.pt\/#website\",\"url\":\"https:\/\/portaltela.pt\/\",\"name\":\"Portal Tela Portugal\",\"description\":\"\",\"potentialAction\":[{\"@type\":\"SearchAction\",\"target\":{\"@type\":\"EntryPoint\",\"urlTemplate\":\"https:\/\/portaltela.pt\/?s={search_term_string}\"},\"query-input\":{\"@type\":\"PropertyValueSpecification\",\"valueRequired\":true,\"valueName\":\"search_term_string\"}}],\"inLanguage\":\"pt-PT\"},{\"@type\":\"Person\",\"@id\":\"https:\/\/portaltela.pt\/#\/schema\/person\/c4278d4a6028830caff9ee44b42d32ed\",\"name\":\"Telinha\",\"image\":{\"@type\":\"ImageObject\",\"inLanguage\":\"pt-PT\",\"@id\":\"https:\/\/portaltela.pt\/s.01k8rhncp4jt1\/2025\/11\/talking-bot-125x125.png\",\"url\":\"https:\/\/portaltela.pt\/s.01k8rhncp4jt1\/2025\/11\/talking-bot-125x125.png\",\"contentUrl\":\"https:\/\/portaltela.pt\/s.01k8rhncp4jt1\/2025\/11\/talking-bot-125x125.png\",\"caption\":\"Telinha\"},\"sameAs\":[\"https:\/\/portaltela.pt\/\"],\"url\":\"https:\/\/portaltela.pt\/por\/367410592786\/\"}]}<\/script>\n<!-- \/ Yoast SEO plugin. -->","yoast_head_json":{"title":"Edu Castro elogia Benfica: equipa imbat\u00edvel h\u00e1 16 jornadas - Portal Tela Portugal","robots":{"index":"index","follow":"follow","max-snippet":"max-snippet:-1","max-image-preview":"max-image-preview:large","max-video-preview":"max-video-preview:-1"},"og_locale":"pt_PT","og_type":"article","og_title":"Edu Castro elogia Benfica: equipa imbat\u00edvel h\u00e1 16 jornadas - Portal Tela Portugal","og_description":"O Benfica empatou 4-4 com o FC Porto no Drag\u00e3o Arena, mantendo-se imbat\u00edvel h\u00e1 28 jogos consecutivos. O treinador Eduard Castro afirmou que a equipa n\u00e3o se conforma com outro resultado que n\u00e3o a vit\u00f3ria. O t\u00e9cnico destacou que o encontro teve fases distintas: 0-0 na primeira parte e 4-4 na segunda. Garantiu que esta \u00e9 a melhor liga do mundo e que as \u00e1guias est\u00e3o h\u00e1 16 jornadas sem perder. Pediu mais apoio aos \u00e1rbitros, defendendo que o h\u00f3quei em patins \u00e9 dif\u00edcil de apitar e requer mais ferramentas de decis\u00e3o.","og_url":"https:\/\/portaltela.pt\/noticias\/2026\/02\/18\/edu-castro-elogia-benfica-equipa-imbativel-ha-16-jornadas\/","og_site_name":"Portal Tela Portugal","article_published_time":"2026-02-18T22:51:00+00:00","author":"Telinha","twitter_card":"summary_large_image","twitter_misc":{"Escrito por":"Telinha","Tempo estimado de leitura":"1 minuto"},"schema":{"@context":"https:\/\/schema.org","@graph":[{"@type":"Article","@id":"https:\/\/portaltela.pt\/noticias\/2026\/02\/18\/edu-castro-elogia-benfica-equipa-imbativel-ha-16-jornadas\/#article","isPartOf":{"@id":"https:\/\/portaltela.pt\/noticias\/2026\/02\/18\/edu-castro-elogia-benfica-equipa-imbativel-ha-16-jornadas\/"},"author":{"name":"Telinha","@id":"https:\/\/portaltela.pt\/#\/schema\/person\/c4278d4a6028830caff9ee44b42d32ed"},"headline":"Edu Castro elogia Benfica: equipa imbat\u00edvel h\u00e1 16 jornadas","datePublished":"2026-02-18T22:51:00+00:00","mainEntityOfPage":{"@id":"https:\/\/portaltela.pt\/noticias\/2026\/02\/18\/edu-castro-elogia-benfica-equipa-imbativel-ha-16-jornadas\/"},"wordCount":215,"image":{"@id":"https:\/\/portaltela.pt\/noticias\/2026\/02\/18\/edu-castro-elogia-benfica-equipa-imbativel-ha-16-jornadas\/#primaryimage"},"thumbnailUrl":"https:\/\/portaltela.pt\/s.01k8rhncp4jt1\/2026\/02\/img_920x518uu2026-02-18-22-49-45-2422466.jpg","keywords":["arbitragem","Benfica","Benfica SAD","desporto","h\u00f3quei em patins","Porto"],"articleSection":["Desporto"],"inLanguage":"pt-PT"},{"@type":"WebPage","@id":"https:\/\/portaltela.pt\/noticias\/2026\/02\/18\/edu-castro-elogia-benfica-equipa-imbativel-ha-16-jornadas\/","url":"https:\/\/portaltela.pt\/noticias\/2026\/02\/18\/edu-castro-elogia-benfica-equipa-imbativel-ha-16-jornadas\/","name":"Edu Castro elogia Benfica: equipa imbat\u00edvel h\u00e1 16 jornadas - Portal Tela Portugal","isPartOf":{"@id":"https:\/\/portaltela.pt\/#website"},"primaryImageOfPage":{"@id":"https:\/\/portaltela.pt\/noticias\/2026\/02\/18\/edu-castro-elogia-benfica-equipa-imbativel-ha-16-jornadas\/#primaryimage"},"image":{"@id":"https:\/\/portaltela.pt\/noticias\/2026\/02\/18\/edu-castro-elogia-benfica-equipa-imbativel-ha-16-jornadas\/#primaryimage"},"thumbnailUrl":"https:\/\/portaltela.pt\/s.01k8rhncp4jt1\/2026\/02\/img_920x518uu2026-02-18-22-49-45-2422466.jpg","datePublished":"2026-02-18T22:51:00+00:00","author":{"@id":"https:\/\/portaltela.pt\/#\/schema\/person\/c4278d4a6028830caff9ee44b42d32ed"},"breadcrumb":{"@id":"https:\/\/portaltela.pt\/noticias\/2026\/02\/18\/edu-castro-elogia-benfica-equipa-imbativel-ha-16-jornadas\/#breadcrumb"},"inLanguage":"pt-PT","potentialAction":[{"@type":"ReadAction","target":["https:\/\/portaltela.pt\/noticias\/2026\/02\/18\/edu-castro-elogia-benfica-equipa-imbativel-ha-16-jornadas\/"]}]},{"@type":"ImageObject","inLanguage":"pt-PT","@id":"https:\/\/portaltela.pt\/noticias\/2026\/02\/18\/edu-castro-elogia-benfica-equipa-imbativel-ha-16-jornadas\/#primaryimage","url":"https:\/\/portaltela.pt\/s.01k8rhncp4jt1\/2026\/02\/img_920x518uu2026-02-18-22-49-45-2422466.jpg","contentUrl":"https:\/\/portaltela.pt\/s.01k8rhncp4jt1\/2026\/02\/img_920x518uu2026-02-18-22-49-45-2422466.jpg","width":796,"height":448,"caption":"Eduard Castro destaca invencibilidade"},{"@type":"BreadcrumbList","@id":"https:\/\/portaltela.pt\/noticias\/2026\/02\/18\/edu-castro-elogia-benfica-equipa-imbativel-ha-16-jornadas\/#breadcrumb","itemListElement":[{"@type":"ListItem","position":1,"name":"In\u00edcio","item":"https:\/\/portaltela.pt\/"},{"@type":"ListItem","position":2,"name":"Edu Castro elogia Benfica: equipa imbat\u00edvel h\u00e1 16 jornadas"}]},{"@type":"WebSite","@id":"https:\/\/portaltela.pt\/#website","url":"https:\/\/portaltela.pt\/","name":"Portal Tela Portugal","description":"","potentialAction":[{"@type":"SearchAction","target":{"@type":"EntryPoint","urlTemplate":"https:\/\/portaltela.pt\/?s={search_term_string}"},"query-input":{"@type":"PropertyValueSpecification","valueRequired":true,"valueName":"search_term_string"}}],"inLanguage":"pt-PT"},{"@type":"Person","@id":"https:\/\/portaltela.pt\/#\/schema\/person\/c4278d4a6028830caff9ee44b42d32ed","name":"Telinha","image":{"@type":"ImageObject","inLanguage":"pt-PT","@id":"https:\/\/portaltela.pt\/s.01k8rhncp4jt1\/2025\/11\/talking-bot-125x125.png","url":"https:\/\/portaltela.pt\/s.01k8rhncp4jt1\/2025\/11\/talking-bot-125x125.png","contentUrl":"https:\/\/portaltela.pt\/s.01k8rhncp4jt1\/2025\/11\/talking-bot-125x125.png","caption":"Telinha"},"sameAs":["https:\/\/portaltela.pt\/"],"url":"https:\/\/portaltela.pt\/por\/367410592786\/"}]}},"_links":{"self":[{"href":"https:\/\/portaltela.pt\/api\/wp\/v2\/posts\/216796","targetHints":{"allow":["GET"]}}],"collection":[{"href":"https:\/\/portaltela.pt\/api\/wp\/v2\/posts"}],"about":[{"href":"https:\/\/portaltela.pt\/api\/wp\/v2\/types\/post"}],"author":[{"embeddable":true,"href":"https:\/\/portaltela.pt\/api\/wp\/v2\/users\/2"}],"replies":[{"embeddable":true,"href":"https:\/\/portaltela.pt\/api\/wp\/v2\/comments?post=216796"}],"version-history":[{"count":0,"href":"https:\/\/portaltela.pt\/api\/wp\/v2\/posts\/216796\/revisions"}],"wp:featuredmedia":[{"embeddable":true,"href":"https:\/\/portaltela.pt\/api\/wp\/v2\/media\/216802"}],"wp:attachment":[{"href":"https:\/\/portaltela.pt\/api\/wp\/v2\/media?parent=216796"}],"wp:term":[{"taxonomy":"category","embeddable":true,"href":"https:\/\/portaltela.pt\/api\/wp\/v2\/categories?post=216796"},{"taxonomy":"post_tag","embeddable":true,"href":"https:\/\/portaltela.pt\/api\/wp\/v2\/tags?post=216796"}],"curies":[{"name":"wp","href":"https:\/\/api.w.org\/{rel}","templated":true}]}}