{"id":216790,"date":"2026-02-18T20:00:04","date_gmt":"2026-02-18T23:00:04","guid":{"rendered":"https:\/\/portaltela.pt\/noticias\/2026\/02\/18\/centenas-entre-escombros-em-gaza-para-a-primeira-refeicao-do-ramadao\/"},"modified":"2026-02-18T20:00:04","modified_gmt":"2026-02-18T23:00:04","slug":"centenas-entre-escombros-em-gaza-para-a-primeira-refeicao-do-ramadao","status":"publish","type":"post","link":"https:\/\/portaltela.pt\/noticias\/internacional\/2026\/02\/18\/centenas-entre-escombros-em-gaza-para-a-primeira-refeicao-do-ramadao\/","title":{"rendered":"Centenas entre escombros em Gaza para a primeira refei\u00e7\u00e3o do Ramad\u00e3o"},"content":{"rendered":"<p>Centenas de pessoas reuniram-se entre escombros na Faixa de Gaza para a primeira refei\u00e7\u00e3o do Ramad\u00e3o, o iftar comunit\u00e1rio que marca o fim do jejum di\u00e1rio. O encontro aconteceu em Khan Younis, numa regi\u00e3o que continua gravemente afetada pelo conflito.<\/p>\n<p>O evento reuniu moradores locais, volunt\u00e1rios e representantes de organiza\u00e7\u00f5es humanit\u00e1rias que facilitaram a distribui\u00e7\u00e3o de comida e bebidas para o jantar. A celebra\u00e7\u00e3o ocorre num contexto de mais de dois anos de conflito na \u00e1rea.<\/p>\n<p>Segundo a AP, os participantes juntaram-se em locais afetados pela viol\u00eancia, tentando manter uma atividade comunit\u00e1ria apesar dos danos estruturais. A iniciativa visa oferecer apoio alimentar e promover a coes\u00e3o entre os residentes.<\/p>\n<p>A presen\u00e7a de escombros e estruturas danificadas sublinha as dificuldades enfrentadas pela popula\u00e7\u00e3o na Faixa de Gaza, onde o acesso a servi\u00e7os b\u00e1sicos permanece limitado. O Ramad\u00e3o continua a ser um per\u00edodo de ora\u00e7\u00e3o e solidariedade para muitos palestinianos.<\/p>\n<p>N\u00e3o h\u00e1 informa\u00e7\u00f5es dispon\u00edveis sobre n\u00fameros oficiais de participantes ou sobre poss\u00edveis medidas de seguran\u00e7a espec\u00edficas para o evento. As autoridades locais n\u00e3o se pronunciaram publicamente sobre o caso at\u00e9 ao momento.<\/p>\n","protected":false},"excerpt":{"rendered":"<ul>\n<li>Centenas de pessoas reuniram-se em Khan Younis, na Faixa de Gaza, para o iftar, a primeira refei\u00e7\u00e3o do Ramad\u00e3o.<\/li>\n<li>O encontro decorreu entre escombros, num territ\u00f3rio marcado por mais de dois anos de conflito.<\/li>\n<li>O iftar \u00e9 a refei\u00e7\u00e3o que quebra o jejum di\u00e1rio durante o m\u00eas do Ramad\u00e3o.<\/li>\n<li>O evento teve car\u00e1ter comunit\u00e1rio, reunindo moradores locais.<\/li>\n<li>O Ramad\u00e3o \u00e9 um per\u00edodo de jejum e reflex\u00e3o para a comunidade mu\u00e7ulmana da regi\u00e3o.<\/li>\n<\/ul>\n","protected":false},"author":2,"featured_media":216791,"comment_status":"closed","ping_status":"closed","sticky":false,"template":"","format":"standard","meta":{"footnotes":""},"categories":[4,1],"tags":[5747,254,3651,2030,945,4071],"class_list":["post-216790","post","type-post","status-publish","format-standard","has-post-thumbnail","hentry","category-internacional","category-noticias","tag-ajuda-humanitaria","tag-conflito","tag-gaza","tag-palestina","tag-protecao-alimentar","tag-solidariedade-social"],"yoast_head":"<!-- This site is optimized with the Yoast SEO plugin v27.2 - https:\/\/yoast.com\/product\/yoast-seo-wordpress\/ -->\n<title>Centenas entre escombros em Gaza para a primeira refei\u00e7\u00e3o do Ramad\u00e3o - Portal Tela Portugal<\/title>\n<meta name=\"robots\" content=\"index, follow, max-snippet:-1, max-image-preview:large, max-video-preview:-1\" \/>\n<meta property=\"og:locale\" content=\"pt_PT\" \/>\n<meta property=\"og:type\" content=\"article\" \/>\n<meta property=\"og:title\" content=\"Centenas entre escombros em Gaza para a primeira refei\u00e7\u00e3o do Ramad\u00e3o - Portal Tela Portugal\" \/>\n<meta property=\"og:description\" content=\"Centenas de pessoas reuniram-se em Khan Younis, na Faixa de Gaza, para o iftar, a primeira refei\u00e7\u00e3o do Ramad\u00e3o. O encontro decorreu entre escombros, num territ\u00f3rio marcado por mais de dois anos de conflito. O iftar \u00e9 a refei\u00e7\u00e3o que quebra o jejum di\u00e1rio durante o m\u00eas do Ramad\u00e3o. O evento teve car\u00e1ter comunit\u00e1rio, reunindo moradores locais. O Ramad\u00e3o \u00e9 um per\u00edodo de jejum e reflex\u00e3o para a comunidade mu\u00e7ulmana da regi\u00e3o.\" \/>\n<meta property=\"og:url\" content=\"https:\/\/portaltela.pt\/noticias\/2026\/02\/18\/centenas-entre-escombros-em-gaza-para-a-primeira-refeicao-do-ramadao\/\" \/>\n<meta property=\"og:site_name\" content=\"Portal Tela Portugal\" \/>\n<meta property=\"article:published_time\" content=\"2026-02-18T23:00:04+00:00\" \/>\n<meta name=\"author\" content=\"Telinha\" \/>\n<meta name=\"twitter:card\" content=\"summary_large_image\" \/>\n<meta name=\"twitter:label1\" content=\"Escrito por\" \/>\n\t<meta name=\"twitter:data1\" content=\"Telinha\" \/>\n\t<meta name=\"twitter:label2\" content=\"Tempo estimado de leitura\" \/>\n\t<meta name=\"twitter:data2\" content=\"1 minuto\" \/>\n<script type=\"application\/ld+json\" class=\"yoast-schema-graph\">{\"@context\":\"https:\/\/schema.org\",\"@graph\":[{\"@type\":\"Article\",\"@id\":\"https:\/\/portaltela.pt\/noticias\/2026\/02\/18\/centenas-entre-escombros-em-gaza-para-a-primeira-refeicao-do-ramadao\/#article\",\"isPartOf\":{\"@id\":\"https:\/\/portaltela.pt\/noticias\/2026\/02\/18\/centenas-entre-escombros-em-gaza-para-a-primeira-refeicao-do-ramadao\/\"},\"author\":{\"name\":\"Telinha\",\"@id\":\"https:\/\/portaltela.pt\/#\/schema\/person\/c4278d4a6028830caff9ee44b42d32ed\"},\"headline\":\"Centenas entre escombros em Gaza para a primeira refei\u00e7\u00e3o do Ramad\u00e3o\",\"datePublished\":\"2026-02-18T23:00:04+00:00\",\"mainEntityOfPage\":{\"@id\":\"https:\/\/portaltela.pt\/noticias\/2026\/02\/18\/centenas-entre-escombros-em-gaza-para-a-primeira-refeicao-do-ramadao\/\"},\"wordCount\":221,\"image\":{\"@id\":\"https:\/\/portaltela.pt\/noticias\/2026\/02\/18\/centenas-entre-escombros-em-gaza-para-a-primeira-refeicao-do-ramadao\/#primaryimage\"},\"thumbnailUrl\":\"https:\/\/portaltela.pt\/s.01k8rhncp4jt1\/2026\/02\/img_1280x722uu2026-02-18-22-52-22-2267651.jpg\",\"keywords\":[\"ajuda humanit\u00e1ria\",\"conflito\",\"Gaza\",\"Palestina\",\"prote\u00e7\u00e3o alimentar\",\"Solidariedade Social\"],\"articleSection\":[\"Internacional\",\"Not\u00edcias\"],\"inLanguage\":\"pt-PT\"},{\"@type\":\"WebPage\",\"@id\":\"https:\/\/portaltela.pt\/noticias\/2026\/02\/18\/centenas-entre-escombros-em-gaza-para-a-primeira-refeicao-do-ramadao\/\",\"url\":\"https:\/\/portaltela.pt\/noticias\/2026\/02\/18\/centenas-entre-escombros-em-gaza-para-a-primeira-refeicao-do-ramadao\/\",\"name\":\"Centenas entre escombros em Gaza para a primeira refei\u00e7\u00e3o do Ramad\u00e3o - Portal Tela Portugal\",\"isPartOf\":{\"@id\":\"https:\/\/portaltela.pt\/#website\"},\"primaryImageOfPage\":{\"@id\":\"https:\/\/portaltela.pt\/noticias\/2026\/02\/18\/centenas-entre-escombros-em-gaza-para-a-primeira-refeicao-do-ramadao\/#primaryimage\"},\"image\":{\"@id\":\"https:\/\/portaltela.pt\/noticias\/2026\/02\/18\/centenas-entre-escombros-em-gaza-para-a-primeira-refeicao-do-ramadao\/#primaryimage\"},\"thumbnailUrl\":\"https:\/\/portaltela.pt\/s.01k8rhncp4jt1\/2026\/02\/img_1280x722uu2026-02-18-22-52-22-2267651.jpg\",\"datePublished\":\"2026-02-18T23:00:04+00:00\",\"author\":{\"@id\":\"https:\/\/portaltela.pt\/#\/schema\/person\/c4278d4a6028830caff9ee44b42d32ed\"},\"breadcrumb\":{\"@id\":\"https:\/\/portaltela.pt\/noticias\/2026\/02\/18\/centenas-entre-escombros-em-gaza-para-a-primeira-refeicao-do-ramadao\/#breadcrumb\"},\"inLanguage\":\"pt-PT\",\"potentialAction\":[{\"@type\":\"ReadAction\",\"target\":[\"https:\/\/portaltela.pt\/noticias\/2026\/02\/18\/centenas-entre-escombros-em-gaza-para-a-primeira-refeicao-do-ramadao\/\"]}]},{\"@type\":\"ImageObject\",\"inLanguage\":\"pt-PT\",\"@id\":\"https:\/\/portaltela.pt\/noticias\/2026\/02\/18\/centenas-entre-escombros-em-gaza-para-a-primeira-refeicao-do-ramadao\/#primaryimage\",\"url\":\"https:\/\/portaltela.pt\/s.01k8rhncp4jt1\/2026\/02\/img_1280x722uu2026-02-18-22-52-22-2267651.jpg\",\"contentUrl\":\"https:\/\/portaltela.pt\/s.01k8rhncp4jt1\/2026\/02\/img_1280x722uu2026-02-18-22-52-22-2267651.jpg\",\"width\":796,\"height\":448,\"caption\":\"Photo\"},{\"@type\":\"BreadcrumbList\",\"@id\":\"https:\/\/portaltela.pt\/noticias\/2026\/02\/18\/centenas-entre-escombros-em-gaza-para-a-primeira-refeicao-do-ramadao\/#breadcrumb\",\"itemListElement\":[{\"@type\":\"ListItem\",\"position\":1,\"name\":\"In\u00edcio\",\"item\":\"https:\/\/portaltela.pt\/\"},{\"@type\":\"ListItem\",\"position\":2,\"name\":\"Centenas entre escombros em Gaza para a primeira refei\u00e7\u00e3o do Ramad\u00e3o\"}]},{\"@type\":\"WebSite\",\"@id\":\"https:\/\/portaltela.pt\/#website\",\"url\":\"https:\/\/portaltela.pt\/\",\"name\":\"Portal Tela Portugal\",\"description\":\"\",\"potentialAction\":[{\"@type\":\"SearchAction\",\"target\":{\"@type\":\"EntryPoint\",\"urlTemplate\":\"https:\/\/portaltela.pt\/?s={search_term_string}\"},\"query-input\":{\"@type\":\"PropertyValueSpecification\",\"valueRequired\":true,\"valueName\":\"search_term_string\"}}],\"inLanguage\":\"pt-PT\"},{\"@type\":\"Person\",\"@id\":\"https:\/\/portaltela.pt\/#\/schema\/person\/c4278d4a6028830caff9ee44b42d32ed\",\"name\":\"Telinha\",\"image\":{\"@type\":\"ImageObject\",\"inLanguage\":\"pt-PT\",\"@id\":\"https:\/\/portaltela.pt\/s.01k8rhncp4jt1\/2025\/11\/talking-bot-125x125.png\",\"url\":\"https:\/\/portaltela.pt\/s.01k8rhncp4jt1\/2025\/11\/talking-bot-125x125.png\",\"contentUrl\":\"https:\/\/portaltela.pt\/s.01k8rhncp4jt1\/2025\/11\/talking-bot-125x125.png\",\"caption\":\"Telinha\"},\"sameAs\":[\"https:\/\/portaltela.pt\/\"],\"url\":\"https:\/\/portaltela.pt\/por\/367410592786\/\"}]}<\/script>\n<!-- \/ Yoast SEO plugin. -->","yoast_head_json":{"title":"Centenas entre escombros em Gaza para a primeira refei\u00e7\u00e3o do Ramad\u00e3o - Portal Tela Portugal","robots":{"index":"index","follow":"follow","max-snippet":"max-snippet:-1","max-image-preview":"max-image-preview:large","max-video-preview":"max-video-preview:-1"},"og_locale":"pt_PT","og_type":"article","og_title":"Centenas entre escombros em Gaza para a primeira refei\u00e7\u00e3o do Ramad\u00e3o - Portal Tela Portugal","og_description":"Centenas de pessoas reuniram-se em Khan Younis, na Faixa de Gaza, para o iftar, a primeira refei\u00e7\u00e3o do Ramad\u00e3o. O encontro decorreu entre escombros, num territ\u00f3rio marcado por mais de dois anos de conflito. O iftar \u00e9 a refei\u00e7\u00e3o que quebra o jejum di\u00e1rio durante o m\u00eas do Ramad\u00e3o. O evento teve car\u00e1ter comunit\u00e1rio, reunindo moradores locais. O Ramad\u00e3o \u00e9 um per\u00edodo de jejum e reflex\u00e3o para a comunidade mu\u00e7ulmana da regi\u00e3o.","og_url":"https:\/\/portaltela.pt\/noticias\/2026\/02\/18\/centenas-entre-escombros-em-gaza-para-a-primeira-refeicao-do-ramadao\/","og_site_name":"Portal Tela Portugal","article_published_time":"2026-02-18T23:00:04+00:00","author":"Telinha","twitter_card":"summary_large_image","twitter_misc":{"Escrito por":"Telinha","Tempo estimado de leitura":"1 minuto"},"schema":{"@context":"https:\/\/schema.org","@graph":[{"@type":"Article","@id":"https:\/\/portaltela.pt\/noticias\/2026\/02\/18\/centenas-entre-escombros-em-gaza-para-a-primeira-refeicao-do-ramadao\/#article","isPartOf":{"@id":"https:\/\/portaltela.pt\/noticias\/2026\/02\/18\/centenas-entre-escombros-em-gaza-para-a-primeira-refeicao-do-ramadao\/"},"author":{"name":"Telinha","@id":"https:\/\/portaltela.pt\/#\/schema\/person\/c4278d4a6028830caff9ee44b42d32ed"},"headline":"Centenas entre escombros em Gaza para a primeira refei\u00e7\u00e3o do Ramad\u00e3o","datePublished":"2026-02-18T23:00:04+00:00","mainEntityOfPage":{"@id":"https:\/\/portaltela.pt\/noticias\/2026\/02\/18\/centenas-entre-escombros-em-gaza-para-a-primeira-refeicao-do-ramadao\/"},"wordCount":221,"image":{"@id":"https:\/\/portaltela.pt\/noticias\/2026\/02\/18\/centenas-entre-escombros-em-gaza-para-a-primeira-refeicao-do-ramadao\/#primaryimage"},"thumbnailUrl":"https:\/\/portaltela.pt\/s.01k8rhncp4jt1\/2026\/02\/img_1280x722uu2026-02-18-22-52-22-2267651.jpg","keywords":["ajuda humanit\u00e1ria","conflito","Gaza","Palestina","prote\u00e7\u00e3o alimentar","Solidariedade Social"],"articleSection":["Internacional","Not\u00edcias"],"inLanguage":"pt-PT"},{"@type":"WebPage","@id":"https:\/\/portaltela.pt\/noticias\/2026\/02\/18\/centenas-entre-escombros-em-gaza-para-a-primeira-refeicao-do-ramadao\/","url":"https:\/\/portaltela.pt\/noticias\/2026\/02\/18\/centenas-entre-escombros-em-gaza-para-a-primeira-refeicao-do-ramadao\/","name":"Centenas entre escombros em Gaza para a primeira refei\u00e7\u00e3o do Ramad\u00e3o - Portal Tela Portugal","isPartOf":{"@id":"https:\/\/portaltela.pt\/#website"},"primaryImageOfPage":{"@id":"https:\/\/portaltela.pt\/noticias\/2026\/02\/18\/centenas-entre-escombros-em-gaza-para-a-primeira-refeicao-do-ramadao\/#primaryimage"},"image":{"@id":"https:\/\/portaltela.pt\/noticias\/2026\/02\/18\/centenas-entre-escombros-em-gaza-para-a-primeira-refeicao-do-ramadao\/#primaryimage"},"thumbnailUrl":"https:\/\/portaltela.pt\/s.01k8rhncp4jt1\/2026\/02\/img_1280x722uu2026-02-18-22-52-22-2267651.jpg","datePublished":"2026-02-18T23:00:04+00:00","author":{"@id":"https:\/\/portaltela.pt\/#\/schema\/person\/c4278d4a6028830caff9ee44b42d32ed"},"breadcrumb":{"@id":"https:\/\/portaltela.pt\/noticias\/2026\/02\/18\/centenas-entre-escombros-em-gaza-para-a-primeira-refeicao-do-ramadao\/#breadcrumb"},"inLanguage":"pt-PT","potentialAction":[{"@type":"ReadAction","target":["https:\/\/portaltela.pt\/noticias\/2026\/02\/18\/centenas-entre-escombros-em-gaza-para-a-primeira-refeicao-do-ramadao\/"]}]},{"@type":"ImageObject","inLanguage":"pt-PT","@id":"https:\/\/portaltela.pt\/noticias\/2026\/02\/18\/centenas-entre-escombros-em-gaza-para-a-primeira-refeicao-do-ramadao\/#primaryimage","url":"https:\/\/portaltela.pt\/s.01k8rhncp4jt1\/2026\/02\/img_1280x722uu2026-02-18-22-52-22-2267651.jpg","contentUrl":"https:\/\/portaltela.pt\/s.01k8rhncp4jt1\/2026\/02\/img_1280x722uu2026-02-18-22-52-22-2267651.jpg","width":796,"height":448,"caption":"Photo"},{"@type":"BreadcrumbList","@id":"https:\/\/portaltela.pt\/noticias\/2026\/02\/18\/centenas-entre-escombros-em-gaza-para-a-primeira-refeicao-do-ramadao\/#breadcrumb","itemListElement":[{"@type":"ListItem","position":1,"name":"In\u00edcio","item":"https:\/\/portaltela.pt\/"},{"@type":"ListItem","position":2,"name":"Centenas entre escombros em Gaza para a primeira refei\u00e7\u00e3o do Ramad\u00e3o"}]},{"@type":"WebSite","@id":"https:\/\/portaltela.pt\/#website","url":"https:\/\/portaltela.pt\/","name":"Portal Tela Portugal","description":"","potentialAction":[{"@type":"SearchAction","target":{"@type":"EntryPoint","urlTemplate":"https:\/\/portaltela.pt\/?s={search_term_string}"},"query-input":{"@type":"PropertyValueSpecification","valueRequired":true,"valueName":"search_term_string"}}],"inLanguage":"pt-PT"},{"@type":"Person","@id":"https:\/\/portaltela.pt\/#\/schema\/person\/c4278d4a6028830caff9ee44b42d32ed","name":"Telinha","image":{"@type":"ImageObject","inLanguage":"pt-PT","@id":"https:\/\/portaltela.pt\/s.01k8rhncp4jt1\/2025\/11\/talking-bot-125x125.png","url":"https:\/\/portaltela.pt\/s.01k8rhncp4jt1\/2025\/11\/talking-bot-125x125.png","contentUrl":"https:\/\/portaltela.pt\/s.01k8rhncp4jt1\/2025\/11\/talking-bot-125x125.png","caption":"Telinha"},"sameAs":["https:\/\/portaltela.pt\/"],"url":"https:\/\/portaltela.pt\/por\/367410592786\/"}]}},"_links":{"self":[{"href":"https:\/\/portaltela.pt\/api\/wp\/v2\/posts\/216790","targetHints":{"allow":["GET"]}}],"collection":[{"href":"https:\/\/portaltela.pt\/api\/wp\/v2\/posts"}],"about":[{"href":"https:\/\/portaltela.pt\/api\/wp\/v2\/types\/post"}],"author":[{"embeddable":true,"href":"https:\/\/portaltela.pt\/api\/wp\/v2\/users\/2"}],"replies":[{"embeddable":true,"href":"https:\/\/portaltela.pt\/api\/wp\/v2\/comments?post=216790"}],"version-history":[{"count":0,"href":"https:\/\/portaltela.pt\/api\/wp\/v2\/posts\/216790\/revisions"}],"wp:featuredmedia":[{"embeddable":true,"href":"https:\/\/portaltela.pt\/api\/wp\/v2\/media\/216791"}],"wp:attachment":[{"href":"https:\/\/portaltela.pt\/api\/wp\/v2\/media?parent=216790"}],"wp:term":[{"taxonomy":"category","embeddable":true,"href":"https:\/\/portaltela.pt\/api\/wp\/v2\/categories?post=216790"},{"taxonomy":"post_tag","embeddable":true,"href":"https:\/\/portaltela.pt\/api\/wp\/v2\/tags?post=216790"}],"curies":[{"name":"wp","href":"https:\/\/api.w.org\/{rel}","templated":true}]}}