{"id":216787,"date":"2026-02-18T15:39:00","date_gmt":"2026-02-18T18:39:00","guid":{"rendered":"https:\/\/portaltela.pt\/noticias\/2026\/02\/18\/metade-das-habitacoes-expostas-nao-tinha-seguro-contra-tempestades\/"},"modified":"2026-02-18T15:39:00","modified_gmt":"2026-02-18T18:39:00","slug":"metade-das-habitacoes-expostas-nao-tinha-seguro-contra-tempestades","status":"publish","type":"post","link":"https:\/\/portaltela.pt\/noticias\/2026\/02\/18\/metade-das-habitacoes-expostas-nao-tinha-seguro-contra-tempestades\/","title":{"rendered":"Metade das habita\u00e7\u00f5es expostas n\u00e3o tinha seguro contra tempestades"},"content":{"rendered":"<p>Uma an\u00e1lise divulgada pela ag\u00eancia Lusa indica que metade das habita\u00e7\u00f5es expostas n\u00e3o possu\u00eda seguro com cobertura de tempestade.<\/p>\n<p>O estudo aborda o tema da prote\u00e7\u00e3o financeira de im\u00f3veis sujeitados a fen\u00f3menos meteorol\u00f3gicos adversos, com foco na exist\u00eancia de coberturas espec\u00edficas contra tempestades.<\/p>\n<p>Segundo a informa\u00e7\u00e3o disponibilizada, muitos propriet\u00e1rios ficam vulner\u00e1veis a preju\u00edzos sem o amparo de seguro adequado.<\/p>\n<p>O conte\u00fado completo est\u00e1 dispon\u00edvel apenas para subscritores, e n\u00e3o foi poss\u00edvel confirmar detalhes sobre o local, o per\u00edodo ou as entidades envolvidas.<\/p>\n","protected":false},"excerpt":{"rendered":"<ul>\n<li>Metade das habita\u00e7\u00f5es expostas n\u00e3o possu\u00edam seguro com cobertura de tempestade.<\/li>\n<li>A informa\u00e7\u00e3o consta de uma not\u00edcia da ag\u00eancia Lusa.<\/li>\n<li>O conte\u00fado completo est\u00e1 dispon\u00edvel apenas para subscritores.<\/li>\n<\/ul>\n","protected":false},"author":2,"featured_media":216789,"comment_status":"closed","ping_status":"closed","sticky":false,"template":"","format":"standard","meta":{"footnotes":""},"categories":[1],"tags":[5215,150,228,320,3416,2325],"class_list":["post-216787","post","type-post","status-publish","format-standard","has-post-thumbnail","hentry","category-noticias","tag-catastrofes-naturais","tag-habitacao","tag-imobiliario","tag-protecao-civil","tag-seguro","tag-seguro-habitacao"],"yoast_head":"<!-- This site is optimized with the Yoast SEO plugin v27.2 - https:\/\/yoast.com\/product\/yoast-seo-wordpress\/ -->\n<title>Metade das habita\u00e7\u00f5es expostas n\u00e3o tinha seguro contra tempestades - Portal Tela Portugal<\/title>\n<meta name=\"robots\" content=\"index, follow, max-snippet:-1, max-image-preview:large, max-video-preview:-1\" \/>\n<meta property=\"og:locale\" content=\"pt_PT\" \/>\n<meta property=\"og:type\" content=\"article\" \/>\n<meta property=\"og:title\" content=\"Metade das habita\u00e7\u00f5es expostas n\u00e3o tinha seguro contra tempestades - Portal Tela Portugal\" \/>\n<meta property=\"og:description\" content=\"Metade das habita\u00e7\u00f5es expostas n\u00e3o possu\u00edam seguro com cobertura de tempestade. A informa\u00e7\u00e3o consta de uma not\u00edcia da ag\u00eancia Lusa. O conte\u00fado completo est\u00e1 dispon\u00edvel apenas para subscritores.\" \/>\n<meta property=\"og:url\" content=\"https:\/\/portaltela.pt\/noticias\/2026\/02\/18\/metade-das-habitacoes-expostas-nao-tinha-seguro-contra-tempestades\/\" \/>\n<meta property=\"og:site_name\" content=\"Portal Tela Portugal\" \/>\n<meta property=\"article:published_time\" content=\"2026-02-18T18:39:00+00:00\" \/>\n<meta name=\"author\" content=\"Telinha\" \/>\n<meta name=\"twitter:card\" content=\"summary_large_image\" \/>\n<meta name=\"twitter:label1\" content=\"Escrito por\" \/>\n\t<meta name=\"twitter:data1\" content=\"Telinha\" \/>\n\t<meta name=\"twitter:label2\" content=\"Tempo estimado de leitura\" \/>\n\t<meta name=\"twitter:data2\" content=\"1 minuto\" \/>\n<script type=\"application\/ld+json\" class=\"yoast-schema-graph\">{\"@context\":\"https:\/\/schema.org\",\"@graph\":[{\"@type\":\"Article\",\"@id\":\"https:\/\/portaltela.pt\/noticias\/2026\/02\/18\/metade-das-habitacoes-expostas-nao-tinha-seguro-contra-tempestades\/#article\",\"isPartOf\":{\"@id\":\"https:\/\/portaltela.pt\/noticias\/2026\/02\/18\/metade-das-habitacoes-expostas-nao-tinha-seguro-contra-tempestades\/\"},\"author\":{\"name\":\"Telinha\",\"@id\":\"https:\/\/portaltela.pt\/#\/schema\/person\/c4278d4a6028830caff9ee44b42d32ed\"},\"headline\":\"Metade das habita\u00e7\u00f5es expostas n\u00e3o tinha seguro contra tempestades\",\"datePublished\":\"2026-02-18T18:39:00+00:00\",\"mainEntityOfPage\":{\"@id\":\"https:\/\/portaltela.pt\/noticias\/2026\/02\/18\/metade-das-habitacoes-expostas-nao-tinha-seguro-contra-tempestades\/\"},\"wordCount\":113,\"image\":{\"@id\":\"https:\/\/portaltela.pt\/noticias\/2026\/02\/18\/metade-das-habitacoes-expostas-nao-tinha-seguro-contra-tempestades\/#primaryimage\"},\"thumbnailUrl\":\"https:\/\/portaltela.pt\/s.01k8rhncp4jt1\/2026\/02\/CACHE_780X1200_ANALOG_WATERMARKED_46540774_5540097_11022026063348.jpg\",\"keywords\":[\"cat\u00e1strofes naturais\",\"habita\u00e7\u00e3o\",\"imobili\u00e1rio\",\"prote\u00e7\u00e3o civil\",\"Seguro\",\"Seguro Habita\u00e7\u00e3o\"],\"articleSection\":[\"Not\u00edcias\"],\"inLanguage\":\"pt-PT\"},{\"@type\":\"WebPage\",\"@id\":\"https:\/\/portaltela.pt\/noticias\/2026\/02\/18\/metade-das-habitacoes-expostas-nao-tinha-seguro-contra-tempestades\/\",\"url\":\"https:\/\/portaltela.pt\/noticias\/2026\/02\/18\/metade-das-habitacoes-expostas-nao-tinha-seguro-contra-tempestades\/\",\"name\":\"Metade das habita\u00e7\u00f5es expostas n\u00e3o tinha seguro contra tempestades - Portal Tela Portugal\",\"isPartOf\":{\"@id\":\"https:\/\/portaltela.pt\/#website\"},\"primaryImageOfPage\":{\"@id\":\"https:\/\/portaltela.pt\/noticias\/2026\/02\/18\/metade-das-habitacoes-expostas-nao-tinha-seguro-contra-tempestades\/#primaryimage\"},\"image\":{\"@id\":\"https:\/\/portaltela.pt\/noticias\/2026\/02\/18\/metade-das-habitacoes-expostas-nao-tinha-seguro-contra-tempestades\/#primaryimage\"},\"thumbnailUrl\":\"https:\/\/portaltela.pt\/s.01k8rhncp4jt1\/2026\/02\/CACHE_780X1200_ANALOG_WATERMARKED_46540774_5540097_11022026063348.jpg\",\"datePublished\":\"2026-02-18T18:39:00+00:00\",\"author\":{\"@id\":\"https:\/\/portaltela.pt\/#\/schema\/person\/c4278d4a6028830caff9ee44b42d32ed\"},\"breadcrumb\":{\"@id\":\"https:\/\/portaltela.pt\/noticias\/2026\/02\/18\/metade-das-habitacoes-expostas-nao-tinha-seguro-contra-tempestades\/#breadcrumb\"},\"inLanguage\":\"pt-PT\",\"potentialAction\":[{\"@type\":\"ReadAction\",\"target\":[\"https:\/\/portaltela.pt\/noticias\/2026\/02\/18\/metade-das-habitacoes-expostas-nao-tinha-seguro-contra-tempestades\/\"]}]},{\"@type\":\"ImageObject\",\"inLanguage\":\"pt-PT\",\"@id\":\"https:\/\/portaltela.pt\/noticias\/2026\/02\/18\/metade-das-habitacoes-expostas-nao-tinha-seguro-contra-tempestades\/#primaryimage\",\"url\":\"https:\/\/portaltela.pt\/s.01k8rhncp4jt1\/2026\/02\/CACHE_780X1200_ANALOG_WATERMARKED_46540774_5540097_11022026063348.jpg\",\"contentUrl\":\"https:\/\/portaltela.pt\/s.01k8rhncp4jt1\/2026\/02\/CACHE_780X1200_ANALOG_WATERMARKED_46540774_5540097_11022026063348.jpg\",\"width\":768,\"height\":512,\"caption\":\"Metade das habita\u00e7\u00f5es expostas n\u00e3o tinha seguro com cobertura de tempestade\"},{\"@type\":\"BreadcrumbList\",\"@id\":\"https:\/\/portaltela.pt\/noticias\/2026\/02\/18\/metade-das-habitacoes-expostas-nao-tinha-seguro-contra-tempestades\/#breadcrumb\",\"itemListElement\":[{\"@type\":\"ListItem\",\"position\":1,\"name\":\"In\u00edcio\",\"item\":\"https:\/\/portaltela.pt\/\"},{\"@type\":\"ListItem\",\"position\":2,\"name\":\"Metade das habita\u00e7\u00f5es expostas n\u00e3o tinha seguro contra tempestades\"}]},{\"@type\":\"WebSite\",\"@id\":\"https:\/\/portaltela.pt\/#website\",\"url\":\"https:\/\/portaltela.pt\/\",\"name\":\"Portal Tela Portugal\",\"description\":\"\",\"potentialAction\":[{\"@type\":\"SearchAction\",\"target\":{\"@type\":\"EntryPoint\",\"urlTemplate\":\"https:\/\/portaltela.pt\/?s={search_term_string}\"},\"query-input\":{\"@type\":\"PropertyValueSpecification\",\"valueRequired\":true,\"valueName\":\"search_term_string\"}}],\"inLanguage\":\"pt-PT\"},{\"@type\":\"Person\",\"@id\":\"https:\/\/portaltela.pt\/#\/schema\/person\/c4278d4a6028830caff9ee44b42d32ed\",\"name\":\"Telinha\",\"image\":{\"@type\":\"ImageObject\",\"inLanguage\":\"pt-PT\",\"@id\":\"https:\/\/portaltela.pt\/s.01k8rhncp4jt1\/2025\/11\/talking-bot-125x125.png\",\"url\":\"https:\/\/portaltela.pt\/s.01k8rhncp4jt1\/2025\/11\/talking-bot-125x125.png\",\"contentUrl\":\"https:\/\/portaltela.pt\/s.01k8rhncp4jt1\/2025\/11\/talking-bot-125x125.png\",\"caption\":\"Telinha\"},\"sameAs\":[\"https:\/\/portaltela.pt\/\"],\"url\":\"https:\/\/portaltela.pt\/por\/367410592786\/\"}]}<\/script>\n<!-- \/ Yoast SEO plugin. -->","yoast_head_json":{"title":"Metade das habita\u00e7\u00f5es expostas n\u00e3o tinha seguro contra tempestades - Portal Tela Portugal","robots":{"index":"index","follow":"follow","max-snippet":"max-snippet:-1","max-image-preview":"max-image-preview:large","max-video-preview":"max-video-preview:-1"},"og_locale":"pt_PT","og_type":"article","og_title":"Metade das habita\u00e7\u00f5es expostas n\u00e3o tinha seguro contra tempestades - Portal Tela Portugal","og_description":"Metade das habita\u00e7\u00f5es expostas n\u00e3o possu\u00edam seguro com cobertura de tempestade. A informa\u00e7\u00e3o consta de uma not\u00edcia da ag\u00eancia Lusa. O conte\u00fado completo est\u00e1 dispon\u00edvel apenas para subscritores.","og_url":"https:\/\/portaltela.pt\/noticias\/2026\/02\/18\/metade-das-habitacoes-expostas-nao-tinha-seguro-contra-tempestades\/","og_site_name":"Portal Tela Portugal","article_published_time":"2026-02-18T18:39:00+00:00","author":"Telinha","twitter_card":"summary_large_image","twitter_misc":{"Escrito por":"Telinha","Tempo estimado de leitura":"1 minuto"},"schema":{"@context":"https:\/\/schema.org","@graph":[{"@type":"Article","@id":"https:\/\/portaltela.pt\/noticias\/2026\/02\/18\/metade-das-habitacoes-expostas-nao-tinha-seguro-contra-tempestades\/#article","isPartOf":{"@id":"https:\/\/portaltela.pt\/noticias\/2026\/02\/18\/metade-das-habitacoes-expostas-nao-tinha-seguro-contra-tempestades\/"},"author":{"name":"Telinha","@id":"https:\/\/portaltela.pt\/#\/schema\/person\/c4278d4a6028830caff9ee44b42d32ed"},"headline":"Metade das habita\u00e7\u00f5es expostas n\u00e3o tinha seguro contra tempestades","datePublished":"2026-02-18T18:39:00+00:00","mainEntityOfPage":{"@id":"https:\/\/portaltela.pt\/noticias\/2026\/02\/18\/metade-das-habitacoes-expostas-nao-tinha-seguro-contra-tempestades\/"},"wordCount":113,"image":{"@id":"https:\/\/portaltela.pt\/noticias\/2026\/02\/18\/metade-das-habitacoes-expostas-nao-tinha-seguro-contra-tempestades\/#primaryimage"},"thumbnailUrl":"https:\/\/portaltela.pt\/s.01k8rhncp4jt1\/2026\/02\/CACHE_780X1200_ANALOG_WATERMARKED_46540774_5540097_11022026063348.jpg","keywords":["cat\u00e1strofes naturais","habita\u00e7\u00e3o","imobili\u00e1rio","prote\u00e7\u00e3o civil","Seguro","Seguro Habita\u00e7\u00e3o"],"articleSection":["Not\u00edcias"],"inLanguage":"pt-PT"},{"@type":"WebPage","@id":"https:\/\/portaltela.pt\/noticias\/2026\/02\/18\/metade-das-habitacoes-expostas-nao-tinha-seguro-contra-tempestades\/","url":"https:\/\/portaltela.pt\/noticias\/2026\/02\/18\/metade-das-habitacoes-expostas-nao-tinha-seguro-contra-tempestades\/","name":"Metade das habita\u00e7\u00f5es expostas n\u00e3o tinha seguro contra tempestades - Portal Tela Portugal","isPartOf":{"@id":"https:\/\/portaltela.pt\/#website"},"primaryImageOfPage":{"@id":"https:\/\/portaltela.pt\/noticias\/2026\/02\/18\/metade-das-habitacoes-expostas-nao-tinha-seguro-contra-tempestades\/#primaryimage"},"image":{"@id":"https:\/\/portaltela.pt\/noticias\/2026\/02\/18\/metade-das-habitacoes-expostas-nao-tinha-seguro-contra-tempestades\/#primaryimage"},"thumbnailUrl":"https:\/\/portaltela.pt\/s.01k8rhncp4jt1\/2026\/02\/CACHE_780X1200_ANALOG_WATERMARKED_46540774_5540097_11022026063348.jpg","datePublished":"2026-02-18T18:39:00+00:00","author":{"@id":"https:\/\/portaltela.pt\/#\/schema\/person\/c4278d4a6028830caff9ee44b42d32ed"},"breadcrumb":{"@id":"https:\/\/portaltela.pt\/noticias\/2026\/02\/18\/metade-das-habitacoes-expostas-nao-tinha-seguro-contra-tempestades\/#breadcrumb"},"inLanguage":"pt-PT","potentialAction":[{"@type":"ReadAction","target":["https:\/\/portaltela.pt\/noticias\/2026\/02\/18\/metade-das-habitacoes-expostas-nao-tinha-seguro-contra-tempestades\/"]}]},{"@type":"ImageObject","inLanguage":"pt-PT","@id":"https:\/\/portaltela.pt\/noticias\/2026\/02\/18\/metade-das-habitacoes-expostas-nao-tinha-seguro-contra-tempestades\/#primaryimage","url":"https:\/\/portaltela.pt\/s.01k8rhncp4jt1\/2026\/02\/CACHE_780X1200_ANALOG_WATERMARKED_46540774_5540097_11022026063348.jpg","contentUrl":"https:\/\/portaltela.pt\/s.01k8rhncp4jt1\/2026\/02\/CACHE_780X1200_ANALOG_WATERMARKED_46540774_5540097_11022026063348.jpg","width":768,"height":512,"caption":"Metade das habita\u00e7\u00f5es expostas n\u00e3o tinha seguro com cobertura de tempestade"},{"@type":"BreadcrumbList","@id":"https:\/\/portaltela.pt\/noticias\/2026\/02\/18\/metade-das-habitacoes-expostas-nao-tinha-seguro-contra-tempestades\/#breadcrumb","itemListElement":[{"@type":"ListItem","position":1,"name":"In\u00edcio","item":"https:\/\/portaltela.pt\/"},{"@type":"ListItem","position":2,"name":"Metade das habita\u00e7\u00f5es expostas n\u00e3o tinha seguro contra tempestades"}]},{"@type":"WebSite","@id":"https:\/\/portaltela.pt\/#website","url":"https:\/\/portaltela.pt\/","name":"Portal Tela Portugal","description":"","potentialAction":[{"@type":"SearchAction","target":{"@type":"EntryPoint","urlTemplate":"https:\/\/portaltela.pt\/?s={search_term_string}"},"query-input":{"@type":"PropertyValueSpecification","valueRequired":true,"valueName":"search_term_string"}}],"inLanguage":"pt-PT"},{"@type":"Person","@id":"https:\/\/portaltela.pt\/#\/schema\/person\/c4278d4a6028830caff9ee44b42d32ed","name":"Telinha","image":{"@type":"ImageObject","inLanguage":"pt-PT","@id":"https:\/\/portaltela.pt\/s.01k8rhncp4jt1\/2025\/11\/talking-bot-125x125.png","url":"https:\/\/portaltela.pt\/s.01k8rhncp4jt1\/2025\/11\/talking-bot-125x125.png","contentUrl":"https:\/\/portaltela.pt\/s.01k8rhncp4jt1\/2025\/11\/talking-bot-125x125.png","caption":"Telinha"},"sameAs":["https:\/\/portaltela.pt\/"],"url":"https:\/\/portaltela.pt\/por\/367410592786\/"}]}},"_links":{"self":[{"href":"https:\/\/portaltela.pt\/api\/wp\/v2\/posts\/216787","targetHints":{"allow":["GET"]}}],"collection":[{"href":"https:\/\/portaltela.pt\/api\/wp\/v2\/posts"}],"about":[{"href":"https:\/\/portaltela.pt\/api\/wp\/v2\/types\/post"}],"author":[{"embeddable":true,"href":"https:\/\/portaltela.pt\/api\/wp\/v2\/users\/2"}],"replies":[{"embeddable":true,"href":"https:\/\/portaltela.pt\/api\/wp\/v2\/comments?post=216787"}],"version-history":[{"count":0,"href":"https:\/\/portaltela.pt\/api\/wp\/v2\/posts\/216787\/revisions"}],"wp:featuredmedia":[{"embeddable":true,"href":"https:\/\/portaltela.pt\/api\/wp\/v2\/media\/216789"}],"wp:attachment":[{"href":"https:\/\/portaltela.pt\/api\/wp\/v2\/media?parent=216787"}],"wp:term":[{"taxonomy":"category","embeddable":true,"href":"https:\/\/portaltela.pt\/api\/wp\/v2\/categories?post=216787"},{"taxonomy":"post_tag","embeddable":true,"href":"https:\/\/portaltela.pt\/api\/wp\/v2\/tags?post=216787"}],"curies":[{"name":"wp","href":"https:\/\/api.w.org\/{rel}","templated":true}]}}