{"id":216740,"date":"2026-02-18T18:40:00","date_gmt":"2026-02-18T21:40:00","guid":{"rendered":"https:\/\/portaltela.pt\/noticias\/2026\/02\/18\/metade-das-casas-afetadas-pela-tempestade-nao-tem-seguro-de-fenomenos-naturais\/"},"modified":"2026-02-18T18:40:00","modified_gmt":"2026-02-18T21:40:00","slug":"metade-das-casas-afetadas-pela-tempestade-nao-tem-seguro-de-fenomenos-naturais","status":"publish","type":"post","link":"https:\/\/portaltela.pt\/noticias\/economia\/2026\/02\/18\/metade-das-casas-afetadas-pela-tempestade-nao-tem-seguro-de-fenomenos-naturais\/","title":{"rendered":"Metade das casas afetadas pela tempestade n\u00e3o tem seguro de fen\u00f3menos naturais"},"content":{"rendered":"<p>Nos \u00faltimos temporais que atingiram Portugal, nomeadamente a tempestade Kristin, verificou-se uma baixa cobertura de seguros nas habita\u00e7\u00f5es. Cerca de 49% das habita\u00e7\u00f5es expostas em concelhos em estado de calamidade n\u00e3o tinham seguro com cobertura de tempestades ou inunda\u00e7\u00f5es, segundo Gabriel Bernardino, presidente da ASF.<\/p>\n<p>A Autoridade de Supervis\u00e3o de Seguros e Fundos de Pens\u00f5es (ASF) alerta para uma realidade preocupante: a maioria das habita\u00e7\u00f5es n\u00e3o est\u00e1 protegida contra fen\u00f3menos naturais, o que pode atrasar a reconstru\u00e7\u00e3o e aumentar o peso econ\u00f3mico para fam\u00edlias e empresas. As coberturas multirriscos variam e nem sempre abrangem tudo.<\/p>\n<p>Em n\u00fameros, as indemniza\u00e7\u00f5es pagas pelo sector somam 42 milh\u00f5es de euros, num total j\u00e1 reconhecido de 360 milh\u00f5es de euros. O montante \u00e9 relativo aos 114 mil sinistros participados at\u00e9 \u00e0 data, segundo dados da APS.<\/p>\n<h3>Panorama financeiro e prazos de regulariza\u00e7\u00e3o<\/h3>\n<p>A ASF estima que as indemniza\u00e7\u00f5es totais podem chegar aos 600 milh\u00f5es de euros, com a maior parcela a recair sobre habita\u00e7\u00e3o, seguida de Com\u00e9rcio e Ind\u00fastria. Estas proje\u00e7\u00f5es refletem a exposi\u00e7\u00e3o de concelhos mais afetados no distrito de Leiria.<\/p>\n<p>A supervis\u00e3o recorda que as seguradoras t\u00eam seguido orienta\u00e7\u00f5es para eventos clim\u00e1ticos extremos, com linhas de atendimento ativas e equipas dedicadas \u00e0 regulariza\u00e7\u00e3o de sinistros. S\u00e3o usados relat\u00f3rios de peritagem simplificados para acelerar o pagamento.<\/p>\n<h3>Resposta institucional e custos de risco<\/h3>\n<p>Gabriel Bernardino defende a cria\u00e7\u00e3o de um Sistema Integrado de Prote\u00e7\u00e3o contra Cat\u00e1strofes Naturais, com participa\u00e7\u00e3o de cidad\u00e3os, empresas, seguradoras, resseguradoras, mercado de capitais e Estado. Estima-se que um grande abalo s\u00edsmico poderia provocar perdas superiores a 56 mil milh\u00f5es de euros, aproximadamente 19% do PIB.<\/p>\n<p>Segundo a ASF, j\u00e1 foram mobilizados cerca de 900 peritos no terreno. Em muitos casos, os sinistros simples s\u00e3o pagos em at\u00e9 48 horas, com adiantamentos feitos para os processos mais complexos. A regulariza\u00e7\u00e3o tem sido acelerada pela avalia\u00e7\u00e3o fotogr\u00e1fica.<\/p>\n<h3>Perspetiva para o futuro e prote\u00e7\u00e3o da habita\u00e7\u00e3o<\/h3>\n<p>As autoridades mant\u00eam o objetivo de aumentar a prote\u00e7\u00e3o do parque habitacional frente a cat\u00e1strofes, com foco em cobertura de fen\u00f3menos naturais e resili\u00eancia estrutural. A ASF continua a monitorizar o desempenho do sector e a promover medidas de mitiga\u00e7\u00e3o de riscos.<\/p>\n","protected":false},"excerpt":{"rendered":"<ul>\n<li>Metade das habita\u00e7\u00f5es expostas n\u00e3o tinha seguro com cobertura de tempestades e\/ou inunda\u00e7\u00f5es, segundo a ASF, com cerca de quarenta e nine por cento sem prote\u00e7\u00e3o em concelhos em estado de calamidade.<\/li>\n<li>Seguros multirriscos costumam ser complementares; \u00e9 necess\u00e1rio avaliar exatamente o que est\u00e1 coberto em cada ap\u00f3lice.<\/li>\n<li>A ASF alerta para uma realidade alarmante e cita dados da EIOPA: desde 1980, apenas cinco por cento das perdas de cat\u00e1strofes naturais estavam seguras, e hoje apenas dezenove por cento das habita\u00e7\u00f5es t\u00eam cobertura para fen\u00f3menos s\u00edsmicos.<\/li>\n<li>Estimativas indicam indemniza\u00e7\u00f5es a pagar at\u00e9 cerca de quinhentos a seiscentos milh\u00f5es de euros, com quarenta por cento para habita\u00e7\u00e3o, vinte e quatro por cento para com\u00e9rcio e trinta e seis por cento para ind\u00fastria; Leiria est\u00e1 entre os concelhos mais afetados.<\/li>\n<li>A ASF trabalha num Sistema Integrado de Prote\u00e7\u00e3o contra Cat\u00e1strofes Naturais; no terreno est\u00e3o cerca de novecentos peritos, com regulariza\u00e7\u00e3o de sinistros a acelerar e pagamentos r\u00e1pidos em casos simples. Hoje j\u00e1 foram pagos perto de quarenta e dois milh\u00f5es de euros, de cento e catorze mil sinistros participados.<\/li>\n<\/ul>\n","protected":false},"author":2,"featured_media":216742,"comment_status":"closed","ping_status":"closed","sticky":false,"template":"","format":"standard","meta":{"footnotes":""},"categories":[2,1],"tags":[4687,5215,150,1385,3416,2325],"class_list":["post-216740","post","type-post","status-publish","format-standard","has-post-thumbnail","hentry","category-economia","category-noticias","tag-calamidade-publica","tag-catastrofes-naturais","tag-habitacao","tag-leiria","tag-seguro","tag-seguro-habitacao"],"yoast_head":"<!-- This site is optimized with the Yoast SEO plugin v27.2 - https:\/\/yoast.com\/product\/yoast-seo-wordpress\/ -->\n<title>Metade das casas afetadas pela tempestade n\u00e3o tem seguro de fen\u00f3menos naturais - Portal Tela Portugal<\/title>\n<meta name=\"robots\" content=\"index, follow, max-snippet:-1, max-image-preview:large, max-video-preview:-1\" \/>\n<meta property=\"og:locale\" content=\"pt_PT\" \/>\n<meta property=\"og:type\" content=\"article\" \/>\n<meta property=\"og:title\" content=\"Metade das casas afetadas pela tempestade n\u00e3o tem seguro de fen\u00f3menos naturais - Portal Tela Portugal\" \/>\n<meta property=\"og:description\" content=\"Metade das habita\u00e7\u00f5es expostas n\u00e3o tinha seguro com cobertura de tempestades e\/ou inunda\u00e7\u00f5es, segundo a ASF, com cerca de quarenta e nine por cento sem prote\u00e7\u00e3o em concelhos em estado de calamidade. Seguros multirriscos costumam ser complementares; \u00e9 necess\u00e1rio avaliar exatamente o que est\u00e1 coberto em cada ap\u00f3lice. A ASF alerta para uma realidade alarmante e cita dados da EIOPA: desde 1980, apenas cinco por cento das perdas de cat\u00e1strofes naturais estavam seguras, e hoje apenas dezenove por cento das habita\u00e7\u00f5es t\u00eam cobertura para fen\u00f3menos s\u00edsmicos. Estimativas indicam indemniza\u00e7\u00f5es a pagar at\u00e9 cerca de quinhentos a seiscentos milh\u00f5es de euros, com quarenta por cento para habita\u00e7\u00e3o, vinte e quatro por cento para com\u00e9rcio e trinta e seis por cento para ind\u00fastria; Leiria est\u00e1 entre os concelhos mais afetados. A ASF trabalha num Sistema Integrado de Prote\u00e7\u00e3o contra Cat\u00e1strofes Naturais; no terreno est\u00e3o cerca de novecentos peritos, com regulariza\u00e7\u00e3o de sinistros a acelerar e pagamentos r\u00e1pidos em casos simples. Hoje j\u00e1 foram pagos perto de quarenta e dois milh\u00f5es de euros, de cento e catorze mil sinistros participados.\" \/>\n<meta property=\"og:url\" content=\"https:\/\/portaltela.pt\/noticias\/2026\/02\/18\/metade-das-casas-afetadas-pela-tempestade-nao-tem-seguro-de-fenomenos-naturais\/\" \/>\n<meta property=\"og:site_name\" content=\"Portal Tela Portugal\" \/>\n<meta property=\"article:published_time\" content=\"2026-02-18T21:40:00+00:00\" \/>\n<meta name=\"author\" content=\"Telinha\" \/>\n<meta name=\"twitter:card\" content=\"summary_large_image\" \/>\n<meta name=\"twitter:label1\" content=\"Escrito por\" \/>\n\t<meta name=\"twitter:data1\" content=\"Telinha\" \/>\n\t<meta name=\"twitter:label2\" content=\"Tempo estimado de leitura\" \/>\n\t<meta name=\"twitter:data2\" content=\"2 minutos\" \/>\n<script type=\"application\/ld+json\" class=\"yoast-schema-graph\">{\"@context\":\"https:\/\/schema.org\",\"@graph\":[{\"@type\":\"Article\",\"@id\":\"https:\/\/portaltela.pt\/noticias\/2026\/02\/18\/metade-das-casas-afetadas-pela-tempestade-nao-tem-seguro-de-fenomenos-naturais\/#article\",\"isPartOf\":{\"@id\":\"https:\/\/portaltela.pt\/noticias\/2026\/02\/18\/metade-das-casas-afetadas-pela-tempestade-nao-tem-seguro-de-fenomenos-naturais\/\"},\"author\":{\"name\":\"Telinha\",\"@id\":\"https:\/\/portaltela.pt\/#\/schema\/person\/c4278d4a6028830caff9ee44b42d32ed\"},\"headline\":\"Metade das casas afetadas pela tempestade n\u00e3o tem seguro de fen\u00f3menos naturais\",\"datePublished\":\"2026-02-18T21:40:00+00:00\",\"mainEntityOfPage\":{\"@id\":\"https:\/\/portaltela.pt\/noticias\/2026\/02\/18\/metade-das-casas-afetadas-pela-tempestade-nao-tem-seguro-de-fenomenos-naturais\/\"},\"wordCount\":407,\"image\":{\"@id\":\"https:\/\/portaltela.pt\/noticias\/2026\/02\/18\/metade-das-casas-afetadas-pela-tempestade-nao-tem-seguro-de-fenomenos-naturais\/#primaryimage\"},\"thumbnailUrl\":\"https:\/\/portaltela.pt\/s.01k8rhncp4jt1\/2026\/02\/2068157.jpg\",\"keywords\":[\"calamidade p\u00fablica\",\"cat\u00e1strofes naturais\",\"habita\u00e7\u00e3o\",\"Leiria\",\"Seguro\",\"Seguro Habita\u00e7\u00e3o\"],\"articleSection\":[\"Economia\",\"Not\u00edcias\"],\"inLanguage\":\"pt-PT\"},{\"@type\":\"WebPage\",\"@id\":\"https:\/\/portaltela.pt\/noticias\/2026\/02\/18\/metade-das-casas-afetadas-pela-tempestade-nao-tem-seguro-de-fenomenos-naturais\/\",\"url\":\"https:\/\/portaltela.pt\/noticias\/2026\/02\/18\/metade-das-casas-afetadas-pela-tempestade-nao-tem-seguro-de-fenomenos-naturais\/\",\"name\":\"Metade das casas afetadas pela tempestade n\u00e3o tem seguro de fen\u00f3menos naturais - Portal Tela Portugal\",\"isPartOf\":{\"@id\":\"https:\/\/portaltela.pt\/#website\"},\"primaryImageOfPage\":{\"@id\":\"https:\/\/portaltela.pt\/noticias\/2026\/02\/18\/metade-das-casas-afetadas-pela-tempestade-nao-tem-seguro-de-fenomenos-naturais\/#primaryimage\"},\"image\":{\"@id\":\"https:\/\/portaltela.pt\/noticias\/2026\/02\/18\/metade-das-casas-afetadas-pela-tempestade-nao-tem-seguro-de-fenomenos-naturais\/#primaryimage\"},\"thumbnailUrl\":\"https:\/\/portaltela.pt\/s.01k8rhncp4jt1\/2026\/02\/2068157.jpg\",\"datePublished\":\"2026-02-18T21:40:00+00:00\",\"author\":{\"@id\":\"https:\/\/portaltela.pt\/#\/schema\/person\/c4278d4a6028830caff9ee44b42d32ed\"},\"breadcrumb\":{\"@id\":\"https:\/\/portaltela.pt\/noticias\/2026\/02\/18\/metade-das-casas-afetadas-pela-tempestade-nao-tem-seguro-de-fenomenos-naturais\/#breadcrumb\"},\"inLanguage\":\"pt-PT\",\"potentialAction\":[{\"@type\":\"ReadAction\",\"target\":[\"https:\/\/portaltela.pt\/noticias\/2026\/02\/18\/metade-das-casas-afetadas-pela-tempestade-nao-tem-seguro-de-fenomenos-naturais\/\"]}]},{\"@type\":\"ImageObject\",\"inLanguage\":\"pt-PT\",\"@id\":\"https:\/\/portaltela.pt\/noticias\/2026\/02\/18\/metade-das-casas-afetadas-pela-tempestade-nao-tem-seguro-de-fenomenos-naturais\/#primaryimage\",\"url\":\"https:\/\/portaltela.pt\/s.01k8rhncp4jt1\/2026\/02\/2068157.jpg\",\"contentUrl\":\"https:\/\/portaltela.pt\/s.01k8rhncp4jt1\/2026\/02\/2068157.jpg\",\"width\":796,\"height\":448,\"caption\":\"Danos causados em pr\u00e9dios pela queda de grua durante a tempestade Kristin\"},{\"@type\":\"BreadcrumbList\",\"@id\":\"https:\/\/portaltela.pt\/noticias\/2026\/02\/18\/metade-das-casas-afetadas-pela-tempestade-nao-tem-seguro-de-fenomenos-naturais\/#breadcrumb\",\"itemListElement\":[{\"@type\":\"ListItem\",\"position\":1,\"name\":\"In\u00edcio\",\"item\":\"https:\/\/portaltela.pt\/\"},{\"@type\":\"ListItem\",\"position\":2,\"name\":\"Metade das casas afetadas pela tempestade n\u00e3o tem seguro de fen\u00f3menos naturais\"}]},{\"@type\":\"WebSite\",\"@id\":\"https:\/\/portaltela.pt\/#website\",\"url\":\"https:\/\/portaltela.pt\/\",\"name\":\"Portal Tela Portugal\",\"description\":\"\",\"potentialAction\":[{\"@type\":\"SearchAction\",\"target\":{\"@type\":\"EntryPoint\",\"urlTemplate\":\"https:\/\/portaltela.pt\/?s={search_term_string}\"},\"query-input\":{\"@type\":\"PropertyValueSpecification\",\"valueRequired\":true,\"valueName\":\"search_term_string\"}}],\"inLanguage\":\"pt-PT\"},{\"@type\":\"Person\",\"@id\":\"https:\/\/portaltela.pt\/#\/schema\/person\/c4278d4a6028830caff9ee44b42d32ed\",\"name\":\"Telinha\",\"image\":{\"@type\":\"ImageObject\",\"inLanguage\":\"pt-PT\",\"@id\":\"https:\/\/portaltela.pt\/s.01k8rhncp4jt1\/2025\/11\/talking-bot-125x125.png\",\"url\":\"https:\/\/portaltela.pt\/s.01k8rhncp4jt1\/2025\/11\/talking-bot-125x125.png\",\"contentUrl\":\"https:\/\/portaltela.pt\/s.01k8rhncp4jt1\/2025\/11\/talking-bot-125x125.png\",\"caption\":\"Telinha\"},\"sameAs\":[\"https:\/\/portaltela.pt\/\"],\"url\":\"https:\/\/portaltela.pt\/por\/367410592786\/\"}]}<\/script>\n<!-- \/ Yoast SEO plugin. -->","yoast_head_json":{"title":"Metade das casas afetadas pela tempestade n\u00e3o tem seguro de fen\u00f3menos naturais - Portal Tela Portugal","robots":{"index":"index","follow":"follow","max-snippet":"max-snippet:-1","max-image-preview":"max-image-preview:large","max-video-preview":"max-video-preview:-1"},"og_locale":"pt_PT","og_type":"article","og_title":"Metade das casas afetadas pela tempestade n\u00e3o tem seguro de fen\u00f3menos naturais - Portal Tela Portugal","og_description":"Metade das habita\u00e7\u00f5es expostas n\u00e3o tinha seguro com cobertura de tempestades e\/ou inunda\u00e7\u00f5es, segundo a ASF, com cerca de quarenta e nine por cento sem prote\u00e7\u00e3o em concelhos em estado de calamidade. Seguros multirriscos costumam ser complementares; \u00e9 necess\u00e1rio avaliar exatamente o que est\u00e1 coberto em cada ap\u00f3lice. A ASF alerta para uma realidade alarmante e cita dados da EIOPA: desde 1980, apenas cinco por cento das perdas de cat\u00e1strofes naturais estavam seguras, e hoje apenas dezenove por cento das habita\u00e7\u00f5es t\u00eam cobertura para fen\u00f3menos s\u00edsmicos. Estimativas indicam indemniza\u00e7\u00f5es a pagar at\u00e9 cerca de quinhentos a seiscentos milh\u00f5es de euros, com quarenta por cento para habita\u00e7\u00e3o, vinte e quatro por cento para com\u00e9rcio e trinta e seis por cento para ind\u00fastria; Leiria est\u00e1 entre os concelhos mais afetados. A ASF trabalha num Sistema Integrado de Prote\u00e7\u00e3o contra Cat\u00e1strofes Naturais; no terreno est\u00e3o cerca de novecentos peritos, com regulariza\u00e7\u00e3o de sinistros a acelerar e pagamentos r\u00e1pidos em casos simples. Hoje j\u00e1 foram pagos perto de quarenta e dois milh\u00f5es de euros, de cento e catorze mil sinistros participados.","og_url":"https:\/\/portaltela.pt\/noticias\/2026\/02\/18\/metade-das-casas-afetadas-pela-tempestade-nao-tem-seguro-de-fenomenos-naturais\/","og_site_name":"Portal Tela Portugal","article_published_time":"2026-02-18T21:40:00+00:00","author":"Telinha","twitter_card":"summary_large_image","twitter_misc":{"Escrito por":"Telinha","Tempo estimado de leitura":"2 minutos"},"schema":{"@context":"https:\/\/schema.org","@graph":[{"@type":"Article","@id":"https:\/\/portaltela.pt\/noticias\/2026\/02\/18\/metade-das-casas-afetadas-pela-tempestade-nao-tem-seguro-de-fenomenos-naturais\/#article","isPartOf":{"@id":"https:\/\/portaltela.pt\/noticias\/2026\/02\/18\/metade-das-casas-afetadas-pela-tempestade-nao-tem-seguro-de-fenomenos-naturais\/"},"author":{"name":"Telinha","@id":"https:\/\/portaltela.pt\/#\/schema\/person\/c4278d4a6028830caff9ee44b42d32ed"},"headline":"Metade das casas afetadas pela tempestade n\u00e3o tem seguro de fen\u00f3menos naturais","datePublished":"2026-02-18T21:40:00+00:00","mainEntityOfPage":{"@id":"https:\/\/portaltela.pt\/noticias\/2026\/02\/18\/metade-das-casas-afetadas-pela-tempestade-nao-tem-seguro-de-fenomenos-naturais\/"},"wordCount":407,"image":{"@id":"https:\/\/portaltela.pt\/noticias\/2026\/02\/18\/metade-das-casas-afetadas-pela-tempestade-nao-tem-seguro-de-fenomenos-naturais\/#primaryimage"},"thumbnailUrl":"https:\/\/portaltela.pt\/s.01k8rhncp4jt1\/2026\/02\/2068157.jpg","keywords":["calamidade p\u00fablica","cat\u00e1strofes naturais","habita\u00e7\u00e3o","Leiria","Seguro","Seguro Habita\u00e7\u00e3o"],"articleSection":["Economia","Not\u00edcias"],"inLanguage":"pt-PT"},{"@type":"WebPage","@id":"https:\/\/portaltela.pt\/noticias\/2026\/02\/18\/metade-das-casas-afetadas-pela-tempestade-nao-tem-seguro-de-fenomenos-naturais\/","url":"https:\/\/portaltela.pt\/noticias\/2026\/02\/18\/metade-das-casas-afetadas-pela-tempestade-nao-tem-seguro-de-fenomenos-naturais\/","name":"Metade das casas afetadas pela tempestade n\u00e3o tem seguro de fen\u00f3menos naturais - Portal Tela Portugal","isPartOf":{"@id":"https:\/\/portaltela.pt\/#website"},"primaryImageOfPage":{"@id":"https:\/\/portaltela.pt\/noticias\/2026\/02\/18\/metade-das-casas-afetadas-pela-tempestade-nao-tem-seguro-de-fenomenos-naturais\/#primaryimage"},"image":{"@id":"https:\/\/portaltela.pt\/noticias\/2026\/02\/18\/metade-das-casas-afetadas-pela-tempestade-nao-tem-seguro-de-fenomenos-naturais\/#primaryimage"},"thumbnailUrl":"https:\/\/portaltela.pt\/s.01k8rhncp4jt1\/2026\/02\/2068157.jpg","datePublished":"2026-02-18T21:40:00+00:00","author":{"@id":"https:\/\/portaltela.pt\/#\/schema\/person\/c4278d4a6028830caff9ee44b42d32ed"},"breadcrumb":{"@id":"https:\/\/portaltela.pt\/noticias\/2026\/02\/18\/metade-das-casas-afetadas-pela-tempestade-nao-tem-seguro-de-fenomenos-naturais\/#breadcrumb"},"inLanguage":"pt-PT","potentialAction":[{"@type":"ReadAction","target":["https:\/\/portaltela.pt\/noticias\/2026\/02\/18\/metade-das-casas-afetadas-pela-tempestade-nao-tem-seguro-de-fenomenos-naturais\/"]}]},{"@type":"ImageObject","inLanguage":"pt-PT","@id":"https:\/\/portaltela.pt\/noticias\/2026\/02\/18\/metade-das-casas-afetadas-pela-tempestade-nao-tem-seguro-de-fenomenos-naturais\/#primaryimage","url":"https:\/\/portaltela.pt\/s.01k8rhncp4jt1\/2026\/02\/2068157.jpg","contentUrl":"https:\/\/portaltela.pt\/s.01k8rhncp4jt1\/2026\/02\/2068157.jpg","width":796,"height":448,"caption":"Danos causados em pr\u00e9dios pela queda de grua durante a tempestade Kristin"},{"@type":"BreadcrumbList","@id":"https:\/\/portaltela.pt\/noticias\/2026\/02\/18\/metade-das-casas-afetadas-pela-tempestade-nao-tem-seguro-de-fenomenos-naturais\/#breadcrumb","itemListElement":[{"@type":"ListItem","position":1,"name":"In\u00edcio","item":"https:\/\/portaltela.pt\/"},{"@type":"ListItem","position":2,"name":"Metade das casas afetadas pela tempestade n\u00e3o tem seguro de fen\u00f3menos naturais"}]},{"@type":"WebSite","@id":"https:\/\/portaltela.pt\/#website","url":"https:\/\/portaltela.pt\/","name":"Portal Tela Portugal","description":"","potentialAction":[{"@type":"SearchAction","target":{"@type":"EntryPoint","urlTemplate":"https:\/\/portaltela.pt\/?s={search_term_string}"},"query-input":{"@type":"PropertyValueSpecification","valueRequired":true,"valueName":"search_term_string"}}],"inLanguage":"pt-PT"},{"@type":"Person","@id":"https:\/\/portaltela.pt\/#\/schema\/person\/c4278d4a6028830caff9ee44b42d32ed","name":"Telinha","image":{"@type":"ImageObject","inLanguage":"pt-PT","@id":"https:\/\/portaltela.pt\/s.01k8rhncp4jt1\/2025\/11\/talking-bot-125x125.png","url":"https:\/\/portaltela.pt\/s.01k8rhncp4jt1\/2025\/11\/talking-bot-125x125.png","contentUrl":"https:\/\/portaltela.pt\/s.01k8rhncp4jt1\/2025\/11\/talking-bot-125x125.png","caption":"Telinha"},"sameAs":["https:\/\/portaltela.pt\/"],"url":"https:\/\/portaltela.pt\/por\/367410592786\/"}]}},"_links":{"self":[{"href":"https:\/\/portaltela.pt\/api\/wp\/v2\/posts\/216740","targetHints":{"allow":["GET"]}}],"collection":[{"href":"https:\/\/portaltela.pt\/api\/wp\/v2\/posts"}],"about":[{"href":"https:\/\/portaltela.pt\/api\/wp\/v2\/types\/post"}],"author":[{"embeddable":true,"href":"https:\/\/portaltela.pt\/api\/wp\/v2\/users\/2"}],"replies":[{"embeddable":true,"href":"https:\/\/portaltela.pt\/api\/wp\/v2\/comments?post=216740"}],"version-history":[{"count":0,"href":"https:\/\/portaltela.pt\/api\/wp\/v2\/posts\/216740\/revisions"}],"wp:featuredmedia":[{"embeddable":true,"href":"https:\/\/portaltela.pt\/api\/wp\/v2\/media\/216742"}],"wp:attachment":[{"href":"https:\/\/portaltela.pt\/api\/wp\/v2\/media?parent=216740"}],"wp:term":[{"taxonomy":"category","embeddable":true,"href":"https:\/\/portaltela.pt\/api\/wp\/v2\/categories?post=216740"},{"taxonomy":"post_tag","embeddable":true,"href":"https:\/\/portaltela.pt\/api\/wp\/v2\/tags?post=216740"}],"curies":[{"name":"wp","href":"https:\/\/api.w.org\/{rel}","templated":true}]}}