{"id":216684,"date":"2026-02-18T17:47:31","date_gmt":"2026-02-18T20:47:31","guid":{"rendered":"https:\/\/portaltela.pt\/noticias\/2026\/02\/18\/como-e-o-palacio-de-belem-e-por-que-ninguem-quer-morar-la\/"},"modified":"2026-02-18T17:47:31","modified_gmt":"2026-02-18T20:47:31","slug":"como-e-o-palacio-de-belem-e-por-que-ninguem-quer-morar-la","status":"publish","type":"post","link":"https:\/\/portaltela.pt\/noticias\/politica\/2026\/02\/18\/como-e-o-palacio-de-belem-e-por-que-ninguem-quer-morar-la\/","title":{"rendered":"Como \u00e9 o Pal\u00e1cio de Bel\u00e9m e por que ningu\u00e9m quer morar l\u00e1"},"content":{"rendered":"<p>Ant\u00f3nio Jos\u00e9 Seguro, Presidente da Rep\u00fablica-eleito, n\u00e3o tem inten\u00e7\u00e3o de mudar-se para o Pal\u00e1cio de Bel\u00e9m, a resid\u00eancia oficial em Lisboa. A not\u00edcia confirma que o pal\u00e1cio, desde o in\u00edcio da Rep\u00fablica, nunca foi ocupado por todos os chefes de Estado que aqui residiram.<\/p>\n<p>O porta-voz da campanha de Seguro abriu a margem para a ideia de ter um c\u00e3o no Pal\u00e1cio de Bel\u00e9m, citando prefer\u00eancias por locais como as Serras da Estrela. Contudo, n\u00e3o h\u00e1 indica\u00e7\u00e3o de que a mudan\u00e7a de resid\u00eancia esteja nos planos do pol\u00edtico.<\/p>\n<p>Ao longo das \u00faltimas d\u00e9cadas, apenas o General Ramalho Eanes chegou a viver no pal\u00e1cio. Os quatro chefes de Estado que se seguiram recusaram, por motivos pessoais ou institucionais, a ocupar aquele espa\u00e7o de forma permanente.<\/p>\n<p>Pelo menos desde a Rep\u00fablica, Bel\u00e9m tem mantido uma pr\u00e1tica de resid\u00eancia n\u00e3o permanente por parte de alguns titulares, com o pal\u00e1cio a funcionar como sede institucional, e n\u00e3o apenas como resid\u00eancia. A situa\u00e7\u00e3o atual mant\u00e9m-se sem indica\u00e7\u00f5es de altera\u00e7\u00e3o por parte de Seguro.<\/p>\n<p>O Pal\u00e1cio de Bel\u00e9m permanece configurado como s\u00edmbolo institucional, com jardins e \u00e1reas privadas restritas, incluindo zonas como o Jardim da Arr\u00e1bida, que possui piscina e \u00e9 uma \u00e1rea especialmente reservada. As informa\u00e7\u00f5es oficiais n\u00e3o apontam mudan\u00e7as de protocolo.<\/p>\n","protected":false},"excerpt":{"rendered":"<ul>\n<li>Ant\u00f3nio Jos\u00e9 Seguro n\u00e3o vai habitar a resid\u00eancia oficial do Presidente em Bel\u00e9m, Lisboa.<\/li>\n<li>Em democracia apenas o General Ramalho Eanes ali viveu; os quatro \u00faltimos chefes de Estado recusaram a mudan\u00e7a para o pal\u00e1cio.<\/li>\n<li>Seguro at\u00e9 j\u00e1 tinha imaginado ter um c\u00e3o no Pal\u00e1cio de Bel\u00e9m, mas n\u00e3o h\u00e1 inten\u00e7\u00e3o de se mudar para l\u00e1.<\/li>\n<li>O Pal\u00e1cio de Bel\u00e9m \u00e9 a resid\u00eancia oficial desde o in\u00edcio da Rep\u00fablica, e a maioria dos titulares n\u00e3o l\u00e1 morou.<\/li>\n<li>O Jardim da Arr\u00e1bida, com piscina, \u00e9 a zona mais reservada do pal\u00e1cio e foi renovado em 1981.<\/li>\n<\/ul>\n","protected":false},"author":2,"featured_media":216687,"comment_status":"closed","ping_status":"closed","sticky":false,"template":"","format":"standard","meta":{"footnotes":""},"categories":[1,5],"tags":[168,34,1144,1014,30,4115],"class_list":["post-216684","post","type-post","status-publish","format-standard","has-post-thumbnail","hentry","category-noticias","category-politica","tag-administracao-publica","tag-governo","tag-instituicoes","tag-portugal","tag-presidente","tag-residencias"],"yoast_head":"<!-- This site is optimized with the Yoast SEO plugin v27.2 - https:\/\/yoast.com\/product\/yoast-seo-wordpress\/ -->\n<title>Como \u00e9 o Pal\u00e1cio de Bel\u00e9m e por que ningu\u00e9m quer morar l\u00e1 - Portal Tela Portugal<\/title>\n<meta name=\"robots\" content=\"index, follow, max-snippet:-1, max-image-preview:large, max-video-preview:-1\" \/>\n<meta property=\"og:locale\" content=\"pt_PT\" \/>\n<meta property=\"og:type\" content=\"article\" \/>\n<meta property=\"og:title\" content=\"Como \u00e9 o Pal\u00e1cio de Bel\u00e9m e por que ningu\u00e9m quer morar l\u00e1 - Portal Tela Portugal\" \/>\n<meta property=\"og:description\" content=\"Ant\u00f3nio Jos\u00e9 Seguro n\u00e3o vai habitar a resid\u00eancia oficial do Presidente em Bel\u00e9m, Lisboa. Em democracia apenas o General Ramalho Eanes ali viveu; os quatro \u00faltimos chefes de Estado recusaram a mudan\u00e7a para o pal\u00e1cio. Seguro at\u00e9 j\u00e1 tinha imaginado ter um c\u00e3o no Pal\u00e1cio de Bel\u00e9m, mas n\u00e3o h\u00e1 inten\u00e7\u00e3o de se mudar para l\u00e1. O Pal\u00e1cio de Bel\u00e9m \u00e9 a resid\u00eancia oficial desde o in\u00edcio da Rep\u00fablica, e a maioria dos titulares n\u00e3o l\u00e1 morou. O Jardim da Arr\u00e1bida, com piscina, \u00e9 a zona mais reservada do pal\u00e1cio e foi renovado em 1981.\" \/>\n<meta property=\"og:url\" content=\"https:\/\/portaltela.pt\/noticias\/2026\/02\/18\/como-e-o-palacio-de-belem-e-por-que-ninguem-quer-morar-la\/\" \/>\n<meta property=\"og:site_name\" content=\"Portal Tela Portugal\" \/>\n<meta property=\"article:published_time\" content=\"2026-02-18T20:47:31+00:00\" \/>\n<meta name=\"author\" content=\"Telinha\" \/>\n<meta name=\"twitter:card\" content=\"summary_large_image\" \/>\n<meta name=\"twitter:label1\" content=\"Escrito por\" \/>\n\t<meta name=\"twitter:data1\" content=\"Telinha\" \/>\n\t<meta name=\"twitter:label2\" content=\"Tempo estimado de leitura\" \/>\n\t<meta name=\"twitter:data2\" content=\"1 minuto\" \/>\n<script type=\"application\/ld+json\" class=\"yoast-schema-graph\">{\"@context\":\"https:\/\/schema.org\",\"@graph\":[{\"@type\":\"Article\",\"@id\":\"https:\/\/portaltela.pt\/noticias\/2026\/02\/18\/como-e-o-palacio-de-belem-e-por-que-ninguem-quer-morar-la\/#article\",\"isPartOf\":{\"@id\":\"https:\/\/portaltela.pt\/noticias\/2026\/02\/18\/como-e-o-palacio-de-belem-e-por-que-ninguem-quer-morar-la\/\"},\"author\":{\"name\":\"Telinha\",\"@id\":\"https:\/\/portaltela.pt\/#\/schema\/person\/c4278d4a6028830caff9ee44b42d32ed\"},\"headline\":\"Como \u00e9 o Pal\u00e1cio de Bel\u00e9m e por que ningu\u00e9m quer morar l\u00e1\",\"datePublished\":\"2026-02-18T20:47:31+00:00\",\"mainEntityOfPage\":{\"@id\":\"https:\/\/portaltela.pt\/noticias\/2026\/02\/18\/como-e-o-palacio-de-belem-e-por-que-ninguem-quer-morar-la\/\"},\"wordCount\":263,\"image\":{\"@id\":\"https:\/\/portaltela.pt\/noticias\/2026\/02\/18\/como-e-o-palacio-de-belem-e-por-que-ninguem-quer-morar-la\/#primaryimage\"},\"thumbnailUrl\":\"https:\/\/portaltela.pt\/s.01k8rhncp4jt1\/2026\/02\/img_920x518uu2026-02-18-20-47-12-2422443.jpg\",\"keywords\":[\"administra\u00e7\u00e3o p\u00fablica\",\"governo\",\"institui\u00e7\u00f5es\",\"Portugal\",\"presidente\",\"resid\u00eancias\"],\"articleSection\":[\"Not\u00edcias\",\"Pol\u00edtica\"],\"inLanguage\":\"pt-PT\"},{\"@type\":\"WebPage\",\"@id\":\"https:\/\/portaltela.pt\/noticias\/2026\/02\/18\/como-e-o-palacio-de-belem-e-por-que-ninguem-quer-morar-la\/\",\"url\":\"https:\/\/portaltela.pt\/noticias\/2026\/02\/18\/como-e-o-palacio-de-belem-e-por-que-ninguem-quer-morar-la\/\",\"name\":\"Como \u00e9 o Pal\u00e1cio de Bel\u00e9m e por que ningu\u00e9m quer morar l\u00e1 - Portal Tela Portugal\",\"isPartOf\":{\"@id\":\"https:\/\/portaltela.pt\/#website\"},\"primaryImageOfPage\":{\"@id\":\"https:\/\/portaltela.pt\/noticias\/2026\/02\/18\/como-e-o-palacio-de-belem-e-por-que-ninguem-quer-morar-la\/#primaryimage\"},\"image\":{\"@id\":\"https:\/\/portaltela.pt\/noticias\/2026\/02\/18\/como-e-o-palacio-de-belem-e-por-que-ninguem-quer-morar-la\/#primaryimage\"},\"thumbnailUrl\":\"https:\/\/portaltela.pt\/s.01k8rhncp4jt1\/2026\/02\/img_920x518uu2026-02-18-20-47-12-2422443.jpg\",\"datePublished\":\"2026-02-18T20:47:31+00:00\",\"author\":{\"@id\":\"https:\/\/portaltela.pt\/#\/schema\/person\/c4278d4a6028830caff9ee44b42d32ed\"},\"breadcrumb\":{\"@id\":\"https:\/\/portaltela.pt\/noticias\/2026\/02\/18\/como-e-o-palacio-de-belem-e-por-que-ninguem-quer-morar-la\/#breadcrumb\"},\"inLanguage\":\"pt-PT\",\"potentialAction\":[{\"@type\":\"ReadAction\",\"target\":[\"https:\/\/portaltela.pt\/noticias\/2026\/02\/18\/como-e-o-palacio-de-belem-e-por-que-ninguem-quer-morar-la\/\"]}]},{\"@type\":\"ImageObject\",\"inLanguage\":\"pt-PT\",\"@id\":\"https:\/\/portaltela.pt\/noticias\/2026\/02\/18\/como-e-o-palacio-de-belem-e-por-que-ninguem-quer-morar-la\/#primaryimage\",\"url\":\"https:\/\/portaltela.pt\/s.01k8rhncp4jt1\/2026\/02\/img_920x518uu2026-02-18-20-47-12-2422443.jpg\",\"contentUrl\":\"https:\/\/portaltela.pt\/s.01k8rhncp4jt1\/2026\/02\/img_920x518uu2026-02-18-20-47-12-2422443.jpg\",\"width\":796,\"height\":448,\"caption\":\"O Jardim da Arr\u00e1bida tem piscina e \u00e9 a zona mais reservada do pal\u00e1cio de Bel\u00e9m. Foi renovado em 1981\"},{\"@type\":\"BreadcrumbList\",\"@id\":\"https:\/\/portaltela.pt\/noticias\/2026\/02\/18\/como-e-o-palacio-de-belem-e-por-que-ninguem-quer-morar-la\/#breadcrumb\",\"itemListElement\":[{\"@type\":\"ListItem\",\"position\":1,\"name\":\"In\u00edcio\",\"item\":\"https:\/\/portaltela.pt\/\"},{\"@type\":\"ListItem\",\"position\":2,\"name\":\"Como \u00e9 o Pal\u00e1cio de Bel\u00e9m e por que ningu\u00e9m quer morar l\u00e1\"}]},{\"@type\":\"WebSite\",\"@id\":\"https:\/\/portaltela.pt\/#website\",\"url\":\"https:\/\/portaltela.pt\/\",\"name\":\"Portal Tela Portugal\",\"description\":\"\",\"potentialAction\":[{\"@type\":\"SearchAction\",\"target\":{\"@type\":\"EntryPoint\",\"urlTemplate\":\"https:\/\/portaltela.pt\/?s={search_term_string}\"},\"query-input\":{\"@type\":\"PropertyValueSpecification\",\"valueRequired\":true,\"valueName\":\"search_term_string\"}}],\"inLanguage\":\"pt-PT\"},{\"@type\":\"Person\",\"@id\":\"https:\/\/portaltela.pt\/#\/schema\/person\/c4278d4a6028830caff9ee44b42d32ed\",\"name\":\"Telinha\",\"image\":{\"@type\":\"ImageObject\",\"inLanguage\":\"pt-PT\",\"@id\":\"https:\/\/portaltela.pt\/s.01k8rhncp4jt1\/2025\/11\/talking-bot-125x125.png\",\"url\":\"https:\/\/portaltela.pt\/s.01k8rhncp4jt1\/2025\/11\/talking-bot-125x125.png\",\"contentUrl\":\"https:\/\/portaltela.pt\/s.01k8rhncp4jt1\/2025\/11\/talking-bot-125x125.png\",\"caption\":\"Telinha\"},\"sameAs\":[\"https:\/\/portaltela.pt\/\"],\"url\":\"https:\/\/portaltela.pt\/por\/367410592786\/\"}]}<\/script>\n<!-- \/ Yoast SEO plugin. -->","yoast_head_json":{"title":"Como \u00e9 o Pal\u00e1cio de Bel\u00e9m e por que ningu\u00e9m quer morar l\u00e1 - Portal Tela Portugal","robots":{"index":"index","follow":"follow","max-snippet":"max-snippet:-1","max-image-preview":"max-image-preview:large","max-video-preview":"max-video-preview:-1"},"og_locale":"pt_PT","og_type":"article","og_title":"Como \u00e9 o Pal\u00e1cio de Bel\u00e9m e por que ningu\u00e9m quer morar l\u00e1 - Portal Tela Portugal","og_description":"Ant\u00f3nio Jos\u00e9 Seguro n\u00e3o vai habitar a resid\u00eancia oficial do Presidente em Bel\u00e9m, Lisboa. Em democracia apenas o General Ramalho Eanes ali viveu; os quatro \u00faltimos chefes de Estado recusaram a mudan\u00e7a para o pal\u00e1cio. Seguro at\u00e9 j\u00e1 tinha imaginado ter um c\u00e3o no Pal\u00e1cio de Bel\u00e9m, mas n\u00e3o h\u00e1 inten\u00e7\u00e3o de se mudar para l\u00e1. O Pal\u00e1cio de Bel\u00e9m \u00e9 a resid\u00eancia oficial desde o in\u00edcio da Rep\u00fablica, e a maioria dos titulares n\u00e3o l\u00e1 morou. O Jardim da Arr\u00e1bida, com piscina, \u00e9 a zona mais reservada do pal\u00e1cio e foi renovado em 1981.","og_url":"https:\/\/portaltela.pt\/noticias\/2026\/02\/18\/como-e-o-palacio-de-belem-e-por-que-ninguem-quer-morar-la\/","og_site_name":"Portal Tela Portugal","article_published_time":"2026-02-18T20:47:31+00:00","author":"Telinha","twitter_card":"summary_large_image","twitter_misc":{"Escrito por":"Telinha","Tempo estimado de leitura":"1 minuto"},"schema":{"@context":"https:\/\/schema.org","@graph":[{"@type":"Article","@id":"https:\/\/portaltela.pt\/noticias\/2026\/02\/18\/como-e-o-palacio-de-belem-e-por-que-ninguem-quer-morar-la\/#article","isPartOf":{"@id":"https:\/\/portaltela.pt\/noticias\/2026\/02\/18\/como-e-o-palacio-de-belem-e-por-que-ninguem-quer-morar-la\/"},"author":{"name":"Telinha","@id":"https:\/\/portaltela.pt\/#\/schema\/person\/c4278d4a6028830caff9ee44b42d32ed"},"headline":"Como \u00e9 o Pal\u00e1cio de Bel\u00e9m e por que ningu\u00e9m quer morar l\u00e1","datePublished":"2026-02-18T20:47:31+00:00","mainEntityOfPage":{"@id":"https:\/\/portaltela.pt\/noticias\/2026\/02\/18\/como-e-o-palacio-de-belem-e-por-que-ninguem-quer-morar-la\/"},"wordCount":263,"image":{"@id":"https:\/\/portaltela.pt\/noticias\/2026\/02\/18\/como-e-o-palacio-de-belem-e-por-que-ninguem-quer-morar-la\/#primaryimage"},"thumbnailUrl":"https:\/\/portaltela.pt\/s.01k8rhncp4jt1\/2026\/02\/img_920x518uu2026-02-18-20-47-12-2422443.jpg","keywords":["administra\u00e7\u00e3o p\u00fablica","governo","institui\u00e7\u00f5es","Portugal","presidente","resid\u00eancias"],"articleSection":["Not\u00edcias","Pol\u00edtica"],"inLanguage":"pt-PT"},{"@type":"WebPage","@id":"https:\/\/portaltela.pt\/noticias\/2026\/02\/18\/como-e-o-palacio-de-belem-e-por-que-ninguem-quer-morar-la\/","url":"https:\/\/portaltela.pt\/noticias\/2026\/02\/18\/como-e-o-palacio-de-belem-e-por-que-ninguem-quer-morar-la\/","name":"Como \u00e9 o Pal\u00e1cio de Bel\u00e9m e por que ningu\u00e9m quer morar l\u00e1 - Portal Tela Portugal","isPartOf":{"@id":"https:\/\/portaltela.pt\/#website"},"primaryImageOfPage":{"@id":"https:\/\/portaltela.pt\/noticias\/2026\/02\/18\/como-e-o-palacio-de-belem-e-por-que-ninguem-quer-morar-la\/#primaryimage"},"image":{"@id":"https:\/\/portaltela.pt\/noticias\/2026\/02\/18\/como-e-o-palacio-de-belem-e-por-que-ninguem-quer-morar-la\/#primaryimage"},"thumbnailUrl":"https:\/\/portaltela.pt\/s.01k8rhncp4jt1\/2026\/02\/img_920x518uu2026-02-18-20-47-12-2422443.jpg","datePublished":"2026-02-18T20:47:31+00:00","author":{"@id":"https:\/\/portaltela.pt\/#\/schema\/person\/c4278d4a6028830caff9ee44b42d32ed"},"breadcrumb":{"@id":"https:\/\/portaltela.pt\/noticias\/2026\/02\/18\/como-e-o-palacio-de-belem-e-por-que-ninguem-quer-morar-la\/#breadcrumb"},"inLanguage":"pt-PT","potentialAction":[{"@type":"ReadAction","target":["https:\/\/portaltela.pt\/noticias\/2026\/02\/18\/como-e-o-palacio-de-belem-e-por-que-ninguem-quer-morar-la\/"]}]},{"@type":"ImageObject","inLanguage":"pt-PT","@id":"https:\/\/portaltela.pt\/noticias\/2026\/02\/18\/como-e-o-palacio-de-belem-e-por-que-ninguem-quer-morar-la\/#primaryimage","url":"https:\/\/portaltela.pt\/s.01k8rhncp4jt1\/2026\/02\/img_920x518uu2026-02-18-20-47-12-2422443.jpg","contentUrl":"https:\/\/portaltela.pt\/s.01k8rhncp4jt1\/2026\/02\/img_920x518uu2026-02-18-20-47-12-2422443.jpg","width":796,"height":448,"caption":"O Jardim da Arr\u00e1bida tem piscina e \u00e9 a zona mais reservada do pal\u00e1cio de Bel\u00e9m. Foi renovado em 1981"},{"@type":"BreadcrumbList","@id":"https:\/\/portaltela.pt\/noticias\/2026\/02\/18\/como-e-o-palacio-de-belem-e-por-que-ninguem-quer-morar-la\/#breadcrumb","itemListElement":[{"@type":"ListItem","position":1,"name":"In\u00edcio","item":"https:\/\/portaltela.pt\/"},{"@type":"ListItem","position":2,"name":"Como \u00e9 o Pal\u00e1cio de Bel\u00e9m e por que ningu\u00e9m quer morar l\u00e1"}]},{"@type":"WebSite","@id":"https:\/\/portaltela.pt\/#website","url":"https:\/\/portaltela.pt\/","name":"Portal Tela Portugal","description":"","potentialAction":[{"@type":"SearchAction","target":{"@type":"EntryPoint","urlTemplate":"https:\/\/portaltela.pt\/?s={search_term_string}"},"query-input":{"@type":"PropertyValueSpecification","valueRequired":true,"valueName":"search_term_string"}}],"inLanguage":"pt-PT"},{"@type":"Person","@id":"https:\/\/portaltela.pt\/#\/schema\/person\/c4278d4a6028830caff9ee44b42d32ed","name":"Telinha","image":{"@type":"ImageObject","inLanguage":"pt-PT","@id":"https:\/\/portaltela.pt\/s.01k8rhncp4jt1\/2025\/11\/talking-bot-125x125.png","url":"https:\/\/portaltela.pt\/s.01k8rhncp4jt1\/2025\/11\/talking-bot-125x125.png","contentUrl":"https:\/\/portaltela.pt\/s.01k8rhncp4jt1\/2025\/11\/talking-bot-125x125.png","caption":"Telinha"},"sameAs":["https:\/\/portaltela.pt\/"],"url":"https:\/\/portaltela.pt\/por\/367410592786\/"}]}},"_links":{"self":[{"href":"https:\/\/portaltela.pt\/api\/wp\/v2\/posts\/216684","targetHints":{"allow":["GET"]}}],"collection":[{"href":"https:\/\/portaltela.pt\/api\/wp\/v2\/posts"}],"about":[{"href":"https:\/\/portaltela.pt\/api\/wp\/v2\/types\/post"}],"author":[{"embeddable":true,"href":"https:\/\/portaltela.pt\/api\/wp\/v2\/users\/2"}],"replies":[{"embeddable":true,"href":"https:\/\/portaltela.pt\/api\/wp\/v2\/comments?post=216684"}],"version-history":[{"count":0,"href":"https:\/\/portaltela.pt\/api\/wp\/v2\/posts\/216684\/revisions"}],"wp:featuredmedia":[{"embeddable":true,"href":"https:\/\/portaltela.pt\/api\/wp\/v2\/media\/216687"}],"wp:attachment":[{"href":"https:\/\/portaltela.pt\/api\/wp\/v2\/media?parent=216684"}],"wp:term":[{"taxonomy":"category","embeddable":true,"href":"https:\/\/portaltela.pt\/api\/wp\/v2\/categories?post=216684"},{"taxonomy":"post_tag","embeddable":true,"href":"https:\/\/portaltela.pt\/api\/wp\/v2\/tags?post=216684"}],"curies":[{"name":"wp","href":"https:\/\/api.w.org\/{rel}","templated":true}]}}