{"id":216662,"date":"2026-02-18T17:17:00","date_gmt":"2026-02-18T20:17:00","guid":{"rendered":"https:\/\/portaltela.pt\/noticias\/2026\/02\/18\/psd-acusa-ps-e-chega-de-se-aliarem-para-governar-pelo-parlamento\/"},"modified":"2026-02-18T17:17:00","modified_gmt":"2026-02-18T20:17:00","slug":"psd-acusa-ps-e-chega-de-se-aliarem-para-governar-pelo-parlamento","status":"publish","type":"post","link":"https:\/\/portaltela.pt\/noticias\/politica\/2026\/02\/18\/psd-acusa-ps-e-chega-de-se-aliarem-para-governar-pelo-parlamento\/","title":{"rendered":"PSD acusa PS e Chega de se aliarem para governar pelo parlamento"},"content":{"rendered":"<p>O PSD acusa PS e Chega de conspirarem para governar pelo parlamento ap\u00f3s a aprova\u00e7\u00e3o de altera\u00e7\u00f5es ao regime do Subs\u00eddio Social de Mobilidade (SSM). A vota\u00e7\u00e3o ocorreu esta quarta-feira, em que o regime foi discutido na generalidade. O SSM cobre viagens a\u00e9reas entre ilhas e o Continente.<\/p>\n<p>O l\u00edder parlamentar do PSD, Hugo Soares, afirmou que o PS e o Chega voltaram a alinhar-se para controlar o governo atrav\u00e9s do parlamento. O escalonamento de apoios continua a ser alvo de cr\u00edticas por parte do PSD e do CDS-PP, que defendem a exig\u00eancia de regulariza\u00e7\u00e3o fiscal para acesso ao SSM.<\/p>\n<p>A Mesa aprovou as altera\u00e7\u00f5es com o voto favor\u00e1vel de PS e Chega, bem como de alguns deputados do PSD das Regi\u00f5es Aut\u00f3nomas. Destacaram-se tamb\u00e9m votos de v\u00e1rias bancadas que divergiram dos diplomas apresentados para A\u00e7ores e Madeira, que retiram a exig\u00eancia de regulariza\u00e7\u00e3o.<\/p>\n<h3>Contexto da vota\u00e7\u00e3o<\/h3>\n<p>Hugo Soares destacou que, historicamente, houve oposi\u00e7\u00e3o entre os blocos, mas hoje verifica-se uma uni\u00e3o para governar por interm\u00e9dio de diplomas. O l\u00edder do Chega, Pedro Pinto, elogiou o alinhamento com o PS e afirmou que o atual modelo do SSM \u00e9 injusto e inadequado.<\/p>\n<p>No debate, o PSD foi o \u00fanico a falar sem interrup\u00e7\u00f5es durante a ordem do dia, o que levou o socialista Francisco C\u00e9sar a acusar o partido de impedir interven\u00e7\u00f5es regionais. Hugo Soares respondeu que os madeirenses e a\u00e7orianos pagam menos agora do que antes das altera\u00e7\u00f5es e questionou a atua\u00e7\u00e3o de C\u00e9sar ao longo de oito anos de governo socialista.<\/p>\n<p>Francisco C\u00e9sar sustentou que a reforma recente n\u00e3o protege o modelo p\u00fablico, chamando a aten\u00e7\u00e3o para a continuidade territorial prevista na Constitui\u00e7\u00e3o. Acusou o PSD de confundir esse princ\u00edpio com apoio \u00e0s empresas, e criticou a condu\u00e7\u00e3o do tema durante a pandemia.<\/p>\n<p>O debate contou ainda com interven\u00e7\u00f5es de deputados de v\u00e1rios partidos, incluindo o JPP, BE, PAN, Livre, PCP e CDS-PP, que consideraram o crit\u00e9rio de regulariza\u00e7\u00e3o junto ao SSM injusto. Reiteraram que a exig\u00eancia n\u00e3o se aplica ao passe ferrovi\u00e1rio verde ou ao passe Navegante.<\/p>\n<p>O PSD reagiu com cr\u00edticas \u00e0 gest\u00e3o do Governo, defendendo que o regime deveria ter passado por uma matura\u00e7\u00e3o adequada antes de ser alterado. O Chega destacou que o atual modelo favorece a coer\u00e7\u00e3o fiscal, pondo em causa o acesso aos apoios.<\/p>\n","protected":false},"excerpt":{"rendered":"<ul>\n<li>O PSD acusa PS e Chega de \u201cvoltar a casar\u201d para governar via parlamento, ap\u00f3s altera\u00e7\u00f5es ao regime do Subs\u00eddio Social de Mobilidade (SSM).<\/li>\n<li>As altera\u00e7\u00f5es permitem acesso ao SSM sem exigir regulariza\u00e7\u00e3o perante o fisco e a Seguran\u00e7a Social, o que os A\u00e7ores e a Madeira defendiam, e foram aprovadas na generalidade com o voto favor\u00e1vel do PS e do Chega.<\/li>\n<li>PSD e CDS-PP ficaram isolados na defesa de que o apoio p\u00fablico deve ficar condicionado \u00e0 situa\u00e7\u00e3o fiscal regularizada; v\u00e1rias bancadas votaram conforme o projeto das regi\u00f5es aut\u00f3nomas.<\/li>\n<li>PS e Chega votaram juntos na generalidade, com o Chega a dizer que est\u00e1 de acordo pela primeira vez, e o PS a justificar a altera\u00e7\u00e3o como uma adapta\u00e7\u00e3o ao modelo existente.<\/li>\n<li>Deputados de outras bancadas criticaram a nova condi\u00e7\u00e3o de n\u00e3o ter d\u00edvidas para receber o SSM, dizendo que \u00e9 injusta e equivalente a coer\u00e7\u00e3o fiscal, enquanto o PSD contestou a coer\u00eancia do Chega e do PS.<\/li>\n<\/ul>\n","protected":false},"author":2,"featured_media":216663,"comment_status":"closed","ping_status":"closed","sticky":false,"template":"","format":"standard","meta":{"footnotes":""},"categories":[1,5],"tags":[822,859,2832,2144,3695,2575],"class_list":["post-216662","post","type-post","status-publish","format-standard","has-post-thumbnail","hentry","category-noticias","category-politica","tag-acores","tag-madeira","tag-politica","tag-ps","tag-psd","tag-subsidio-social"],"yoast_head":"<!-- This site is optimized with the Yoast SEO plugin v27.2 - https:\/\/yoast.com\/product\/yoast-seo-wordpress\/ -->\n<title>PSD acusa PS e Chega de se aliarem para governar pelo parlamento - Portal Tela Portugal<\/title>\n<meta name=\"robots\" content=\"index, follow, max-snippet:-1, max-image-preview:large, max-video-preview:-1\" \/>\n<meta property=\"og:locale\" content=\"pt_PT\" \/>\n<meta property=\"og:type\" content=\"article\" \/>\n<meta property=\"og:title\" content=\"PSD acusa PS e Chega de se aliarem para governar pelo parlamento - Portal Tela Portugal\" \/>\n<meta property=\"og:description\" content=\"O PSD acusa PS e Chega de \u201cvoltar a casar\u201d para governar via parlamento, ap\u00f3s altera\u00e7\u00f5es ao regime do Subs\u00eddio Social de Mobilidade (SSM). As altera\u00e7\u00f5es permitem acesso ao SSM sem exigir regulariza\u00e7\u00e3o perante o fisco e a Seguran\u00e7a Social, o que os A\u00e7ores e a Madeira defendiam, e foram aprovadas na generalidade com o voto favor\u00e1vel do PS e do Chega. PSD e CDS-PP ficaram isolados na defesa de que o apoio p\u00fablico deve ficar condicionado \u00e0 situa\u00e7\u00e3o fiscal regularizada; v\u00e1rias bancadas votaram conforme o projeto das regi\u00f5es aut\u00f3nomas. PS e Chega votaram juntos na generalidade, com o Chega a dizer que est\u00e1 de acordo pela primeira vez, e o PS a justificar a altera\u00e7\u00e3o como uma adapta\u00e7\u00e3o ao modelo existente. Deputados de outras bancadas criticaram a nova condi\u00e7\u00e3o de n\u00e3o ter d\u00edvidas para receber o SSM, dizendo que \u00e9 injusta e equivalente a coer\u00e7\u00e3o fiscal, enquanto o PSD contestou a coer\u00eancia do Chega e do PS.\" \/>\n<meta property=\"og:url\" content=\"https:\/\/portaltela.pt\/noticias\/2026\/02\/18\/psd-acusa-ps-e-chega-de-se-aliarem-para-governar-pelo-parlamento\/\" \/>\n<meta property=\"og:site_name\" content=\"Portal Tela Portugal\" \/>\n<meta property=\"article:published_time\" content=\"2026-02-18T20:17:00+00:00\" \/>\n<meta name=\"author\" content=\"Telinha\" \/>\n<meta name=\"twitter:card\" content=\"summary_large_image\" \/>\n<meta name=\"twitter:label1\" content=\"Escrito por\" \/>\n\t<meta name=\"twitter:data1\" content=\"Telinha\" \/>\n\t<meta name=\"twitter:label2\" content=\"Tempo estimado de leitura\" \/>\n\t<meta name=\"twitter:data2\" content=\"2 minutos\" \/>\n<script type=\"application\/ld+json\" class=\"yoast-schema-graph\">{\"@context\":\"https:\/\/schema.org\",\"@graph\":[{\"@type\":\"Article\",\"@id\":\"https:\/\/portaltela.pt\/noticias\/2026\/02\/18\/psd-acusa-ps-e-chega-de-se-aliarem-para-governar-pelo-parlamento\/#article\",\"isPartOf\":{\"@id\":\"https:\/\/portaltela.pt\/noticias\/2026\/02\/18\/psd-acusa-ps-e-chega-de-se-aliarem-para-governar-pelo-parlamento\/\"},\"author\":{\"name\":\"Telinha\",\"@id\":\"https:\/\/portaltela.pt\/#\/schema\/person\/c4278d4a6028830caff9ee44b42d32ed\"},\"headline\":\"PSD acusa PS e Chega de se aliarem para governar pelo parlamento\",\"datePublished\":\"2026-02-18T20:17:00+00:00\",\"mainEntityOfPage\":{\"@id\":\"https:\/\/portaltela.pt\/noticias\/2026\/02\/18\/psd-acusa-ps-e-chega-de-se-aliarem-para-governar-pelo-parlamento\/\"},\"wordCount\":442,\"image\":{\"@id\":\"https:\/\/portaltela.pt\/noticias\/2026\/02\/18\/psd-acusa-ps-e-chega-de-se-aliarem-para-governar-pelo-parlamento\/#primaryimage\"},\"thumbnailUrl\":\"https:\/\/portaltela.pt\/s.01k8rhncp4jt1\/2026\/02\/image-1362.jpg\",\"keywords\":[\"A\u00e7ores\",\"Madeira\",\"pol\u00edtica\",\"PS\",\"PSD\",\"Subs\u00eddio Social\"],\"articleSection\":[\"Not\u00edcias\",\"Pol\u00edtica\"],\"inLanguage\":\"pt-PT\"},{\"@type\":\"WebPage\",\"@id\":\"https:\/\/portaltela.pt\/noticias\/2026\/02\/18\/psd-acusa-ps-e-chega-de-se-aliarem-para-governar-pelo-parlamento\/\",\"url\":\"https:\/\/portaltela.pt\/noticias\/2026\/02\/18\/psd-acusa-ps-e-chega-de-se-aliarem-para-governar-pelo-parlamento\/\",\"name\":\"PSD acusa PS e Chega de se aliarem para governar pelo parlamento - Portal Tela Portugal\",\"isPartOf\":{\"@id\":\"https:\/\/portaltela.pt\/#website\"},\"primaryImageOfPage\":{\"@id\":\"https:\/\/portaltela.pt\/noticias\/2026\/02\/18\/psd-acusa-ps-e-chega-de-se-aliarem-para-governar-pelo-parlamento\/#primaryimage\"},\"image\":{\"@id\":\"https:\/\/portaltela.pt\/noticias\/2026\/02\/18\/psd-acusa-ps-e-chega-de-se-aliarem-para-governar-pelo-parlamento\/#primaryimage\"},\"thumbnailUrl\":\"https:\/\/portaltela.pt\/s.01k8rhncp4jt1\/2026\/02\/image-1362.jpg\",\"datePublished\":\"2026-02-18T20:17:00+00:00\",\"author\":{\"@id\":\"https:\/\/portaltela.pt\/#\/schema\/person\/c4278d4a6028830caff9ee44b42d32ed\"},\"breadcrumb\":{\"@id\":\"https:\/\/portaltela.pt\/noticias\/2026\/02\/18\/psd-acusa-ps-e-chega-de-se-aliarem-para-governar-pelo-parlamento\/#breadcrumb\"},\"inLanguage\":\"pt-PT\",\"potentialAction\":[{\"@type\":\"ReadAction\",\"target\":[\"https:\/\/portaltela.pt\/noticias\/2026\/02\/18\/psd-acusa-ps-e-chega-de-se-aliarem-para-governar-pelo-parlamento\/\"]}]},{\"@type\":\"ImageObject\",\"inLanguage\":\"pt-PT\",\"@id\":\"https:\/\/portaltela.pt\/noticias\/2026\/02\/18\/psd-acusa-ps-e-chega-de-se-aliarem-para-governar-pelo-parlamento\/#primaryimage\",\"url\":\"https:\/\/portaltela.pt\/s.01k8rhncp4jt1\/2026\/02\/image-1362.jpg\",\"contentUrl\":\"https:\/\/portaltela.pt\/s.01k8rhncp4jt1\/2026\/02\/image-1362.jpg\",\"width\":796,\"height\":448,\"caption\":\"O l\u00edder parlamentar do PSD, Hugo Soares\"},{\"@type\":\"BreadcrumbList\",\"@id\":\"https:\/\/portaltela.pt\/noticias\/2026\/02\/18\/psd-acusa-ps-e-chega-de-se-aliarem-para-governar-pelo-parlamento\/#breadcrumb\",\"itemListElement\":[{\"@type\":\"ListItem\",\"position\":1,\"name\":\"In\u00edcio\",\"item\":\"https:\/\/portaltela.pt\/\"},{\"@type\":\"ListItem\",\"position\":2,\"name\":\"PSD acusa PS e Chega de se aliarem para governar pelo parlamento\"}]},{\"@type\":\"WebSite\",\"@id\":\"https:\/\/portaltela.pt\/#website\",\"url\":\"https:\/\/portaltela.pt\/\",\"name\":\"Portal Tela Portugal\",\"description\":\"\",\"potentialAction\":[{\"@type\":\"SearchAction\",\"target\":{\"@type\":\"EntryPoint\",\"urlTemplate\":\"https:\/\/portaltela.pt\/?s={search_term_string}\"},\"query-input\":{\"@type\":\"PropertyValueSpecification\",\"valueRequired\":true,\"valueName\":\"search_term_string\"}}],\"inLanguage\":\"pt-PT\"},{\"@type\":\"Person\",\"@id\":\"https:\/\/portaltela.pt\/#\/schema\/person\/c4278d4a6028830caff9ee44b42d32ed\",\"name\":\"Telinha\",\"image\":{\"@type\":\"ImageObject\",\"inLanguage\":\"pt-PT\",\"@id\":\"https:\/\/portaltela.pt\/s.01k8rhncp4jt1\/2025\/11\/talking-bot-125x125.png\",\"url\":\"https:\/\/portaltela.pt\/s.01k8rhncp4jt1\/2025\/11\/talking-bot-125x125.png\",\"contentUrl\":\"https:\/\/portaltela.pt\/s.01k8rhncp4jt1\/2025\/11\/talking-bot-125x125.png\",\"caption\":\"Telinha\"},\"sameAs\":[\"https:\/\/portaltela.pt\/\"],\"url\":\"https:\/\/portaltela.pt\/por\/367410592786\/\"}]}<\/script>\n<!-- \/ Yoast SEO plugin. -->","yoast_head_json":{"title":"PSD acusa PS e Chega de se aliarem para governar pelo parlamento - Portal Tela Portugal","robots":{"index":"index","follow":"follow","max-snippet":"max-snippet:-1","max-image-preview":"max-image-preview:large","max-video-preview":"max-video-preview:-1"},"og_locale":"pt_PT","og_type":"article","og_title":"PSD acusa PS e Chega de se aliarem para governar pelo parlamento - Portal Tela Portugal","og_description":"O PSD acusa PS e Chega de \u201cvoltar a casar\u201d para governar via parlamento, ap\u00f3s altera\u00e7\u00f5es ao regime do Subs\u00eddio Social de Mobilidade (SSM). As altera\u00e7\u00f5es permitem acesso ao SSM sem exigir regulariza\u00e7\u00e3o perante o fisco e a Seguran\u00e7a Social, o que os A\u00e7ores e a Madeira defendiam, e foram aprovadas na generalidade com o voto favor\u00e1vel do PS e do Chega. PSD e CDS-PP ficaram isolados na defesa de que o apoio p\u00fablico deve ficar condicionado \u00e0 situa\u00e7\u00e3o fiscal regularizada; v\u00e1rias bancadas votaram conforme o projeto das regi\u00f5es aut\u00f3nomas. PS e Chega votaram juntos na generalidade, com o Chega a dizer que est\u00e1 de acordo pela primeira vez, e o PS a justificar a altera\u00e7\u00e3o como uma adapta\u00e7\u00e3o ao modelo existente. Deputados de outras bancadas criticaram a nova condi\u00e7\u00e3o de n\u00e3o ter d\u00edvidas para receber o SSM, dizendo que \u00e9 injusta e equivalente a coer\u00e7\u00e3o fiscal, enquanto o PSD contestou a coer\u00eancia do Chega e do PS.","og_url":"https:\/\/portaltela.pt\/noticias\/2026\/02\/18\/psd-acusa-ps-e-chega-de-se-aliarem-para-governar-pelo-parlamento\/","og_site_name":"Portal Tela Portugal","article_published_time":"2026-02-18T20:17:00+00:00","author":"Telinha","twitter_card":"summary_large_image","twitter_misc":{"Escrito por":"Telinha","Tempo estimado de leitura":"2 minutos"},"schema":{"@context":"https:\/\/schema.org","@graph":[{"@type":"Article","@id":"https:\/\/portaltela.pt\/noticias\/2026\/02\/18\/psd-acusa-ps-e-chega-de-se-aliarem-para-governar-pelo-parlamento\/#article","isPartOf":{"@id":"https:\/\/portaltela.pt\/noticias\/2026\/02\/18\/psd-acusa-ps-e-chega-de-se-aliarem-para-governar-pelo-parlamento\/"},"author":{"name":"Telinha","@id":"https:\/\/portaltela.pt\/#\/schema\/person\/c4278d4a6028830caff9ee44b42d32ed"},"headline":"PSD acusa PS e Chega de se aliarem para governar pelo parlamento","datePublished":"2026-02-18T20:17:00+00:00","mainEntityOfPage":{"@id":"https:\/\/portaltela.pt\/noticias\/2026\/02\/18\/psd-acusa-ps-e-chega-de-se-aliarem-para-governar-pelo-parlamento\/"},"wordCount":442,"image":{"@id":"https:\/\/portaltela.pt\/noticias\/2026\/02\/18\/psd-acusa-ps-e-chega-de-se-aliarem-para-governar-pelo-parlamento\/#primaryimage"},"thumbnailUrl":"https:\/\/portaltela.pt\/s.01k8rhncp4jt1\/2026\/02\/image-1362.jpg","keywords":["A\u00e7ores","Madeira","pol\u00edtica","PS","PSD","Subs\u00eddio Social"],"articleSection":["Not\u00edcias","Pol\u00edtica"],"inLanguage":"pt-PT"},{"@type":"WebPage","@id":"https:\/\/portaltela.pt\/noticias\/2026\/02\/18\/psd-acusa-ps-e-chega-de-se-aliarem-para-governar-pelo-parlamento\/","url":"https:\/\/portaltela.pt\/noticias\/2026\/02\/18\/psd-acusa-ps-e-chega-de-se-aliarem-para-governar-pelo-parlamento\/","name":"PSD acusa PS e Chega de se aliarem para governar pelo parlamento - Portal Tela Portugal","isPartOf":{"@id":"https:\/\/portaltela.pt\/#website"},"primaryImageOfPage":{"@id":"https:\/\/portaltela.pt\/noticias\/2026\/02\/18\/psd-acusa-ps-e-chega-de-se-aliarem-para-governar-pelo-parlamento\/#primaryimage"},"image":{"@id":"https:\/\/portaltela.pt\/noticias\/2026\/02\/18\/psd-acusa-ps-e-chega-de-se-aliarem-para-governar-pelo-parlamento\/#primaryimage"},"thumbnailUrl":"https:\/\/portaltela.pt\/s.01k8rhncp4jt1\/2026\/02\/image-1362.jpg","datePublished":"2026-02-18T20:17:00+00:00","author":{"@id":"https:\/\/portaltela.pt\/#\/schema\/person\/c4278d4a6028830caff9ee44b42d32ed"},"breadcrumb":{"@id":"https:\/\/portaltela.pt\/noticias\/2026\/02\/18\/psd-acusa-ps-e-chega-de-se-aliarem-para-governar-pelo-parlamento\/#breadcrumb"},"inLanguage":"pt-PT","potentialAction":[{"@type":"ReadAction","target":["https:\/\/portaltela.pt\/noticias\/2026\/02\/18\/psd-acusa-ps-e-chega-de-se-aliarem-para-governar-pelo-parlamento\/"]}]},{"@type":"ImageObject","inLanguage":"pt-PT","@id":"https:\/\/portaltela.pt\/noticias\/2026\/02\/18\/psd-acusa-ps-e-chega-de-se-aliarem-para-governar-pelo-parlamento\/#primaryimage","url":"https:\/\/portaltela.pt\/s.01k8rhncp4jt1\/2026\/02\/image-1362.jpg","contentUrl":"https:\/\/portaltela.pt\/s.01k8rhncp4jt1\/2026\/02\/image-1362.jpg","width":796,"height":448,"caption":"O l\u00edder parlamentar do PSD, Hugo Soares"},{"@type":"BreadcrumbList","@id":"https:\/\/portaltela.pt\/noticias\/2026\/02\/18\/psd-acusa-ps-e-chega-de-se-aliarem-para-governar-pelo-parlamento\/#breadcrumb","itemListElement":[{"@type":"ListItem","position":1,"name":"In\u00edcio","item":"https:\/\/portaltela.pt\/"},{"@type":"ListItem","position":2,"name":"PSD acusa PS e Chega de se aliarem para governar pelo parlamento"}]},{"@type":"WebSite","@id":"https:\/\/portaltela.pt\/#website","url":"https:\/\/portaltela.pt\/","name":"Portal Tela Portugal","description":"","potentialAction":[{"@type":"SearchAction","target":{"@type":"EntryPoint","urlTemplate":"https:\/\/portaltela.pt\/?s={search_term_string}"},"query-input":{"@type":"PropertyValueSpecification","valueRequired":true,"valueName":"search_term_string"}}],"inLanguage":"pt-PT"},{"@type":"Person","@id":"https:\/\/portaltela.pt\/#\/schema\/person\/c4278d4a6028830caff9ee44b42d32ed","name":"Telinha","image":{"@type":"ImageObject","inLanguage":"pt-PT","@id":"https:\/\/portaltela.pt\/s.01k8rhncp4jt1\/2025\/11\/talking-bot-125x125.png","url":"https:\/\/portaltela.pt\/s.01k8rhncp4jt1\/2025\/11\/talking-bot-125x125.png","contentUrl":"https:\/\/portaltela.pt\/s.01k8rhncp4jt1\/2025\/11\/talking-bot-125x125.png","caption":"Telinha"},"sameAs":["https:\/\/portaltela.pt\/"],"url":"https:\/\/portaltela.pt\/por\/367410592786\/"}]}},"_links":{"self":[{"href":"https:\/\/portaltela.pt\/api\/wp\/v2\/posts\/216662","targetHints":{"allow":["GET"]}}],"collection":[{"href":"https:\/\/portaltela.pt\/api\/wp\/v2\/posts"}],"about":[{"href":"https:\/\/portaltela.pt\/api\/wp\/v2\/types\/post"}],"author":[{"embeddable":true,"href":"https:\/\/portaltela.pt\/api\/wp\/v2\/users\/2"}],"replies":[{"embeddable":true,"href":"https:\/\/portaltela.pt\/api\/wp\/v2\/comments?post=216662"}],"version-history":[{"count":0,"href":"https:\/\/portaltela.pt\/api\/wp\/v2\/posts\/216662\/revisions"}],"wp:featuredmedia":[{"embeddable":true,"href":"https:\/\/portaltela.pt\/api\/wp\/v2\/media\/216663"}],"wp:attachment":[{"href":"https:\/\/portaltela.pt\/api\/wp\/v2\/media?parent=216662"}],"wp:term":[{"taxonomy":"category","embeddable":true,"href":"https:\/\/portaltela.pt\/api\/wp\/v2\/categories?post=216662"},{"taxonomy":"post_tag","embeddable":true,"href":"https:\/\/portaltela.pt\/api\/wp\/v2\/tags?post=216662"}],"curies":[{"name":"wp","href":"https:\/\/api.w.org\/{rel}","templated":true}]}}