{"id":216635,"date":"2026-02-18T17:08:00","date_gmt":"2026-02-18T20:08:00","guid":{"rendered":"https:\/\/portaltela.pt\/noticias\/2026\/02\/18\/o-que-vao-fazer-os-candidatos-presidenciais-a-seguir\/"},"modified":"2026-02-18T17:08:00","modified_gmt":"2026-02-18T20:08:00","slug":"o-que-vao-fazer-os-candidatos-presidenciais-a-seguir","status":"publish","type":"post","link":"https:\/\/portaltela.pt\/noticias\/politica\/2026\/02\/18\/o-que-vao-fazer-os-candidatos-presidenciais-a-seguir\/","title":{"rendered":"O que v\u00e3o fazer os candidatos presidenciais a seguir"},"content":{"rendered":"<p>V\u00e1rios candidatos \u00e0s presidenciais que perderam as elei\u00e7\u00f5es regressaram \u00e0s suas fun\u00e7\u00f5es pol\u00edticas ap\u00f3s as duas voltas. Alguns mant\u00eam pap\u00e9is como dirigentes partid\u00e1rios, deputados ou eurodeputados.<\/p>\n<p>Outros est\u00e3o a criar movimentos pol\u00edticos e a preparar uma nova candidatura a Bel\u00e9m para futuras elei\u00e7\u00f5es.<\/p>\n<p>Entre as atividades paralelas, h\u00e1 quem se dedique \u00e0 escrita de livros, ao desenho ou \u00e0 participa\u00e7\u00e3o em espa\u00e7os de comentariado.<\/p>\n","protected":false},"excerpt":{"rendered":"<ul>\n<li>V\u00e1rios candidatos \u00e0s presidenciais que perderam regressaram \u00e0s suas fun\u00e7\u00f5es pol\u00edticas, mantendo cargos j\u00e1 existentes, como l\u00edderes partid\u00e1rios, deputados ou eurodeputados.<\/li>\n<li>Outros est\u00e3o a criar movimentos pol\u00edticos e a preparar uma nova candidatura a Bel\u00e9m.<\/li>\n<li>Entre os que voltam \u00e0 atividade pol\u00edtica, h\u00e1 quem se dedique tamb\u00e9m a desenhar ou a escrever.<\/li>\n<li>O retorno aos cargos ocorreu ap\u00f3s a conclus\u00e3o da primeira e da segunda voltas.<\/li>\n<li>O foco dos candidatos varia entre manter a lideran\u00e7a partid\u00e1ria, fundar novas estruturas e apostar em projetos criativos.<\/li>\n<\/ul>\n","protected":false},"author":2,"featured_media":216643,"comment_status":"closed","ping_status":"closed","sticky":false,"template":"","format":"standard","meta":{"footnotes":""},"categories":[1,5],"tags":[2801,68,130,1732,2832,30],"class_list":["post-216635","post","type-post","status-publish","format-standard","has-post-thumbnail","hentry","category-noticias","category-politica","tag-desenho","tag-eleicoes","tag-livros","tag-partidos","tag-politica","tag-presidente"],"yoast_head":"<!-- This site is optimized with the Yoast SEO plugin v27.2 - https:\/\/yoast.com\/product\/yoast-seo-wordpress\/ -->\n<title>O que v\u00e3o fazer os candidatos presidenciais a seguir - Portal Tela Portugal<\/title>\n<meta name=\"robots\" content=\"index, follow, max-snippet:-1, max-image-preview:large, max-video-preview:-1\" \/>\n<meta property=\"og:locale\" content=\"pt_PT\" \/>\n<meta property=\"og:type\" content=\"article\" \/>\n<meta property=\"og:title\" content=\"O que v\u00e3o fazer os candidatos presidenciais a seguir - Portal Tela Portugal\" \/>\n<meta property=\"og:description\" content=\"V\u00e1rios candidatos \u00e0s presidenciais que perderam regressaram \u00e0s suas fun\u00e7\u00f5es pol\u00edticas, mantendo cargos j\u00e1 existentes, como l\u00edderes partid\u00e1rios, deputados ou eurodeputados. Outros est\u00e3o a criar movimentos pol\u00edticos e a preparar uma nova candidatura a Bel\u00e9m. Entre os que voltam \u00e0 atividade pol\u00edtica, h\u00e1 quem se dedique tamb\u00e9m a desenhar ou a escrever. O retorno aos cargos ocorreu ap\u00f3s a conclus\u00e3o da primeira e da segunda voltas. O foco dos candidatos varia entre manter a lideran\u00e7a partid\u00e1ria, fundar novas estruturas e apostar em projetos criativos.\" \/>\n<meta property=\"og:url\" content=\"https:\/\/portaltela.pt\/noticias\/2026\/02\/18\/o-que-vao-fazer-os-candidatos-presidenciais-a-seguir\/\" \/>\n<meta property=\"og:site_name\" content=\"Portal Tela Portugal\" \/>\n<meta property=\"article:published_time\" content=\"2026-02-18T20:08:00+00:00\" \/>\n<meta name=\"author\" content=\"Telinha\" \/>\n<meta name=\"twitter:card\" content=\"summary_large_image\" \/>\n<meta name=\"twitter:label1\" content=\"Escrito por\" \/>\n\t<meta name=\"twitter:data1\" content=\"Telinha\" \/>\n<script type=\"application\/ld+json\" class=\"yoast-schema-graph\">{\"@context\":\"https:\/\/schema.org\",\"@graph\":[{\"@type\":\"Article\",\"@id\":\"https:\/\/portaltela.pt\/noticias\/2026\/02\/18\/o-que-vao-fazer-os-candidatos-presidenciais-a-seguir\/#article\",\"isPartOf\":{\"@id\":\"https:\/\/portaltela.pt\/noticias\/2026\/02\/18\/o-que-vao-fazer-os-candidatos-presidenciais-a-seguir\/\"},\"author\":{\"name\":\"Telinha\",\"@id\":\"https:\/\/portaltela.pt\/#\/schema\/person\/c4278d4a6028830caff9ee44b42d32ed\"},\"headline\":\"O que v\u00e3o fazer os candidatos presidenciais a seguir\",\"datePublished\":\"2026-02-18T20:08:00+00:00\",\"mainEntityOfPage\":{\"@id\":\"https:\/\/portaltela.pt\/noticias\/2026\/02\/18\/o-que-vao-fazer-os-candidatos-presidenciais-a-seguir\/\"},\"wordCount\":86,\"image\":{\"@id\":\"https:\/\/portaltela.pt\/noticias\/2026\/02\/18\/o-que-vao-fazer-os-candidatos-presidenciais-a-seguir\/#primaryimage\"},\"thumbnailUrl\":\"https:\/\/portaltela.pt\/s.01k8rhncp4jt1\/2026\/02\/2067811.jpg\",\"keywords\":[\"desenho\",\"elei\u00e7\u00f5es\",\"livros\",\"partidos\",\"pol\u00edtica\",\"presidente\"],\"articleSection\":[\"Not\u00edcias\",\"Pol\u00edtica\"],\"inLanguage\":\"pt-PT\"},{\"@type\":\"WebPage\",\"@id\":\"https:\/\/portaltela.pt\/noticias\/2026\/02\/18\/o-que-vao-fazer-os-candidatos-presidenciais-a-seguir\/\",\"url\":\"https:\/\/portaltela.pt\/noticias\/2026\/02\/18\/o-que-vao-fazer-os-candidatos-presidenciais-a-seguir\/\",\"name\":\"O que v\u00e3o fazer os candidatos presidenciais a seguir - Portal Tela Portugal\",\"isPartOf\":{\"@id\":\"https:\/\/portaltela.pt\/#website\"},\"primaryImageOfPage\":{\"@id\":\"https:\/\/portaltela.pt\/noticias\/2026\/02\/18\/o-que-vao-fazer-os-candidatos-presidenciais-a-seguir\/#primaryimage\"},\"image\":{\"@id\":\"https:\/\/portaltela.pt\/noticias\/2026\/02\/18\/o-que-vao-fazer-os-candidatos-presidenciais-a-seguir\/#primaryimage\"},\"thumbnailUrl\":\"https:\/\/portaltela.pt\/s.01k8rhncp4jt1\/2026\/02\/2067811.jpg\",\"datePublished\":\"2026-02-18T20:08:00+00:00\",\"author\":{\"@id\":\"https:\/\/portaltela.pt\/#\/schema\/person\/c4278d4a6028830caff9ee44b42d32ed\"},\"breadcrumb\":{\"@id\":\"https:\/\/portaltela.pt\/noticias\/2026\/02\/18\/o-que-vao-fazer-os-candidatos-presidenciais-a-seguir\/#breadcrumb\"},\"inLanguage\":\"pt-PT\",\"potentialAction\":[{\"@type\":\"ReadAction\",\"target\":[\"https:\/\/portaltela.pt\/noticias\/2026\/02\/18\/o-que-vao-fazer-os-candidatos-presidenciais-a-seguir\/\"]}]},{\"@type\":\"ImageObject\",\"inLanguage\":\"pt-PT\",\"@id\":\"https:\/\/portaltela.pt\/noticias\/2026\/02\/18\/o-que-vao-fazer-os-candidatos-presidenciais-a-seguir\/#primaryimage\",\"url\":\"https:\/\/portaltela.pt\/s.01k8rhncp4jt1\/2026\/02\/2067811.jpg\",\"contentUrl\":\"https:\/\/portaltela.pt\/s.01k8rhncp4jt1\/2026\/02\/2067811.jpg\",\"width\":796,\"height\":448,\"caption\":\"Andr\u00e9 Ventura assumiu as fun\u00e7\u00f5es de l\u00edder partid\u00e1rio e deputado\"},{\"@type\":\"BreadcrumbList\",\"@id\":\"https:\/\/portaltela.pt\/noticias\/2026\/02\/18\/o-que-vao-fazer-os-candidatos-presidenciais-a-seguir\/#breadcrumb\",\"itemListElement\":[{\"@type\":\"ListItem\",\"position\":1,\"name\":\"In\u00edcio\",\"item\":\"https:\/\/portaltela.pt\/\"},{\"@type\":\"ListItem\",\"position\":2,\"name\":\"O que v\u00e3o fazer os candidatos presidenciais a seguir\"}]},{\"@type\":\"WebSite\",\"@id\":\"https:\/\/portaltela.pt\/#website\",\"url\":\"https:\/\/portaltela.pt\/\",\"name\":\"Portal Tela Portugal\",\"description\":\"\",\"potentialAction\":[{\"@type\":\"SearchAction\",\"target\":{\"@type\":\"EntryPoint\",\"urlTemplate\":\"https:\/\/portaltela.pt\/?s={search_term_string}\"},\"query-input\":{\"@type\":\"PropertyValueSpecification\",\"valueRequired\":true,\"valueName\":\"search_term_string\"}}],\"inLanguage\":\"pt-PT\"},{\"@type\":\"Person\",\"@id\":\"https:\/\/portaltela.pt\/#\/schema\/person\/c4278d4a6028830caff9ee44b42d32ed\",\"name\":\"Telinha\",\"image\":{\"@type\":\"ImageObject\",\"inLanguage\":\"pt-PT\",\"@id\":\"https:\/\/portaltela.pt\/s.01k8rhncp4jt1\/2025\/11\/talking-bot-125x125.png\",\"url\":\"https:\/\/portaltela.pt\/s.01k8rhncp4jt1\/2025\/11\/talking-bot-125x125.png\",\"contentUrl\":\"https:\/\/portaltela.pt\/s.01k8rhncp4jt1\/2025\/11\/talking-bot-125x125.png\",\"caption\":\"Telinha\"},\"sameAs\":[\"https:\/\/portaltela.pt\/\"],\"url\":\"https:\/\/portaltela.pt\/por\/367410592786\/\"}]}<\/script>\n<!-- \/ Yoast SEO plugin. -->","yoast_head_json":{"title":"O que v\u00e3o fazer os candidatos presidenciais a seguir - Portal Tela Portugal","robots":{"index":"index","follow":"follow","max-snippet":"max-snippet:-1","max-image-preview":"max-image-preview:large","max-video-preview":"max-video-preview:-1"},"og_locale":"pt_PT","og_type":"article","og_title":"O que v\u00e3o fazer os candidatos presidenciais a seguir - Portal Tela Portugal","og_description":"V\u00e1rios candidatos \u00e0s presidenciais que perderam regressaram \u00e0s suas fun\u00e7\u00f5es pol\u00edticas, mantendo cargos j\u00e1 existentes, como l\u00edderes partid\u00e1rios, deputados ou eurodeputados. Outros est\u00e3o a criar movimentos pol\u00edticos e a preparar uma nova candidatura a Bel\u00e9m. Entre os que voltam \u00e0 atividade pol\u00edtica, h\u00e1 quem se dedique tamb\u00e9m a desenhar ou a escrever. O retorno aos cargos ocorreu ap\u00f3s a conclus\u00e3o da primeira e da segunda voltas. O foco dos candidatos varia entre manter a lideran\u00e7a partid\u00e1ria, fundar novas estruturas e apostar em projetos criativos.","og_url":"https:\/\/portaltela.pt\/noticias\/2026\/02\/18\/o-que-vao-fazer-os-candidatos-presidenciais-a-seguir\/","og_site_name":"Portal Tela Portugal","article_published_time":"2026-02-18T20:08:00+00:00","author":"Telinha","twitter_card":"summary_large_image","twitter_misc":{"Escrito por":"Telinha"},"schema":{"@context":"https:\/\/schema.org","@graph":[{"@type":"Article","@id":"https:\/\/portaltela.pt\/noticias\/2026\/02\/18\/o-que-vao-fazer-os-candidatos-presidenciais-a-seguir\/#article","isPartOf":{"@id":"https:\/\/portaltela.pt\/noticias\/2026\/02\/18\/o-que-vao-fazer-os-candidatos-presidenciais-a-seguir\/"},"author":{"name":"Telinha","@id":"https:\/\/portaltela.pt\/#\/schema\/person\/c4278d4a6028830caff9ee44b42d32ed"},"headline":"O que v\u00e3o fazer os candidatos presidenciais a seguir","datePublished":"2026-02-18T20:08:00+00:00","mainEntityOfPage":{"@id":"https:\/\/portaltela.pt\/noticias\/2026\/02\/18\/o-que-vao-fazer-os-candidatos-presidenciais-a-seguir\/"},"wordCount":86,"image":{"@id":"https:\/\/portaltela.pt\/noticias\/2026\/02\/18\/o-que-vao-fazer-os-candidatos-presidenciais-a-seguir\/#primaryimage"},"thumbnailUrl":"https:\/\/portaltela.pt\/s.01k8rhncp4jt1\/2026\/02\/2067811.jpg","keywords":["desenho","elei\u00e7\u00f5es","livros","partidos","pol\u00edtica","presidente"],"articleSection":["Not\u00edcias","Pol\u00edtica"],"inLanguage":"pt-PT"},{"@type":"WebPage","@id":"https:\/\/portaltela.pt\/noticias\/2026\/02\/18\/o-que-vao-fazer-os-candidatos-presidenciais-a-seguir\/","url":"https:\/\/portaltela.pt\/noticias\/2026\/02\/18\/o-que-vao-fazer-os-candidatos-presidenciais-a-seguir\/","name":"O que v\u00e3o fazer os candidatos presidenciais a seguir - Portal Tela Portugal","isPartOf":{"@id":"https:\/\/portaltela.pt\/#website"},"primaryImageOfPage":{"@id":"https:\/\/portaltela.pt\/noticias\/2026\/02\/18\/o-que-vao-fazer-os-candidatos-presidenciais-a-seguir\/#primaryimage"},"image":{"@id":"https:\/\/portaltela.pt\/noticias\/2026\/02\/18\/o-que-vao-fazer-os-candidatos-presidenciais-a-seguir\/#primaryimage"},"thumbnailUrl":"https:\/\/portaltela.pt\/s.01k8rhncp4jt1\/2026\/02\/2067811.jpg","datePublished":"2026-02-18T20:08:00+00:00","author":{"@id":"https:\/\/portaltela.pt\/#\/schema\/person\/c4278d4a6028830caff9ee44b42d32ed"},"breadcrumb":{"@id":"https:\/\/portaltela.pt\/noticias\/2026\/02\/18\/o-que-vao-fazer-os-candidatos-presidenciais-a-seguir\/#breadcrumb"},"inLanguage":"pt-PT","potentialAction":[{"@type":"ReadAction","target":["https:\/\/portaltela.pt\/noticias\/2026\/02\/18\/o-que-vao-fazer-os-candidatos-presidenciais-a-seguir\/"]}]},{"@type":"ImageObject","inLanguage":"pt-PT","@id":"https:\/\/portaltela.pt\/noticias\/2026\/02\/18\/o-que-vao-fazer-os-candidatos-presidenciais-a-seguir\/#primaryimage","url":"https:\/\/portaltela.pt\/s.01k8rhncp4jt1\/2026\/02\/2067811.jpg","contentUrl":"https:\/\/portaltela.pt\/s.01k8rhncp4jt1\/2026\/02\/2067811.jpg","width":796,"height":448,"caption":"Andr\u00e9 Ventura assumiu as fun\u00e7\u00f5es de l\u00edder partid\u00e1rio e deputado"},{"@type":"BreadcrumbList","@id":"https:\/\/portaltela.pt\/noticias\/2026\/02\/18\/o-que-vao-fazer-os-candidatos-presidenciais-a-seguir\/#breadcrumb","itemListElement":[{"@type":"ListItem","position":1,"name":"In\u00edcio","item":"https:\/\/portaltela.pt\/"},{"@type":"ListItem","position":2,"name":"O que v\u00e3o fazer os candidatos presidenciais a seguir"}]},{"@type":"WebSite","@id":"https:\/\/portaltela.pt\/#website","url":"https:\/\/portaltela.pt\/","name":"Portal Tela Portugal","description":"","potentialAction":[{"@type":"SearchAction","target":{"@type":"EntryPoint","urlTemplate":"https:\/\/portaltela.pt\/?s={search_term_string}"},"query-input":{"@type":"PropertyValueSpecification","valueRequired":true,"valueName":"search_term_string"}}],"inLanguage":"pt-PT"},{"@type":"Person","@id":"https:\/\/portaltela.pt\/#\/schema\/person\/c4278d4a6028830caff9ee44b42d32ed","name":"Telinha","image":{"@type":"ImageObject","inLanguage":"pt-PT","@id":"https:\/\/portaltela.pt\/s.01k8rhncp4jt1\/2025\/11\/talking-bot-125x125.png","url":"https:\/\/portaltela.pt\/s.01k8rhncp4jt1\/2025\/11\/talking-bot-125x125.png","contentUrl":"https:\/\/portaltela.pt\/s.01k8rhncp4jt1\/2025\/11\/talking-bot-125x125.png","caption":"Telinha"},"sameAs":["https:\/\/portaltela.pt\/"],"url":"https:\/\/portaltela.pt\/por\/367410592786\/"}]}},"_links":{"self":[{"href":"https:\/\/portaltela.pt\/api\/wp\/v2\/posts\/216635","targetHints":{"allow":["GET"]}}],"collection":[{"href":"https:\/\/portaltela.pt\/api\/wp\/v2\/posts"}],"about":[{"href":"https:\/\/portaltela.pt\/api\/wp\/v2\/types\/post"}],"author":[{"embeddable":true,"href":"https:\/\/portaltela.pt\/api\/wp\/v2\/users\/2"}],"replies":[{"embeddable":true,"href":"https:\/\/portaltela.pt\/api\/wp\/v2\/comments?post=216635"}],"version-history":[{"count":0,"href":"https:\/\/portaltela.pt\/api\/wp\/v2\/posts\/216635\/revisions"}],"wp:featuredmedia":[{"embeddable":true,"href":"https:\/\/portaltela.pt\/api\/wp\/v2\/media\/216643"}],"wp:attachment":[{"href":"https:\/\/portaltela.pt\/api\/wp\/v2\/media?parent=216635"}],"wp:term":[{"taxonomy":"category","embeddable":true,"href":"https:\/\/portaltela.pt\/api\/wp\/v2\/categories?post=216635"},{"taxonomy":"post_tag","embeddable":true,"href":"https:\/\/portaltela.pt\/api\/wp\/v2\/tags?post=216635"}],"curies":[{"name":"wp","href":"https:\/\/api.w.org\/{rel}","templated":true}]}}