{"id":216619,"date":"2026-02-18T17:07:00","date_gmt":"2026-02-18T20:07:00","guid":{"rendered":"https:\/\/portaltela.pt\/noticias\/2026\/02\/18\/multa-de-david-carreira-chega-ao-jn-com-detalhes-do-novo-album\/"},"modified":"2026-02-18T17:07:00","modified_gmt":"2026-02-18T20:07:00","slug":"multa-de-david-carreira-chega-ao-jn-com-detalhes-do-novo-album","status":"publish","type":"post","link":"https:\/\/portaltela.pt\/noticias\/2026\/02\/18\/multa-de-david-carreira-chega-ao-jn-com-detalhes-do-novo-album\/","title":{"rendered":"Multa, de David Carreira, chega ao JN com detalhes do novo \u00e1lbum"},"content":{"rendered":"<p>David Carreira esteve no Porto para apresentar detalhes do seu novo \u00e1lbum, previsto para este ano. Durante a visita ao Jornal de Not\u00edcias, o artista confirmou o lan\u00e7amento do single Multa, apresentado a 6 de fevereiro.<\/p>\n<p>O cantor revelou que, em 2027, far\u00e1 uma digress\u00e3o internacional, mantendo Portugal fora dos planos da tour. A escolha valoriza uma escala global mais curta, com foco em fatos que permitam ficar em est\u00fadio.<\/p>\n<p>Na passagem pela cidade invicta, Carreira surpreendeu f\u00e3s ao distribuir \u201cmultas\u201d com c\u00f3digo QR. Os c\u00f3digos davam acesso a passatempos exclusivos, incluindo a hip\u00f3tese de ganhar AirPods ou de jantar com o artista, com apresenta\u00e7\u00f5es de m\u00fasicas ainda n\u00e3o reveladas.<\/p>\n<p>O d\u00e9cimo \u00e1lbum est\u00e1 ligado a uma miniss\u00e9rie que o pr\u00f3prio m\u00fasico est\u00e1 a produzir, segundo a ideia de que cada single funciona como um epis\u00f3dio da narrativa audiovisual. O conceito cruza m\u00fasica e imagem num projeto \u00fanico.<\/p>\n<p>A digress\u00e3o internacional foi anunciada como a fase seguinte, com dura\u00e7\u00e3o mais curta para conciliar grava\u00e7\u00f5es e a vida pessoal, nomeadamente a paternidade. Carreira afirma que, mesmo gravando em casa, o filho Lucas aprova o trabalho.<\/p>\n<p>Sobre as colabora\u00e7\u00f5es, o artista n\u00e3o divulgou nomes. O \u00e1lbum \u00e9 descrito como um regresso \u00e0s ra\u00edzes, com mais cora\u00e7\u00e3o e foco no essencial. A primeira parte do projeto est\u00e1 prevista para este ano, a segunda para 2027.<\/p>\n","protected":false},"excerpt":{"rendered":"<ul>\n<li>David Carreira esteve no Porto para promover o novo single &#8220;Multa&#8221;, lan\u00e7ado a 6 de fevereiro, junto de f\u00e3s no Norte.<\/li>\n<li>O d\u00e9cimo \u00e1lbum ser\u00e1 lan\u00e7ado este ano e est\u00e1 ligado a uma miniss\u00e9rie de narrativa audiovisual; a digress\u00e3o internacional de 2027 far\u00e1 com que Portugal fique de fora dos planos.<\/li>\n<li>Durante o backstage, o m\u00fasico distribuiu \u201cmultas boas\u201d com c\u00f3digos QR que apontam para passatempos exclusivos, oferecendo AirPods da Apple e um jantar com o cantor para apresentar m\u00fasicas ainda n\u00e3o divulgadas.<\/li>\n<li>O \u00e1lbum \u00e9 descrito como uma uni\u00e3o entre m\u00fasica e narrativa, com o artista a retornar \u00e0s suas origens, gravando em casa, e o filho Lucas a aprovar o projeto.<\/li>\n<li>O plano \u00e9 lan\u00e7ar a primeira fase ainda este ano e a segunda em 2027, sem divulgar nomes de colabora\u00e7\u00f5es.<\/li>\n<\/ul>\n","protected":false},"author":2,"featured_media":216625,"comment_status":"closed","ping_status":"closed","sticky":false,"template":"","format":"standard","meta":{"footnotes":""},"categories":[12,1],"tags":[5064,4886,2927,122,982,1014],"class_list":["post-216619","post","type-post","status-publish","format-standard","has-post-thumbnail","hentry","category-entretenimento","category-noticias","tag-artistas-internacionais","tag-digressoes","tag-minisserie","tag-musica","tag-porto","tag-portugal"],"yoast_head":"<!-- This site is optimized with the Yoast SEO plugin v27.2 - https:\/\/yoast.com\/product\/yoast-seo-wordpress\/ -->\n<title>Multa, de David Carreira, chega ao JN com detalhes do novo \u00e1lbum - Portal Tela Portugal<\/title>\n<meta name=\"robots\" content=\"index, follow, max-snippet:-1, max-image-preview:large, max-video-preview:-1\" \/>\n<meta property=\"og:locale\" content=\"pt_PT\" \/>\n<meta property=\"og:type\" content=\"article\" \/>\n<meta property=\"og:title\" content=\"Multa, de David Carreira, chega ao JN com detalhes do novo \u00e1lbum - Portal Tela Portugal\" \/>\n<meta property=\"og:description\" content=\"David Carreira esteve no Porto para promover o novo single &quot;Multa&quot;, lan\u00e7ado a 6 de fevereiro, junto de f\u00e3s no Norte. O d\u00e9cimo \u00e1lbum ser\u00e1 lan\u00e7ado este ano e est\u00e1 ligado a uma miniss\u00e9rie de narrativa audiovisual; a digress\u00e3o internacional de 2027 far\u00e1 com que Portugal fique de fora dos planos. Durante o backstage, o m\u00fasico distribuiu \u201cmultas boas\u201d com c\u00f3digos QR que apontam para passatempos exclusivos, oferecendo AirPods da Apple e um jantar com o cantor para apresentar m\u00fasicas ainda n\u00e3o divulgadas. O \u00e1lbum \u00e9 descrito como uma uni\u00e3o entre m\u00fasica e narrativa, com o artista a retornar \u00e0s suas origens, gravando em casa, e o filho Lucas a aprovar o projeto. O plano \u00e9 lan\u00e7ar a primeira fase ainda este ano e a segunda em 2027, sem divulgar nomes de colabora\u00e7\u00f5es.\" \/>\n<meta property=\"og:url\" content=\"https:\/\/portaltela.pt\/noticias\/2026\/02\/18\/multa-de-david-carreira-chega-ao-jn-com-detalhes-do-novo-album\/\" \/>\n<meta property=\"og:site_name\" content=\"Portal Tela Portugal\" \/>\n<meta property=\"article:published_time\" content=\"2026-02-18T20:07:00+00:00\" \/>\n<meta name=\"author\" content=\"Telinha\" \/>\n<meta name=\"twitter:card\" content=\"summary_large_image\" \/>\n<meta name=\"twitter:label1\" content=\"Escrito por\" \/>\n\t<meta name=\"twitter:data1\" content=\"Telinha\" \/>\n\t<meta name=\"twitter:label2\" content=\"Tempo estimado de leitura\" \/>\n\t<meta name=\"twitter:data2\" content=\"1 minuto\" \/>\n<script type=\"application\/ld+json\" class=\"yoast-schema-graph\">{\"@context\":\"https:\/\/schema.org\",\"@graph\":[{\"@type\":\"Article\",\"@id\":\"https:\/\/portaltela.pt\/noticias\/2026\/02\/18\/multa-de-david-carreira-chega-ao-jn-com-detalhes-do-novo-album\/#article\",\"isPartOf\":{\"@id\":\"https:\/\/portaltela.pt\/noticias\/2026\/02\/18\/multa-de-david-carreira-chega-ao-jn-com-detalhes-do-novo-album\/\"},\"author\":{\"name\":\"Telinha\",\"@id\":\"https:\/\/portaltela.pt\/#\/schema\/person\/c4278d4a6028830caff9ee44b42d32ed\"},\"headline\":\"Multa, de David Carreira, chega ao JN com detalhes do novo \u00e1lbum\",\"datePublished\":\"2026-02-18T20:07:00+00:00\",\"mainEntityOfPage\":{\"@id\":\"https:\/\/portaltela.pt\/noticias\/2026\/02\/18\/multa-de-david-carreira-chega-ao-jn-com-detalhes-do-novo-album\/\"},\"wordCount\":254,\"image\":{\"@id\":\"https:\/\/portaltela.pt\/noticias\/2026\/02\/18\/multa-de-david-carreira-chega-ao-jn-com-detalhes-do-novo-album\/#primaryimage\"},\"thumbnailUrl\":\"https:\/\/portaltela.pt\/s.01k8rhncp4jt1\/2026\/02\/image-1360.jpg\",\"keywords\":[\"artistas internacionais\",\"digress\u00f5es\",\"miniss\u00e9rie\",\"m\u00fasica\",\"Porto\",\"Portugal\"],\"articleSection\":[\"Entretenimento\",\"Not\u00edcias\"],\"inLanguage\":\"pt-PT\"},{\"@type\":\"WebPage\",\"@id\":\"https:\/\/portaltela.pt\/noticias\/2026\/02\/18\/multa-de-david-carreira-chega-ao-jn-com-detalhes-do-novo-album\/\",\"url\":\"https:\/\/portaltela.pt\/noticias\/2026\/02\/18\/multa-de-david-carreira-chega-ao-jn-com-detalhes-do-novo-album\/\",\"name\":\"Multa, de David Carreira, chega ao JN com detalhes do novo \u00e1lbum - Portal Tela Portugal\",\"isPartOf\":{\"@id\":\"https:\/\/portaltela.pt\/#website\"},\"primaryImageOfPage\":{\"@id\":\"https:\/\/portaltela.pt\/noticias\/2026\/02\/18\/multa-de-david-carreira-chega-ao-jn-com-detalhes-do-novo-album\/#primaryimage\"},\"image\":{\"@id\":\"https:\/\/portaltela.pt\/noticias\/2026\/02\/18\/multa-de-david-carreira-chega-ao-jn-com-detalhes-do-novo-album\/#primaryimage\"},\"thumbnailUrl\":\"https:\/\/portaltela.pt\/s.01k8rhncp4jt1\/2026\/02\/image-1360.jpg\",\"datePublished\":\"2026-02-18T20:07:00+00:00\",\"author\":{\"@id\":\"https:\/\/portaltela.pt\/#\/schema\/person\/c4278d4a6028830caff9ee44b42d32ed\"},\"breadcrumb\":{\"@id\":\"https:\/\/portaltela.pt\/noticias\/2026\/02\/18\/multa-de-david-carreira-chega-ao-jn-com-detalhes-do-novo-album\/#breadcrumb\"},\"inLanguage\":\"pt-PT\",\"potentialAction\":[{\"@type\":\"ReadAction\",\"target\":[\"https:\/\/portaltela.pt\/noticias\/2026\/02\/18\/multa-de-david-carreira-chega-ao-jn-com-detalhes-do-novo-album\/\"]}]},{\"@type\":\"ImageObject\",\"inLanguage\":\"pt-PT\",\"@id\":\"https:\/\/portaltela.pt\/noticias\/2026\/02\/18\/multa-de-david-carreira-chega-ao-jn-com-detalhes-do-novo-album\/#primaryimage\",\"url\":\"https:\/\/portaltela.pt\/s.01k8rhncp4jt1\/2026\/02\/image-1360.jpg\",\"contentUrl\":\"https:\/\/portaltela.pt\/s.01k8rhncp4jt1\/2026\/02\/image-1360.jpg\",\"width\":796,\"height\":448,\"caption\":\"David Carreira esteve na reda\u00e7\u00e3o do Jornal de Not\u00edcias\"},{\"@type\":\"BreadcrumbList\",\"@id\":\"https:\/\/portaltela.pt\/noticias\/2026\/02\/18\/multa-de-david-carreira-chega-ao-jn-com-detalhes-do-novo-album\/#breadcrumb\",\"itemListElement\":[{\"@type\":\"ListItem\",\"position\":1,\"name\":\"In\u00edcio\",\"item\":\"https:\/\/portaltela.pt\/\"},{\"@type\":\"ListItem\",\"position\":2,\"name\":\"Multa, de David Carreira, chega ao JN com detalhes do novo \u00e1lbum\"}]},{\"@type\":\"WebSite\",\"@id\":\"https:\/\/portaltela.pt\/#website\",\"url\":\"https:\/\/portaltela.pt\/\",\"name\":\"Portal Tela Portugal\",\"description\":\"\",\"potentialAction\":[{\"@type\":\"SearchAction\",\"target\":{\"@type\":\"EntryPoint\",\"urlTemplate\":\"https:\/\/portaltela.pt\/?s={search_term_string}\"},\"query-input\":{\"@type\":\"PropertyValueSpecification\",\"valueRequired\":true,\"valueName\":\"search_term_string\"}}],\"inLanguage\":\"pt-PT\"},{\"@type\":\"Person\",\"@id\":\"https:\/\/portaltela.pt\/#\/schema\/person\/c4278d4a6028830caff9ee44b42d32ed\",\"name\":\"Telinha\",\"image\":{\"@type\":\"ImageObject\",\"inLanguage\":\"pt-PT\",\"@id\":\"https:\/\/portaltela.pt\/s.01k8rhncp4jt1\/2025\/11\/talking-bot-125x125.png\",\"url\":\"https:\/\/portaltela.pt\/s.01k8rhncp4jt1\/2025\/11\/talking-bot-125x125.png\",\"contentUrl\":\"https:\/\/portaltela.pt\/s.01k8rhncp4jt1\/2025\/11\/talking-bot-125x125.png\",\"caption\":\"Telinha\"},\"sameAs\":[\"https:\/\/portaltela.pt\/\"],\"url\":\"https:\/\/portaltela.pt\/por\/367410592786\/\"}]}<\/script>\n<!-- \/ Yoast SEO plugin. -->","yoast_head_json":{"title":"Multa, de David Carreira, chega ao JN com detalhes do novo \u00e1lbum - Portal Tela Portugal","robots":{"index":"index","follow":"follow","max-snippet":"max-snippet:-1","max-image-preview":"max-image-preview:large","max-video-preview":"max-video-preview:-1"},"og_locale":"pt_PT","og_type":"article","og_title":"Multa, de David Carreira, chega ao JN com detalhes do novo \u00e1lbum - Portal Tela Portugal","og_description":"David Carreira esteve no Porto para promover o novo single \"Multa\", lan\u00e7ado a 6 de fevereiro, junto de f\u00e3s no Norte. O d\u00e9cimo \u00e1lbum ser\u00e1 lan\u00e7ado este ano e est\u00e1 ligado a uma miniss\u00e9rie de narrativa audiovisual; a digress\u00e3o internacional de 2027 far\u00e1 com que Portugal fique de fora dos planos. Durante o backstage, o m\u00fasico distribuiu \u201cmultas boas\u201d com c\u00f3digos QR que apontam para passatempos exclusivos, oferecendo AirPods da Apple e um jantar com o cantor para apresentar m\u00fasicas ainda n\u00e3o divulgadas. O \u00e1lbum \u00e9 descrito como uma uni\u00e3o entre m\u00fasica e narrativa, com o artista a retornar \u00e0s suas origens, gravando em casa, e o filho Lucas a aprovar o projeto. O plano \u00e9 lan\u00e7ar a primeira fase ainda este ano e a segunda em 2027, sem divulgar nomes de colabora\u00e7\u00f5es.","og_url":"https:\/\/portaltela.pt\/noticias\/2026\/02\/18\/multa-de-david-carreira-chega-ao-jn-com-detalhes-do-novo-album\/","og_site_name":"Portal Tela Portugal","article_published_time":"2026-02-18T20:07:00+00:00","author":"Telinha","twitter_card":"summary_large_image","twitter_misc":{"Escrito por":"Telinha","Tempo estimado de leitura":"1 minuto"},"schema":{"@context":"https:\/\/schema.org","@graph":[{"@type":"Article","@id":"https:\/\/portaltela.pt\/noticias\/2026\/02\/18\/multa-de-david-carreira-chega-ao-jn-com-detalhes-do-novo-album\/#article","isPartOf":{"@id":"https:\/\/portaltela.pt\/noticias\/2026\/02\/18\/multa-de-david-carreira-chega-ao-jn-com-detalhes-do-novo-album\/"},"author":{"name":"Telinha","@id":"https:\/\/portaltela.pt\/#\/schema\/person\/c4278d4a6028830caff9ee44b42d32ed"},"headline":"Multa, de David Carreira, chega ao JN com detalhes do novo \u00e1lbum","datePublished":"2026-02-18T20:07:00+00:00","mainEntityOfPage":{"@id":"https:\/\/portaltela.pt\/noticias\/2026\/02\/18\/multa-de-david-carreira-chega-ao-jn-com-detalhes-do-novo-album\/"},"wordCount":254,"image":{"@id":"https:\/\/portaltela.pt\/noticias\/2026\/02\/18\/multa-de-david-carreira-chega-ao-jn-com-detalhes-do-novo-album\/#primaryimage"},"thumbnailUrl":"https:\/\/portaltela.pt\/s.01k8rhncp4jt1\/2026\/02\/image-1360.jpg","keywords":["artistas internacionais","digress\u00f5es","miniss\u00e9rie","m\u00fasica","Porto","Portugal"],"articleSection":["Entretenimento","Not\u00edcias"],"inLanguage":"pt-PT"},{"@type":"WebPage","@id":"https:\/\/portaltela.pt\/noticias\/2026\/02\/18\/multa-de-david-carreira-chega-ao-jn-com-detalhes-do-novo-album\/","url":"https:\/\/portaltela.pt\/noticias\/2026\/02\/18\/multa-de-david-carreira-chega-ao-jn-com-detalhes-do-novo-album\/","name":"Multa, de David Carreira, chega ao JN com detalhes do novo \u00e1lbum - Portal Tela Portugal","isPartOf":{"@id":"https:\/\/portaltela.pt\/#website"},"primaryImageOfPage":{"@id":"https:\/\/portaltela.pt\/noticias\/2026\/02\/18\/multa-de-david-carreira-chega-ao-jn-com-detalhes-do-novo-album\/#primaryimage"},"image":{"@id":"https:\/\/portaltela.pt\/noticias\/2026\/02\/18\/multa-de-david-carreira-chega-ao-jn-com-detalhes-do-novo-album\/#primaryimage"},"thumbnailUrl":"https:\/\/portaltela.pt\/s.01k8rhncp4jt1\/2026\/02\/image-1360.jpg","datePublished":"2026-02-18T20:07:00+00:00","author":{"@id":"https:\/\/portaltela.pt\/#\/schema\/person\/c4278d4a6028830caff9ee44b42d32ed"},"breadcrumb":{"@id":"https:\/\/portaltela.pt\/noticias\/2026\/02\/18\/multa-de-david-carreira-chega-ao-jn-com-detalhes-do-novo-album\/#breadcrumb"},"inLanguage":"pt-PT","potentialAction":[{"@type":"ReadAction","target":["https:\/\/portaltela.pt\/noticias\/2026\/02\/18\/multa-de-david-carreira-chega-ao-jn-com-detalhes-do-novo-album\/"]}]},{"@type":"ImageObject","inLanguage":"pt-PT","@id":"https:\/\/portaltela.pt\/noticias\/2026\/02\/18\/multa-de-david-carreira-chega-ao-jn-com-detalhes-do-novo-album\/#primaryimage","url":"https:\/\/portaltela.pt\/s.01k8rhncp4jt1\/2026\/02\/image-1360.jpg","contentUrl":"https:\/\/portaltela.pt\/s.01k8rhncp4jt1\/2026\/02\/image-1360.jpg","width":796,"height":448,"caption":"David Carreira esteve na reda\u00e7\u00e3o do Jornal de Not\u00edcias"},{"@type":"BreadcrumbList","@id":"https:\/\/portaltela.pt\/noticias\/2026\/02\/18\/multa-de-david-carreira-chega-ao-jn-com-detalhes-do-novo-album\/#breadcrumb","itemListElement":[{"@type":"ListItem","position":1,"name":"In\u00edcio","item":"https:\/\/portaltela.pt\/"},{"@type":"ListItem","position":2,"name":"Multa, de David Carreira, chega ao JN com detalhes do novo \u00e1lbum"}]},{"@type":"WebSite","@id":"https:\/\/portaltela.pt\/#website","url":"https:\/\/portaltela.pt\/","name":"Portal Tela Portugal","description":"","potentialAction":[{"@type":"SearchAction","target":{"@type":"EntryPoint","urlTemplate":"https:\/\/portaltela.pt\/?s={search_term_string}"},"query-input":{"@type":"PropertyValueSpecification","valueRequired":true,"valueName":"search_term_string"}}],"inLanguage":"pt-PT"},{"@type":"Person","@id":"https:\/\/portaltela.pt\/#\/schema\/person\/c4278d4a6028830caff9ee44b42d32ed","name":"Telinha","image":{"@type":"ImageObject","inLanguage":"pt-PT","@id":"https:\/\/portaltela.pt\/s.01k8rhncp4jt1\/2025\/11\/talking-bot-125x125.png","url":"https:\/\/portaltela.pt\/s.01k8rhncp4jt1\/2025\/11\/talking-bot-125x125.png","contentUrl":"https:\/\/portaltela.pt\/s.01k8rhncp4jt1\/2025\/11\/talking-bot-125x125.png","caption":"Telinha"},"sameAs":["https:\/\/portaltela.pt\/"],"url":"https:\/\/portaltela.pt\/por\/367410592786\/"}]}},"_links":{"self":[{"href":"https:\/\/portaltela.pt\/api\/wp\/v2\/posts\/216619","targetHints":{"allow":["GET"]}}],"collection":[{"href":"https:\/\/portaltela.pt\/api\/wp\/v2\/posts"}],"about":[{"href":"https:\/\/portaltela.pt\/api\/wp\/v2\/types\/post"}],"author":[{"embeddable":true,"href":"https:\/\/portaltela.pt\/api\/wp\/v2\/users\/2"}],"replies":[{"embeddable":true,"href":"https:\/\/portaltela.pt\/api\/wp\/v2\/comments?post=216619"}],"version-history":[{"count":0,"href":"https:\/\/portaltela.pt\/api\/wp\/v2\/posts\/216619\/revisions"}],"wp:featuredmedia":[{"embeddable":true,"href":"https:\/\/portaltela.pt\/api\/wp\/v2\/media\/216625"}],"wp:attachment":[{"href":"https:\/\/portaltela.pt\/api\/wp\/v2\/media?parent=216619"}],"wp:term":[{"taxonomy":"category","embeddable":true,"href":"https:\/\/portaltela.pt\/api\/wp\/v2\/categories?post=216619"},{"taxonomy":"post_tag","embeddable":true,"href":"https:\/\/portaltela.pt\/api\/wp\/v2\/tags?post=216619"}],"curies":[{"name":"wp","href":"https:\/\/api.w.org\/{rel}","templated":true}]}}