{"id":216618,"date":"2026-02-18T17:02:44","date_gmt":"2026-02-18T20:02:44","guid":{"rendered":"https:\/\/portaltela.pt\/noticias\/2026\/02\/18\/andre-sousa-confiante-na-visita-a-arouca-objetivo-e-pontuar\/"},"modified":"2026-02-18T17:02:44","modified_gmt":"2026-02-18T20:02:44","slug":"andre-sousa-confiante-na-visita-a-arouca-objetivo-e-pontuar","status":"publish","type":"post","link":"https:\/\/portaltela.pt\/desporto\/futebol\/2026\/02\/18\/andre-sousa-confiante-na-visita-a-arouca-objetivo-e-pontuar\/","title":{"rendered":"Andr\u00e9 Sousa confiante na visita a Arouca: objetivo \u00e9 pontuar"},"content":{"rendered":"<p>O Nacional, atualmente no 14.\u00ba lugar da Liga Betclic, desloca-se no pr\u00f3ximo s\u00e1bado ao reduto do Arouca com o objetivo de somar pontos. A comitiva alvinegra integrou o m\u00e9dio Andr\u00e9 Sousa, sub-capit\u00e3o, numa visita ao Estabelecimento Prisional do Funchal, onde participou num jogo de futebol no pavilh\u00e3o com um grupo restrito de detidos.<\/p>\n<p>Al\u00e9m de Sousa estiveram em campo Matheus Dias, que chegou a marcar, o guardi\u00e3o Kevyn Freitas e o j\u00fanior Martim Soares. Os jogadores conviveram com os reclusos e deixaram uma mensagem de est\u00edmulo para o futuro. A iniciativa enquadra-se no papel social do clube e no contributo para a constru\u00e7\u00e3o de oportunidades de reinser\u00e7\u00e3o.<\/p>\n<p>O refor\u00e7o da equipa t\u00e9cnica revelou-se curioso sobre o ambiente, destacando a import\u00e2ncia do desporto como ferramenta de valores como companheirismo e supera\u00e7\u00e3o. O treino no espa\u00e7o prisonante gerou boas reac\u00e7\u00f5es entre os presentes e entre os atletas, que destacaram a oportunidade de construir mem\u00f3rias diferentes desta \u00e9poca.<\/p>\n<h3>Dire\u00e7\u00e3o e objetivo social<\/h3>\n<p>Celso Braz\u00e3o, diretor do Estabelecimento Prisional da Cancela desde 1 de janeiro de 2026, apontou que iniciativas deste tipo ajudam a aproximar a comunidade da cadeia britense, promovendo \u00e9tica, disciplina e responsabilidade. O respons\u00e1vel sublinhou a relev\u00e2ncia de abrir portas \u00e0 participa\u00e7\u00e3o desportiva como parte de um processo de reabilita\u00e7\u00e3o. A presen\u00e7a dos atletas terminou com a entrega de uma camisola oficial do Nacional ao recinto.<\/p>\n","protected":false},"excerpt":{"rendered":"<ul>\n<li>O Nacional, actualmente em 14.\u00ba lugar da Liga Betclic, desloca-se s\u00e1bado ao Arouca numa partida em que pretende pontuar.<\/li>\n<li>Andr\u00e9 Sousa, sub-capit\u00e3o, integrou a comitiva que na quarta-feira visitou o Estabelecimento Prisional do Funchal, onde jogou futebol com reclusos.<\/li>\n<li>Al\u00e9m de Sousa, participaram Matheus Dias, o guarda-redes Kevyn Freitas (em posi\u00e7\u00e3o que atuou fora da baliza) e o j\u00fanior Martim Soares, que conviveram com a comunidade de detidos e deixaram mensagens de motiva\u00e7\u00e3o.<\/li>\n<li>Sousa destacou a import\u00e2ncia do jogo contra o Arouca e o objetivo de vencer para cimentar a posi\u00e7\u00e3o do Nacional na primeira liga, reconhecendo o advers\u00e1rio como direto.<\/li>\n<li>O diretor do Estabelecimento Prisional da Cancela, Celso Braz\u00e3o, afirmou que a iniciativa refor\u00e7a valores desportivos e a reabilita\u00e7\u00e3o, abrindo portas \u00e0 interven\u00e7\u00e3o da comunidade.<\/li>\n<\/ul>\n","protected":false},"author":2,"featured_media":216623,"comment_status":"closed","ping_status":"closed","sticky":false,"template":"","format":"standard","meta":{"footnotes":""},"categories":[21,24],"tags":[900,6089,32,1319,4343,2659],"class_list":["post-216618","post","type-post","status-publish","format-standard","has-post-thumbnail","hentry","category-desporto","category-futebol","tag-arouca","tag-desporto-social","tag-futebol","tag-nacional","tag-prisoes","tag-reinsercao-social"],"yoast_head":"<!-- This site is optimized with the Yoast SEO plugin v27.2 - https:\/\/yoast.com\/product\/yoast-seo-wordpress\/ -->\n<title>Andr\u00e9 Sousa confiante na visita a Arouca: objetivo \u00e9 pontuar - Portal Tela Portugal<\/title>\n<meta name=\"robots\" content=\"index, follow, max-snippet:-1, max-image-preview:large, max-video-preview:-1\" \/>\n<meta property=\"og:locale\" content=\"pt_PT\" \/>\n<meta property=\"og:type\" content=\"article\" \/>\n<meta property=\"og:title\" content=\"Andr\u00e9 Sousa confiante na visita a Arouca: objetivo \u00e9 pontuar - Portal Tela Portugal\" \/>\n<meta property=\"og:description\" content=\"O Nacional, actualmente em 14.\u00ba lugar da Liga Betclic, desloca-se s\u00e1bado ao Arouca numa partida em que pretende pontuar. Andr\u00e9 Sousa, sub-capit\u00e3o, integrou a comitiva que na quarta-feira visitou o Estabelecimento Prisional do Funchal, onde jogou futebol com reclusos. Al\u00e9m de Sousa, participaram Matheus Dias, o guarda-redes Kevyn Freitas (em posi\u00e7\u00e3o que atuou fora da baliza) e o j\u00fanior Martim Soares, que conviveram com a comunidade de detidos e deixaram mensagens de motiva\u00e7\u00e3o. Sousa destacou a import\u00e2ncia do jogo contra o Arouca e o objetivo de vencer para cimentar a posi\u00e7\u00e3o do Nacional na primeira liga, reconhecendo o advers\u00e1rio como direto. O diretor do Estabelecimento Prisional da Cancela, Celso Braz\u00e3o, afirmou que a iniciativa refor\u00e7a valores desportivos e a reabilita\u00e7\u00e3o, abrindo portas \u00e0 interven\u00e7\u00e3o da comunidade.\" \/>\n<meta property=\"og:url\" content=\"https:\/\/portaltela.pt\/noticias\/2026\/02\/18\/andre-sousa-confiante-na-visita-a-arouca-objetivo-e-pontuar\/\" \/>\n<meta property=\"og:site_name\" content=\"Portal Tela Portugal\" \/>\n<meta property=\"article:published_time\" content=\"2026-02-18T20:02:44+00:00\" \/>\n<meta name=\"author\" content=\"Telinha\" \/>\n<meta name=\"twitter:card\" content=\"summary_large_image\" \/>\n<meta name=\"twitter:label1\" content=\"Escrito por\" \/>\n\t<meta name=\"twitter:data1\" content=\"Telinha\" \/>\n\t<meta name=\"twitter:label2\" content=\"Tempo estimado de leitura\" \/>\n\t<meta name=\"twitter:data2\" content=\"1 minuto\" \/>\n<script type=\"application\/ld+json\" class=\"yoast-schema-graph\">{\"@context\":\"https:\/\/schema.org\",\"@graph\":[{\"@type\":\"Article\",\"@id\":\"https:\/\/portaltela.pt\/noticias\/2026\/02\/18\/andre-sousa-confiante-na-visita-a-arouca-objetivo-e-pontuar\/#article\",\"isPartOf\":{\"@id\":\"https:\/\/portaltela.pt\/noticias\/2026\/02\/18\/andre-sousa-confiante-na-visita-a-arouca-objetivo-e-pontuar\/\"},\"author\":{\"name\":\"Telinha\",\"@id\":\"https:\/\/portaltela.pt\/#\/schema\/person\/c4278d4a6028830caff9ee44b42d32ed\"},\"headline\":\"Andr\u00e9 Sousa confiante na visita a Arouca: objetivo \u00e9 pontuar\",\"datePublished\":\"2026-02-18T20:02:44+00:00\",\"mainEntityOfPage\":{\"@id\":\"https:\/\/portaltela.pt\/noticias\/2026\/02\/18\/andre-sousa-confiante-na-visita-a-arouca-objetivo-e-pontuar\/\"},\"wordCount\":255,\"image\":{\"@id\":\"https:\/\/portaltela.pt\/noticias\/2026\/02\/18\/andre-sousa-confiante-na-visita-a-arouca-objetivo-e-pontuar\/#primaryimage\"},\"thumbnailUrl\":\"https:\/\/portaltela.pt\/s.01k8rhncp4jt1\/2026\/02\/img_920x518uu2026-02-18-20-02-12-2422419-im-639070417582194164.jpg\",\"keywords\":[\"Arouca\",\"Desporto Social\",\"futebol\",\"Nacional\",\"pris\u00f5es\",\"Reinser\u00e7\u00e3o Social\"],\"articleSection\":[\"Desporto\",\"Futebol\"],\"inLanguage\":\"pt-PT\"},{\"@type\":\"WebPage\",\"@id\":\"https:\/\/portaltela.pt\/noticias\/2026\/02\/18\/andre-sousa-confiante-na-visita-a-arouca-objetivo-e-pontuar\/\",\"url\":\"https:\/\/portaltela.pt\/noticias\/2026\/02\/18\/andre-sousa-confiante-na-visita-a-arouca-objetivo-e-pontuar\/\",\"name\":\"Andr\u00e9 Sousa confiante na visita a Arouca: objetivo \u00e9 pontuar - Portal Tela Portugal\",\"isPartOf\":{\"@id\":\"https:\/\/portaltela.pt\/#website\"},\"primaryImageOfPage\":{\"@id\":\"https:\/\/portaltela.pt\/noticias\/2026\/02\/18\/andre-sousa-confiante-na-visita-a-arouca-objetivo-e-pontuar\/#primaryimage\"},\"image\":{\"@id\":\"https:\/\/portaltela.pt\/noticias\/2026\/02\/18\/andre-sousa-confiante-na-visita-a-arouca-objetivo-e-pontuar\/#primaryimage\"},\"thumbnailUrl\":\"https:\/\/portaltela.pt\/s.01k8rhncp4jt1\/2026\/02\/img_920x518uu2026-02-18-20-02-12-2422419-im-639070417582194164.jpg\",\"datePublished\":\"2026-02-18T20:02:44+00:00\",\"author\":{\"@id\":\"https:\/\/portaltela.pt\/#\/schema\/person\/c4278d4a6028830caff9ee44b42d32ed\"},\"breadcrumb\":{\"@id\":\"https:\/\/portaltela.pt\/noticias\/2026\/02\/18\/andre-sousa-confiante-na-visita-a-arouca-objetivo-e-pontuar\/#breadcrumb\"},\"inLanguage\":\"pt-PT\",\"potentialAction\":[{\"@type\":\"ReadAction\",\"target\":[\"https:\/\/portaltela.pt\/noticias\/2026\/02\/18\/andre-sousa-confiante-na-visita-a-arouca-objetivo-e-pontuar\/\"]}]},{\"@type\":\"ImageObject\",\"inLanguage\":\"pt-PT\",\"@id\":\"https:\/\/portaltela.pt\/noticias\/2026\/02\/18\/andre-sousa-confiante-na-visita-a-arouca-objetivo-e-pontuar\/#primaryimage\",\"url\":\"https:\/\/portaltela.pt\/s.01k8rhncp4jt1\/2026\/02\/img_920x518uu2026-02-18-20-02-12-2422419-im-639070417582194164.jpg\",\"contentUrl\":\"https:\/\/portaltela.pt\/s.01k8rhncp4jt1\/2026\/02\/img_920x518uu2026-02-18-20-02-12-2422419-im-639070417582194164.jpg\",\"width\":796,\"height\":448,\"caption\":\"Comitiva do Nacional no Estabelecimento Prisional do Funchal\"},{\"@type\":\"BreadcrumbList\",\"@id\":\"https:\/\/portaltela.pt\/noticias\/2026\/02\/18\/andre-sousa-confiante-na-visita-a-arouca-objetivo-e-pontuar\/#breadcrumb\",\"itemListElement\":[{\"@type\":\"ListItem\",\"position\":1,\"name\":\"In\u00edcio\",\"item\":\"https:\/\/portaltela.pt\/\"},{\"@type\":\"ListItem\",\"position\":2,\"name\":\"Andr\u00e9 Sousa confiante na visita a Arouca: objetivo \u00e9 pontuar\"}]},{\"@type\":\"WebSite\",\"@id\":\"https:\/\/portaltela.pt\/#website\",\"url\":\"https:\/\/portaltela.pt\/\",\"name\":\"Portal Tela Portugal\",\"description\":\"\",\"potentialAction\":[{\"@type\":\"SearchAction\",\"target\":{\"@type\":\"EntryPoint\",\"urlTemplate\":\"https:\/\/portaltela.pt\/?s={search_term_string}\"},\"query-input\":{\"@type\":\"PropertyValueSpecification\",\"valueRequired\":true,\"valueName\":\"search_term_string\"}}],\"inLanguage\":\"pt-PT\"},{\"@type\":\"Person\",\"@id\":\"https:\/\/portaltela.pt\/#\/schema\/person\/c4278d4a6028830caff9ee44b42d32ed\",\"name\":\"Telinha\",\"image\":{\"@type\":\"ImageObject\",\"inLanguage\":\"pt-PT\",\"@id\":\"https:\/\/portaltela.pt\/s.01k8rhncp4jt1\/2025\/11\/talking-bot-125x125.png\",\"url\":\"https:\/\/portaltela.pt\/s.01k8rhncp4jt1\/2025\/11\/talking-bot-125x125.png\",\"contentUrl\":\"https:\/\/portaltela.pt\/s.01k8rhncp4jt1\/2025\/11\/talking-bot-125x125.png\",\"caption\":\"Telinha\"},\"sameAs\":[\"https:\/\/portaltela.pt\/\"],\"url\":\"https:\/\/portaltela.pt\/por\/367410592786\/\"}]}<\/script>\n<!-- \/ Yoast SEO plugin. -->","yoast_head_json":{"title":"Andr\u00e9 Sousa confiante na visita a Arouca: objetivo \u00e9 pontuar - Portal Tela Portugal","robots":{"index":"index","follow":"follow","max-snippet":"max-snippet:-1","max-image-preview":"max-image-preview:large","max-video-preview":"max-video-preview:-1"},"og_locale":"pt_PT","og_type":"article","og_title":"Andr\u00e9 Sousa confiante na visita a Arouca: objetivo \u00e9 pontuar - Portal Tela Portugal","og_description":"O Nacional, actualmente em 14.\u00ba lugar da Liga Betclic, desloca-se s\u00e1bado ao Arouca numa partida em que pretende pontuar. Andr\u00e9 Sousa, sub-capit\u00e3o, integrou a comitiva que na quarta-feira visitou o Estabelecimento Prisional do Funchal, onde jogou futebol com reclusos. Al\u00e9m de Sousa, participaram Matheus Dias, o guarda-redes Kevyn Freitas (em posi\u00e7\u00e3o que atuou fora da baliza) e o j\u00fanior Martim Soares, que conviveram com a comunidade de detidos e deixaram mensagens de motiva\u00e7\u00e3o. Sousa destacou a import\u00e2ncia do jogo contra o Arouca e o objetivo de vencer para cimentar a posi\u00e7\u00e3o do Nacional na primeira liga, reconhecendo o advers\u00e1rio como direto. O diretor do Estabelecimento Prisional da Cancela, Celso Braz\u00e3o, afirmou que a iniciativa refor\u00e7a valores desportivos e a reabilita\u00e7\u00e3o, abrindo portas \u00e0 interven\u00e7\u00e3o da comunidade.","og_url":"https:\/\/portaltela.pt\/noticias\/2026\/02\/18\/andre-sousa-confiante-na-visita-a-arouca-objetivo-e-pontuar\/","og_site_name":"Portal Tela Portugal","article_published_time":"2026-02-18T20:02:44+00:00","author":"Telinha","twitter_card":"summary_large_image","twitter_misc":{"Escrito por":"Telinha","Tempo estimado de leitura":"1 minuto"},"schema":{"@context":"https:\/\/schema.org","@graph":[{"@type":"Article","@id":"https:\/\/portaltela.pt\/noticias\/2026\/02\/18\/andre-sousa-confiante-na-visita-a-arouca-objetivo-e-pontuar\/#article","isPartOf":{"@id":"https:\/\/portaltela.pt\/noticias\/2026\/02\/18\/andre-sousa-confiante-na-visita-a-arouca-objetivo-e-pontuar\/"},"author":{"name":"Telinha","@id":"https:\/\/portaltela.pt\/#\/schema\/person\/c4278d4a6028830caff9ee44b42d32ed"},"headline":"Andr\u00e9 Sousa confiante na visita a Arouca: objetivo \u00e9 pontuar","datePublished":"2026-02-18T20:02:44+00:00","mainEntityOfPage":{"@id":"https:\/\/portaltela.pt\/noticias\/2026\/02\/18\/andre-sousa-confiante-na-visita-a-arouca-objetivo-e-pontuar\/"},"wordCount":255,"image":{"@id":"https:\/\/portaltela.pt\/noticias\/2026\/02\/18\/andre-sousa-confiante-na-visita-a-arouca-objetivo-e-pontuar\/#primaryimage"},"thumbnailUrl":"https:\/\/portaltela.pt\/s.01k8rhncp4jt1\/2026\/02\/img_920x518uu2026-02-18-20-02-12-2422419-im-639070417582194164.jpg","keywords":["Arouca","Desporto Social","futebol","Nacional","pris\u00f5es","Reinser\u00e7\u00e3o Social"],"articleSection":["Desporto","Futebol"],"inLanguage":"pt-PT"},{"@type":"WebPage","@id":"https:\/\/portaltela.pt\/noticias\/2026\/02\/18\/andre-sousa-confiante-na-visita-a-arouca-objetivo-e-pontuar\/","url":"https:\/\/portaltela.pt\/noticias\/2026\/02\/18\/andre-sousa-confiante-na-visita-a-arouca-objetivo-e-pontuar\/","name":"Andr\u00e9 Sousa confiante na visita a Arouca: objetivo \u00e9 pontuar - Portal Tela Portugal","isPartOf":{"@id":"https:\/\/portaltela.pt\/#website"},"primaryImageOfPage":{"@id":"https:\/\/portaltela.pt\/noticias\/2026\/02\/18\/andre-sousa-confiante-na-visita-a-arouca-objetivo-e-pontuar\/#primaryimage"},"image":{"@id":"https:\/\/portaltela.pt\/noticias\/2026\/02\/18\/andre-sousa-confiante-na-visita-a-arouca-objetivo-e-pontuar\/#primaryimage"},"thumbnailUrl":"https:\/\/portaltela.pt\/s.01k8rhncp4jt1\/2026\/02\/img_920x518uu2026-02-18-20-02-12-2422419-im-639070417582194164.jpg","datePublished":"2026-02-18T20:02:44+00:00","author":{"@id":"https:\/\/portaltela.pt\/#\/schema\/person\/c4278d4a6028830caff9ee44b42d32ed"},"breadcrumb":{"@id":"https:\/\/portaltela.pt\/noticias\/2026\/02\/18\/andre-sousa-confiante-na-visita-a-arouca-objetivo-e-pontuar\/#breadcrumb"},"inLanguage":"pt-PT","potentialAction":[{"@type":"ReadAction","target":["https:\/\/portaltela.pt\/noticias\/2026\/02\/18\/andre-sousa-confiante-na-visita-a-arouca-objetivo-e-pontuar\/"]}]},{"@type":"ImageObject","inLanguage":"pt-PT","@id":"https:\/\/portaltela.pt\/noticias\/2026\/02\/18\/andre-sousa-confiante-na-visita-a-arouca-objetivo-e-pontuar\/#primaryimage","url":"https:\/\/portaltela.pt\/s.01k8rhncp4jt1\/2026\/02\/img_920x518uu2026-02-18-20-02-12-2422419-im-639070417582194164.jpg","contentUrl":"https:\/\/portaltela.pt\/s.01k8rhncp4jt1\/2026\/02\/img_920x518uu2026-02-18-20-02-12-2422419-im-639070417582194164.jpg","width":796,"height":448,"caption":"Comitiva do Nacional no Estabelecimento Prisional do Funchal"},{"@type":"BreadcrumbList","@id":"https:\/\/portaltela.pt\/noticias\/2026\/02\/18\/andre-sousa-confiante-na-visita-a-arouca-objetivo-e-pontuar\/#breadcrumb","itemListElement":[{"@type":"ListItem","position":1,"name":"In\u00edcio","item":"https:\/\/portaltela.pt\/"},{"@type":"ListItem","position":2,"name":"Andr\u00e9 Sousa confiante na visita a Arouca: objetivo \u00e9 pontuar"}]},{"@type":"WebSite","@id":"https:\/\/portaltela.pt\/#website","url":"https:\/\/portaltela.pt\/","name":"Portal Tela Portugal","description":"","potentialAction":[{"@type":"SearchAction","target":{"@type":"EntryPoint","urlTemplate":"https:\/\/portaltela.pt\/?s={search_term_string}"},"query-input":{"@type":"PropertyValueSpecification","valueRequired":true,"valueName":"search_term_string"}}],"inLanguage":"pt-PT"},{"@type":"Person","@id":"https:\/\/portaltela.pt\/#\/schema\/person\/c4278d4a6028830caff9ee44b42d32ed","name":"Telinha","image":{"@type":"ImageObject","inLanguage":"pt-PT","@id":"https:\/\/portaltela.pt\/s.01k8rhncp4jt1\/2025\/11\/talking-bot-125x125.png","url":"https:\/\/portaltela.pt\/s.01k8rhncp4jt1\/2025\/11\/talking-bot-125x125.png","contentUrl":"https:\/\/portaltela.pt\/s.01k8rhncp4jt1\/2025\/11\/talking-bot-125x125.png","caption":"Telinha"},"sameAs":["https:\/\/portaltela.pt\/"],"url":"https:\/\/portaltela.pt\/por\/367410592786\/"}]}},"_links":{"self":[{"href":"https:\/\/portaltela.pt\/api\/wp\/v2\/posts\/216618","targetHints":{"allow":["GET"]}}],"collection":[{"href":"https:\/\/portaltela.pt\/api\/wp\/v2\/posts"}],"about":[{"href":"https:\/\/portaltela.pt\/api\/wp\/v2\/types\/post"}],"author":[{"embeddable":true,"href":"https:\/\/portaltela.pt\/api\/wp\/v2\/users\/2"}],"replies":[{"embeddable":true,"href":"https:\/\/portaltela.pt\/api\/wp\/v2\/comments?post=216618"}],"version-history":[{"count":0,"href":"https:\/\/portaltela.pt\/api\/wp\/v2\/posts\/216618\/revisions"}],"wp:featuredmedia":[{"embeddable":true,"href":"https:\/\/portaltela.pt\/api\/wp\/v2\/media\/216623"}],"wp:attachment":[{"href":"https:\/\/portaltela.pt\/api\/wp\/v2\/media?parent=216618"}],"wp:term":[{"taxonomy":"category","embeddable":true,"href":"https:\/\/portaltela.pt\/api\/wp\/v2\/categories?post=216618"},{"taxonomy":"post_tag","embeddable":true,"href":"https:\/\/portaltela.pt\/api\/wp\/v2\/tags?post=216618"}],"curies":[{"name":"wp","href":"https:\/\/api.w.org\/{rel}","templated":true}]}}