{"id":216616,"date":"2026-02-18T17:08:20","date_gmt":"2026-02-18T20:08:20","guid":{"rendered":"https:\/\/portaltela.pt\/noticias\/2026\/02\/18\/parlamento-aprova-iva-de-6-na-construcao-3\/"},"modified":"2026-02-18T17:08:20","modified_gmt":"2026-02-18T20:08:20","slug":"parlamento-aprova-iva-de-6-na-construcao-3","status":"publish","type":"post","link":"https:\/\/portaltela.pt\/noticias\/economia\/2026\/02\/18\/parlamento-aprova-iva-de-6-na-construcao-3\/","title":{"rendered":"Parlamento aprova IVA de 6% na constru\u00e7\u00e3o"},"content":{"rendered":"<p>O Parlamento aprovou na especialidade as medidas fiscais do Governo para a habita\u00e7\u00e3o, incluindo a redu\u00e7\u00e3o do IVA para 6% na constru\u00e7\u00e3o de im\u00f3veis para habita\u00e7\u00e3o permanente. A aprova\u00e7\u00e3o veio com altera\u00e7\u00f5es \u00e0 proposta original.<\/p>\n<p>A decis\u00e3o foi tomada com votos contra do PS, absten\u00e7\u00e3o do Chega e do Livre, e votos favor\u00e1veis de PSD, Iniciativa Liberal e CDS-PP, segundo o presidente da Comiss\u00e3o de Or\u00e7amento, Finan\u00e7as e Administra\u00e7\u00e3o P\u00fablica, Rui Afonso, que confirmou a consulta \u00e0 Lusa.<\/p>\n<p>A proposta inclui altera\u00e7\u00f5es que condicionam a aplica\u00e7\u00e3o da redu\u00e7\u00e3o de IVA. O im\u00f3vel s\u00f3 fica abrangido se for destinado a habita\u00e7\u00e3o pr\u00f3pria e permanente com perman\u00eancia m\u00ednima de 12 meses, com exce\u00e7\u00f5es em casos excecionais. Caso n\u00e3o se verifique o per\u00edodo, pode aplicar-se um agravamento de IMT em 10 pontos percentuais.<\/p>\n<h3>Medidas adicionais para habita\u00e7\u00e3o<\/h3>\n<p>Entre as mudan\u00e7as aprovadas est\u00e1 a exclus\u00e3o de tributa\u00e7\u00e3o de mais-valias em transmiss\u00e3o de im\u00f3veis habitacionais com reinvestimento na aquisi\u00e7\u00e3o de im\u00f3veis para arrendamento. Mant\u00eam-se tamb\u00e9m o aumento do limite de dedu\u00e7\u00e3o de IRS para rendas pagas por contratos de arrendamento habitacional, at\u00e9 1 000 euros.<\/p>\n<p>Foi ainda prevista uma taxa de tributa\u00e7\u00e3o aut\u00f3noma de IRS reduzida para rendimentos prediais derivados de contratos de arrendamento para habita\u00e7\u00e3o, fixada em 10%. A proposta tamb\u00e9m contempla a isen\u00e7\u00e3o de IMT e de IRS para a aquisi\u00e7\u00e3o de im\u00f3veis destinados a arrendamento habitacional ou subarrendamento.<\/p>\n<p>A not\u00edcia foi acompanhada por cr\u00edticas iniciais \u00e0 viabilidade da implementa\u00e7\u00e3o da pr\u00f3pria redu\u00e7\u00e3o de IVA, levantadas pela baston\u00e1ria Paula Franco, da Ordem dos Contabilistas Certificados. As altera\u00e7\u00f5es visam tornar a medida mais exequ\u00edvel, segundo os grupos parlamentares. Fonte: ag\u00eancia Lusa.<\/p>\n","protected":false},"excerpt":{"rendered":"<ul>\n<li>O parlamento aprovou na especialidade as medidas fiscais do Governo para a habita\u00e7\u00e3o, incluindo a redu\u00e7\u00e3o do IVA para 6% na constru\u00e7\u00e3o de im\u00f3veis destinados \u00e0 habita\u00e7\u00e3o permanente, com altera\u00e7\u00f5es face \u00e0 proposta original.<\/li>\n<li>O voto foi: PS contra, Chega e Livre absteram-se, PSD, Iniciativa Liberal e CDS-PP a favor.<\/li>\n<li>Uma proposta de altera\u00e7\u00e3o de PSD e CDS-PP condiciona a aplica\u00e7\u00e3o do IVA a 6% caso o im\u00f3vel n\u00e3o seja habita\u00e7\u00e3o pr\u00f3pria e permanente ou o comprador n\u00e3o permane\u00e7a 12 meses, com agravamento de IMT nesses casos.<\/li>\n<li>Foram aprovadas medidas adicionais, como a exclus\u00e3o de tributa\u00e7\u00e3o de mais-valias em reinvestimento na aquisi\u00e7\u00e3o de im\u00f3veis para arrendamento habitacional.<\/li>\n<li>Tamb\u00e9m ficou definida uma majora\u00e7\u00e3o da dedu\u00e7\u00e3o IRS para rendas at\u00e9 1.000 euros, uma taxa de IRS aut\u00f3noma de 10% sobre rendimentos prediais de arrendamento e a isen\u00e7\u00e3o de IMT e de imposto de selo na aquisi\u00e7\u00e3o de im\u00f3veis destinados a arrendamento habitacional.<\/li>\n<\/ul>\n","protected":false},"author":2,"featured_media":216620,"comment_status":"closed","ping_status":"closed","sticky":false,"template":"","format":"standard","meta":{"footnotes":""},"categories":[2,1],"tags":[3014,718,150,3436,3613,229],"class_list":["post-216616","post","type-post","status-publish","format-standard","has-post-thumbnail","hentry","category-economia","category-noticias","tag-arrendamento","tag-construcao","tag-habitacao","tag-imposto-sobre-consumo","tag-impostos","tag-politica-publica"],"yoast_head":"<!-- This site is optimized with the Yoast SEO plugin v27.2 - https:\/\/yoast.com\/product\/yoast-seo-wordpress\/ -->\n<title>Parlamento aprova IVA de 6% na constru\u00e7\u00e3o - Portal Tela Portugal<\/title>\n<meta name=\"robots\" content=\"index, follow, max-snippet:-1, max-image-preview:large, max-video-preview:-1\" \/>\n<meta property=\"og:locale\" content=\"pt_PT\" \/>\n<meta property=\"og:type\" content=\"article\" \/>\n<meta property=\"og:title\" content=\"Parlamento aprova IVA de 6% na constru\u00e7\u00e3o - Portal Tela Portugal\" \/>\n<meta property=\"og:description\" content=\"O parlamento aprovou na especialidade as medidas fiscais do Governo para a habita\u00e7\u00e3o, incluindo a redu\u00e7\u00e3o do IVA para 6% na constru\u00e7\u00e3o de im\u00f3veis destinados \u00e0 habita\u00e7\u00e3o permanente, com altera\u00e7\u00f5es face \u00e0 proposta original. O voto foi: PS contra, Chega e Livre absteram-se, PSD, Iniciativa Liberal e CDS-PP a favor. Uma proposta de altera\u00e7\u00e3o de PSD e CDS-PP condiciona a aplica\u00e7\u00e3o do IVA a 6% caso o im\u00f3vel n\u00e3o seja habita\u00e7\u00e3o pr\u00f3pria e permanente ou o comprador n\u00e3o permane\u00e7a 12 meses, com agravamento de IMT nesses casos. Foram aprovadas medidas adicionais, como a exclus\u00e3o de tributa\u00e7\u00e3o de mais-valias em reinvestimento na aquisi\u00e7\u00e3o de im\u00f3veis para arrendamento habitacional. Tamb\u00e9m ficou definida uma majora\u00e7\u00e3o da dedu\u00e7\u00e3o IRS para rendas at\u00e9 1.000 euros, uma taxa de IRS aut\u00f3noma de 10% sobre rendimentos prediais de arrendamento e a isen\u00e7\u00e3o de IMT e de imposto de selo na aquisi\u00e7\u00e3o de im\u00f3veis destinados a arrendamento habitacional.\" \/>\n<meta property=\"og:url\" content=\"https:\/\/portaltela.pt\/noticias\/2026\/02\/18\/parlamento-aprova-iva-de-6-na-construcao-3\/\" \/>\n<meta property=\"og:site_name\" content=\"Portal Tela Portugal\" \/>\n<meta property=\"article:published_time\" content=\"2026-02-18T20:08:20+00:00\" \/>\n<meta name=\"author\" content=\"Telinha\" \/>\n<meta name=\"twitter:card\" content=\"summary_large_image\" \/>\n<meta name=\"twitter:label1\" content=\"Escrito por\" \/>\n\t<meta name=\"twitter:data1\" content=\"Telinha\" \/>\n\t<meta name=\"twitter:label2\" content=\"Tempo estimado de leitura\" \/>\n\t<meta name=\"twitter:data2\" content=\"2 minutos\" \/>\n<script type=\"application\/ld+json\" class=\"yoast-schema-graph\">{\"@context\":\"https:\/\/schema.org\",\"@graph\":[{\"@type\":\"Article\",\"@id\":\"https:\/\/portaltela.pt\/noticias\/2026\/02\/18\/parlamento-aprova-iva-de-6-na-construcao-3\/#article\",\"isPartOf\":{\"@id\":\"https:\/\/portaltela.pt\/noticias\/2026\/02\/18\/parlamento-aprova-iva-de-6-na-construcao-3\/\"},\"author\":{\"name\":\"Telinha\",\"@id\":\"https:\/\/portaltela.pt\/#\/schema\/person\/c4278d4a6028830caff9ee44b42d32ed\"},\"headline\":\"Parlamento aprova IVA de 6% na constru\u00e7\u00e3o\",\"datePublished\":\"2026-02-18T20:08:20+00:00\",\"mainEntityOfPage\":{\"@id\":\"https:\/\/portaltela.pt\/noticias\/2026\/02\/18\/parlamento-aprova-iva-de-6-na-construcao-3\/\"},\"wordCount\":318,\"image\":{\"@id\":\"https:\/\/portaltela.pt\/noticias\/2026\/02\/18\/parlamento-aprova-iva-de-6-na-construcao-3\/#primaryimage\"},\"thumbnailUrl\":\"https:\/\/portaltela.pt\/s.01k8rhncp4jt1\/2026\/02\/img_1500x1000uu2026-01-21-11-55-02-2179220-1.jpg\",\"keywords\":[\"arrendamento\",\"Constru\u00e7\u00e3o\",\"habita\u00e7\u00e3o\",\"imposto sobre consumo\",\"impostos\",\"pol\u00edtica p\u00fablica\"],\"articleSection\":[\"Economia\",\"Not\u00edcias\"],\"inLanguage\":\"pt-PT\"},{\"@type\":\"WebPage\",\"@id\":\"https:\/\/portaltela.pt\/noticias\/2026\/02\/18\/parlamento-aprova-iva-de-6-na-construcao-3\/\",\"url\":\"https:\/\/portaltela.pt\/noticias\/2026\/02\/18\/parlamento-aprova-iva-de-6-na-construcao-3\/\",\"name\":\"Parlamento aprova IVA de 6% na constru\u00e7\u00e3o - Portal Tela Portugal\",\"isPartOf\":{\"@id\":\"https:\/\/portaltela.pt\/#website\"},\"primaryImageOfPage\":{\"@id\":\"https:\/\/portaltela.pt\/noticias\/2026\/02\/18\/parlamento-aprova-iva-de-6-na-construcao-3\/#primaryimage\"},\"image\":{\"@id\":\"https:\/\/portaltela.pt\/noticias\/2026\/02\/18\/parlamento-aprova-iva-de-6-na-construcao-3\/#primaryimage\"},\"thumbnailUrl\":\"https:\/\/portaltela.pt\/s.01k8rhncp4jt1\/2026\/02\/img_1500x1000uu2026-01-21-11-55-02-2179220-1.jpg\",\"datePublished\":\"2026-02-18T20:08:20+00:00\",\"author\":{\"@id\":\"https:\/\/portaltela.pt\/#\/schema\/person\/c4278d4a6028830caff9ee44b42d32ed\"},\"breadcrumb\":{\"@id\":\"https:\/\/portaltela.pt\/noticias\/2026\/02\/18\/parlamento-aprova-iva-de-6-na-construcao-3\/#breadcrumb\"},\"inLanguage\":\"pt-PT\",\"potentialAction\":[{\"@type\":\"ReadAction\",\"target\":[\"https:\/\/portaltela.pt\/noticias\/2026\/02\/18\/parlamento-aprova-iva-de-6-na-construcao-3\/\"]}]},{\"@type\":\"ImageObject\",\"inLanguage\":\"pt-PT\",\"@id\":\"https:\/\/portaltela.pt\/noticias\/2026\/02\/18\/parlamento-aprova-iva-de-6-na-construcao-3\/#primaryimage\",\"url\":\"https:\/\/portaltela.pt\/s.01k8rhncp4jt1\/2026\/02\/img_1500x1000uu2026-01-21-11-55-02-2179220-1.jpg\",\"contentUrl\":\"https:\/\/portaltela.pt\/s.01k8rhncp4jt1\/2026\/02\/img_1500x1000uu2026-01-21-11-55-02-2179220-1.jpg\",\"width\":796,\"height\":448,\"caption\":\"Habita\u00e7\u00e3o\"},{\"@type\":\"BreadcrumbList\",\"@id\":\"https:\/\/portaltela.pt\/noticias\/2026\/02\/18\/parlamento-aprova-iva-de-6-na-construcao-3\/#breadcrumb\",\"itemListElement\":[{\"@type\":\"ListItem\",\"position\":1,\"name\":\"In\u00edcio\",\"item\":\"https:\/\/portaltela.pt\/\"},{\"@type\":\"ListItem\",\"position\":2,\"name\":\"Parlamento aprova IVA de 6% na constru\u00e7\u00e3o\"}]},{\"@type\":\"WebSite\",\"@id\":\"https:\/\/portaltela.pt\/#website\",\"url\":\"https:\/\/portaltela.pt\/\",\"name\":\"Portal Tela Portugal\",\"description\":\"\",\"potentialAction\":[{\"@type\":\"SearchAction\",\"target\":{\"@type\":\"EntryPoint\",\"urlTemplate\":\"https:\/\/portaltela.pt\/?s={search_term_string}\"},\"query-input\":{\"@type\":\"PropertyValueSpecification\",\"valueRequired\":true,\"valueName\":\"search_term_string\"}}],\"inLanguage\":\"pt-PT\"},{\"@type\":\"Person\",\"@id\":\"https:\/\/portaltela.pt\/#\/schema\/person\/c4278d4a6028830caff9ee44b42d32ed\",\"name\":\"Telinha\",\"image\":{\"@type\":\"ImageObject\",\"inLanguage\":\"pt-PT\",\"@id\":\"https:\/\/portaltela.pt\/s.01k8rhncp4jt1\/2025\/11\/talking-bot-125x125.png\",\"url\":\"https:\/\/portaltela.pt\/s.01k8rhncp4jt1\/2025\/11\/talking-bot-125x125.png\",\"contentUrl\":\"https:\/\/portaltela.pt\/s.01k8rhncp4jt1\/2025\/11\/talking-bot-125x125.png\",\"caption\":\"Telinha\"},\"sameAs\":[\"https:\/\/portaltela.pt\/\"],\"url\":\"https:\/\/portaltela.pt\/por\/367410592786\/\"}]}<\/script>\n<!-- \/ Yoast SEO plugin. -->","yoast_head_json":{"title":"Parlamento aprova IVA de 6% na constru\u00e7\u00e3o - Portal Tela Portugal","robots":{"index":"index","follow":"follow","max-snippet":"max-snippet:-1","max-image-preview":"max-image-preview:large","max-video-preview":"max-video-preview:-1"},"og_locale":"pt_PT","og_type":"article","og_title":"Parlamento aprova IVA de 6% na constru\u00e7\u00e3o - Portal Tela Portugal","og_description":"O parlamento aprovou na especialidade as medidas fiscais do Governo para a habita\u00e7\u00e3o, incluindo a redu\u00e7\u00e3o do IVA para 6% na constru\u00e7\u00e3o de im\u00f3veis destinados \u00e0 habita\u00e7\u00e3o permanente, com altera\u00e7\u00f5es face \u00e0 proposta original. O voto foi: PS contra, Chega e Livre absteram-se, PSD, Iniciativa Liberal e CDS-PP a favor. Uma proposta de altera\u00e7\u00e3o de PSD e CDS-PP condiciona a aplica\u00e7\u00e3o do IVA a 6% caso o im\u00f3vel n\u00e3o seja habita\u00e7\u00e3o pr\u00f3pria e permanente ou o comprador n\u00e3o permane\u00e7a 12 meses, com agravamento de IMT nesses casos. Foram aprovadas medidas adicionais, como a exclus\u00e3o de tributa\u00e7\u00e3o de mais-valias em reinvestimento na aquisi\u00e7\u00e3o de im\u00f3veis para arrendamento habitacional. Tamb\u00e9m ficou definida uma majora\u00e7\u00e3o da dedu\u00e7\u00e3o IRS para rendas at\u00e9 1.000 euros, uma taxa de IRS aut\u00f3noma de 10% sobre rendimentos prediais de arrendamento e a isen\u00e7\u00e3o de IMT e de imposto de selo na aquisi\u00e7\u00e3o de im\u00f3veis destinados a arrendamento habitacional.","og_url":"https:\/\/portaltela.pt\/noticias\/2026\/02\/18\/parlamento-aprova-iva-de-6-na-construcao-3\/","og_site_name":"Portal Tela Portugal","article_published_time":"2026-02-18T20:08:20+00:00","author":"Telinha","twitter_card":"summary_large_image","twitter_misc":{"Escrito por":"Telinha","Tempo estimado de leitura":"2 minutos"},"schema":{"@context":"https:\/\/schema.org","@graph":[{"@type":"Article","@id":"https:\/\/portaltela.pt\/noticias\/2026\/02\/18\/parlamento-aprova-iva-de-6-na-construcao-3\/#article","isPartOf":{"@id":"https:\/\/portaltela.pt\/noticias\/2026\/02\/18\/parlamento-aprova-iva-de-6-na-construcao-3\/"},"author":{"name":"Telinha","@id":"https:\/\/portaltela.pt\/#\/schema\/person\/c4278d4a6028830caff9ee44b42d32ed"},"headline":"Parlamento aprova IVA de 6% na constru\u00e7\u00e3o","datePublished":"2026-02-18T20:08:20+00:00","mainEntityOfPage":{"@id":"https:\/\/portaltela.pt\/noticias\/2026\/02\/18\/parlamento-aprova-iva-de-6-na-construcao-3\/"},"wordCount":318,"image":{"@id":"https:\/\/portaltela.pt\/noticias\/2026\/02\/18\/parlamento-aprova-iva-de-6-na-construcao-3\/#primaryimage"},"thumbnailUrl":"https:\/\/portaltela.pt\/s.01k8rhncp4jt1\/2026\/02\/img_1500x1000uu2026-01-21-11-55-02-2179220-1.jpg","keywords":["arrendamento","Constru\u00e7\u00e3o","habita\u00e7\u00e3o","imposto sobre consumo","impostos","pol\u00edtica p\u00fablica"],"articleSection":["Economia","Not\u00edcias"],"inLanguage":"pt-PT"},{"@type":"WebPage","@id":"https:\/\/portaltela.pt\/noticias\/2026\/02\/18\/parlamento-aprova-iva-de-6-na-construcao-3\/","url":"https:\/\/portaltela.pt\/noticias\/2026\/02\/18\/parlamento-aprova-iva-de-6-na-construcao-3\/","name":"Parlamento aprova IVA de 6% na constru\u00e7\u00e3o - Portal Tela Portugal","isPartOf":{"@id":"https:\/\/portaltela.pt\/#website"},"primaryImageOfPage":{"@id":"https:\/\/portaltela.pt\/noticias\/2026\/02\/18\/parlamento-aprova-iva-de-6-na-construcao-3\/#primaryimage"},"image":{"@id":"https:\/\/portaltela.pt\/noticias\/2026\/02\/18\/parlamento-aprova-iva-de-6-na-construcao-3\/#primaryimage"},"thumbnailUrl":"https:\/\/portaltela.pt\/s.01k8rhncp4jt1\/2026\/02\/img_1500x1000uu2026-01-21-11-55-02-2179220-1.jpg","datePublished":"2026-02-18T20:08:20+00:00","author":{"@id":"https:\/\/portaltela.pt\/#\/schema\/person\/c4278d4a6028830caff9ee44b42d32ed"},"breadcrumb":{"@id":"https:\/\/portaltela.pt\/noticias\/2026\/02\/18\/parlamento-aprova-iva-de-6-na-construcao-3\/#breadcrumb"},"inLanguage":"pt-PT","potentialAction":[{"@type":"ReadAction","target":["https:\/\/portaltela.pt\/noticias\/2026\/02\/18\/parlamento-aprova-iva-de-6-na-construcao-3\/"]}]},{"@type":"ImageObject","inLanguage":"pt-PT","@id":"https:\/\/portaltela.pt\/noticias\/2026\/02\/18\/parlamento-aprova-iva-de-6-na-construcao-3\/#primaryimage","url":"https:\/\/portaltela.pt\/s.01k8rhncp4jt1\/2026\/02\/img_1500x1000uu2026-01-21-11-55-02-2179220-1.jpg","contentUrl":"https:\/\/portaltela.pt\/s.01k8rhncp4jt1\/2026\/02\/img_1500x1000uu2026-01-21-11-55-02-2179220-1.jpg","width":796,"height":448,"caption":"Habita\u00e7\u00e3o"},{"@type":"BreadcrumbList","@id":"https:\/\/portaltela.pt\/noticias\/2026\/02\/18\/parlamento-aprova-iva-de-6-na-construcao-3\/#breadcrumb","itemListElement":[{"@type":"ListItem","position":1,"name":"In\u00edcio","item":"https:\/\/portaltela.pt\/"},{"@type":"ListItem","position":2,"name":"Parlamento aprova IVA de 6% na constru\u00e7\u00e3o"}]},{"@type":"WebSite","@id":"https:\/\/portaltela.pt\/#website","url":"https:\/\/portaltela.pt\/","name":"Portal Tela Portugal","description":"","potentialAction":[{"@type":"SearchAction","target":{"@type":"EntryPoint","urlTemplate":"https:\/\/portaltela.pt\/?s={search_term_string}"},"query-input":{"@type":"PropertyValueSpecification","valueRequired":true,"valueName":"search_term_string"}}],"inLanguage":"pt-PT"},{"@type":"Person","@id":"https:\/\/portaltela.pt\/#\/schema\/person\/c4278d4a6028830caff9ee44b42d32ed","name":"Telinha","image":{"@type":"ImageObject","inLanguage":"pt-PT","@id":"https:\/\/portaltela.pt\/s.01k8rhncp4jt1\/2025\/11\/talking-bot-125x125.png","url":"https:\/\/portaltela.pt\/s.01k8rhncp4jt1\/2025\/11\/talking-bot-125x125.png","contentUrl":"https:\/\/portaltela.pt\/s.01k8rhncp4jt1\/2025\/11\/talking-bot-125x125.png","caption":"Telinha"},"sameAs":["https:\/\/portaltela.pt\/"],"url":"https:\/\/portaltela.pt\/por\/367410592786\/"}]}},"_links":{"self":[{"href":"https:\/\/portaltela.pt\/api\/wp\/v2\/posts\/216616","targetHints":{"allow":["GET"]}}],"collection":[{"href":"https:\/\/portaltela.pt\/api\/wp\/v2\/posts"}],"about":[{"href":"https:\/\/portaltela.pt\/api\/wp\/v2\/types\/post"}],"author":[{"embeddable":true,"href":"https:\/\/portaltela.pt\/api\/wp\/v2\/users\/2"}],"replies":[{"embeddable":true,"href":"https:\/\/portaltela.pt\/api\/wp\/v2\/comments?post=216616"}],"version-history":[{"count":0,"href":"https:\/\/portaltela.pt\/api\/wp\/v2\/posts\/216616\/revisions"}],"wp:featuredmedia":[{"embeddable":true,"href":"https:\/\/portaltela.pt\/api\/wp\/v2\/media\/216620"}],"wp:attachment":[{"href":"https:\/\/portaltela.pt\/api\/wp\/v2\/media?parent=216616"}],"wp:term":[{"taxonomy":"category","embeddable":true,"href":"https:\/\/portaltela.pt\/api\/wp\/v2\/categories?post=216616"},{"taxonomy":"post_tag","embeddable":true,"href":"https:\/\/portaltela.pt\/api\/wp\/v2\/tags?post=216616"}],"curies":[{"name":"wp","href":"https:\/\/api.w.org\/{rel}","templated":true}]}}