{"id":216597,"date":"2026-02-18T16:51:05","date_gmt":"2026-02-18T19:51:05","guid":{"rendered":"https:\/\/portaltela.pt\/noticias\/2026\/02\/18\/ps-e-aguiar-branco-discutem-riscos-a-direitos-da-defesa-em-diploma-do-governo\/"},"modified":"2026-02-18T16:51:05","modified_gmt":"2026-02-18T19:51:05","slug":"ps-e-aguiar-branco-discutem-riscos-a-direitos-da-defesa-em-diploma-do-governo","status":"publish","type":"post","link":"https:\/\/portaltela.pt\/noticias\/politica\/2026\/02\/18\/ps-e-aguiar-branco-discutem-riscos-a-direitos-da-defesa-em-diploma-do-governo\/","title":{"rendered":"PS e Aguiar-Branco discutem riscos a direitos da defesa em diploma do Governo"},"content":{"rendered":"<p>O PS acompanha d\u00favidas de constitucionalidade levantadas pelo presidente da Assembleia da Rep\u00fablica sobre altera\u00e7\u00f5es propostas pelo Governo ao C\u00f3digo de Processo Penal e ao Regulamento das Custas Processuais. O tema gerou d\u00favidas \u00e0 volta de direitos da defesa.<\/p>\n<p>Em comiss\u00e3o de Assuntos Constitucionais, o relat\u00f3rio de Isabel Moreira, deputada socialista, foi aprovado por unanimidade; o plen\u00e1rio discute o diploma j\u00e1 nesta sexta-feira. O documento sustenta que o texto cumpre requisitos formais para debate no parlamento.<\/p>\n<p>No entanto, o relat\u00f3rio avisa que a proposta poder\u00e1 violar o direito de acesso \u00e0 justi\u00e7a e o princ\u00edpio da proporcionalidade. Tamb\u00e9m questiona a independ\u00eancia e autonomia do mandato forense, elementos centrais da Administra\u00e7\u00e3o da Justi\u00e7a segundo a Constitui\u00e7\u00e3o.<\/p>\n<h3>Contexto constitucional e avisos<\/h3>\n<p>O presidente da Assembleia j\u00e1 havia emitido um despacho sobre o diploma, em janeiro, alertando para potenciais inconstitucionalidades. O novo relat\u00f3rio repete essas preocupa\u00e7\u00f5es e acrescenta v\u00e1rias outros pontos de aten\u00e7\u00e3o.<\/p>\n<p>Entre os pontos, aponta-se que crimes mais graves n\u00e3o devem permitir que a confiss\u00e3o encerre a produ\u00e7\u00e3o de prova sem escrut\u00ednio. O texto defende que a verdade material deve orientar a condena\u00e7\u00e3o e evitar confiss\u00f5es utilizadas para proteger o verdadeiro culpado.<\/p>\n<p>A defesa do tema refor\u00e7a a necessidade de prote\u00e7\u00e3o contra a autoincrimina\u00e7\u00e3o for\u00e7ada, exigindo que a confiss\u00e3o seja livre, esclarecida e verdadeira. Em penas altas, o relat\u00f3rio sustenta que o juiz pode requerer provas adicionais para validar factos confessados.<\/p>\n<h3>Proporcionalidade e impacto no estado de direito<\/h3>\n<p>De acordo com Isabel Moreira, h\u00e1 um eixo constitucional comum aos princ\u00edpios invocados: o equil\u00edbrio entre a estrutura acusat\u00f3ria e o dever estatal de buscar a verdade material. O processo penal deve ser essencialmente acusat\u00f3rio, sem que o juiz substitua a acusa\u00e7\u00e3o.<\/p>\n<p>A deputada sublinha ainda que a puni\u00e7\u00e3o, para ser v\u00e1lida, precisa basear-se em factos verdadeiros. A mera vontade do arguido n\u00e3o pode prevalecer sobre o interesse p\u00fablico de apurar a verdade em crimes graves.<\/p>\n<p>Segundo o relat\u00f3rio, a cria\u00e7\u00e3o de uma figura de multa por atos dilat\u00f3rios pode violar o direito de acesso \u00e0 tutela jurisdicional efetiva e o princ\u00edpio da proporcionalidade. O documento aponta tamb\u00e9m poss\u00edveis viola\u00e7\u00f5es \u00e0 independ\u00eancia do mandato forense.<\/p>\n<h3>Desfecho esperado<\/h3>\n<p>O parlamento deve considerar estes riscos de inconstitucionalidade durante o processo legislativo, para evitar a aprova\u00e7\u00e3o de uma lei cujo principal objetivo seja a celeridade. Em caso de travagem constitucional, poder\u00e1 haver nova interven\u00e7\u00e3o do Tribunal Constitucional.<\/p>\n","protected":false},"excerpt":{"rendered":"<ul>\n<li>O PS acompanha d\u00favidas de constitucionalidade manifestadas pelo presidente da Assembleia sobre altera\u00e7\u00f5es do Governo ao C\u00f3digo de Processo Penal e ao Regulamento das Custas Processuais, por alegada viola\u00e7\u00e3o dos direitos da defesa.<\/li>\n<li>Em comiss\u00e3o, o relat\u00f3rio de Isabel Moreira foi aprovado por unanimidade, considerando que o diploma cumpre os requisitos formais para discuss\u00e3o, mas alerta para poss\u00edvel viola\u00e7\u00e3o do direito de acesso ao direito e da tutela jurisdicional efetiva, bem como do princ\u00edpio da proporcionalidade.<\/li>\n<li>O relat\u00f3rio sustenta ainda que pode estar em causa a viola\u00e7\u00e3o da independ\u00eancia e autonomia do exerc\u00edcio do mandato forense, previsto na Constitui\u00e7\u00e3o.<\/li>\n<li>Indica que, em crimes graves, n\u00e3o basta a confiss\u00e3o para encerrar a produ\u00e7\u00e3o de prova; defende a necessidade de verdade material, prote\u00e7\u00e3o contra autoincrimina\u00e7\u00e3o e escrut\u00ednio judicial mais rigoroso para validar factos confessados.<\/li>\n<li>Conclui que a altera\u00e7\u00e3o ao regime da confiss\u00e3o pode violar, com probabilidade elevada, princ\u00edpios constitucionais do processo penal, incluindo estrutura acusat\u00f3ria, estado de direito e proporcionalidade, sugerindo aten\u00e7\u00e3o aos riscos no processo legislativo para evitar inconstitucionalidade.<\/li>\n<\/ul>\n","protected":false},"author":2,"featured_media":216598,"comment_status":"closed","ping_status":"closed","sticky":false,"template":"","format":"standard","meta":{"footnotes":""},"categories":[1,5],"tags":[4230,4057,5318,2633,1293,3667],"class_list":["post-216597","post","type-post","status-publish","format-standard","has-post-thumbnail","hentry","category-noticias","category-politica","tag-codigo-penal","tag-constituicao","tag-direitos-civis","tag-direitos-humanos","tag-independencia","tag-processos"],"yoast_head":"<!-- This site is optimized with the Yoast SEO plugin v27.2 - https:\/\/yoast.com\/product\/yoast-seo-wordpress\/ -->\n<title>PS e Aguiar-Branco discutem riscos a direitos da defesa em diploma do Governo - Portal Tela Portugal<\/title>\n<meta name=\"robots\" content=\"index, follow, max-snippet:-1, max-image-preview:large, max-video-preview:-1\" \/>\n<meta property=\"og:locale\" content=\"pt_PT\" \/>\n<meta property=\"og:type\" content=\"article\" \/>\n<meta property=\"og:title\" content=\"PS e Aguiar-Branco discutem riscos a direitos da defesa em diploma do Governo - Portal Tela Portugal\" \/>\n<meta property=\"og:description\" content=\"O PS acompanha d\u00favidas de constitucionalidade manifestadas pelo presidente da Assembleia sobre altera\u00e7\u00f5es do Governo ao C\u00f3digo de Processo Penal e ao Regulamento das Custas Processuais, por alegada viola\u00e7\u00e3o dos direitos da defesa. Em comiss\u00e3o, o relat\u00f3rio de Isabel Moreira foi aprovado por unanimidade, considerando que o diploma cumpre os requisitos formais para discuss\u00e3o, mas alerta para poss\u00edvel viola\u00e7\u00e3o do direito de acesso ao direito e da tutela jurisdicional efetiva, bem como do princ\u00edpio da proporcionalidade. O relat\u00f3rio sustenta ainda que pode estar em causa a viola\u00e7\u00e3o da independ\u00eancia e autonomia do exerc\u00edcio do mandato forense, previsto na Constitui\u00e7\u00e3o. Indica que, em crimes graves, n\u00e3o basta a confiss\u00e3o para encerrar a produ\u00e7\u00e3o de prova; defende a necessidade de verdade material, prote\u00e7\u00e3o contra autoincrimina\u00e7\u00e3o e escrut\u00ednio judicial mais rigoroso para validar factos confessados. Conclui que a altera\u00e7\u00e3o ao regime da confiss\u00e3o pode violar, com probabilidade elevada, princ\u00edpios constitucionais do processo penal, incluindo estrutura acusat\u00f3ria, estado de direito e proporcionalidade, sugerindo aten\u00e7\u00e3o aos riscos no processo legislativo para evitar inconstitucionalidade.\" \/>\n<meta property=\"og:url\" content=\"https:\/\/portaltela.pt\/noticias\/2026\/02\/18\/ps-e-aguiar-branco-discutem-riscos-a-direitos-da-defesa-em-diploma-do-governo\/\" \/>\n<meta property=\"og:site_name\" content=\"Portal Tela Portugal\" \/>\n<meta property=\"article:published_time\" content=\"2026-02-18T19:51:05+00:00\" \/>\n<meta name=\"author\" content=\"Telinha\" \/>\n<meta name=\"twitter:card\" content=\"summary_large_image\" \/>\n<meta name=\"twitter:label1\" content=\"Escrito por\" \/>\n\t<meta name=\"twitter:data1\" content=\"Telinha\" \/>\n\t<meta name=\"twitter:label2\" content=\"Tempo estimado de leitura\" \/>\n\t<meta name=\"twitter:data2\" content=\"2 minutos\" \/>\n<script type=\"application\/ld+json\" class=\"yoast-schema-graph\">{\"@context\":\"https:\/\/schema.org\",\"@graph\":[{\"@type\":\"Article\",\"@id\":\"https:\/\/portaltela.pt\/noticias\/2026\/02\/18\/ps-e-aguiar-branco-discutem-riscos-a-direitos-da-defesa-em-diploma-do-governo\/#article\",\"isPartOf\":{\"@id\":\"https:\/\/portaltela.pt\/noticias\/2026\/02\/18\/ps-e-aguiar-branco-discutem-riscos-a-direitos-da-defesa-em-diploma-do-governo\/\"},\"author\":{\"name\":\"Telinha\",\"@id\":\"https:\/\/portaltela.pt\/#\/schema\/person\/c4278d4a6028830caff9ee44b42d32ed\"},\"headline\":\"PS e Aguiar-Branco discutem riscos a direitos da defesa em diploma do Governo\",\"datePublished\":\"2026-02-18T19:51:05+00:00\",\"mainEntityOfPage\":{\"@id\":\"https:\/\/portaltela.pt\/noticias\/2026\/02\/18\/ps-e-aguiar-branco-discutem-riscos-a-direitos-da-defesa-em-diploma-do-governo\/\"},\"wordCount\":451,\"image\":{\"@id\":\"https:\/\/portaltela.pt\/noticias\/2026\/02\/18\/ps-e-aguiar-branco-discutem-riscos-a-direitos-da-defesa-em-diploma-do-governo\/#primaryimage\"},\"thumbnailUrl\":\"https:\/\/portaltela.pt\/s.01k8rhncp4jt1\/2026\/02\/img_1500x1000uu2025-06-04-12-26-52-2213940-1.jpg\",\"keywords\":[\"C\u00f3digo Penal\",\"constitui\u00e7\u00e3o\",\"direitos civis\",\"direitos humanos\",\"independ\u00eancia\",\"processos\"],\"articleSection\":[\"Not\u00edcias\",\"Pol\u00edtica\"],\"inLanguage\":\"pt-PT\"},{\"@type\":\"WebPage\",\"@id\":\"https:\/\/portaltela.pt\/noticias\/2026\/02\/18\/ps-e-aguiar-branco-discutem-riscos-a-direitos-da-defesa-em-diploma-do-governo\/\",\"url\":\"https:\/\/portaltela.pt\/noticias\/2026\/02\/18\/ps-e-aguiar-branco-discutem-riscos-a-direitos-da-defesa-em-diploma-do-governo\/\",\"name\":\"PS e Aguiar-Branco discutem riscos a direitos da defesa em diploma do Governo - Portal Tela Portugal\",\"isPartOf\":{\"@id\":\"https:\/\/portaltela.pt\/#website\"},\"primaryImageOfPage\":{\"@id\":\"https:\/\/portaltela.pt\/noticias\/2026\/02\/18\/ps-e-aguiar-branco-discutem-riscos-a-direitos-da-defesa-em-diploma-do-governo\/#primaryimage\"},\"image\":{\"@id\":\"https:\/\/portaltela.pt\/noticias\/2026\/02\/18\/ps-e-aguiar-branco-discutem-riscos-a-direitos-da-defesa-em-diploma-do-governo\/#primaryimage\"},\"thumbnailUrl\":\"https:\/\/portaltela.pt\/s.01k8rhncp4jt1\/2026\/02\/img_1500x1000uu2025-06-04-12-26-52-2213940-1.jpg\",\"datePublished\":\"2026-02-18T19:51:05+00:00\",\"author\":{\"@id\":\"https:\/\/portaltela.pt\/#\/schema\/person\/c4278d4a6028830caff9ee44b42d32ed\"},\"breadcrumb\":{\"@id\":\"https:\/\/portaltela.pt\/noticias\/2026\/02\/18\/ps-e-aguiar-branco-discutem-riscos-a-direitos-da-defesa-em-diploma-do-governo\/#breadcrumb\"},\"inLanguage\":\"pt-PT\",\"potentialAction\":[{\"@type\":\"ReadAction\",\"target\":[\"https:\/\/portaltela.pt\/noticias\/2026\/02\/18\/ps-e-aguiar-branco-discutem-riscos-a-direitos-da-defesa-em-diploma-do-governo\/\"]}]},{\"@type\":\"ImageObject\",\"inLanguage\":\"pt-PT\",\"@id\":\"https:\/\/portaltela.pt\/noticias\/2026\/02\/18\/ps-e-aguiar-branco-discutem-riscos-a-direitos-da-defesa-em-diploma-do-governo\/#primaryimage\",\"url\":\"https:\/\/portaltela.pt\/s.01k8rhncp4jt1\/2026\/02\/img_1500x1000uu2025-06-04-12-26-52-2213940-1.jpg\",\"contentUrl\":\"https:\/\/portaltela.pt\/s.01k8rhncp4jt1\/2026\/02\/img_1500x1000uu2025-06-04-12-26-52-2213940-1.jpg\",\"width\":796,\"height\":448,\"caption\":\"Aguiar-Branco\"},{\"@type\":\"BreadcrumbList\",\"@id\":\"https:\/\/portaltela.pt\/noticias\/2026\/02\/18\/ps-e-aguiar-branco-discutem-riscos-a-direitos-da-defesa-em-diploma-do-governo\/#breadcrumb\",\"itemListElement\":[{\"@type\":\"ListItem\",\"position\":1,\"name\":\"In\u00edcio\",\"item\":\"https:\/\/portaltela.pt\/\"},{\"@type\":\"ListItem\",\"position\":2,\"name\":\"PS e Aguiar-Branco discutem riscos a direitos da defesa em diploma do Governo\"}]},{\"@type\":\"WebSite\",\"@id\":\"https:\/\/portaltela.pt\/#website\",\"url\":\"https:\/\/portaltela.pt\/\",\"name\":\"Portal Tela Portugal\",\"description\":\"\",\"potentialAction\":[{\"@type\":\"SearchAction\",\"target\":{\"@type\":\"EntryPoint\",\"urlTemplate\":\"https:\/\/portaltela.pt\/?s={search_term_string}\"},\"query-input\":{\"@type\":\"PropertyValueSpecification\",\"valueRequired\":true,\"valueName\":\"search_term_string\"}}],\"inLanguage\":\"pt-PT\"},{\"@type\":\"Person\",\"@id\":\"https:\/\/portaltela.pt\/#\/schema\/person\/c4278d4a6028830caff9ee44b42d32ed\",\"name\":\"Telinha\",\"image\":{\"@type\":\"ImageObject\",\"inLanguage\":\"pt-PT\",\"@id\":\"https:\/\/portaltela.pt\/s.01k8rhncp4jt1\/2025\/11\/talking-bot-125x125.png\",\"url\":\"https:\/\/portaltela.pt\/s.01k8rhncp4jt1\/2025\/11\/talking-bot-125x125.png\",\"contentUrl\":\"https:\/\/portaltela.pt\/s.01k8rhncp4jt1\/2025\/11\/talking-bot-125x125.png\",\"caption\":\"Telinha\"},\"sameAs\":[\"https:\/\/portaltela.pt\/\"],\"url\":\"https:\/\/portaltela.pt\/por\/367410592786\/\"}]}<\/script>\n<!-- \/ Yoast SEO plugin. -->","yoast_head_json":{"title":"PS e Aguiar-Branco discutem riscos a direitos da defesa em diploma do Governo - Portal Tela Portugal","robots":{"index":"index","follow":"follow","max-snippet":"max-snippet:-1","max-image-preview":"max-image-preview:large","max-video-preview":"max-video-preview:-1"},"og_locale":"pt_PT","og_type":"article","og_title":"PS e Aguiar-Branco discutem riscos a direitos da defesa em diploma do Governo - Portal Tela Portugal","og_description":"O PS acompanha d\u00favidas de constitucionalidade manifestadas pelo presidente da Assembleia sobre altera\u00e7\u00f5es do Governo ao C\u00f3digo de Processo Penal e ao Regulamento das Custas Processuais, por alegada viola\u00e7\u00e3o dos direitos da defesa. Em comiss\u00e3o, o relat\u00f3rio de Isabel Moreira foi aprovado por unanimidade, considerando que o diploma cumpre os requisitos formais para discuss\u00e3o, mas alerta para poss\u00edvel viola\u00e7\u00e3o do direito de acesso ao direito e da tutela jurisdicional efetiva, bem como do princ\u00edpio da proporcionalidade. O relat\u00f3rio sustenta ainda que pode estar em causa a viola\u00e7\u00e3o da independ\u00eancia e autonomia do exerc\u00edcio do mandato forense, previsto na Constitui\u00e7\u00e3o. Indica que, em crimes graves, n\u00e3o basta a confiss\u00e3o para encerrar a produ\u00e7\u00e3o de prova; defende a necessidade de verdade material, prote\u00e7\u00e3o contra autoincrimina\u00e7\u00e3o e escrut\u00ednio judicial mais rigoroso para validar factos confessados. Conclui que a altera\u00e7\u00e3o ao regime da confiss\u00e3o pode violar, com probabilidade elevada, princ\u00edpios constitucionais do processo penal, incluindo estrutura acusat\u00f3ria, estado de direito e proporcionalidade, sugerindo aten\u00e7\u00e3o aos riscos no processo legislativo para evitar inconstitucionalidade.","og_url":"https:\/\/portaltela.pt\/noticias\/2026\/02\/18\/ps-e-aguiar-branco-discutem-riscos-a-direitos-da-defesa-em-diploma-do-governo\/","og_site_name":"Portal Tela Portugal","article_published_time":"2026-02-18T19:51:05+00:00","author":"Telinha","twitter_card":"summary_large_image","twitter_misc":{"Escrito por":"Telinha","Tempo estimado de leitura":"2 minutos"},"schema":{"@context":"https:\/\/schema.org","@graph":[{"@type":"Article","@id":"https:\/\/portaltela.pt\/noticias\/2026\/02\/18\/ps-e-aguiar-branco-discutem-riscos-a-direitos-da-defesa-em-diploma-do-governo\/#article","isPartOf":{"@id":"https:\/\/portaltela.pt\/noticias\/2026\/02\/18\/ps-e-aguiar-branco-discutem-riscos-a-direitos-da-defesa-em-diploma-do-governo\/"},"author":{"name":"Telinha","@id":"https:\/\/portaltela.pt\/#\/schema\/person\/c4278d4a6028830caff9ee44b42d32ed"},"headline":"PS e Aguiar-Branco discutem riscos a direitos da defesa em diploma do Governo","datePublished":"2026-02-18T19:51:05+00:00","mainEntityOfPage":{"@id":"https:\/\/portaltela.pt\/noticias\/2026\/02\/18\/ps-e-aguiar-branco-discutem-riscos-a-direitos-da-defesa-em-diploma-do-governo\/"},"wordCount":451,"image":{"@id":"https:\/\/portaltela.pt\/noticias\/2026\/02\/18\/ps-e-aguiar-branco-discutem-riscos-a-direitos-da-defesa-em-diploma-do-governo\/#primaryimage"},"thumbnailUrl":"https:\/\/portaltela.pt\/s.01k8rhncp4jt1\/2026\/02\/img_1500x1000uu2025-06-04-12-26-52-2213940-1.jpg","keywords":["C\u00f3digo Penal","constitui\u00e7\u00e3o","direitos civis","direitos humanos","independ\u00eancia","processos"],"articleSection":["Not\u00edcias","Pol\u00edtica"],"inLanguage":"pt-PT"},{"@type":"WebPage","@id":"https:\/\/portaltela.pt\/noticias\/2026\/02\/18\/ps-e-aguiar-branco-discutem-riscos-a-direitos-da-defesa-em-diploma-do-governo\/","url":"https:\/\/portaltela.pt\/noticias\/2026\/02\/18\/ps-e-aguiar-branco-discutem-riscos-a-direitos-da-defesa-em-diploma-do-governo\/","name":"PS e Aguiar-Branco discutem riscos a direitos da defesa em diploma do Governo - Portal Tela Portugal","isPartOf":{"@id":"https:\/\/portaltela.pt\/#website"},"primaryImageOfPage":{"@id":"https:\/\/portaltela.pt\/noticias\/2026\/02\/18\/ps-e-aguiar-branco-discutem-riscos-a-direitos-da-defesa-em-diploma-do-governo\/#primaryimage"},"image":{"@id":"https:\/\/portaltela.pt\/noticias\/2026\/02\/18\/ps-e-aguiar-branco-discutem-riscos-a-direitos-da-defesa-em-diploma-do-governo\/#primaryimage"},"thumbnailUrl":"https:\/\/portaltela.pt\/s.01k8rhncp4jt1\/2026\/02\/img_1500x1000uu2025-06-04-12-26-52-2213940-1.jpg","datePublished":"2026-02-18T19:51:05+00:00","author":{"@id":"https:\/\/portaltela.pt\/#\/schema\/person\/c4278d4a6028830caff9ee44b42d32ed"},"breadcrumb":{"@id":"https:\/\/portaltela.pt\/noticias\/2026\/02\/18\/ps-e-aguiar-branco-discutem-riscos-a-direitos-da-defesa-em-diploma-do-governo\/#breadcrumb"},"inLanguage":"pt-PT","potentialAction":[{"@type":"ReadAction","target":["https:\/\/portaltela.pt\/noticias\/2026\/02\/18\/ps-e-aguiar-branco-discutem-riscos-a-direitos-da-defesa-em-diploma-do-governo\/"]}]},{"@type":"ImageObject","inLanguage":"pt-PT","@id":"https:\/\/portaltela.pt\/noticias\/2026\/02\/18\/ps-e-aguiar-branco-discutem-riscos-a-direitos-da-defesa-em-diploma-do-governo\/#primaryimage","url":"https:\/\/portaltela.pt\/s.01k8rhncp4jt1\/2026\/02\/img_1500x1000uu2025-06-04-12-26-52-2213940-1.jpg","contentUrl":"https:\/\/portaltela.pt\/s.01k8rhncp4jt1\/2026\/02\/img_1500x1000uu2025-06-04-12-26-52-2213940-1.jpg","width":796,"height":448,"caption":"Aguiar-Branco"},{"@type":"BreadcrumbList","@id":"https:\/\/portaltela.pt\/noticias\/2026\/02\/18\/ps-e-aguiar-branco-discutem-riscos-a-direitos-da-defesa-em-diploma-do-governo\/#breadcrumb","itemListElement":[{"@type":"ListItem","position":1,"name":"In\u00edcio","item":"https:\/\/portaltela.pt\/"},{"@type":"ListItem","position":2,"name":"PS e Aguiar-Branco discutem riscos a direitos da defesa em diploma do Governo"}]},{"@type":"WebSite","@id":"https:\/\/portaltela.pt\/#website","url":"https:\/\/portaltela.pt\/","name":"Portal Tela Portugal","description":"","potentialAction":[{"@type":"SearchAction","target":{"@type":"EntryPoint","urlTemplate":"https:\/\/portaltela.pt\/?s={search_term_string}"},"query-input":{"@type":"PropertyValueSpecification","valueRequired":true,"valueName":"search_term_string"}}],"inLanguage":"pt-PT"},{"@type":"Person","@id":"https:\/\/portaltela.pt\/#\/schema\/person\/c4278d4a6028830caff9ee44b42d32ed","name":"Telinha","image":{"@type":"ImageObject","inLanguage":"pt-PT","@id":"https:\/\/portaltela.pt\/s.01k8rhncp4jt1\/2025\/11\/talking-bot-125x125.png","url":"https:\/\/portaltela.pt\/s.01k8rhncp4jt1\/2025\/11\/talking-bot-125x125.png","contentUrl":"https:\/\/portaltela.pt\/s.01k8rhncp4jt1\/2025\/11\/talking-bot-125x125.png","caption":"Telinha"},"sameAs":["https:\/\/portaltela.pt\/"],"url":"https:\/\/portaltela.pt\/por\/367410592786\/"}]}},"_links":{"self":[{"href":"https:\/\/portaltela.pt\/api\/wp\/v2\/posts\/216597","targetHints":{"allow":["GET"]}}],"collection":[{"href":"https:\/\/portaltela.pt\/api\/wp\/v2\/posts"}],"about":[{"href":"https:\/\/portaltela.pt\/api\/wp\/v2\/types\/post"}],"author":[{"embeddable":true,"href":"https:\/\/portaltela.pt\/api\/wp\/v2\/users\/2"}],"replies":[{"embeddable":true,"href":"https:\/\/portaltela.pt\/api\/wp\/v2\/comments?post=216597"}],"version-history":[{"count":0,"href":"https:\/\/portaltela.pt\/api\/wp\/v2\/posts\/216597\/revisions"}],"wp:featuredmedia":[{"embeddable":true,"href":"https:\/\/portaltela.pt\/api\/wp\/v2\/media\/216598"}],"wp:attachment":[{"href":"https:\/\/portaltela.pt\/api\/wp\/v2\/media?parent=216597"}],"wp:term":[{"taxonomy":"category","embeddable":true,"href":"https:\/\/portaltela.pt\/api\/wp\/v2\/categories?post=216597"},{"taxonomy":"post_tag","embeddable":true,"href":"https:\/\/portaltela.pt\/api\/wp\/v2\/tags?post=216597"}],"curies":[{"name":"wp","href":"https:\/\/api.w.org\/{rel}","templated":true}]}}