{"id":216577,"date":"2026-02-18T16:58:00","date_gmt":"2026-02-18T19:58:00","guid":{"rendered":"https:\/\/portaltela.pt\/noticias\/2026\/02\/18\/municipios-pedem-plano-financeiro-e-alargamento-da-calamidade\/"},"modified":"2026-02-18T16:58:00","modified_gmt":"2026-02-18T19:58:00","slug":"municipios-pedem-plano-financeiro-e-alargamento-da-calamidade","status":"publish","type":"post","link":"https:\/\/portaltela.pt\/noticias\/2026\/02\/18\/municipios-pedem-plano-financeiro-e-alargamento-da-calamidade\/","title":{"rendered":"Munic\u00edpios pedem plano financeiro e alargamento da calamidade"},"content":{"rendered":"<p>A Associa\u00e7\u00e3o Nacional de Munic\u00edpios Portugueses (ANMP) pediu um plano financeiro espec\u00edfico para apoiar a recupera\u00e7\u00e3o dos territ\u00f3rios afetados pelas tempestades recentes e o alargamento da calamidade a mais concelhos.<\/p>\n<p>Os autarcas defendem ainda mais meios no terreno e maior flexibilidade de prazos para responder \u00e0 dimens\u00e3o dos danos.<\/p>\n<p>A ANMP salienta o impacto do conjunto de tempestades e o esfor\u00e7o exigente que a recupera\u00e7\u00e3o vai impor \u00e0s autarquias.<\/p>\n","protected":false},"excerpt":{"rendered":"<ul>\n<li>A Associa\u00e7\u00e3o Nacional de Munic\u00edpios Portugueses (ANMP) pediu um plano financeiro espec\u00edfico para apoiar a recupera\u00e7\u00e3o dos territ\u00f3rios afetados pelas tempestades.<\/li>\n<li>Reclamam ainda o alargamento da declara\u00e7\u00e3o de calamidade a mais concelhos.<\/li>\n<li>Defendem mais meios no terreno para responder aos danos causados pelo fen\u00f3meno meteorol\u00f3gico.<\/li>\n<li>Solicitam flexibilidade de prazos, devido \u00e0 dimens\u00e3o dos preju\u00edzos e ao esfor\u00e7o exigente para a recupera\u00e7\u00e3o.<\/li>\n<\/ul>\n","protected":false},"author":2,"featured_media":216590,"comment_status":"closed","ping_status":"closed","sticky":false,"template":"","format":"standard","meta":{"footnotes":""},"categories":[1],"tags":[2706,4687,5215,2417,2093,1563],"class_list":["post-216577","post","type-post","status-publish","format-standard","has-post-thumbnail","hentry","category-noticias","tag-autarquias","tag-calamidade-publica","tag-catastrofes-naturais","tag-financiamento","tag-municipios","tag-regeneracao-urbana"],"yoast_head":"<!-- This site is optimized with the Yoast SEO plugin v27.2 - https:\/\/yoast.com\/product\/yoast-seo-wordpress\/ -->\n<title>Munic\u00edpios pedem plano financeiro e alargamento da calamidade - Portal Tela Portugal<\/title>\n<meta name=\"robots\" content=\"index, follow, max-snippet:-1, max-image-preview:large, max-video-preview:-1\" \/>\n<meta property=\"og:locale\" content=\"pt_PT\" \/>\n<meta property=\"og:type\" content=\"article\" \/>\n<meta property=\"og:title\" content=\"Munic\u00edpios pedem plano financeiro e alargamento da calamidade - Portal Tela Portugal\" \/>\n<meta property=\"og:description\" content=\"A Associa\u00e7\u00e3o Nacional de Munic\u00edpios Portugueses (ANMP) pediu um plano financeiro espec\u00edfico para apoiar a recupera\u00e7\u00e3o dos territ\u00f3rios afetados pelas tempestades. Reclamam ainda o alargamento da declara\u00e7\u00e3o de calamidade a mais concelhos. Defendem mais meios no terreno para responder aos danos causados pelo fen\u00f3meno meteorol\u00f3gico. Solicitam flexibilidade de prazos, devido \u00e0 dimens\u00e3o dos preju\u00edzos e ao esfor\u00e7o exigente para a recupera\u00e7\u00e3o.\" \/>\n<meta property=\"og:url\" content=\"https:\/\/portaltela.pt\/noticias\/2026\/02\/18\/municipios-pedem-plano-financeiro-e-alargamento-da-calamidade\/\" \/>\n<meta property=\"og:site_name\" content=\"Portal Tela Portugal\" \/>\n<meta property=\"article:published_time\" content=\"2026-02-18T19:58:00+00:00\" \/>\n<meta name=\"author\" content=\"Telinha\" \/>\n<meta name=\"twitter:card\" content=\"summary_large_image\" \/>\n<meta name=\"twitter:label1\" content=\"Escrito por\" \/>\n\t<meta name=\"twitter:data1\" content=\"Telinha\" \/>\n<script type=\"application\/ld+json\" class=\"yoast-schema-graph\">{\"@context\":\"https:\/\/schema.org\",\"@graph\":[{\"@type\":\"Article\",\"@id\":\"https:\/\/portaltela.pt\/noticias\/2026\/02\/18\/municipios-pedem-plano-financeiro-e-alargamento-da-calamidade\/#article\",\"isPartOf\":{\"@id\":\"https:\/\/portaltela.pt\/noticias\/2026\/02\/18\/municipios-pedem-plano-financeiro-e-alargamento-da-calamidade\/\"},\"author\":{\"name\":\"Telinha\",\"@id\":\"https:\/\/portaltela.pt\/#\/schema\/person\/c4278d4a6028830caff9ee44b42d32ed\"},\"headline\":\"Munic\u00edpios pedem plano financeiro e alargamento da calamidade\",\"datePublished\":\"2026-02-18T19:58:00+00:00\",\"mainEntityOfPage\":{\"@id\":\"https:\/\/portaltela.pt\/noticias\/2026\/02\/18\/municipios-pedem-plano-financeiro-e-alargamento-da-calamidade\/\"},\"wordCount\":85,\"image\":{\"@id\":\"https:\/\/portaltela.pt\/noticias\/2026\/02\/18\/municipios-pedem-plano-financeiro-e-alargamento-da-calamidade\/#primaryimage\"},\"thumbnailUrl\":\"https:\/\/portaltela.pt\/s.01k8rhncp4jt1\/2026\/02\/image-1356.jpg\",\"keywords\":[\"autarquias\",\"calamidade p\u00fablica\",\"cat\u00e1strofes naturais\",\"financiamento\",\"munic\u00edpios\",\"Regenera\u00e7\u00e3o Urbana\"],\"articleSection\":[\"Not\u00edcias\"],\"inLanguage\":\"pt-PT\"},{\"@type\":\"WebPage\",\"@id\":\"https:\/\/portaltela.pt\/noticias\/2026\/02\/18\/municipios-pedem-plano-financeiro-e-alargamento-da-calamidade\/\",\"url\":\"https:\/\/portaltela.pt\/noticias\/2026\/02\/18\/municipios-pedem-plano-financeiro-e-alargamento-da-calamidade\/\",\"name\":\"Munic\u00edpios pedem plano financeiro e alargamento da calamidade - Portal Tela Portugal\",\"isPartOf\":{\"@id\":\"https:\/\/portaltela.pt\/#website\"},\"primaryImageOfPage\":{\"@id\":\"https:\/\/portaltela.pt\/noticias\/2026\/02\/18\/municipios-pedem-plano-financeiro-e-alargamento-da-calamidade\/#primaryimage\"},\"image\":{\"@id\":\"https:\/\/portaltela.pt\/noticias\/2026\/02\/18\/municipios-pedem-plano-financeiro-e-alargamento-da-calamidade\/#primaryimage\"},\"thumbnailUrl\":\"https:\/\/portaltela.pt\/s.01k8rhncp4jt1\/2026\/02\/image-1356.jpg\",\"datePublished\":\"2026-02-18T19:58:00+00:00\",\"author\":{\"@id\":\"https:\/\/portaltela.pt\/#\/schema\/person\/c4278d4a6028830caff9ee44b42d32ed\"},\"breadcrumb\":{\"@id\":\"https:\/\/portaltela.pt\/noticias\/2026\/02\/18\/municipios-pedem-plano-financeiro-e-alargamento-da-calamidade\/#breadcrumb\"},\"inLanguage\":\"pt-PT\",\"potentialAction\":[{\"@type\":\"ReadAction\",\"target\":[\"https:\/\/portaltela.pt\/noticias\/2026\/02\/18\/municipios-pedem-plano-financeiro-e-alargamento-da-calamidade\/\"]}]},{\"@type\":\"ImageObject\",\"inLanguage\":\"pt-PT\",\"@id\":\"https:\/\/portaltela.pt\/noticias\/2026\/02\/18\/municipios-pedem-plano-financeiro-e-alargamento-da-calamidade\/#primaryimage\",\"url\":\"https:\/\/portaltela.pt\/s.01k8rhncp4jt1\/2026\/02\/image-1356.jpg\",\"contentUrl\":\"https:\/\/portaltela.pt\/s.01k8rhncp4jt1\/2026\/02\/image-1356.jpg\",\"width\":796,\"height\":448,\"caption\":\"Tempestades deixaram rasto de destrui\u00e7\u00e3o\"},{\"@type\":\"BreadcrumbList\",\"@id\":\"https:\/\/portaltela.pt\/noticias\/2026\/02\/18\/municipios-pedem-plano-financeiro-e-alargamento-da-calamidade\/#breadcrumb\",\"itemListElement\":[{\"@type\":\"ListItem\",\"position\":1,\"name\":\"In\u00edcio\",\"item\":\"https:\/\/portaltela.pt\/\"},{\"@type\":\"ListItem\",\"position\":2,\"name\":\"Munic\u00edpios pedem plano financeiro e alargamento da calamidade\"}]},{\"@type\":\"WebSite\",\"@id\":\"https:\/\/portaltela.pt\/#website\",\"url\":\"https:\/\/portaltela.pt\/\",\"name\":\"Portal Tela Portugal\",\"description\":\"\",\"potentialAction\":[{\"@type\":\"SearchAction\",\"target\":{\"@type\":\"EntryPoint\",\"urlTemplate\":\"https:\/\/portaltela.pt\/?s={search_term_string}\"},\"query-input\":{\"@type\":\"PropertyValueSpecification\",\"valueRequired\":true,\"valueName\":\"search_term_string\"}}],\"inLanguage\":\"pt-PT\"},{\"@type\":\"Person\",\"@id\":\"https:\/\/portaltela.pt\/#\/schema\/person\/c4278d4a6028830caff9ee44b42d32ed\",\"name\":\"Telinha\",\"image\":{\"@type\":\"ImageObject\",\"inLanguage\":\"pt-PT\",\"@id\":\"https:\/\/portaltela.pt\/s.01k8rhncp4jt1\/2025\/11\/talking-bot-125x125.png\",\"url\":\"https:\/\/portaltela.pt\/s.01k8rhncp4jt1\/2025\/11\/talking-bot-125x125.png\",\"contentUrl\":\"https:\/\/portaltela.pt\/s.01k8rhncp4jt1\/2025\/11\/talking-bot-125x125.png\",\"caption\":\"Telinha\"},\"sameAs\":[\"https:\/\/portaltela.pt\/\"],\"url\":\"https:\/\/portaltela.pt\/por\/367410592786\/\"}]}<\/script>\n<!-- \/ Yoast SEO plugin. -->","yoast_head_json":{"title":"Munic\u00edpios pedem plano financeiro e alargamento da calamidade - Portal Tela Portugal","robots":{"index":"index","follow":"follow","max-snippet":"max-snippet:-1","max-image-preview":"max-image-preview:large","max-video-preview":"max-video-preview:-1"},"og_locale":"pt_PT","og_type":"article","og_title":"Munic\u00edpios pedem plano financeiro e alargamento da calamidade - Portal Tela Portugal","og_description":"A Associa\u00e7\u00e3o Nacional de Munic\u00edpios Portugueses (ANMP) pediu um plano financeiro espec\u00edfico para apoiar a recupera\u00e7\u00e3o dos territ\u00f3rios afetados pelas tempestades. Reclamam ainda o alargamento da declara\u00e7\u00e3o de calamidade a mais concelhos. Defendem mais meios no terreno para responder aos danos causados pelo fen\u00f3meno meteorol\u00f3gico. Solicitam flexibilidade de prazos, devido \u00e0 dimens\u00e3o dos preju\u00edzos e ao esfor\u00e7o exigente para a recupera\u00e7\u00e3o.","og_url":"https:\/\/portaltela.pt\/noticias\/2026\/02\/18\/municipios-pedem-plano-financeiro-e-alargamento-da-calamidade\/","og_site_name":"Portal Tela Portugal","article_published_time":"2026-02-18T19:58:00+00:00","author":"Telinha","twitter_card":"summary_large_image","twitter_misc":{"Escrito por":"Telinha"},"schema":{"@context":"https:\/\/schema.org","@graph":[{"@type":"Article","@id":"https:\/\/portaltela.pt\/noticias\/2026\/02\/18\/municipios-pedem-plano-financeiro-e-alargamento-da-calamidade\/#article","isPartOf":{"@id":"https:\/\/portaltela.pt\/noticias\/2026\/02\/18\/municipios-pedem-plano-financeiro-e-alargamento-da-calamidade\/"},"author":{"name":"Telinha","@id":"https:\/\/portaltela.pt\/#\/schema\/person\/c4278d4a6028830caff9ee44b42d32ed"},"headline":"Munic\u00edpios pedem plano financeiro e alargamento da calamidade","datePublished":"2026-02-18T19:58:00+00:00","mainEntityOfPage":{"@id":"https:\/\/portaltela.pt\/noticias\/2026\/02\/18\/municipios-pedem-plano-financeiro-e-alargamento-da-calamidade\/"},"wordCount":85,"image":{"@id":"https:\/\/portaltela.pt\/noticias\/2026\/02\/18\/municipios-pedem-plano-financeiro-e-alargamento-da-calamidade\/#primaryimage"},"thumbnailUrl":"https:\/\/portaltela.pt\/s.01k8rhncp4jt1\/2026\/02\/image-1356.jpg","keywords":["autarquias","calamidade p\u00fablica","cat\u00e1strofes naturais","financiamento","munic\u00edpios","Regenera\u00e7\u00e3o Urbana"],"articleSection":["Not\u00edcias"],"inLanguage":"pt-PT"},{"@type":"WebPage","@id":"https:\/\/portaltela.pt\/noticias\/2026\/02\/18\/municipios-pedem-plano-financeiro-e-alargamento-da-calamidade\/","url":"https:\/\/portaltela.pt\/noticias\/2026\/02\/18\/municipios-pedem-plano-financeiro-e-alargamento-da-calamidade\/","name":"Munic\u00edpios pedem plano financeiro e alargamento da calamidade - Portal Tela Portugal","isPartOf":{"@id":"https:\/\/portaltela.pt\/#website"},"primaryImageOfPage":{"@id":"https:\/\/portaltela.pt\/noticias\/2026\/02\/18\/municipios-pedem-plano-financeiro-e-alargamento-da-calamidade\/#primaryimage"},"image":{"@id":"https:\/\/portaltela.pt\/noticias\/2026\/02\/18\/municipios-pedem-plano-financeiro-e-alargamento-da-calamidade\/#primaryimage"},"thumbnailUrl":"https:\/\/portaltela.pt\/s.01k8rhncp4jt1\/2026\/02\/image-1356.jpg","datePublished":"2026-02-18T19:58:00+00:00","author":{"@id":"https:\/\/portaltela.pt\/#\/schema\/person\/c4278d4a6028830caff9ee44b42d32ed"},"breadcrumb":{"@id":"https:\/\/portaltela.pt\/noticias\/2026\/02\/18\/municipios-pedem-plano-financeiro-e-alargamento-da-calamidade\/#breadcrumb"},"inLanguage":"pt-PT","potentialAction":[{"@type":"ReadAction","target":["https:\/\/portaltela.pt\/noticias\/2026\/02\/18\/municipios-pedem-plano-financeiro-e-alargamento-da-calamidade\/"]}]},{"@type":"ImageObject","inLanguage":"pt-PT","@id":"https:\/\/portaltela.pt\/noticias\/2026\/02\/18\/municipios-pedem-plano-financeiro-e-alargamento-da-calamidade\/#primaryimage","url":"https:\/\/portaltela.pt\/s.01k8rhncp4jt1\/2026\/02\/image-1356.jpg","contentUrl":"https:\/\/portaltela.pt\/s.01k8rhncp4jt1\/2026\/02\/image-1356.jpg","width":796,"height":448,"caption":"Tempestades deixaram rasto de destrui\u00e7\u00e3o"},{"@type":"BreadcrumbList","@id":"https:\/\/portaltela.pt\/noticias\/2026\/02\/18\/municipios-pedem-plano-financeiro-e-alargamento-da-calamidade\/#breadcrumb","itemListElement":[{"@type":"ListItem","position":1,"name":"In\u00edcio","item":"https:\/\/portaltela.pt\/"},{"@type":"ListItem","position":2,"name":"Munic\u00edpios pedem plano financeiro e alargamento da calamidade"}]},{"@type":"WebSite","@id":"https:\/\/portaltela.pt\/#website","url":"https:\/\/portaltela.pt\/","name":"Portal Tela Portugal","description":"","potentialAction":[{"@type":"SearchAction","target":{"@type":"EntryPoint","urlTemplate":"https:\/\/portaltela.pt\/?s={search_term_string}"},"query-input":{"@type":"PropertyValueSpecification","valueRequired":true,"valueName":"search_term_string"}}],"inLanguage":"pt-PT"},{"@type":"Person","@id":"https:\/\/portaltela.pt\/#\/schema\/person\/c4278d4a6028830caff9ee44b42d32ed","name":"Telinha","image":{"@type":"ImageObject","inLanguage":"pt-PT","@id":"https:\/\/portaltela.pt\/s.01k8rhncp4jt1\/2025\/11\/talking-bot-125x125.png","url":"https:\/\/portaltela.pt\/s.01k8rhncp4jt1\/2025\/11\/talking-bot-125x125.png","contentUrl":"https:\/\/portaltela.pt\/s.01k8rhncp4jt1\/2025\/11\/talking-bot-125x125.png","caption":"Telinha"},"sameAs":["https:\/\/portaltela.pt\/"],"url":"https:\/\/portaltela.pt\/por\/367410592786\/"}]}},"_links":{"self":[{"href":"https:\/\/portaltela.pt\/api\/wp\/v2\/posts\/216577","targetHints":{"allow":["GET"]}}],"collection":[{"href":"https:\/\/portaltela.pt\/api\/wp\/v2\/posts"}],"about":[{"href":"https:\/\/portaltela.pt\/api\/wp\/v2\/types\/post"}],"author":[{"embeddable":true,"href":"https:\/\/portaltela.pt\/api\/wp\/v2\/users\/2"}],"replies":[{"embeddable":true,"href":"https:\/\/portaltela.pt\/api\/wp\/v2\/comments?post=216577"}],"version-history":[{"count":0,"href":"https:\/\/portaltela.pt\/api\/wp\/v2\/posts\/216577\/revisions"}],"wp:featuredmedia":[{"embeddable":true,"href":"https:\/\/portaltela.pt\/api\/wp\/v2\/media\/216590"}],"wp:attachment":[{"href":"https:\/\/portaltela.pt\/api\/wp\/v2\/media?parent=216577"}],"wp:term":[{"taxonomy":"category","embeddable":true,"href":"https:\/\/portaltela.pt\/api\/wp\/v2\/categories?post=216577"},{"taxonomy":"post_tag","embeddable":true,"href":"https:\/\/portaltela.pt\/api\/wp\/v2\/tags?post=216577"}],"curies":[{"name":"wp","href":"https:\/\/api.w.org\/{rel}","templated":true}]}}