{"id":216573,"date":"2026-02-18T16:52:53","date_gmt":"2026-02-18T19:52:53","guid":{"rendered":"https:\/\/portaltela.pt\/noticias\/2026\/02\/18\/camara-de-coimbra-aumenta-preco-do-intermodal-para-bombeiros-e-funcionarios\/"},"modified":"2026-02-18T16:52:53","modified_gmt":"2026-02-18T19:52:53","slug":"camara-de-coimbra-aumenta-preco-do-intermodal-para-bombeiros-e-funcionarios","status":"publish","type":"post","link":"https:\/\/portaltela.pt\/noticias\/2026\/02\/18\/camara-de-coimbra-aumenta-preco-do-intermodal-para-bombeiros-e-funcionarios\/","title":{"rendered":"C\u00e2mara de Coimbra aumenta pre\u00e7o do intermodal para bombeiros e funcion\u00e1rios"},"content":{"rendered":"<p>O munic\u00edpio de Coimbra aprovou uma proposta de bonifica\u00e7\u00f5es no tarif\u00e1rio intermodal, aumentando o custo para algumas categorias de utentes. A mudan\u00e7a afeta bombeiros volunt\u00e1rios, funcion\u00e1rios municipais e reformados.<\/p>\n<p>A decis\u00e3o foi tomada nesta quarta-feira pelos vereadores da coliga\u00e7\u00e3o Avan\u00e7ar Coimbra (PS\/Livre\/PAN) e pela ex-vereadora do Chega. Oposi\u00e7\u00e3o: quatro vereadores da coliga\u00e7\u00e3o Juntos Somos Coimbra votaram contra; um deputado da IL absteve-se.<\/p>\n<p>A reuni\u00e3o decorreu em Coimbra, com Ana Abrunhosa a liderar a presid\u00eancia. A autarquia justificou a nova f\u00f3rmula pela necessidade de sustentabilidade financeira do SMTUC e do sistema intermodal.<\/p>\n<p>A proposta eleva o passe intermodal de 11 euros para 20 euros para reformados. Para funcion\u00e1rios municipais e bombeiros volunt\u00e1rios passa de 1 euro para 15 euros mensais. Trabalhadores municipais aposentados sobem de 6 euros para 15 euros.<\/p>\n<p>Mant\u00eam-se valores de 1 euro para utentes em situa\u00e7\u00e3o de maior fragilidade social e para estudantes universit\u00e1rios com mais de 23 anos. A medida preserva exce\u00e7\u00f5es existentes no anterior regime.<\/p>\n<h3>Contexto financeiro<\/h3>\n<p>Ana Abrunhosa afirmou que os SMTUC est\u00e3o em fal\u00eancia e que o modelo de intermodalidade reduz transfer\u00eancias para os servi\u00e7os municipais. A gest\u00e3o avalia se \u00e9 poss\u00edvel subsidiar mais, caso existam condi\u00e7\u00f5es or\u00e7amentais.<\/p>\n<h3>Rea\u00e7\u00f5es e perspetivas<\/h3>\n<p>O vereador Jo\u00e3o Francisco Campos destacou discrep\u00e2ncias entre as propostas e o impacto anual, com custos agravados para algumas categorias. Ana Bastos elogiou o avan\u00e7o, alertando para poss\u00edveis trav\u00f5es \u00e0 transfer\u00eancia modal.<\/p>\n<p>A autarquia disse que a sustentabilidade financeira orienta as decis\u00f5es e que, no futuro, poder\u00e1 ajustar subsidi\u00e1rias conforme o equil\u00edbrio or\u00e7amental permita.<\/p>\n","protected":false},"excerpt":{"rendered":"<ul>\n<li>A C\u00e2mara de Coimbra aprovou novas bonifica\u00e7\u00f5es do tarif\u00e1rio intermodal, aumentando o passe para bombeiros volunt\u00e1rios e funcion\u00e1rios municipais de 1\u20ac para 15\u20ac e para reformados de 6\u20ac para 15\u20ac mensais.<\/li>\n<li>O passe intermodal passa a custar 20\u20ac mensais para reformados, mantendo 1\u20ac para utentes em situa\u00e7\u00e3o de maior fragilidade social e RSIS e 15\u20ac para estudantes universit\u00e1rios com mais de 23 anos.<\/li>\n<li>A decis\u00e3o foi tomada com cinco votos da coliga\u00e7\u00e3o Avan\u00e7ar Coimbra e da ex-vereadora do Chega, contra quatro da coliga\u00e7\u00e3o Juntos Somos Coimbra e uma vereadora da IL que se absteve.<\/li>\n<li>A presidente da C\u00e2mara, Ana Abrunhosa, afirmou que os SMTUC est\u00e3o falidos e que o modelo atual reduz transfer\u00eancias para os servi\u00e7os municipais, prometendo avaliar poss\u00edveis subs\u00eddios adicionais conforme as condi\u00e7\u00f5es.<\/li>\n<li>A vereadora Ana Bastos elogiou a progress\u00e3o, mas disse que a diferen\u00e7a de pre\u00e7os entre intermodal e monomodais pode travar a integra\u00e7\u00e3o do sistema, defendendo converg\u00eancia r\u00e1pida para eliminar t\u00edtulos monomodais ainda em 2026.<\/li>\n<\/ul>\n","protected":false},"author":2,"featured_media":216582,"comment_status":"closed","ping_status":"closed","sticky":false,"template":"","format":"standard","meta":{"footnotes":""},"categories":[1],"tags":[971,1070,28,5591,1549,4535],"class_list":["post-216573","post","type-post","status-publish","format-standard","has-post-thumbnail","hentry","category-noticias","tag-bombeiros","tag-coimbra","tag-economia","tag-funcionarios","tag-tarifas","tag-transporte-publico"],"yoast_head":"<!-- This site is optimized with the Yoast SEO plugin v27.2 - https:\/\/yoast.com\/product\/yoast-seo-wordpress\/ -->\n<title>C\u00e2mara de Coimbra aumenta pre\u00e7o do intermodal para bombeiros e funcion\u00e1rios - Portal Tela Portugal<\/title>\n<meta name=\"robots\" content=\"index, follow, max-snippet:-1, max-image-preview:large, max-video-preview:-1\" \/>\n<meta property=\"og:locale\" content=\"pt_PT\" \/>\n<meta property=\"og:type\" content=\"article\" \/>\n<meta property=\"og:title\" content=\"C\u00e2mara de Coimbra aumenta pre\u00e7o do intermodal para bombeiros e funcion\u00e1rios - Portal Tela Portugal\" \/>\n<meta property=\"og:description\" content=\"A C\u00e2mara de Coimbra aprovou novas bonifica\u00e7\u00f5es do tarif\u00e1rio intermodal, aumentando o passe para bombeiros volunt\u00e1rios e funcion\u00e1rios municipais de 1\u20ac para 15\u20ac e para reformados de 6\u20ac para 15\u20ac mensais. O passe intermodal passa a custar 20\u20ac mensais para reformados, mantendo 1\u20ac para utentes em situa\u00e7\u00e3o de maior fragilidade social e RSIS e 15\u20ac para estudantes universit\u00e1rios com mais de 23 anos. A decis\u00e3o foi tomada com cinco votos da coliga\u00e7\u00e3o Avan\u00e7ar Coimbra e da ex-vereadora do Chega, contra quatro da coliga\u00e7\u00e3o Juntos Somos Coimbra e uma vereadora da IL que se absteve. A presidente da C\u00e2mara, Ana Abrunhosa, afirmou que os SMTUC est\u00e3o falidos e que o modelo atual reduz transfer\u00eancias para os servi\u00e7os municipais, prometendo avaliar poss\u00edveis subs\u00eddios adicionais conforme as condi\u00e7\u00f5es. A vereadora Ana Bastos elogiou a progress\u00e3o, mas disse que a diferen\u00e7a de pre\u00e7os entre intermodal e monomodais pode travar a integra\u00e7\u00e3o do sistema, defendendo converg\u00eancia r\u00e1pida para eliminar t\u00edtulos monomodais ainda em 2026.\" \/>\n<meta property=\"og:url\" content=\"https:\/\/portaltela.pt\/noticias\/2026\/02\/18\/camara-de-coimbra-aumenta-preco-do-intermodal-para-bombeiros-e-funcionarios\/\" \/>\n<meta property=\"og:site_name\" content=\"Portal Tela Portugal\" \/>\n<meta property=\"article:published_time\" content=\"2026-02-18T19:52:53+00:00\" \/>\n<meta name=\"author\" content=\"Telinha\" \/>\n<meta name=\"twitter:card\" content=\"summary_large_image\" \/>\n<meta name=\"twitter:label1\" content=\"Escrito por\" \/>\n\t<meta name=\"twitter:data1\" content=\"Telinha\" \/>\n\t<meta name=\"twitter:label2\" content=\"Tempo estimado de leitura\" \/>\n\t<meta name=\"twitter:data2\" content=\"1 minuto\" \/>\n<script type=\"application\/ld+json\" class=\"yoast-schema-graph\">{\"@context\":\"https:\/\/schema.org\",\"@graph\":[{\"@type\":\"Article\",\"@id\":\"https:\/\/portaltela.pt\/noticias\/2026\/02\/18\/camara-de-coimbra-aumenta-preco-do-intermodal-para-bombeiros-e-funcionarios\/#article\",\"isPartOf\":{\"@id\":\"https:\/\/portaltela.pt\/noticias\/2026\/02\/18\/camara-de-coimbra-aumenta-preco-do-intermodal-para-bombeiros-e-funcionarios\/\"},\"author\":{\"name\":\"Telinha\",\"@id\":\"https:\/\/portaltela.pt\/#\/schema\/person\/c4278d4a6028830caff9ee44b42d32ed\"},\"headline\":\"C\u00e2mara de Coimbra aumenta pre\u00e7o do intermodal para bombeiros e funcion\u00e1rios\",\"datePublished\":\"2026-02-18T19:52:53+00:00\",\"mainEntityOfPage\":{\"@id\":\"https:\/\/portaltela.pt\/noticias\/2026\/02\/18\/camara-de-coimbra-aumenta-preco-do-intermodal-para-bombeiros-e-funcionarios\/\"},\"wordCount\":296,\"image\":{\"@id\":\"https:\/\/portaltela.pt\/noticias\/2026\/02\/18\/camara-de-coimbra-aumenta-preco-do-intermodal-para-bombeiros-e-funcionarios\/#primaryimage\"},\"thumbnailUrl\":\"https:\/\/portaltela.pt\/s.01k8rhncp4jt1\/2026\/02\/img_1500x1000uu2015-01-18-11-44-00-430470.jpg\",\"keywords\":[\"bombeiros\",\"Coimbra\",\"economia\",\"funcion\u00e1rios\",\"tarifas\",\"transporte p\u00fablico\"],\"articleSection\":[\"Not\u00edcias\"],\"inLanguage\":\"pt-PT\"},{\"@type\":\"WebPage\",\"@id\":\"https:\/\/portaltela.pt\/noticias\/2026\/02\/18\/camara-de-coimbra-aumenta-preco-do-intermodal-para-bombeiros-e-funcionarios\/\",\"url\":\"https:\/\/portaltela.pt\/noticias\/2026\/02\/18\/camara-de-coimbra-aumenta-preco-do-intermodal-para-bombeiros-e-funcionarios\/\",\"name\":\"C\u00e2mara de Coimbra aumenta pre\u00e7o do intermodal para bombeiros e funcion\u00e1rios - Portal Tela Portugal\",\"isPartOf\":{\"@id\":\"https:\/\/portaltela.pt\/#website\"},\"primaryImageOfPage\":{\"@id\":\"https:\/\/portaltela.pt\/noticias\/2026\/02\/18\/camara-de-coimbra-aumenta-preco-do-intermodal-para-bombeiros-e-funcionarios\/#primaryimage\"},\"image\":{\"@id\":\"https:\/\/portaltela.pt\/noticias\/2026\/02\/18\/camara-de-coimbra-aumenta-preco-do-intermodal-para-bombeiros-e-funcionarios\/#primaryimage\"},\"thumbnailUrl\":\"https:\/\/portaltela.pt\/s.01k8rhncp4jt1\/2026\/02\/img_1500x1000uu2015-01-18-11-44-00-430470.jpg\",\"datePublished\":\"2026-02-18T19:52:53+00:00\",\"author\":{\"@id\":\"https:\/\/portaltela.pt\/#\/schema\/person\/c4278d4a6028830caff9ee44b42d32ed\"},\"breadcrumb\":{\"@id\":\"https:\/\/portaltela.pt\/noticias\/2026\/02\/18\/camara-de-coimbra-aumenta-preco-do-intermodal-para-bombeiros-e-funcionarios\/#breadcrumb\"},\"inLanguage\":\"pt-PT\",\"potentialAction\":[{\"@type\":\"ReadAction\",\"target\":[\"https:\/\/portaltela.pt\/noticias\/2026\/02\/18\/camara-de-coimbra-aumenta-preco-do-intermodal-para-bombeiros-e-funcionarios\/\"]}]},{\"@type\":\"ImageObject\",\"inLanguage\":\"pt-PT\",\"@id\":\"https:\/\/portaltela.pt\/noticias\/2026\/02\/18\/camara-de-coimbra-aumenta-preco-do-intermodal-para-bombeiros-e-funcionarios\/#primaryimage\",\"url\":\"https:\/\/portaltela.pt\/s.01k8rhncp4jt1\/2026\/02\/img_1500x1000uu2015-01-18-11-44-00-430470.jpg\",\"contentUrl\":\"https:\/\/portaltela.pt\/s.01k8rhncp4jt1\/2026\/02\/img_1500x1000uu2015-01-18-11-44-00-430470.jpg\",\"width\":796,\"height\":448,\"caption\":\"C\u00e2mara de Coimbra aumenta pre\u00e7o de intermodal para bombeiros e funcion\u00e1rios\"},{\"@type\":\"BreadcrumbList\",\"@id\":\"https:\/\/portaltela.pt\/noticias\/2026\/02\/18\/camara-de-coimbra-aumenta-preco-do-intermodal-para-bombeiros-e-funcionarios\/#breadcrumb\",\"itemListElement\":[{\"@type\":\"ListItem\",\"position\":1,\"name\":\"In\u00edcio\",\"item\":\"https:\/\/portaltela.pt\/\"},{\"@type\":\"ListItem\",\"position\":2,\"name\":\"C\u00e2mara de Coimbra aumenta pre\u00e7o do intermodal para bombeiros e funcion\u00e1rios\"}]},{\"@type\":\"WebSite\",\"@id\":\"https:\/\/portaltela.pt\/#website\",\"url\":\"https:\/\/portaltela.pt\/\",\"name\":\"Portal Tela Portugal\",\"description\":\"\",\"potentialAction\":[{\"@type\":\"SearchAction\",\"target\":{\"@type\":\"EntryPoint\",\"urlTemplate\":\"https:\/\/portaltela.pt\/?s={search_term_string}\"},\"query-input\":{\"@type\":\"PropertyValueSpecification\",\"valueRequired\":true,\"valueName\":\"search_term_string\"}}],\"inLanguage\":\"pt-PT\"},{\"@type\":\"Person\",\"@id\":\"https:\/\/portaltela.pt\/#\/schema\/person\/c4278d4a6028830caff9ee44b42d32ed\",\"name\":\"Telinha\",\"image\":{\"@type\":\"ImageObject\",\"inLanguage\":\"pt-PT\",\"@id\":\"https:\/\/portaltela.pt\/s.01k8rhncp4jt1\/2025\/11\/talking-bot-125x125.png\",\"url\":\"https:\/\/portaltela.pt\/s.01k8rhncp4jt1\/2025\/11\/talking-bot-125x125.png\",\"contentUrl\":\"https:\/\/portaltela.pt\/s.01k8rhncp4jt1\/2025\/11\/talking-bot-125x125.png\",\"caption\":\"Telinha\"},\"sameAs\":[\"https:\/\/portaltela.pt\/\"],\"url\":\"https:\/\/portaltela.pt\/por\/367410592786\/\"}]}<\/script>\n<!-- \/ Yoast SEO plugin. -->","yoast_head_json":{"title":"C\u00e2mara de Coimbra aumenta pre\u00e7o do intermodal para bombeiros e funcion\u00e1rios - Portal Tela Portugal","robots":{"index":"index","follow":"follow","max-snippet":"max-snippet:-1","max-image-preview":"max-image-preview:large","max-video-preview":"max-video-preview:-1"},"og_locale":"pt_PT","og_type":"article","og_title":"C\u00e2mara de Coimbra aumenta pre\u00e7o do intermodal para bombeiros e funcion\u00e1rios - Portal Tela Portugal","og_description":"A C\u00e2mara de Coimbra aprovou novas bonifica\u00e7\u00f5es do tarif\u00e1rio intermodal, aumentando o passe para bombeiros volunt\u00e1rios e funcion\u00e1rios municipais de 1\u20ac para 15\u20ac e para reformados de 6\u20ac para 15\u20ac mensais. O passe intermodal passa a custar 20\u20ac mensais para reformados, mantendo 1\u20ac para utentes em situa\u00e7\u00e3o de maior fragilidade social e RSIS e 15\u20ac para estudantes universit\u00e1rios com mais de 23 anos. A decis\u00e3o foi tomada com cinco votos da coliga\u00e7\u00e3o Avan\u00e7ar Coimbra e da ex-vereadora do Chega, contra quatro da coliga\u00e7\u00e3o Juntos Somos Coimbra e uma vereadora da IL que se absteve. A presidente da C\u00e2mara, Ana Abrunhosa, afirmou que os SMTUC est\u00e3o falidos e que o modelo atual reduz transfer\u00eancias para os servi\u00e7os municipais, prometendo avaliar poss\u00edveis subs\u00eddios adicionais conforme as condi\u00e7\u00f5es. A vereadora Ana Bastos elogiou a progress\u00e3o, mas disse que a diferen\u00e7a de pre\u00e7os entre intermodal e monomodais pode travar a integra\u00e7\u00e3o do sistema, defendendo converg\u00eancia r\u00e1pida para eliminar t\u00edtulos monomodais ainda em 2026.","og_url":"https:\/\/portaltela.pt\/noticias\/2026\/02\/18\/camara-de-coimbra-aumenta-preco-do-intermodal-para-bombeiros-e-funcionarios\/","og_site_name":"Portal Tela Portugal","article_published_time":"2026-02-18T19:52:53+00:00","author":"Telinha","twitter_card":"summary_large_image","twitter_misc":{"Escrito por":"Telinha","Tempo estimado de leitura":"1 minuto"},"schema":{"@context":"https:\/\/schema.org","@graph":[{"@type":"Article","@id":"https:\/\/portaltela.pt\/noticias\/2026\/02\/18\/camara-de-coimbra-aumenta-preco-do-intermodal-para-bombeiros-e-funcionarios\/#article","isPartOf":{"@id":"https:\/\/portaltela.pt\/noticias\/2026\/02\/18\/camara-de-coimbra-aumenta-preco-do-intermodal-para-bombeiros-e-funcionarios\/"},"author":{"name":"Telinha","@id":"https:\/\/portaltela.pt\/#\/schema\/person\/c4278d4a6028830caff9ee44b42d32ed"},"headline":"C\u00e2mara de Coimbra aumenta pre\u00e7o do intermodal para bombeiros e funcion\u00e1rios","datePublished":"2026-02-18T19:52:53+00:00","mainEntityOfPage":{"@id":"https:\/\/portaltela.pt\/noticias\/2026\/02\/18\/camara-de-coimbra-aumenta-preco-do-intermodal-para-bombeiros-e-funcionarios\/"},"wordCount":296,"image":{"@id":"https:\/\/portaltela.pt\/noticias\/2026\/02\/18\/camara-de-coimbra-aumenta-preco-do-intermodal-para-bombeiros-e-funcionarios\/#primaryimage"},"thumbnailUrl":"https:\/\/portaltela.pt\/s.01k8rhncp4jt1\/2026\/02\/img_1500x1000uu2015-01-18-11-44-00-430470.jpg","keywords":["bombeiros","Coimbra","economia","funcion\u00e1rios","tarifas","transporte p\u00fablico"],"articleSection":["Not\u00edcias"],"inLanguage":"pt-PT"},{"@type":"WebPage","@id":"https:\/\/portaltela.pt\/noticias\/2026\/02\/18\/camara-de-coimbra-aumenta-preco-do-intermodal-para-bombeiros-e-funcionarios\/","url":"https:\/\/portaltela.pt\/noticias\/2026\/02\/18\/camara-de-coimbra-aumenta-preco-do-intermodal-para-bombeiros-e-funcionarios\/","name":"C\u00e2mara de Coimbra aumenta pre\u00e7o do intermodal para bombeiros e funcion\u00e1rios - Portal Tela Portugal","isPartOf":{"@id":"https:\/\/portaltela.pt\/#website"},"primaryImageOfPage":{"@id":"https:\/\/portaltela.pt\/noticias\/2026\/02\/18\/camara-de-coimbra-aumenta-preco-do-intermodal-para-bombeiros-e-funcionarios\/#primaryimage"},"image":{"@id":"https:\/\/portaltela.pt\/noticias\/2026\/02\/18\/camara-de-coimbra-aumenta-preco-do-intermodal-para-bombeiros-e-funcionarios\/#primaryimage"},"thumbnailUrl":"https:\/\/portaltela.pt\/s.01k8rhncp4jt1\/2026\/02\/img_1500x1000uu2015-01-18-11-44-00-430470.jpg","datePublished":"2026-02-18T19:52:53+00:00","author":{"@id":"https:\/\/portaltela.pt\/#\/schema\/person\/c4278d4a6028830caff9ee44b42d32ed"},"breadcrumb":{"@id":"https:\/\/portaltela.pt\/noticias\/2026\/02\/18\/camara-de-coimbra-aumenta-preco-do-intermodal-para-bombeiros-e-funcionarios\/#breadcrumb"},"inLanguage":"pt-PT","potentialAction":[{"@type":"ReadAction","target":["https:\/\/portaltela.pt\/noticias\/2026\/02\/18\/camara-de-coimbra-aumenta-preco-do-intermodal-para-bombeiros-e-funcionarios\/"]}]},{"@type":"ImageObject","inLanguage":"pt-PT","@id":"https:\/\/portaltela.pt\/noticias\/2026\/02\/18\/camara-de-coimbra-aumenta-preco-do-intermodal-para-bombeiros-e-funcionarios\/#primaryimage","url":"https:\/\/portaltela.pt\/s.01k8rhncp4jt1\/2026\/02\/img_1500x1000uu2015-01-18-11-44-00-430470.jpg","contentUrl":"https:\/\/portaltela.pt\/s.01k8rhncp4jt1\/2026\/02\/img_1500x1000uu2015-01-18-11-44-00-430470.jpg","width":796,"height":448,"caption":"C\u00e2mara de Coimbra aumenta pre\u00e7o de intermodal para bombeiros e funcion\u00e1rios"},{"@type":"BreadcrumbList","@id":"https:\/\/portaltela.pt\/noticias\/2026\/02\/18\/camara-de-coimbra-aumenta-preco-do-intermodal-para-bombeiros-e-funcionarios\/#breadcrumb","itemListElement":[{"@type":"ListItem","position":1,"name":"In\u00edcio","item":"https:\/\/portaltela.pt\/"},{"@type":"ListItem","position":2,"name":"C\u00e2mara de Coimbra aumenta pre\u00e7o do intermodal para bombeiros e funcion\u00e1rios"}]},{"@type":"WebSite","@id":"https:\/\/portaltela.pt\/#website","url":"https:\/\/portaltela.pt\/","name":"Portal Tela Portugal","description":"","potentialAction":[{"@type":"SearchAction","target":{"@type":"EntryPoint","urlTemplate":"https:\/\/portaltela.pt\/?s={search_term_string}"},"query-input":{"@type":"PropertyValueSpecification","valueRequired":true,"valueName":"search_term_string"}}],"inLanguage":"pt-PT"},{"@type":"Person","@id":"https:\/\/portaltela.pt\/#\/schema\/person\/c4278d4a6028830caff9ee44b42d32ed","name":"Telinha","image":{"@type":"ImageObject","inLanguage":"pt-PT","@id":"https:\/\/portaltela.pt\/s.01k8rhncp4jt1\/2025\/11\/talking-bot-125x125.png","url":"https:\/\/portaltela.pt\/s.01k8rhncp4jt1\/2025\/11\/talking-bot-125x125.png","contentUrl":"https:\/\/portaltela.pt\/s.01k8rhncp4jt1\/2025\/11\/talking-bot-125x125.png","caption":"Telinha"},"sameAs":["https:\/\/portaltela.pt\/"],"url":"https:\/\/portaltela.pt\/por\/367410592786\/"}]}},"_links":{"self":[{"href":"https:\/\/portaltela.pt\/api\/wp\/v2\/posts\/216573","targetHints":{"allow":["GET"]}}],"collection":[{"href":"https:\/\/portaltela.pt\/api\/wp\/v2\/posts"}],"about":[{"href":"https:\/\/portaltela.pt\/api\/wp\/v2\/types\/post"}],"author":[{"embeddable":true,"href":"https:\/\/portaltela.pt\/api\/wp\/v2\/users\/2"}],"replies":[{"embeddable":true,"href":"https:\/\/portaltela.pt\/api\/wp\/v2\/comments?post=216573"}],"version-history":[{"count":0,"href":"https:\/\/portaltela.pt\/api\/wp\/v2\/posts\/216573\/revisions"}],"wp:featuredmedia":[{"embeddable":true,"href":"https:\/\/portaltela.pt\/api\/wp\/v2\/media\/216582"}],"wp:attachment":[{"href":"https:\/\/portaltela.pt\/api\/wp\/v2\/media?parent=216573"}],"wp:term":[{"taxonomy":"category","embeddable":true,"href":"https:\/\/portaltela.pt\/api\/wp\/v2\/categories?post=216573"},{"taxonomy":"post_tag","embeddable":true,"href":"https:\/\/portaltela.pt\/api\/wp\/v2\/tags?post=216573"}],"curies":[{"name":"wp","href":"https:\/\/api.w.org\/{rel}","templated":true}]}}