{"id":216567,"date":"2026-02-18T14:53:00","date_gmt":"2026-02-18T17:53:00","guid":{"rendered":"https:\/\/portaltela.pt\/noticias\/2026\/02\/18\/paul-magnier-vence-a-etapa-inicial-da-volta-ao-algarve-e-assume-a-lideranca\/"},"modified":"2026-02-18T14:53:00","modified_gmt":"2026-02-18T17:53:00","slug":"paul-magnier-vence-a-etapa-inicial-da-volta-ao-algarve-e-assume-a-lideranca","status":"publish","type":"post","link":"https:\/\/portaltela.pt\/desporto\/2026\/02\/18\/paul-magnier-vence-a-etapa-inicial-da-volta-ao-algarve-e-assume-a-lideranca\/","title":{"rendered":"Paul Magnier vence a etapa inicial da Volta ao Algarve e assume a lideran\u00e7a"},"content":{"rendered":"<p>O ciclista franc\u00eas Paul Magnier, da equipa belga Soudal Quick-Step, venceu hoje ao sprint a etapa inaugural da 52.\u00aa Volta ao Algarve, assumindo o posto de primeiro l\u00edder da geral.<\/p>\n<p>A corrida decorreu na regi\u00e3o do Algarve, com o triunfo decidido no sprint final da etapa. Magnier cruzou a meta na frente, garantindo a lideran\u00e7a provis\u00f3ria na classifica\u00e7\u00e3o geral.<\/p>\n<p>Com este resultado, Magnier passa a liderar a Volta ao Algarve 2024, destacando-se entre os competidores que disputavam a primeira tirada da prova. O desfecho coloca o atleta no centro das aten\u00e7\u00f5es para as etapas seguintes.<\/p>\n","protected":false},"excerpt":{"rendered":"<ul>\n<li>O ciclista franc\u00eas Paul Magnier venceu a etapa inaugural da Volta ao Algarve, ao sprint.<\/li>\n<li>Magnier integra a equipa belga Soudal Quick-Step.<\/li>\n<li>Com a vit\u00f3ria, tornou-se o primeiro l\u00edder da classifica\u00e7\u00e3o geral individual.<\/li>\n<li>A etapa faz parte da 52.\u00aa edi\u00e7\u00e3o da Volta ao Algarve.<\/li>\n<\/ul>\n","protected":false},"author":2,"featured_media":216570,"comment_status":"closed","ping_status":"closed","sticky":false,"template":"","format":"standard","meta":{"footnotes":""},"categories":[21],"tags":[928,923,1285,3504,60,5588],"class_list":["post-216567","post","type-post","status-publish","format-standard","has-post-thumbnail","hentry","category-desporto","tag-algarve","tag-ciclismo","tag-competicao","tag-corridas","tag-esportes","tag-soudal-quick-step"],"yoast_head":"<!-- This site is optimized with the Yoast SEO plugin v27.2 - https:\/\/yoast.com\/product\/yoast-seo-wordpress\/ -->\n<title>Paul Magnier vence a etapa inicial da Volta ao Algarve e assume a lideran\u00e7a - Portal Tela Portugal<\/title>\n<meta name=\"robots\" content=\"index, follow, max-snippet:-1, max-image-preview:large, max-video-preview:-1\" \/>\n<meta property=\"og:locale\" content=\"pt_PT\" \/>\n<meta property=\"og:type\" content=\"article\" \/>\n<meta property=\"og:title\" content=\"Paul Magnier vence a etapa inicial da Volta ao Algarve e assume a lideran\u00e7a - Portal Tela Portugal\" \/>\n<meta property=\"og:description\" content=\"O ciclista franc\u00eas Paul Magnier venceu a etapa inaugural da Volta ao Algarve, ao sprint. Magnier integra a equipa belga Soudal Quick-Step. Com a vit\u00f3ria, tornou-se o primeiro l\u00edder da classifica\u00e7\u00e3o geral individual. A etapa faz parte da 52.\u00aa edi\u00e7\u00e3o da Volta ao Algarve.\" \/>\n<meta property=\"og:url\" content=\"https:\/\/portaltela.pt\/noticias\/2026\/02\/18\/paul-magnier-vence-a-etapa-inicial-da-volta-ao-algarve-e-assume-a-lideranca\/\" \/>\n<meta property=\"og:site_name\" content=\"Portal Tela Portugal\" \/>\n<meta property=\"article:published_time\" content=\"2026-02-18T17:53:00+00:00\" \/>\n<meta name=\"author\" content=\"Telinha\" \/>\n<meta name=\"twitter:card\" content=\"summary_large_image\" \/>\n<meta name=\"twitter:label1\" content=\"Escrito por\" \/>\n\t<meta name=\"twitter:data1\" content=\"Telinha\" \/>\n\t<meta name=\"twitter:label2\" content=\"Tempo estimado de leitura\" \/>\n\t<meta name=\"twitter:data2\" content=\"1 minuto\" \/>\n<script type=\"application\/ld+json\" class=\"yoast-schema-graph\">{\"@context\":\"https:\/\/schema.org\",\"@graph\":[{\"@type\":\"Article\",\"@id\":\"https:\/\/portaltela.pt\/noticias\/2026\/02\/18\/paul-magnier-vence-a-etapa-inicial-da-volta-ao-algarve-e-assume-a-lideranca\/#article\",\"isPartOf\":{\"@id\":\"https:\/\/portaltela.pt\/noticias\/2026\/02\/18\/paul-magnier-vence-a-etapa-inicial-da-volta-ao-algarve-e-assume-a-lideranca\/\"},\"author\":{\"name\":\"Telinha\",\"@id\":\"https:\/\/portaltela.pt\/#\/schema\/person\/c4278d4a6028830caff9ee44b42d32ed\"},\"headline\":\"Paul Magnier vence a etapa inicial da Volta ao Algarve e assume a lideran\u00e7a\",\"datePublished\":\"2026-02-18T17:53:00+00:00\",\"mainEntityOfPage\":{\"@id\":\"https:\/\/portaltela.pt\/noticias\/2026\/02\/18\/paul-magnier-vence-a-etapa-inicial-da-volta-ao-algarve-e-assume-a-lideranca\/\"},\"wordCount\":115,\"image\":{\"@id\":\"https:\/\/portaltela.pt\/noticias\/2026\/02\/18\/paul-magnier-vence-a-etapa-inicial-da-volta-ao-algarve-e-assume-a-lideranca\/#primaryimage\"},\"thumbnailUrl\":\"https:\/\/portaltela.pt\/s.01k8rhncp4jt1\/2026\/02\/CACHE_780X1200_ANALOG_WATERMARKED_46593103_5534763_18022026053812.jpg\",\"keywords\":[\"Algarve\",\"ciclismo\",\"competi\u00e7\u00e3o\",\"corridas\",\"esportes\",\"Soudal Quick-Step\"],\"articleSection\":[\"Desporto\"],\"inLanguage\":\"pt-PT\"},{\"@type\":\"WebPage\",\"@id\":\"https:\/\/portaltela.pt\/noticias\/2026\/02\/18\/paul-magnier-vence-a-etapa-inicial-da-volta-ao-algarve-e-assume-a-lideranca\/\",\"url\":\"https:\/\/portaltela.pt\/noticias\/2026\/02\/18\/paul-magnier-vence-a-etapa-inicial-da-volta-ao-algarve-e-assume-a-lideranca\/\",\"name\":\"Paul Magnier vence a etapa inicial da Volta ao Algarve e assume a lideran\u00e7a - Portal Tela Portugal\",\"isPartOf\":{\"@id\":\"https:\/\/portaltela.pt\/#website\"},\"primaryImageOfPage\":{\"@id\":\"https:\/\/portaltela.pt\/noticias\/2026\/02\/18\/paul-magnier-vence-a-etapa-inicial-da-volta-ao-algarve-e-assume-a-lideranca\/#primaryimage\"},\"image\":{\"@id\":\"https:\/\/portaltela.pt\/noticias\/2026\/02\/18\/paul-magnier-vence-a-etapa-inicial-da-volta-ao-algarve-e-assume-a-lideranca\/#primaryimage\"},\"thumbnailUrl\":\"https:\/\/portaltela.pt\/s.01k8rhncp4jt1\/2026\/02\/CACHE_780X1200_ANALOG_WATERMARKED_46593103_5534763_18022026053812.jpg\",\"datePublished\":\"2026-02-18T17:53:00+00:00\",\"author\":{\"@id\":\"https:\/\/portaltela.pt\/#\/schema\/person\/c4278d4a6028830caff9ee44b42d32ed\"},\"breadcrumb\":{\"@id\":\"https:\/\/portaltela.pt\/noticias\/2026\/02\/18\/paul-magnier-vence-a-etapa-inicial-da-volta-ao-algarve-e-assume-a-lideranca\/#breadcrumb\"},\"inLanguage\":\"pt-PT\",\"potentialAction\":[{\"@type\":\"ReadAction\",\"target\":[\"https:\/\/portaltela.pt\/noticias\/2026\/02\/18\/paul-magnier-vence-a-etapa-inicial-da-volta-ao-algarve-e-assume-a-lideranca\/\"]}]},{\"@type\":\"ImageObject\",\"inLanguage\":\"pt-PT\",\"@id\":\"https:\/\/portaltela.pt\/noticias\/2026\/02\/18\/paul-magnier-vence-a-etapa-inicial-da-volta-ao-algarve-e-assume-a-lideranca\/#primaryimage\",\"url\":\"https:\/\/portaltela.pt\/s.01k8rhncp4jt1\/2026\/02\/CACHE_780X1200_ANALOG_WATERMARKED_46593103_5534763_18022026053812.jpg\",\"contentUrl\":\"https:\/\/portaltela.pt\/s.01k8rhncp4jt1\/2026\/02\/CACHE_780X1200_ANALOG_WATERMARKED_46593103_5534763_18022026053812.jpg\",\"width\":768,\"height\":512,\"caption\":\"Volta ao Algarve: Franc\u00eas Paul Magnier vence etapa inaugural e \u00e9 o primeiro l\u00edder\"},{\"@type\":\"BreadcrumbList\",\"@id\":\"https:\/\/portaltela.pt\/noticias\/2026\/02\/18\/paul-magnier-vence-a-etapa-inicial-da-volta-ao-algarve-e-assume-a-lideranca\/#breadcrumb\",\"itemListElement\":[{\"@type\":\"ListItem\",\"position\":1,\"name\":\"In\u00edcio\",\"item\":\"https:\/\/portaltela.pt\/\"},{\"@type\":\"ListItem\",\"position\":2,\"name\":\"Paul Magnier vence a etapa inicial da Volta ao Algarve e assume a lideran\u00e7a\"}]},{\"@type\":\"WebSite\",\"@id\":\"https:\/\/portaltela.pt\/#website\",\"url\":\"https:\/\/portaltela.pt\/\",\"name\":\"Portal Tela Portugal\",\"description\":\"\",\"potentialAction\":[{\"@type\":\"SearchAction\",\"target\":{\"@type\":\"EntryPoint\",\"urlTemplate\":\"https:\/\/portaltela.pt\/?s={search_term_string}\"},\"query-input\":{\"@type\":\"PropertyValueSpecification\",\"valueRequired\":true,\"valueName\":\"search_term_string\"}}],\"inLanguage\":\"pt-PT\"},{\"@type\":\"Person\",\"@id\":\"https:\/\/portaltela.pt\/#\/schema\/person\/c4278d4a6028830caff9ee44b42d32ed\",\"name\":\"Telinha\",\"image\":{\"@type\":\"ImageObject\",\"inLanguage\":\"pt-PT\",\"@id\":\"https:\/\/portaltela.pt\/s.01k8rhncp4jt1\/2025\/11\/talking-bot-125x125.png\",\"url\":\"https:\/\/portaltela.pt\/s.01k8rhncp4jt1\/2025\/11\/talking-bot-125x125.png\",\"contentUrl\":\"https:\/\/portaltela.pt\/s.01k8rhncp4jt1\/2025\/11\/talking-bot-125x125.png\",\"caption\":\"Telinha\"},\"sameAs\":[\"https:\/\/portaltela.pt\/\"],\"url\":\"https:\/\/portaltela.pt\/por\/367410592786\/\"}]}<\/script>\n<!-- \/ Yoast SEO plugin. -->","yoast_head_json":{"title":"Paul Magnier vence a etapa inicial da Volta ao Algarve e assume a lideran\u00e7a - Portal Tela Portugal","robots":{"index":"index","follow":"follow","max-snippet":"max-snippet:-1","max-image-preview":"max-image-preview:large","max-video-preview":"max-video-preview:-1"},"og_locale":"pt_PT","og_type":"article","og_title":"Paul Magnier vence a etapa inicial da Volta ao Algarve e assume a lideran\u00e7a - Portal Tela Portugal","og_description":"O ciclista franc\u00eas Paul Magnier venceu a etapa inaugural da Volta ao Algarve, ao sprint. Magnier integra a equipa belga Soudal Quick-Step. Com a vit\u00f3ria, tornou-se o primeiro l\u00edder da classifica\u00e7\u00e3o geral individual. A etapa faz parte da 52.\u00aa edi\u00e7\u00e3o da Volta ao Algarve.","og_url":"https:\/\/portaltela.pt\/noticias\/2026\/02\/18\/paul-magnier-vence-a-etapa-inicial-da-volta-ao-algarve-e-assume-a-lideranca\/","og_site_name":"Portal Tela Portugal","article_published_time":"2026-02-18T17:53:00+00:00","author":"Telinha","twitter_card":"summary_large_image","twitter_misc":{"Escrito por":"Telinha","Tempo estimado de leitura":"1 minuto"},"schema":{"@context":"https:\/\/schema.org","@graph":[{"@type":"Article","@id":"https:\/\/portaltela.pt\/noticias\/2026\/02\/18\/paul-magnier-vence-a-etapa-inicial-da-volta-ao-algarve-e-assume-a-lideranca\/#article","isPartOf":{"@id":"https:\/\/portaltela.pt\/noticias\/2026\/02\/18\/paul-magnier-vence-a-etapa-inicial-da-volta-ao-algarve-e-assume-a-lideranca\/"},"author":{"name":"Telinha","@id":"https:\/\/portaltela.pt\/#\/schema\/person\/c4278d4a6028830caff9ee44b42d32ed"},"headline":"Paul Magnier vence a etapa inicial da Volta ao Algarve e assume a lideran\u00e7a","datePublished":"2026-02-18T17:53:00+00:00","mainEntityOfPage":{"@id":"https:\/\/portaltela.pt\/noticias\/2026\/02\/18\/paul-magnier-vence-a-etapa-inicial-da-volta-ao-algarve-e-assume-a-lideranca\/"},"wordCount":115,"image":{"@id":"https:\/\/portaltela.pt\/noticias\/2026\/02\/18\/paul-magnier-vence-a-etapa-inicial-da-volta-ao-algarve-e-assume-a-lideranca\/#primaryimage"},"thumbnailUrl":"https:\/\/portaltela.pt\/s.01k8rhncp4jt1\/2026\/02\/CACHE_780X1200_ANALOG_WATERMARKED_46593103_5534763_18022026053812.jpg","keywords":["Algarve","ciclismo","competi\u00e7\u00e3o","corridas","esportes","Soudal Quick-Step"],"articleSection":["Desporto"],"inLanguage":"pt-PT"},{"@type":"WebPage","@id":"https:\/\/portaltela.pt\/noticias\/2026\/02\/18\/paul-magnier-vence-a-etapa-inicial-da-volta-ao-algarve-e-assume-a-lideranca\/","url":"https:\/\/portaltela.pt\/noticias\/2026\/02\/18\/paul-magnier-vence-a-etapa-inicial-da-volta-ao-algarve-e-assume-a-lideranca\/","name":"Paul Magnier vence a etapa inicial da Volta ao Algarve e assume a lideran\u00e7a - Portal Tela Portugal","isPartOf":{"@id":"https:\/\/portaltela.pt\/#website"},"primaryImageOfPage":{"@id":"https:\/\/portaltela.pt\/noticias\/2026\/02\/18\/paul-magnier-vence-a-etapa-inicial-da-volta-ao-algarve-e-assume-a-lideranca\/#primaryimage"},"image":{"@id":"https:\/\/portaltela.pt\/noticias\/2026\/02\/18\/paul-magnier-vence-a-etapa-inicial-da-volta-ao-algarve-e-assume-a-lideranca\/#primaryimage"},"thumbnailUrl":"https:\/\/portaltela.pt\/s.01k8rhncp4jt1\/2026\/02\/CACHE_780X1200_ANALOG_WATERMARKED_46593103_5534763_18022026053812.jpg","datePublished":"2026-02-18T17:53:00+00:00","author":{"@id":"https:\/\/portaltela.pt\/#\/schema\/person\/c4278d4a6028830caff9ee44b42d32ed"},"breadcrumb":{"@id":"https:\/\/portaltela.pt\/noticias\/2026\/02\/18\/paul-magnier-vence-a-etapa-inicial-da-volta-ao-algarve-e-assume-a-lideranca\/#breadcrumb"},"inLanguage":"pt-PT","potentialAction":[{"@type":"ReadAction","target":["https:\/\/portaltela.pt\/noticias\/2026\/02\/18\/paul-magnier-vence-a-etapa-inicial-da-volta-ao-algarve-e-assume-a-lideranca\/"]}]},{"@type":"ImageObject","inLanguage":"pt-PT","@id":"https:\/\/portaltela.pt\/noticias\/2026\/02\/18\/paul-magnier-vence-a-etapa-inicial-da-volta-ao-algarve-e-assume-a-lideranca\/#primaryimage","url":"https:\/\/portaltela.pt\/s.01k8rhncp4jt1\/2026\/02\/CACHE_780X1200_ANALOG_WATERMARKED_46593103_5534763_18022026053812.jpg","contentUrl":"https:\/\/portaltela.pt\/s.01k8rhncp4jt1\/2026\/02\/CACHE_780X1200_ANALOG_WATERMARKED_46593103_5534763_18022026053812.jpg","width":768,"height":512,"caption":"Volta ao Algarve: Franc\u00eas Paul Magnier vence etapa inaugural e \u00e9 o primeiro l\u00edder"},{"@type":"BreadcrumbList","@id":"https:\/\/portaltela.pt\/noticias\/2026\/02\/18\/paul-magnier-vence-a-etapa-inicial-da-volta-ao-algarve-e-assume-a-lideranca\/#breadcrumb","itemListElement":[{"@type":"ListItem","position":1,"name":"In\u00edcio","item":"https:\/\/portaltela.pt\/"},{"@type":"ListItem","position":2,"name":"Paul Magnier vence a etapa inicial da Volta ao Algarve e assume a lideran\u00e7a"}]},{"@type":"WebSite","@id":"https:\/\/portaltela.pt\/#website","url":"https:\/\/portaltela.pt\/","name":"Portal Tela Portugal","description":"","potentialAction":[{"@type":"SearchAction","target":{"@type":"EntryPoint","urlTemplate":"https:\/\/portaltela.pt\/?s={search_term_string}"},"query-input":{"@type":"PropertyValueSpecification","valueRequired":true,"valueName":"search_term_string"}}],"inLanguage":"pt-PT"},{"@type":"Person","@id":"https:\/\/portaltela.pt\/#\/schema\/person\/c4278d4a6028830caff9ee44b42d32ed","name":"Telinha","image":{"@type":"ImageObject","inLanguage":"pt-PT","@id":"https:\/\/portaltela.pt\/s.01k8rhncp4jt1\/2025\/11\/talking-bot-125x125.png","url":"https:\/\/portaltela.pt\/s.01k8rhncp4jt1\/2025\/11\/talking-bot-125x125.png","contentUrl":"https:\/\/portaltela.pt\/s.01k8rhncp4jt1\/2025\/11\/talking-bot-125x125.png","caption":"Telinha"},"sameAs":["https:\/\/portaltela.pt\/"],"url":"https:\/\/portaltela.pt\/por\/367410592786\/"}]}},"_links":{"self":[{"href":"https:\/\/portaltela.pt\/api\/wp\/v2\/posts\/216567","targetHints":{"allow":["GET"]}}],"collection":[{"href":"https:\/\/portaltela.pt\/api\/wp\/v2\/posts"}],"about":[{"href":"https:\/\/portaltela.pt\/api\/wp\/v2\/types\/post"}],"author":[{"embeddable":true,"href":"https:\/\/portaltela.pt\/api\/wp\/v2\/users\/2"}],"replies":[{"embeddable":true,"href":"https:\/\/portaltela.pt\/api\/wp\/v2\/comments?post=216567"}],"version-history":[{"count":0,"href":"https:\/\/portaltela.pt\/api\/wp\/v2\/posts\/216567\/revisions"}],"wp:featuredmedia":[{"embeddable":true,"href":"https:\/\/portaltela.pt\/api\/wp\/v2\/media\/216570"}],"wp:attachment":[{"href":"https:\/\/portaltela.pt\/api\/wp\/v2\/media?parent=216567"}],"wp:term":[{"taxonomy":"category","embeddable":true,"href":"https:\/\/portaltela.pt\/api\/wp\/v2\/categories?post=216567"},{"taxonomy":"post_tag","embeddable":true,"href":"https:\/\/portaltela.pt\/api\/wp\/v2\/tags?post=216567"}],"curies":[{"name":"wp","href":"https:\/\/api.w.org\/{rel}","templated":true}]}}