{"id":216549,"date":"2026-02-18T14:30:00","date_gmt":"2026-02-18T17:30:00","guid":{"rendered":"https:\/\/portaltela.pt\/noticias\/2026\/02\/18\/erse-exige-acelerar-redes-eletricas-inteligentes-e-integrar-renovaveis\/"},"modified":"2026-02-18T14:30:00","modified_gmt":"2026-02-18T17:30:00","slug":"erse-exige-acelerar-redes-eletricas-inteligentes-e-integrar-renovaveis","status":"publish","type":"post","link":"https:\/\/portaltela.pt\/noticias\/2026\/02\/18\/erse-exige-acelerar-redes-eletricas-inteligentes-e-integrar-renovaveis\/","title":{"rendered":"ERSE exige acelerar redes el\u00e9tricas inteligentes e integrar renov\u00e1veis"},"content":{"rendered":"<p>A Entidade Reguladora dos Servi\u00e7os Energ\u00e9ticos (ERSE) sublinha a necessidade de acelerar as redes el\u00e9tricas inteligentes em Portugal e refor\u00e7ar a integra\u00e7\u00e3o de energias renov\u00e1veis, devido a lacunas identificadas na monitoriza\u00e7\u00e3o e no controlo das instala\u00e7\u00f5es el\u00e9tricas.<\/p>\n<p>A reguladora aponta que a transi\u00e7\u00e3o deve acompanhar melhorias t\u00e9cnicas para aumentar a fiabilidade, a efici\u00eancia e a resili\u00eancia do sistema el\u00e9trico, especialmente no que respeita \u00e0 gest\u00e3o de fontes renov\u00e1veis.<\/p>\n<p>O comunicado n\u00e3o especifica prazos nem dados operacionais, destacando apenas a prioridade de avan\u00e7os regulat\u00f3rios e de investimentos para enfrentar os desafios identificados.<\/p>\n","protected":false},"excerpt":{"rendered":"<ul>\n<li>A Entidade Reguladora dos Servi\u00e7os Energ\u00e9ticos (ERSE) lembra a necessidade de acelerar o desenvolvimento das redes el\u00e9tricas inteligentes em Portugal.<\/li>\n<li>AERSE tamb\u00e9m defende refor\u00e7ar a integra\u00e7\u00e3o de energias renov\u00e1veis nas redes el\u00e9tricas.<\/li>\n<li>A institui\u00e7\u00e3o aponta lacunas ao n\u00edvel da monitoriza\u00e7\u00e3o das instala\u00e7\u00f5es el\u00e9tricas.<\/li>\n<li>Tamb\u00e9m destaca falhas no controlo das instala\u00e7\u00f5es el\u00e9tricas que podem afetar a fiabilidade do sistema.<\/li>\n<\/ul>\n","protected":false},"author":2,"featured_media":216550,"comment_status":"closed","ping_status":"closed","sticky":false,"template":"","format":"standard","meta":{"footnotes":""},"categories":[1],"tags":[174,3603,5307,1615,229,1014],"class_list":["post-216549","post","type-post","status-publish","format-standard","has-post-thumbnail","hentry","category-noticias","tag-energia","tag-energias-renovaveis","tag-erse","tag-infraestrutura","tag-politica-publica","tag-portugal"],"yoast_head":"<!-- This site is optimized with the Yoast SEO plugin v27.2 - https:\/\/yoast.com\/product\/yoast-seo-wordpress\/ -->\n<title>ERSE exige acelerar redes el\u00e9tricas inteligentes e integrar renov\u00e1veis - Portal Tela Portugal<\/title>\n<meta name=\"robots\" content=\"index, follow, max-snippet:-1, max-image-preview:large, max-video-preview:-1\" \/>\n<meta property=\"og:locale\" content=\"pt_PT\" \/>\n<meta property=\"og:type\" content=\"article\" \/>\n<meta property=\"og:title\" content=\"ERSE exige acelerar redes el\u00e9tricas inteligentes e integrar renov\u00e1veis - Portal Tela Portugal\" \/>\n<meta property=\"og:description\" content=\"A Entidade Reguladora dos Servi\u00e7os Energ\u00e9ticos (ERSE) lembra a necessidade de acelerar o desenvolvimento das redes el\u00e9tricas inteligentes em Portugal. AERSE tamb\u00e9m defende refor\u00e7ar a integra\u00e7\u00e3o de energias renov\u00e1veis nas redes el\u00e9tricas. A institui\u00e7\u00e3o aponta lacunas ao n\u00edvel da monitoriza\u00e7\u00e3o das instala\u00e7\u00f5es el\u00e9tricas. Tamb\u00e9m destaca falhas no controlo das instala\u00e7\u00f5es el\u00e9tricas que podem afetar a fiabilidade do sistema.\" \/>\n<meta property=\"og:url\" content=\"https:\/\/portaltela.pt\/noticias\/2026\/02\/18\/erse-exige-acelerar-redes-eletricas-inteligentes-e-integrar-renovaveis\/\" \/>\n<meta property=\"og:site_name\" content=\"Portal Tela Portugal\" \/>\n<meta property=\"article:published_time\" content=\"2026-02-18T17:30:00+00:00\" \/>\n<meta name=\"author\" content=\"Telinha\" \/>\n<meta name=\"twitter:card\" content=\"summary_large_image\" \/>\n<meta name=\"twitter:label1\" content=\"Escrito por\" \/>\n\t<meta name=\"twitter:data1\" content=\"Telinha\" \/>\n\t<meta name=\"twitter:label2\" content=\"Tempo estimado de leitura\" \/>\n\t<meta name=\"twitter:data2\" content=\"1 minuto\" \/>\n<script type=\"application\/ld+json\" class=\"yoast-schema-graph\">{\"@context\":\"https:\/\/schema.org\",\"@graph\":[{\"@type\":\"Article\",\"@id\":\"https:\/\/portaltela.pt\/noticias\/2026\/02\/18\/erse-exige-acelerar-redes-eletricas-inteligentes-e-integrar-renovaveis\/#article\",\"isPartOf\":{\"@id\":\"https:\/\/portaltela.pt\/noticias\/2026\/02\/18\/erse-exige-acelerar-redes-eletricas-inteligentes-e-integrar-renovaveis\/\"},\"author\":{\"name\":\"Telinha\",\"@id\":\"https:\/\/portaltela.pt\/#\/schema\/person\/c4278d4a6028830caff9ee44b42d32ed\"},\"headline\":\"ERSE exige acelerar redes el\u00e9tricas inteligentes e integrar renov\u00e1veis\",\"datePublished\":\"2026-02-18T17:30:00+00:00\",\"mainEntityOfPage\":{\"@id\":\"https:\/\/portaltela.pt\/noticias\/2026\/02\/18\/erse-exige-acelerar-redes-eletricas-inteligentes-e-integrar-renovaveis\/\"},\"wordCount\":120,\"image\":{\"@id\":\"https:\/\/portaltela.pt\/noticias\/2026\/02\/18\/erse-exige-acelerar-redes-eletricas-inteligentes-e-integrar-renovaveis\/#primaryimage\"},\"thumbnailUrl\":\"https:\/\/portaltela.pt\/s.01k8rhncp4jt1\/2026\/02\/CACHE_780X1200_ANALOG_WATERMARKED_44859623_1055752524000077.jpg\",\"keywords\":[\"energia\",\"energias renov\u00e1veis\",\"ERSE\",\"infraestrutura\",\"pol\u00edtica p\u00fablica\",\"Portugal\"],\"articleSection\":[\"Not\u00edcias\"],\"inLanguage\":\"pt-PT\"},{\"@type\":\"WebPage\",\"@id\":\"https:\/\/portaltela.pt\/noticias\/2026\/02\/18\/erse-exige-acelerar-redes-eletricas-inteligentes-e-integrar-renovaveis\/\",\"url\":\"https:\/\/portaltela.pt\/noticias\/2026\/02\/18\/erse-exige-acelerar-redes-eletricas-inteligentes-e-integrar-renovaveis\/\",\"name\":\"ERSE exige acelerar redes el\u00e9tricas inteligentes e integrar renov\u00e1veis - Portal Tela Portugal\",\"isPartOf\":{\"@id\":\"https:\/\/portaltela.pt\/#website\"},\"primaryImageOfPage\":{\"@id\":\"https:\/\/portaltela.pt\/noticias\/2026\/02\/18\/erse-exige-acelerar-redes-eletricas-inteligentes-e-integrar-renovaveis\/#primaryimage\"},\"image\":{\"@id\":\"https:\/\/portaltela.pt\/noticias\/2026\/02\/18\/erse-exige-acelerar-redes-eletricas-inteligentes-e-integrar-renovaveis\/#primaryimage\"},\"thumbnailUrl\":\"https:\/\/portaltela.pt\/s.01k8rhncp4jt1\/2026\/02\/CACHE_780X1200_ANALOG_WATERMARKED_44859623_1055752524000077.jpg\",\"datePublished\":\"2026-02-18T17:30:00+00:00\",\"author\":{\"@id\":\"https:\/\/portaltela.pt\/#\/schema\/person\/c4278d4a6028830caff9ee44b42d32ed\"},\"breadcrumb\":{\"@id\":\"https:\/\/portaltela.pt\/noticias\/2026\/02\/18\/erse-exige-acelerar-redes-eletricas-inteligentes-e-integrar-renovaveis\/#breadcrumb\"},\"inLanguage\":\"pt-PT\",\"potentialAction\":[{\"@type\":\"ReadAction\",\"target\":[\"https:\/\/portaltela.pt\/noticias\/2026\/02\/18\/erse-exige-acelerar-redes-eletricas-inteligentes-e-integrar-renovaveis\/\"]}]},{\"@type\":\"ImageObject\",\"inLanguage\":\"pt-PT\",\"@id\":\"https:\/\/portaltela.pt\/noticias\/2026\/02\/18\/erse-exige-acelerar-redes-eletricas-inteligentes-e-integrar-renovaveis\/#primaryimage\",\"url\":\"https:\/\/portaltela.pt\/s.01k8rhncp4jt1\/2026\/02\/CACHE_780X1200_ANALOG_WATERMARKED_44859623_1055752524000077.jpg\",\"contentUrl\":\"https:\/\/portaltela.pt\/s.01k8rhncp4jt1\/2026\/02\/CACHE_780X1200_ANALOG_WATERMARKED_44859623_1055752524000077.jpg\",\"width\":768,\"height\":512,\"caption\":\"ERSE destaca necessidade de acelerar redes el\u00e9tricas inteligentes e integrar renov\u00e1veis\"},{\"@type\":\"BreadcrumbList\",\"@id\":\"https:\/\/portaltela.pt\/noticias\/2026\/02\/18\/erse-exige-acelerar-redes-eletricas-inteligentes-e-integrar-renovaveis\/#breadcrumb\",\"itemListElement\":[{\"@type\":\"ListItem\",\"position\":1,\"name\":\"In\u00edcio\",\"item\":\"https:\/\/portaltela.pt\/\"},{\"@type\":\"ListItem\",\"position\":2,\"name\":\"ERSE exige acelerar redes el\u00e9tricas inteligentes e integrar renov\u00e1veis\"}]},{\"@type\":\"WebSite\",\"@id\":\"https:\/\/portaltela.pt\/#website\",\"url\":\"https:\/\/portaltela.pt\/\",\"name\":\"Portal Tela Portugal\",\"description\":\"\",\"potentialAction\":[{\"@type\":\"SearchAction\",\"target\":{\"@type\":\"EntryPoint\",\"urlTemplate\":\"https:\/\/portaltela.pt\/?s={search_term_string}\"},\"query-input\":{\"@type\":\"PropertyValueSpecification\",\"valueRequired\":true,\"valueName\":\"search_term_string\"}}],\"inLanguage\":\"pt-PT\"},{\"@type\":\"Person\",\"@id\":\"https:\/\/portaltela.pt\/#\/schema\/person\/c4278d4a6028830caff9ee44b42d32ed\",\"name\":\"Telinha\",\"image\":{\"@type\":\"ImageObject\",\"inLanguage\":\"pt-PT\",\"@id\":\"https:\/\/portaltela.pt\/s.01k8rhncp4jt1\/2025\/11\/talking-bot-125x125.png\",\"url\":\"https:\/\/portaltela.pt\/s.01k8rhncp4jt1\/2025\/11\/talking-bot-125x125.png\",\"contentUrl\":\"https:\/\/portaltela.pt\/s.01k8rhncp4jt1\/2025\/11\/talking-bot-125x125.png\",\"caption\":\"Telinha\"},\"sameAs\":[\"https:\/\/portaltela.pt\/\"],\"url\":\"https:\/\/portaltela.pt\/por\/367410592786\/\"}]}<\/script>\n<!-- \/ Yoast SEO plugin. -->","yoast_head_json":{"title":"ERSE exige acelerar redes el\u00e9tricas inteligentes e integrar renov\u00e1veis - Portal Tela Portugal","robots":{"index":"index","follow":"follow","max-snippet":"max-snippet:-1","max-image-preview":"max-image-preview:large","max-video-preview":"max-video-preview:-1"},"og_locale":"pt_PT","og_type":"article","og_title":"ERSE exige acelerar redes el\u00e9tricas inteligentes e integrar renov\u00e1veis - Portal Tela Portugal","og_description":"A Entidade Reguladora dos Servi\u00e7os Energ\u00e9ticos (ERSE) lembra a necessidade de acelerar o desenvolvimento das redes el\u00e9tricas inteligentes em Portugal. AERSE tamb\u00e9m defende refor\u00e7ar a integra\u00e7\u00e3o de energias renov\u00e1veis nas redes el\u00e9tricas. A institui\u00e7\u00e3o aponta lacunas ao n\u00edvel da monitoriza\u00e7\u00e3o das instala\u00e7\u00f5es el\u00e9tricas. Tamb\u00e9m destaca falhas no controlo das instala\u00e7\u00f5es el\u00e9tricas que podem afetar a fiabilidade do sistema.","og_url":"https:\/\/portaltela.pt\/noticias\/2026\/02\/18\/erse-exige-acelerar-redes-eletricas-inteligentes-e-integrar-renovaveis\/","og_site_name":"Portal Tela Portugal","article_published_time":"2026-02-18T17:30:00+00:00","author":"Telinha","twitter_card":"summary_large_image","twitter_misc":{"Escrito por":"Telinha","Tempo estimado de leitura":"1 minuto"},"schema":{"@context":"https:\/\/schema.org","@graph":[{"@type":"Article","@id":"https:\/\/portaltela.pt\/noticias\/2026\/02\/18\/erse-exige-acelerar-redes-eletricas-inteligentes-e-integrar-renovaveis\/#article","isPartOf":{"@id":"https:\/\/portaltela.pt\/noticias\/2026\/02\/18\/erse-exige-acelerar-redes-eletricas-inteligentes-e-integrar-renovaveis\/"},"author":{"name":"Telinha","@id":"https:\/\/portaltela.pt\/#\/schema\/person\/c4278d4a6028830caff9ee44b42d32ed"},"headline":"ERSE exige acelerar redes el\u00e9tricas inteligentes e integrar renov\u00e1veis","datePublished":"2026-02-18T17:30:00+00:00","mainEntityOfPage":{"@id":"https:\/\/portaltela.pt\/noticias\/2026\/02\/18\/erse-exige-acelerar-redes-eletricas-inteligentes-e-integrar-renovaveis\/"},"wordCount":120,"image":{"@id":"https:\/\/portaltela.pt\/noticias\/2026\/02\/18\/erse-exige-acelerar-redes-eletricas-inteligentes-e-integrar-renovaveis\/#primaryimage"},"thumbnailUrl":"https:\/\/portaltela.pt\/s.01k8rhncp4jt1\/2026\/02\/CACHE_780X1200_ANALOG_WATERMARKED_44859623_1055752524000077.jpg","keywords":["energia","energias renov\u00e1veis","ERSE","infraestrutura","pol\u00edtica p\u00fablica","Portugal"],"articleSection":["Not\u00edcias"],"inLanguage":"pt-PT"},{"@type":"WebPage","@id":"https:\/\/portaltela.pt\/noticias\/2026\/02\/18\/erse-exige-acelerar-redes-eletricas-inteligentes-e-integrar-renovaveis\/","url":"https:\/\/portaltela.pt\/noticias\/2026\/02\/18\/erse-exige-acelerar-redes-eletricas-inteligentes-e-integrar-renovaveis\/","name":"ERSE exige acelerar redes el\u00e9tricas inteligentes e integrar renov\u00e1veis - Portal Tela Portugal","isPartOf":{"@id":"https:\/\/portaltela.pt\/#website"},"primaryImageOfPage":{"@id":"https:\/\/portaltela.pt\/noticias\/2026\/02\/18\/erse-exige-acelerar-redes-eletricas-inteligentes-e-integrar-renovaveis\/#primaryimage"},"image":{"@id":"https:\/\/portaltela.pt\/noticias\/2026\/02\/18\/erse-exige-acelerar-redes-eletricas-inteligentes-e-integrar-renovaveis\/#primaryimage"},"thumbnailUrl":"https:\/\/portaltela.pt\/s.01k8rhncp4jt1\/2026\/02\/CACHE_780X1200_ANALOG_WATERMARKED_44859623_1055752524000077.jpg","datePublished":"2026-02-18T17:30:00+00:00","author":{"@id":"https:\/\/portaltela.pt\/#\/schema\/person\/c4278d4a6028830caff9ee44b42d32ed"},"breadcrumb":{"@id":"https:\/\/portaltela.pt\/noticias\/2026\/02\/18\/erse-exige-acelerar-redes-eletricas-inteligentes-e-integrar-renovaveis\/#breadcrumb"},"inLanguage":"pt-PT","potentialAction":[{"@type":"ReadAction","target":["https:\/\/portaltela.pt\/noticias\/2026\/02\/18\/erse-exige-acelerar-redes-eletricas-inteligentes-e-integrar-renovaveis\/"]}]},{"@type":"ImageObject","inLanguage":"pt-PT","@id":"https:\/\/portaltela.pt\/noticias\/2026\/02\/18\/erse-exige-acelerar-redes-eletricas-inteligentes-e-integrar-renovaveis\/#primaryimage","url":"https:\/\/portaltela.pt\/s.01k8rhncp4jt1\/2026\/02\/CACHE_780X1200_ANALOG_WATERMARKED_44859623_1055752524000077.jpg","contentUrl":"https:\/\/portaltela.pt\/s.01k8rhncp4jt1\/2026\/02\/CACHE_780X1200_ANALOG_WATERMARKED_44859623_1055752524000077.jpg","width":768,"height":512,"caption":"ERSE destaca necessidade de acelerar redes el\u00e9tricas inteligentes e integrar renov\u00e1veis"},{"@type":"BreadcrumbList","@id":"https:\/\/portaltela.pt\/noticias\/2026\/02\/18\/erse-exige-acelerar-redes-eletricas-inteligentes-e-integrar-renovaveis\/#breadcrumb","itemListElement":[{"@type":"ListItem","position":1,"name":"In\u00edcio","item":"https:\/\/portaltela.pt\/"},{"@type":"ListItem","position":2,"name":"ERSE exige acelerar redes el\u00e9tricas inteligentes e integrar renov\u00e1veis"}]},{"@type":"WebSite","@id":"https:\/\/portaltela.pt\/#website","url":"https:\/\/portaltela.pt\/","name":"Portal Tela Portugal","description":"","potentialAction":[{"@type":"SearchAction","target":{"@type":"EntryPoint","urlTemplate":"https:\/\/portaltela.pt\/?s={search_term_string}"},"query-input":{"@type":"PropertyValueSpecification","valueRequired":true,"valueName":"search_term_string"}}],"inLanguage":"pt-PT"},{"@type":"Person","@id":"https:\/\/portaltela.pt\/#\/schema\/person\/c4278d4a6028830caff9ee44b42d32ed","name":"Telinha","image":{"@type":"ImageObject","inLanguage":"pt-PT","@id":"https:\/\/portaltela.pt\/s.01k8rhncp4jt1\/2025\/11\/talking-bot-125x125.png","url":"https:\/\/portaltela.pt\/s.01k8rhncp4jt1\/2025\/11\/talking-bot-125x125.png","contentUrl":"https:\/\/portaltela.pt\/s.01k8rhncp4jt1\/2025\/11\/talking-bot-125x125.png","caption":"Telinha"},"sameAs":["https:\/\/portaltela.pt\/"],"url":"https:\/\/portaltela.pt\/por\/367410592786\/"}]}},"_links":{"self":[{"href":"https:\/\/portaltela.pt\/api\/wp\/v2\/posts\/216549","targetHints":{"allow":["GET"]}}],"collection":[{"href":"https:\/\/portaltela.pt\/api\/wp\/v2\/posts"}],"about":[{"href":"https:\/\/portaltela.pt\/api\/wp\/v2\/types\/post"}],"author":[{"embeddable":true,"href":"https:\/\/portaltela.pt\/api\/wp\/v2\/users\/2"}],"replies":[{"embeddable":true,"href":"https:\/\/portaltela.pt\/api\/wp\/v2\/comments?post=216549"}],"version-history":[{"count":0,"href":"https:\/\/portaltela.pt\/api\/wp\/v2\/posts\/216549\/revisions"}],"wp:featuredmedia":[{"embeddable":true,"href":"https:\/\/portaltela.pt\/api\/wp\/v2\/media\/216550"}],"wp:attachment":[{"href":"https:\/\/portaltela.pt\/api\/wp\/v2\/media?parent=216549"}],"wp:term":[{"taxonomy":"category","embeddable":true,"href":"https:\/\/portaltela.pt\/api\/wp\/v2\/categories?post=216549"},{"taxonomy":"post_tag","embeddable":true,"href":"https:\/\/portaltela.pt\/api\/wp\/v2\/tags?post=216549"}],"curies":[{"name":"wp","href":"https:\/\/api.w.org\/{rel}","templated":true}]}}