{"id":216541,"date":"2026-02-18T16:26:41","date_gmt":"2026-02-18T19:26:41","guid":{"rendered":"https:\/\/portaltela.pt\/noticias\/2026\/02\/18\/trio-da-formacao-do-fc-porto-rende-411-m-em-mais-valias\/"},"modified":"2026-02-18T16:26:41","modified_gmt":"2026-02-18T19:26:41","slug":"trio-da-formacao-do-fc-porto-rende-411-m-em-mais-valias","status":"publish","type":"post","link":"https:\/\/portaltela.pt\/desporto\/futebol\/2026\/02\/18\/trio-da-formacao-do-fc-porto-rende-411-m-em-mais-valias\/","title":{"rendered":"Trio da forma\u00e7\u00e3o do FC Porto rende 41,1 M\u20ac em mais-valias"},"content":{"rendered":"<p>O FC Porto divulgou os resultados relativos ao 1.\u00ba semestre de 2025\/26, at\u00e9 31 de dezembro. O clube registou 41,1 milh\u00f5es de euros em mais-valias com aliena\u00e7\u00f5es de passes de jogadores, envolvendo Francisco Concei\u00e7\u00e3o, Jo\u00e3o M\u00e1rio e Gon\u00e7alo Borges. A informa\u00e7\u00e3o foi apresentada pela SAD portista.<\/p>\n<p>As transfers para Juventus, de Concei\u00e7\u00e3o e de Jo\u00e3o M\u00e1rio, estiveram na origem de parte deste rendimento. Concei\u00e7\u00e3o gerou uma mais-valia de 19,2 milh\u00f5es de euros, num neg\u00f3cio de 32 milh\u00f5es. Jo\u00e3o M\u00e1rio rendeu 10,4 milh\u00f5es de euros, com o valor total da venda a fixar-se nos 12 milh\u00f5es.<\/p>\n<p>A transfer\u00eancia de Gon\u00e7alo Borges para o Feyenoord, realizada por 10 milh\u00f5es de euros, gerou uma mais-valia de cerca de 9,4 milh\u00f5es. Em conjunto, estas opera\u00e7\u00f5es justificam parte significativa das receitas do per\u00edodo.<\/p>\n<p>Ainda relativamente ao 1.\u00ba semestre, o FC Porto realizou 12 transfer\u00eancias de jogadores, que geraram uma receita global de 78,611 milh\u00f5es de euros.<\/p>\n<h3>Movimentos de mercado no 1.\u00ba semestre<\/h3>\n<p>A SAD portista detalha os neg\u00f3cios efetuados no per\u00edodo, com destaque para as negocia\u00e7\u00f5es com Juventus e Feyenoord. Os montantes reflectem o desempenho de ativos formados pelo clube e vendidos durante o semestre.<\/p>\n","protected":false},"excerpt":{"rendered":"<ul>\n<li>No 1.\u00ba semestre de 2025\/26, at\u00e9 31 de dezembro, o FC Porto obteve cerca de 41,1 milh\u00f5es de euros em mais-valias com a venda de jogadores.<\/li>\n<li>Francisco Concei\u00e7\u00e3o foi vendido \u00e0 Juventus por 32 milh\u00f5es de euros, gerando uma mais-valia de 19,2 milh\u00f5es de euros.<\/li>\n<li>Jo\u00e3o M\u00e1rio foi transferido para a Juventus, resultando numa mais-valia de 10,4 milh\u00f5es de euros, sobre uma venda de 12 milh\u00f5es de euros.<\/li>\n<li>Gon\u00e7alo Borges foi vendido ao Feyenoord por 10 milh\u00f5es de euros, com uma mais-valia de cerca de 9,4 milh\u00f5es de euros.<\/li>\n<li>As transfer\u00eancias do semestre totalizaram 12 opera\u00e7\u00f5es, com receita global de 78,611 milh\u00f5es de euros.<\/li>\n<\/ul>\n","protected":false},"author":2,"featured_media":216542,"comment_status":"closed","ping_status":"closed","sticky":false,"template":"","format":"standard","meta":{"footnotes":""},"categories":[21,24],"tags":[2028,4233,32,1983,50,1633],"class_list":["post-216541","post","type-post","status-publish","format-standard","has-post-thumbnail","hentry","category-desporto","category-futebol","tag-fc-porto","tag-feyenoord","tag-futebol","tag-juventus","tag-mercado-da-bola","tag-transferencias-internacionais"],"yoast_head":"<!-- This site is optimized with the Yoast SEO plugin v27.2 - https:\/\/yoast.com\/product\/yoast-seo-wordpress\/ -->\n<title>Trio da forma\u00e7\u00e3o do FC Porto rende 41,1 M\u20ac em mais-valias - Portal Tela Portugal<\/title>\n<meta name=\"robots\" content=\"index, follow, max-snippet:-1, max-image-preview:large, max-video-preview:-1\" \/>\n<meta property=\"og:locale\" content=\"pt_PT\" \/>\n<meta property=\"og:type\" content=\"article\" \/>\n<meta property=\"og:title\" content=\"Trio da forma\u00e7\u00e3o do FC Porto rende 41,1 M\u20ac em mais-valias - Portal Tela Portugal\" \/>\n<meta property=\"og:description\" content=\"No 1.\u00ba semestre de 2025\/26, at\u00e9 31 de dezembro, o FC Porto obteve cerca de 41,1 milh\u00f5es de euros em mais-valias com a venda de jogadores. Francisco Concei\u00e7\u00e3o foi vendido \u00e0 Juventus por 32 milh\u00f5es de euros, gerando uma mais-valia de 19,2 milh\u00f5es de euros. Jo\u00e3o M\u00e1rio foi transferido para a Juventus, resultando numa mais-valia de 10,4 milh\u00f5es de euros, sobre uma venda de 12 milh\u00f5es de euros. Gon\u00e7alo Borges foi vendido ao Feyenoord por 10 milh\u00f5es de euros, com uma mais-valia de cerca de 9,4 milh\u00f5es de euros. As transfer\u00eancias do semestre totalizaram 12 opera\u00e7\u00f5es, com receita global de 78,611 milh\u00f5es de euros.\" \/>\n<meta property=\"og:url\" content=\"https:\/\/portaltela.pt\/noticias\/2026\/02\/18\/trio-da-formacao-do-fc-porto-rende-411-m-em-mais-valias\/\" \/>\n<meta property=\"og:site_name\" content=\"Portal Tela Portugal\" \/>\n<meta property=\"article:published_time\" content=\"2026-02-18T19:26:41+00:00\" \/>\n<meta name=\"author\" content=\"Telinha\" \/>\n<meta name=\"twitter:card\" content=\"summary_large_image\" \/>\n<meta name=\"twitter:label1\" content=\"Escrito por\" \/>\n\t<meta name=\"twitter:data1\" content=\"Telinha\" \/>\n\t<meta name=\"twitter:label2\" content=\"Tempo estimado de leitura\" \/>\n\t<meta name=\"twitter:data2\" content=\"1 minuto\" \/>\n<script type=\"application\/ld+json\" class=\"yoast-schema-graph\">{\"@context\":\"https:\/\/schema.org\",\"@graph\":[{\"@type\":\"Article\",\"@id\":\"https:\/\/portaltela.pt\/noticias\/2026\/02\/18\/trio-da-formacao-do-fc-porto-rende-411-m-em-mais-valias\/#article\",\"isPartOf\":{\"@id\":\"https:\/\/portaltela.pt\/noticias\/2026\/02\/18\/trio-da-formacao-do-fc-porto-rende-411-m-em-mais-valias\/\"},\"author\":{\"name\":\"Telinha\",\"@id\":\"https:\/\/portaltela.pt\/#\/schema\/person\/c4278d4a6028830caff9ee44b42d32ed\"},\"headline\":\"Trio da forma\u00e7\u00e3o do FC Porto rende 41,1 M\u20ac em mais-valias\",\"datePublished\":\"2026-02-18T19:26:41+00:00\",\"mainEntityOfPage\":{\"@id\":\"https:\/\/portaltela.pt\/noticias\/2026\/02\/18\/trio-da-formacao-do-fc-porto-rende-411-m-em-mais-valias\/\"},\"wordCount\":216,\"image\":{\"@id\":\"https:\/\/portaltela.pt\/noticias\/2026\/02\/18\/trio-da-formacao-do-fc-porto-rende-411-m-em-mais-valias\/#primaryimage\"},\"thumbnailUrl\":\"https:\/\/portaltela.pt\/s.01k8rhncp4jt1\/2026\/02\/img_920x518uu2025-07-09-19-55-00-2375504.jpg\",\"keywords\":[\"FC Porto\",\"Feyenoord\",\"futebol\",\"Juventus\",\"mercado da bola\",\"transfer\u00eancias internacionais\"],\"articleSection\":[\"Desporto\",\"Futebol\"],\"inLanguage\":\"pt-PT\"},{\"@type\":\"WebPage\",\"@id\":\"https:\/\/portaltela.pt\/noticias\/2026\/02\/18\/trio-da-formacao-do-fc-porto-rende-411-m-em-mais-valias\/\",\"url\":\"https:\/\/portaltela.pt\/noticias\/2026\/02\/18\/trio-da-formacao-do-fc-porto-rende-411-m-em-mais-valias\/\",\"name\":\"Trio da forma\u00e7\u00e3o do FC Porto rende 41,1 M\u20ac em mais-valias - Portal Tela Portugal\",\"isPartOf\":{\"@id\":\"https:\/\/portaltela.pt\/#website\"},\"primaryImageOfPage\":{\"@id\":\"https:\/\/portaltela.pt\/noticias\/2026\/02\/18\/trio-da-formacao-do-fc-porto-rende-411-m-em-mais-valias\/#primaryimage\"},\"image\":{\"@id\":\"https:\/\/portaltela.pt\/noticias\/2026\/02\/18\/trio-da-formacao-do-fc-porto-rende-411-m-em-mais-valias\/#primaryimage\"},\"thumbnailUrl\":\"https:\/\/portaltela.pt\/s.01k8rhncp4jt1\/2026\/02\/img_920x518uu2025-07-09-19-55-00-2375504.jpg\",\"datePublished\":\"2026-02-18T19:26:41+00:00\",\"author\":{\"@id\":\"https:\/\/portaltela.pt\/#\/schema\/person\/c4278d4a6028830caff9ee44b42d32ed\"},\"breadcrumb\":{\"@id\":\"https:\/\/portaltela.pt\/noticias\/2026\/02\/18\/trio-da-formacao-do-fc-porto-rende-411-m-em-mais-valias\/#breadcrumb\"},\"inLanguage\":\"pt-PT\",\"potentialAction\":[{\"@type\":\"ReadAction\",\"target\":[\"https:\/\/portaltela.pt\/noticias\/2026\/02\/18\/trio-da-formacao-do-fc-porto-rende-411-m-em-mais-valias\/\"]}]},{\"@type\":\"ImageObject\",\"inLanguage\":\"pt-PT\",\"@id\":\"https:\/\/portaltela.pt\/noticias\/2026\/02\/18\/trio-da-formacao-do-fc-porto-rende-411-m-em-mais-valias\/#primaryimage\",\"url\":\"https:\/\/portaltela.pt\/s.01k8rhncp4jt1\/2026\/02\/img_920x518uu2025-07-09-19-55-00-2375504.jpg\",\"contentUrl\":\"https:\/\/portaltela.pt\/s.01k8rhncp4jt1\/2026\/02\/img_920x518uu2025-07-09-19-55-00-2375504.jpg\",\"width\":796,\"height\":448,\"caption\":\"Francisco Concei\u00e7\u00e3o rendeu mais-valia de quase 20 milh\u00f5es de euros\"},{\"@type\":\"BreadcrumbList\",\"@id\":\"https:\/\/portaltela.pt\/noticias\/2026\/02\/18\/trio-da-formacao-do-fc-porto-rende-411-m-em-mais-valias\/#breadcrumb\",\"itemListElement\":[{\"@type\":\"ListItem\",\"position\":1,\"name\":\"In\u00edcio\",\"item\":\"https:\/\/portaltela.pt\/\"},{\"@type\":\"ListItem\",\"position\":2,\"name\":\"Trio da forma\u00e7\u00e3o do FC Porto rende 41,1 M\u20ac em mais-valias\"}]},{\"@type\":\"WebSite\",\"@id\":\"https:\/\/portaltela.pt\/#website\",\"url\":\"https:\/\/portaltela.pt\/\",\"name\":\"Portal Tela Portugal\",\"description\":\"\",\"potentialAction\":[{\"@type\":\"SearchAction\",\"target\":{\"@type\":\"EntryPoint\",\"urlTemplate\":\"https:\/\/portaltela.pt\/?s={search_term_string}\"},\"query-input\":{\"@type\":\"PropertyValueSpecification\",\"valueRequired\":true,\"valueName\":\"search_term_string\"}}],\"inLanguage\":\"pt-PT\"},{\"@type\":\"Person\",\"@id\":\"https:\/\/portaltela.pt\/#\/schema\/person\/c4278d4a6028830caff9ee44b42d32ed\",\"name\":\"Telinha\",\"image\":{\"@type\":\"ImageObject\",\"inLanguage\":\"pt-PT\",\"@id\":\"https:\/\/portaltela.pt\/s.01k8rhncp4jt1\/2025\/11\/talking-bot-125x125.png\",\"url\":\"https:\/\/portaltela.pt\/s.01k8rhncp4jt1\/2025\/11\/talking-bot-125x125.png\",\"contentUrl\":\"https:\/\/portaltela.pt\/s.01k8rhncp4jt1\/2025\/11\/talking-bot-125x125.png\",\"caption\":\"Telinha\"},\"sameAs\":[\"https:\/\/portaltela.pt\/\"],\"url\":\"https:\/\/portaltela.pt\/por\/367410592786\/\"}]}<\/script>\n<!-- \/ Yoast SEO plugin. -->","yoast_head_json":{"title":"Trio da forma\u00e7\u00e3o do FC Porto rende 41,1 M\u20ac em mais-valias - Portal Tela Portugal","robots":{"index":"index","follow":"follow","max-snippet":"max-snippet:-1","max-image-preview":"max-image-preview:large","max-video-preview":"max-video-preview:-1"},"og_locale":"pt_PT","og_type":"article","og_title":"Trio da forma\u00e7\u00e3o do FC Porto rende 41,1 M\u20ac em mais-valias - Portal Tela Portugal","og_description":"No 1.\u00ba semestre de 2025\/26, at\u00e9 31 de dezembro, o FC Porto obteve cerca de 41,1 milh\u00f5es de euros em mais-valias com a venda de jogadores. Francisco Concei\u00e7\u00e3o foi vendido \u00e0 Juventus por 32 milh\u00f5es de euros, gerando uma mais-valia de 19,2 milh\u00f5es de euros. Jo\u00e3o M\u00e1rio foi transferido para a Juventus, resultando numa mais-valia de 10,4 milh\u00f5es de euros, sobre uma venda de 12 milh\u00f5es de euros. Gon\u00e7alo Borges foi vendido ao Feyenoord por 10 milh\u00f5es de euros, com uma mais-valia de cerca de 9,4 milh\u00f5es de euros. As transfer\u00eancias do semestre totalizaram 12 opera\u00e7\u00f5es, com receita global de 78,611 milh\u00f5es de euros.","og_url":"https:\/\/portaltela.pt\/noticias\/2026\/02\/18\/trio-da-formacao-do-fc-porto-rende-411-m-em-mais-valias\/","og_site_name":"Portal Tela Portugal","article_published_time":"2026-02-18T19:26:41+00:00","author":"Telinha","twitter_card":"summary_large_image","twitter_misc":{"Escrito por":"Telinha","Tempo estimado de leitura":"1 minuto"},"schema":{"@context":"https:\/\/schema.org","@graph":[{"@type":"Article","@id":"https:\/\/portaltela.pt\/noticias\/2026\/02\/18\/trio-da-formacao-do-fc-porto-rende-411-m-em-mais-valias\/#article","isPartOf":{"@id":"https:\/\/portaltela.pt\/noticias\/2026\/02\/18\/trio-da-formacao-do-fc-porto-rende-411-m-em-mais-valias\/"},"author":{"name":"Telinha","@id":"https:\/\/portaltela.pt\/#\/schema\/person\/c4278d4a6028830caff9ee44b42d32ed"},"headline":"Trio da forma\u00e7\u00e3o do FC Porto rende 41,1 M\u20ac em mais-valias","datePublished":"2026-02-18T19:26:41+00:00","mainEntityOfPage":{"@id":"https:\/\/portaltela.pt\/noticias\/2026\/02\/18\/trio-da-formacao-do-fc-porto-rende-411-m-em-mais-valias\/"},"wordCount":216,"image":{"@id":"https:\/\/portaltela.pt\/noticias\/2026\/02\/18\/trio-da-formacao-do-fc-porto-rende-411-m-em-mais-valias\/#primaryimage"},"thumbnailUrl":"https:\/\/portaltela.pt\/s.01k8rhncp4jt1\/2026\/02\/img_920x518uu2025-07-09-19-55-00-2375504.jpg","keywords":["FC Porto","Feyenoord","futebol","Juventus","mercado da bola","transfer\u00eancias internacionais"],"articleSection":["Desporto","Futebol"],"inLanguage":"pt-PT"},{"@type":"WebPage","@id":"https:\/\/portaltela.pt\/noticias\/2026\/02\/18\/trio-da-formacao-do-fc-porto-rende-411-m-em-mais-valias\/","url":"https:\/\/portaltela.pt\/noticias\/2026\/02\/18\/trio-da-formacao-do-fc-porto-rende-411-m-em-mais-valias\/","name":"Trio da forma\u00e7\u00e3o do FC Porto rende 41,1 M\u20ac em mais-valias - Portal Tela Portugal","isPartOf":{"@id":"https:\/\/portaltela.pt\/#website"},"primaryImageOfPage":{"@id":"https:\/\/portaltela.pt\/noticias\/2026\/02\/18\/trio-da-formacao-do-fc-porto-rende-411-m-em-mais-valias\/#primaryimage"},"image":{"@id":"https:\/\/portaltela.pt\/noticias\/2026\/02\/18\/trio-da-formacao-do-fc-porto-rende-411-m-em-mais-valias\/#primaryimage"},"thumbnailUrl":"https:\/\/portaltela.pt\/s.01k8rhncp4jt1\/2026\/02\/img_920x518uu2025-07-09-19-55-00-2375504.jpg","datePublished":"2026-02-18T19:26:41+00:00","author":{"@id":"https:\/\/portaltela.pt\/#\/schema\/person\/c4278d4a6028830caff9ee44b42d32ed"},"breadcrumb":{"@id":"https:\/\/portaltela.pt\/noticias\/2026\/02\/18\/trio-da-formacao-do-fc-porto-rende-411-m-em-mais-valias\/#breadcrumb"},"inLanguage":"pt-PT","potentialAction":[{"@type":"ReadAction","target":["https:\/\/portaltela.pt\/noticias\/2026\/02\/18\/trio-da-formacao-do-fc-porto-rende-411-m-em-mais-valias\/"]}]},{"@type":"ImageObject","inLanguage":"pt-PT","@id":"https:\/\/portaltela.pt\/noticias\/2026\/02\/18\/trio-da-formacao-do-fc-porto-rende-411-m-em-mais-valias\/#primaryimage","url":"https:\/\/portaltela.pt\/s.01k8rhncp4jt1\/2026\/02\/img_920x518uu2025-07-09-19-55-00-2375504.jpg","contentUrl":"https:\/\/portaltela.pt\/s.01k8rhncp4jt1\/2026\/02\/img_920x518uu2025-07-09-19-55-00-2375504.jpg","width":796,"height":448,"caption":"Francisco Concei\u00e7\u00e3o rendeu mais-valia de quase 20 milh\u00f5es de euros"},{"@type":"BreadcrumbList","@id":"https:\/\/portaltela.pt\/noticias\/2026\/02\/18\/trio-da-formacao-do-fc-porto-rende-411-m-em-mais-valias\/#breadcrumb","itemListElement":[{"@type":"ListItem","position":1,"name":"In\u00edcio","item":"https:\/\/portaltela.pt\/"},{"@type":"ListItem","position":2,"name":"Trio da forma\u00e7\u00e3o do FC Porto rende 41,1 M\u20ac em mais-valias"}]},{"@type":"WebSite","@id":"https:\/\/portaltela.pt\/#website","url":"https:\/\/portaltela.pt\/","name":"Portal Tela Portugal","description":"","potentialAction":[{"@type":"SearchAction","target":{"@type":"EntryPoint","urlTemplate":"https:\/\/portaltela.pt\/?s={search_term_string}"},"query-input":{"@type":"PropertyValueSpecification","valueRequired":true,"valueName":"search_term_string"}}],"inLanguage":"pt-PT"},{"@type":"Person","@id":"https:\/\/portaltela.pt\/#\/schema\/person\/c4278d4a6028830caff9ee44b42d32ed","name":"Telinha","image":{"@type":"ImageObject","inLanguage":"pt-PT","@id":"https:\/\/portaltela.pt\/s.01k8rhncp4jt1\/2025\/11\/talking-bot-125x125.png","url":"https:\/\/portaltela.pt\/s.01k8rhncp4jt1\/2025\/11\/talking-bot-125x125.png","contentUrl":"https:\/\/portaltela.pt\/s.01k8rhncp4jt1\/2025\/11\/talking-bot-125x125.png","caption":"Telinha"},"sameAs":["https:\/\/portaltela.pt\/"],"url":"https:\/\/portaltela.pt\/por\/367410592786\/"}]}},"_links":{"self":[{"href":"https:\/\/portaltela.pt\/api\/wp\/v2\/posts\/216541","targetHints":{"allow":["GET"]}}],"collection":[{"href":"https:\/\/portaltela.pt\/api\/wp\/v2\/posts"}],"about":[{"href":"https:\/\/portaltela.pt\/api\/wp\/v2\/types\/post"}],"author":[{"embeddable":true,"href":"https:\/\/portaltela.pt\/api\/wp\/v2\/users\/2"}],"replies":[{"embeddable":true,"href":"https:\/\/portaltela.pt\/api\/wp\/v2\/comments?post=216541"}],"version-history":[{"count":0,"href":"https:\/\/portaltela.pt\/api\/wp\/v2\/posts\/216541\/revisions"}],"wp:featuredmedia":[{"embeddable":true,"href":"https:\/\/portaltela.pt\/api\/wp\/v2\/media\/216542"}],"wp:attachment":[{"href":"https:\/\/portaltela.pt\/api\/wp\/v2\/media?parent=216541"}],"wp:term":[{"taxonomy":"category","embeddable":true,"href":"https:\/\/portaltela.pt\/api\/wp\/v2\/categories?post=216541"},{"taxonomy":"post_tag","embeddable":true,"href":"https:\/\/portaltela.pt\/api\/wp\/v2\/tags?post=216541"}],"curies":[{"name":"wp","href":"https:\/\/api.w.org\/{rel}","templated":true}]}}