{"id":216527,"date":"2026-02-18T16:10:30","date_gmt":"2026-02-18T19:10:30","guid":{"rendered":"https:\/\/portaltela.pt\/noticias\/2026\/02\/18\/psd-acusa-ps-e-chega-de-voltarem-a-casar-para-governarem-via-parlamento\/"},"modified":"2026-02-18T16:10:30","modified_gmt":"2026-02-18T19:10:30","slug":"psd-acusa-ps-e-chega-de-voltarem-a-casar-para-governarem-via-parlamento","status":"publish","type":"post","link":"https:\/\/portaltela.pt\/noticias\/2026\/02\/18\/psd-acusa-ps-e-chega-de-voltarem-a-casar-para-governarem-via-parlamento\/","title":{"rendered":"PSD acusa PS e Chega de voltarem a casar para governarem via Parlamento"},"content":{"rendered":"<p>O PSD acusa PS e Chega de voltarem a aliar-se para governar atrav\u00e9s do Parlamento, ap\u00f3s a aprova\u00e7\u00e3o de altera\u00e7\u00f5es ao regime do Subs\u00eddio Social de Mobilidade (SSM). A vota\u00e7\u00e3o ocorreu na Assembleia da Rep\u00fablica, nesta quarta-feira. A medida altera o acesso ao SSM, que cobre viagens entre ilhas e o Continente.<\/p>\n<p>PSD e CDS-PP ficaram isolados na defesa de que apenas cidad\u00e3os com situa\u00e7\u00e3o regularizada perante o fisco e a Seguran\u00e7a Social devem ter acesso aos apoios estatais. A generalidade aprovou diplomas das assembleias regionais dos A\u00e7ores e da Madeira que retiram esse requisito.<\/p>\n<p>PS e Chega votaram a favor, com apoio de seis deputados do PSD das Regi\u00f5es Aut\u00f3nomas e de outras bancadas que divergiram dos diplomas, que seguem para aprecia\u00e7\u00e3o em comiss\u00e3o. A mudan\u00e7a mant\u00e9m o SSM, mas flexibiliza condi\u00e7\u00f5es de acesso.<\/p>\n<p>A discuss\u00e3o dividiu-se entre a defesa da continuidade territorial e a necessidade de exigir regulariza\u00e7\u00e3o. Hugo Soares criticou o alegado conluio entre PS e Chega para governar via parlamento, sinalizando den\u00fancias futuras.<\/p>\n<p>Pedro Pinto, l\u00edder do Chega, afirmou estar de acordo com o PS nesta mat\u00e9ria, considerando o modelo atual injusto e inadequado. J\u00e1 Francisco C\u00e9sar, do PS\/A\u00e7ores, questionou a interven\u00e7\u00e3o de deputados regionais e defendeu a avalia\u00e7\u00e3o do regime.<\/p>\n<p>Durante o debate, o PSD ficou com a interven\u00e7\u00e3o reduzida, ficando apenas Hugo Soares a falar, o que gerou cr\u00edticas de Francisco C\u00e9sar. O socialista lembrou que o regime vinha de uma reforma criada em 2015 pelo PSD\/CDS-PP.<\/p>\n","protected":false},"excerpt":{"rendered":"<ul>\n<li>Altera\u00e7\u00f5es ao regime do Subs\u00eddio Social de Mobilidade (SSM) foram aprovadas na generalidade esta quarta-feira, com a troika entre governo e parlamento em foco.<\/li>\n<li>O PSD acusou o PS e o Chega de \u00abvoltar a casar\u00bb para governar atrav\u00e9s do parlamento, ap\u00f3s a aprova\u00e7\u00e3o dos diplomas.<\/li>\n<li>O PS e o Chega votaram a favor dos diplomas, com apoio de seis deputados do PSD das regi\u00f5es aut\u00f3nomas e de outras bancadas que votaram de forma diferente nos A\u00e7ores e Madeira.<\/li>\n<li>Os diplomas, apresentados pelas assembleias legislativas regionais dos A\u00e7ores e da Madeira, retiram a exig\u00eancia de regularidade perante a Autoridade Tribut\u00e1ria e a Seguran\u00e7a Social para acesso ao SSM.<\/li>\n<li>O debate teve interven\u00e7\u00f5es do l\u00edder do PS\/A\u00e7ores e do deputado do CDS-PP, com o PSD a defender a continuidade de regras anteriores e o Chega a considerar o regime atual injusto.<\/li>\n<\/ul>\n","protected":false},"author":2,"featured_media":216529,"comment_status":"closed","ping_status":"closed","sticky":false,"template":"","format":"standard","meta":{"footnotes":""},"categories":[1],"tags":[822,2142,859,2144,3695,2575],"class_list":["post-216527","post","type-post","status-publish","format-standard","has-post-thumbnail","hentry","category-noticias","tag-acores","tag-chega","tag-madeira","tag-ps","tag-psd","tag-subsidio-social"],"yoast_head":"<!-- This site is optimized with the Yoast SEO plugin v27.2 - https:\/\/yoast.com\/product\/yoast-seo-wordpress\/ -->\n<title>PSD acusa PS e Chega de voltarem a casar para governarem via Parlamento - Portal Tela Portugal<\/title>\n<meta name=\"robots\" content=\"index, follow, max-snippet:-1, max-image-preview:large, max-video-preview:-1\" \/>\n<meta property=\"og:locale\" content=\"pt_PT\" \/>\n<meta property=\"og:type\" content=\"article\" \/>\n<meta property=\"og:title\" content=\"PSD acusa PS e Chega de voltarem a casar para governarem via Parlamento - Portal Tela Portugal\" \/>\n<meta property=\"og:description\" content=\"Altera\u00e7\u00f5es ao regime do Subs\u00eddio Social de Mobilidade (SSM) foram aprovadas na generalidade esta quarta-feira, com a troika entre governo e parlamento em foco. O PSD acusou o PS e o Chega de \u00abvoltar a casar\u00bb para governar atrav\u00e9s do parlamento, ap\u00f3s a aprova\u00e7\u00e3o dos diplomas. O PS e o Chega votaram a favor dos diplomas, com apoio de seis deputados do PSD das regi\u00f5es aut\u00f3nomas e de outras bancadas que votaram de forma diferente nos A\u00e7ores e Madeira. Os diplomas, apresentados pelas assembleias legislativas regionais dos A\u00e7ores e da Madeira, retiram a exig\u00eancia de regularidade perante a Autoridade Tribut\u00e1ria e a Seguran\u00e7a Social para acesso ao SSM. O debate teve interven\u00e7\u00f5es do l\u00edder do PS\/A\u00e7ores e do deputado do CDS-PP, com o PSD a defender a continuidade de regras anteriores e o Chega a considerar o regime atual injusto.\" \/>\n<meta property=\"og:url\" content=\"https:\/\/portaltela.pt\/noticias\/2026\/02\/18\/psd-acusa-ps-e-chega-de-voltarem-a-casar-para-governarem-via-parlamento\/\" \/>\n<meta property=\"og:site_name\" content=\"Portal Tela Portugal\" \/>\n<meta property=\"article:published_time\" content=\"2026-02-18T19:10:30+00:00\" \/>\n<meta name=\"author\" content=\"Telinha\" \/>\n<meta name=\"twitter:card\" content=\"summary_large_image\" \/>\n<meta name=\"twitter:label1\" content=\"Escrito por\" \/>\n\t<meta name=\"twitter:data1\" content=\"Telinha\" \/>\n\t<meta name=\"twitter:label2\" content=\"Tempo estimado de leitura\" \/>\n\t<meta name=\"twitter:data2\" content=\"1 minuto\" \/>\n<script type=\"application\/ld+json\" class=\"yoast-schema-graph\">{\"@context\":\"https:\/\/schema.org\",\"@graph\":[{\"@type\":\"Article\",\"@id\":\"https:\/\/portaltela.pt\/noticias\/2026\/02\/18\/psd-acusa-ps-e-chega-de-voltarem-a-casar-para-governarem-via-parlamento\/#article\",\"isPartOf\":{\"@id\":\"https:\/\/portaltela.pt\/noticias\/2026\/02\/18\/psd-acusa-ps-e-chega-de-voltarem-a-casar-para-governarem-via-parlamento\/\"},\"author\":{\"name\":\"Telinha\",\"@id\":\"https:\/\/portaltela.pt\/#\/schema\/person\/c4278d4a6028830caff9ee44b42d32ed\"},\"headline\":\"PSD acusa PS e Chega de voltarem a casar para governarem via Parlamento\",\"datePublished\":\"2026-02-18T19:10:30+00:00\",\"mainEntityOfPage\":{\"@id\":\"https:\/\/portaltela.pt\/noticias\/2026\/02\/18\/psd-acusa-ps-e-chega-de-voltarem-a-casar-para-governarem-via-parlamento\/\"},\"wordCount\":287,\"image\":{\"@id\":\"https:\/\/portaltela.pt\/noticias\/2026\/02\/18\/psd-acusa-ps-e-chega-de-voltarem-a-casar-para-governarem-via-parlamento\/#primaryimage\"},\"thumbnailUrl\":\"https:\/\/portaltela.pt\/s.01k8rhncp4jt1\/2026\/02\/img_1500x1000uu2026-02-18-19-09-21-2267585.jpg\",\"keywords\":[\"A\u00e7ores\",\"CHEGA\",\"Madeira\",\"PS\",\"PSD\",\"Subs\u00eddio Social\"],\"articleSection\":[\"Not\u00edcias\"],\"inLanguage\":\"pt-PT\"},{\"@type\":\"WebPage\",\"@id\":\"https:\/\/portaltela.pt\/noticias\/2026\/02\/18\/psd-acusa-ps-e-chega-de-voltarem-a-casar-para-governarem-via-parlamento\/\",\"url\":\"https:\/\/portaltela.pt\/noticias\/2026\/02\/18\/psd-acusa-ps-e-chega-de-voltarem-a-casar-para-governarem-via-parlamento\/\",\"name\":\"PSD acusa PS e Chega de voltarem a casar para governarem via Parlamento - Portal Tela Portugal\",\"isPartOf\":{\"@id\":\"https:\/\/portaltela.pt\/#website\"},\"primaryImageOfPage\":{\"@id\":\"https:\/\/portaltela.pt\/noticias\/2026\/02\/18\/psd-acusa-ps-e-chega-de-voltarem-a-casar-para-governarem-via-parlamento\/#primaryimage\"},\"image\":{\"@id\":\"https:\/\/portaltela.pt\/noticias\/2026\/02\/18\/psd-acusa-ps-e-chega-de-voltarem-a-casar-para-governarem-via-parlamento\/#primaryimage\"},\"thumbnailUrl\":\"https:\/\/portaltela.pt\/s.01k8rhncp4jt1\/2026\/02\/img_1500x1000uu2026-02-18-19-09-21-2267585.jpg\",\"datePublished\":\"2026-02-18T19:10:30+00:00\",\"author\":{\"@id\":\"https:\/\/portaltela.pt\/#\/schema\/person\/c4278d4a6028830caff9ee44b42d32ed\"},\"breadcrumb\":{\"@id\":\"https:\/\/portaltela.pt\/noticias\/2026\/02\/18\/psd-acusa-ps-e-chega-de-voltarem-a-casar-para-governarem-via-parlamento\/#breadcrumb\"},\"inLanguage\":\"pt-PT\",\"potentialAction\":[{\"@type\":\"ReadAction\",\"target\":[\"https:\/\/portaltela.pt\/noticias\/2026\/02\/18\/psd-acusa-ps-e-chega-de-voltarem-a-casar-para-governarem-via-parlamento\/\"]}]},{\"@type\":\"ImageObject\",\"inLanguage\":\"pt-PT\",\"@id\":\"https:\/\/portaltela.pt\/noticias\/2026\/02\/18\/psd-acusa-ps-e-chega-de-voltarem-a-casar-para-governarem-via-parlamento\/#primaryimage\",\"url\":\"https:\/\/portaltela.pt\/s.01k8rhncp4jt1\/2026\/02\/img_1500x1000uu2026-02-18-19-09-21-2267585.jpg\",\"contentUrl\":\"https:\/\/portaltela.pt\/s.01k8rhncp4jt1\/2026\/02\/img_1500x1000uu2026-02-18-19-09-21-2267585.jpg\",\"width\":796,\"height\":448,\"caption\":\"Hugo Soares, l\u00edder parlamentar do PSD\"},{\"@type\":\"BreadcrumbList\",\"@id\":\"https:\/\/portaltela.pt\/noticias\/2026\/02\/18\/psd-acusa-ps-e-chega-de-voltarem-a-casar-para-governarem-via-parlamento\/#breadcrumb\",\"itemListElement\":[{\"@type\":\"ListItem\",\"position\":1,\"name\":\"In\u00edcio\",\"item\":\"https:\/\/portaltela.pt\/\"},{\"@type\":\"ListItem\",\"position\":2,\"name\":\"PSD acusa PS e Chega de voltarem a casar para governarem via Parlamento\"}]},{\"@type\":\"WebSite\",\"@id\":\"https:\/\/portaltela.pt\/#website\",\"url\":\"https:\/\/portaltela.pt\/\",\"name\":\"Portal Tela Portugal\",\"description\":\"\",\"potentialAction\":[{\"@type\":\"SearchAction\",\"target\":{\"@type\":\"EntryPoint\",\"urlTemplate\":\"https:\/\/portaltela.pt\/?s={search_term_string}\"},\"query-input\":{\"@type\":\"PropertyValueSpecification\",\"valueRequired\":true,\"valueName\":\"search_term_string\"}}],\"inLanguage\":\"pt-PT\"},{\"@type\":\"Person\",\"@id\":\"https:\/\/portaltela.pt\/#\/schema\/person\/c4278d4a6028830caff9ee44b42d32ed\",\"name\":\"Telinha\",\"image\":{\"@type\":\"ImageObject\",\"inLanguage\":\"pt-PT\",\"@id\":\"https:\/\/portaltela.pt\/s.01k8rhncp4jt1\/2025\/11\/talking-bot-125x125.png\",\"url\":\"https:\/\/portaltela.pt\/s.01k8rhncp4jt1\/2025\/11\/talking-bot-125x125.png\",\"contentUrl\":\"https:\/\/portaltela.pt\/s.01k8rhncp4jt1\/2025\/11\/talking-bot-125x125.png\",\"caption\":\"Telinha\"},\"sameAs\":[\"https:\/\/portaltela.pt\/\"],\"url\":\"https:\/\/portaltela.pt\/por\/367410592786\/\"}]}<\/script>\n<!-- \/ Yoast SEO plugin. -->","yoast_head_json":{"title":"PSD acusa PS e Chega de voltarem a casar para governarem via Parlamento - Portal Tela Portugal","robots":{"index":"index","follow":"follow","max-snippet":"max-snippet:-1","max-image-preview":"max-image-preview:large","max-video-preview":"max-video-preview:-1"},"og_locale":"pt_PT","og_type":"article","og_title":"PSD acusa PS e Chega de voltarem a casar para governarem via Parlamento - Portal Tela Portugal","og_description":"Altera\u00e7\u00f5es ao regime do Subs\u00eddio Social de Mobilidade (SSM) foram aprovadas na generalidade esta quarta-feira, com a troika entre governo e parlamento em foco. O PSD acusou o PS e o Chega de \u00abvoltar a casar\u00bb para governar atrav\u00e9s do parlamento, ap\u00f3s a aprova\u00e7\u00e3o dos diplomas. O PS e o Chega votaram a favor dos diplomas, com apoio de seis deputados do PSD das regi\u00f5es aut\u00f3nomas e de outras bancadas que votaram de forma diferente nos A\u00e7ores e Madeira. Os diplomas, apresentados pelas assembleias legislativas regionais dos A\u00e7ores e da Madeira, retiram a exig\u00eancia de regularidade perante a Autoridade Tribut\u00e1ria e a Seguran\u00e7a Social para acesso ao SSM. O debate teve interven\u00e7\u00f5es do l\u00edder do PS\/A\u00e7ores e do deputado do CDS-PP, com o PSD a defender a continuidade de regras anteriores e o Chega a considerar o regime atual injusto.","og_url":"https:\/\/portaltela.pt\/noticias\/2026\/02\/18\/psd-acusa-ps-e-chega-de-voltarem-a-casar-para-governarem-via-parlamento\/","og_site_name":"Portal Tela Portugal","article_published_time":"2026-02-18T19:10:30+00:00","author":"Telinha","twitter_card":"summary_large_image","twitter_misc":{"Escrito por":"Telinha","Tempo estimado de leitura":"1 minuto"},"schema":{"@context":"https:\/\/schema.org","@graph":[{"@type":"Article","@id":"https:\/\/portaltela.pt\/noticias\/2026\/02\/18\/psd-acusa-ps-e-chega-de-voltarem-a-casar-para-governarem-via-parlamento\/#article","isPartOf":{"@id":"https:\/\/portaltela.pt\/noticias\/2026\/02\/18\/psd-acusa-ps-e-chega-de-voltarem-a-casar-para-governarem-via-parlamento\/"},"author":{"name":"Telinha","@id":"https:\/\/portaltela.pt\/#\/schema\/person\/c4278d4a6028830caff9ee44b42d32ed"},"headline":"PSD acusa PS e Chega de voltarem a casar para governarem via Parlamento","datePublished":"2026-02-18T19:10:30+00:00","mainEntityOfPage":{"@id":"https:\/\/portaltela.pt\/noticias\/2026\/02\/18\/psd-acusa-ps-e-chega-de-voltarem-a-casar-para-governarem-via-parlamento\/"},"wordCount":287,"image":{"@id":"https:\/\/portaltela.pt\/noticias\/2026\/02\/18\/psd-acusa-ps-e-chega-de-voltarem-a-casar-para-governarem-via-parlamento\/#primaryimage"},"thumbnailUrl":"https:\/\/portaltela.pt\/s.01k8rhncp4jt1\/2026\/02\/img_1500x1000uu2026-02-18-19-09-21-2267585.jpg","keywords":["A\u00e7ores","CHEGA","Madeira","PS","PSD","Subs\u00eddio Social"],"articleSection":["Not\u00edcias"],"inLanguage":"pt-PT"},{"@type":"WebPage","@id":"https:\/\/portaltela.pt\/noticias\/2026\/02\/18\/psd-acusa-ps-e-chega-de-voltarem-a-casar-para-governarem-via-parlamento\/","url":"https:\/\/portaltela.pt\/noticias\/2026\/02\/18\/psd-acusa-ps-e-chega-de-voltarem-a-casar-para-governarem-via-parlamento\/","name":"PSD acusa PS e Chega de voltarem a casar para governarem via Parlamento - Portal Tela Portugal","isPartOf":{"@id":"https:\/\/portaltela.pt\/#website"},"primaryImageOfPage":{"@id":"https:\/\/portaltela.pt\/noticias\/2026\/02\/18\/psd-acusa-ps-e-chega-de-voltarem-a-casar-para-governarem-via-parlamento\/#primaryimage"},"image":{"@id":"https:\/\/portaltela.pt\/noticias\/2026\/02\/18\/psd-acusa-ps-e-chega-de-voltarem-a-casar-para-governarem-via-parlamento\/#primaryimage"},"thumbnailUrl":"https:\/\/portaltela.pt\/s.01k8rhncp4jt1\/2026\/02\/img_1500x1000uu2026-02-18-19-09-21-2267585.jpg","datePublished":"2026-02-18T19:10:30+00:00","author":{"@id":"https:\/\/portaltela.pt\/#\/schema\/person\/c4278d4a6028830caff9ee44b42d32ed"},"breadcrumb":{"@id":"https:\/\/portaltela.pt\/noticias\/2026\/02\/18\/psd-acusa-ps-e-chega-de-voltarem-a-casar-para-governarem-via-parlamento\/#breadcrumb"},"inLanguage":"pt-PT","potentialAction":[{"@type":"ReadAction","target":["https:\/\/portaltela.pt\/noticias\/2026\/02\/18\/psd-acusa-ps-e-chega-de-voltarem-a-casar-para-governarem-via-parlamento\/"]}]},{"@type":"ImageObject","inLanguage":"pt-PT","@id":"https:\/\/portaltela.pt\/noticias\/2026\/02\/18\/psd-acusa-ps-e-chega-de-voltarem-a-casar-para-governarem-via-parlamento\/#primaryimage","url":"https:\/\/portaltela.pt\/s.01k8rhncp4jt1\/2026\/02\/img_1500x1000uu2026-02-18-19-09-21-2267585.jpg","contentUrl":"https:\/\/portaltela.pt\/s.01k8rhncp4jt1\/2026\/02\/img_1500x1000uu2026-02-18-19-09-21-2267585.jpg","width":796,"height":448,"caption":"Hugo Soares, l\u00edder parlamentar do PSD"},{"@type":"BreadcrumbList","@id":"https:\/\/portaltela.pt\/noticias\/2026\/02\/18\/psd-acusa-ps-e-chega-de-voltarem-a-casar-para-governarem-via-parlamento\/#breadcrumb","itemListElement":[{"@type":"ListItem","position":1,"name":"In\u00edcio","item":"https:\/\/portaltela.pt\/"},{"@type":"ListItem","position":2,"name":"PSD acusa PS e Chega de voltarem a casar para governarem via Parlamento"}]},{"@type":"WebSite","@id":"https:\/\/portaltela.pt\/#website","url":"https:\/\/portaltela.pt\/","name":"Portal Tela Portugal","description":"","potentialAction":[{"@type":"SearchAction","target":{"@type":"EntryPoint","urlTemplate":"https:\/\/portaltela.pt\/?s={search_term_string}"},"query-input":{"@type":"PropertyValueSpecification","valueRequired":true,"valueName":"search_term_string"}}],"inLanguage":"pt-PT"},{"@type":"Person","@id":"https:\/\/portaltela.pt\/#\/schema\/person\/c4278d4a6028830caff9ee44b42d32ed","name":"Telinha","image":{"@type":"ImageObject","inLanguage":"pt-PT","@id":"https:\/\/portaltela.pt\/s.01k8rhncp4jt1\/2025\/11\/talking-bot-125x125.png","url":"https:\/\/portaltela.pt\/s.01k8rhncp4jt1\/2025\/11\/talking-bot-125x125.png","contentUrl":"https:\/\/portaltela.pt\/s.01k8rhncp4jt1\/2025\/11\/talking-bot-125x125.png","caption":"Telinha"},"sameAs":["https:\/\/portaltela.pt\/"],"url":"https:\/\/portaltela.pt\/por\/367410592786\/"}]}},"_links":{"self":[{"href":"https:\/\/portaltela.pt\/api\/wp\/v2\/posts\/216527","targetHints":{"allow":["GET"]}}],"collection":[{"href":"https:\/\/portaltela.pt\/api\/wp\/v2\/posts"}],"about":[{"href":"https:\/\/portaltela.pt\/api\/wp\/v2\/types\/post"}],"author":[{"embeddable":true,"href":"https:\/\/portaltela.pt\/api\/wp\/v2\/users\/2"}],"replies":[{"embeddable":true,"href":"https:\/\/portaltela.pt\/api\/wp\/v2\/comments?post=216527"}],"version-history":[{"count":0,"href":"https:\/\/portaltela.pt\/api\/wp\/v2\/posts\/216527\/revisions"}],"wp:featuredmedia":[{"embeddable":true,"href":"https:\/\/portaltela.pt\/api\/wp\/v2\/media\/216529"}],"wp:attachment":[{"href":"https:\/\/portaltela.pt\/api\/wp\/v2\/media?parent=216527"}],"wp:term":[{"taxonomy":"category","embeddable":true,"href":"https:\/\/portaltela.pt\/api\/wp\/v2\/categories?post=216527"},{"taxonomy":"post_tag","embeddable":true,"href":"https:\/\/portaltela.pt\/api\/wp\/v2\/tags?post=216527"}],"curies":[{"name":"wp","href":"https:\/\/api.w.org\/{rel}","templated":true}]}}