{"id":216508,"date":"2026-02-18T15:48:00","date_gmt":"2026-02-18T18:48:00","guid":{"rendered":"https:\/\/portaltela.pt\/noticias\/2026\/02\/18\/leiria-antecipa-prejuizos-da-depressao-kristin-superiores-a-7928-milhoes-de-euros\/"},"modified":"2026-02-18T15:48:00","modified_gmt":"2026-02-18T18:48:00","slug":"leiria-antecipa-prejuizos-da-depressao-kristin-superiores-a-7928-milhoes-de-euros","status":"publish","type":"post","link":"https:\/\/portaltela.pt\/noticias\/2026\/02\/18\/leiria-antecipa-prejuizos-da-depressao-kristin-superiores-a-7928-milhoes-de-euros\/","title":{"rendered":"Leiria antecipa preju\u00edzos da depress\u00e3o Kristin superiores a 792,8 milh\u00f5es de euros"},"content":{"rendered":"<p>O Munic\u00edpio de Leiria estima preju\u00edzos causados pela depress\u00e3o Kristin em 792,8 milh\u00f5es de euros at\u00e9 hoje. Os valores abrangem fases humanit\u00e1ria, de emerg\u00eancia e operacional, sem contabilizar infraestruturas municipais e do Estado nem na floresta.<\/p>\n<p>Na \u00e1rea habitacional, os preju\u00edzos j\u00e1 apurados chegam a 25,3 milh\u00f5es de euros, com candidaturas submetidas \u00e0 Comiss\u00e3o de Coordena\u00e7\u00e3o e Desenvolvimento Regional do Centro. As perdas totalizam j\u00e1 mais de 792,8 milh\u00f5es de euros, segundo o presidente da C\u00e2mara.<\/p>\n<p>As empresas locais registam danos superiores a 200 milh\u00f5es de euros, com estimativa de quebra de atividade econ\u00f3mica de 70,7 milh\u00f5es. O PIB do concelho \u00e9 de cerca de 2,1 mil milh\u00f5es de euros por ano.<\/p>\n<p>Na avalia\u00e7\u00e3o, Gon\u00e7alo Lopes destacou que, na primeira semana, toda a atividade econ\u00f3mica parou. Na segunda semana ficou em 50% e na terceira cerca de 25%, com perspetivas de manuten\u00e7\u00e3o desse patamar ou recupera\u00e7\u00e3o lenta.<\/p>\n<p>A C\u00e2mara aponta ainda 26,2 milh\u00f5es de euros em preju\u00edzos na \u00e1rea associativa, ambiental, patrim\u00f3nio religioso e cultural e institui\u00e7\u00f5es de solidariedade social. Est\u00e3o por apurar preju\u00edzos em ve\u00edculos particulares.<\/p>\n<h3>Impacto econ\u00f3mico e perspetivas<\/h3>\n<p>A depress\u00e3o provocou estragos significativos na circula\u00e7\u00e3o de pessoas e na atividade comercial, com impacto direto no tr\u00e1fego rodovi\u00e1rio e na opera\u00e7\u00e3o de servi\u00e7os p\u00fablicos. O munic\u00edpio estima custos adicionais com bens m\u00f3veis e servi\u00e7os.<\/p>\n<p>Relativamente \u00e0 floresta, o autarca mencionou danos incalcul\u00e1veis. Calcula-se a perda de cerca de cinco milh\u00f5es de \u00e1rvores, com a avalia\u00e7\u00e3o a alcan\u00e7ar valores acima de 500 milh\u00f5es de euros, caso seja aprovada.<\/p>\n<p>A atividade empresarial ligada \u00e0 madeira e \u00e0 carpintaria tamb\u00e9m dever\u00e1 ressentir-se, devido aos danos no ecossistema florestal e \u00e0 quebra de fornecimentos. O munic\u00edpio planeia a\u00e7\u00f5es de replanta\u00e7\u00e3o e recupera\u00e7\u00e3o ambiental.<\/p>\n<p>Al\u00e9m disso, est\u00e3o em conta preju\u00edzos no patrim\u00f3nio municipal, incluindo edif\u00edcios, escolas e pavilh\u00f5es desportivos. O or\u00e7amento para reposi\u00e7\u00e3o de sinal\u00e9tica e sem\u00e1foros ronda os 900 mil euros.<\/p>\n<h3>Plano de rearboriza\u00e7\u00e3o e futuras a\u00e7\u00f5es<\/h3>\n<p>O munic\u00edpio j\u00e1 est\u00e1 a avan\u00e7ar com um plano de rearboriza\u00e7\u00e3o do concelho. Um especialista indeferiu o estudo inicial e ser\u00e1 o maior desafio de arquitetura paisag\u00edstica de Portugal nos \u00faltimos anos.<\/p>\n<p>O projeto envolver\u00e1 participa\u00e7\u00e3o de alunos e docentes da Universidade do Porto, prometendo colabora\u00e7\u00e3o entre entidades p\u00fablicas e o meio acad\u00e9mico para a recupera\u00e7\u00e3o ambiental.<\/p>\n<p>Por fim, os preju\u00edzos estimados incluem tamb\u00e9m o patrim\u00f3nio do Estado, com impactos em tribunais, Seguran\u00e7a Social, pris\u00f5es, quart\u00e9is e bombeiros, que ser\u00e3o avaliados nos pr\u00f3ximos dias.<\/p>\n","protected":false},"excerpt":{"rendered":"<ul>\n<li>Leiria estima preju\u00edzos provocados pela depress\u00e3o Kristin em 792,8 milh\u00f5es de euros at\u00e9 hoje, sem contabilizar infraestruturas municipais, do Estado e floresta.<\/li>\n<li>Na fase humanit\u00e1ria, emerg\u00eancia e operacional j\u00e1 foram gastos 13,3 milh\u00f5es de euros, com 25,3 milh\u00f5es de euros de preju\u00edzos em habita\u00e7\u00f5es privadas; os danos totais s\u00e3o superiores a estes valores.<\/li>\n<li>As empresas sofreram danos superiores a 200 milh\u00f5es de euros, e a quebra de atividade econ\u00f3mica est\u00e1 prevista em 70,7 milh\u00f5es de euros; o PIB do concelho \u00e9 cerca de 2,1 mil milh\u00f5es de euros por ano.<\/li>\n<li>Na primeira semana da depress\u00e3o, a atividade econ\u00f3mica esteve 100% parada; na segunda ficou em 50% e, na terceira, 25%, com recupera\u00e7\u00e3o lenta prevista.<\/li>\n<li>A floresta sofreu danos incalcul\u00e1veis, estimando-se a perda de cerca de cinco milh\u00f5es de \u00e1rvores e um valor potencial de at\u00e9 500 milh\u00f5es de euros; h\u00e1 ainda preju\u00edzos em patrim\u00f3nio municipal por apurar.<\/li>\n<\/ul>\n","protected":false},"author":2,"featured_media":216512,"comment_status":"closed","ping_status":"closed","sticky":false,"template":"","format":"standard","meta":{"footnotes":""},"categories":[1],"tags":[6085,28,4576,1385,859,814],"class_list":["post-216508","post","type-post","status-publish","format-standard","has-post-thumbnail","hentry","category-noticias","tag-carpintaria","tag-economia","tag-florestal","tag-leiria","tag-madeira","tag-patrimonio"],"yoast_head":"<!-- This site is optimized with the Yoast SEO plugin v27.2 - https:\/\/yoast.com\/product\/yoast-seo-wordpress\/ -->\n<title>Leiria antecipa preju\u00edzos da depress\u00e3o Kristin superiores a 792,8 milh\u00f5es de euros - Portal Tela Portugal<\/title>\n<meta name=\"robots\" content=\"index, follow, max-snippet:-1, max-image-preview:large, max-video-preview:-1\" \/>\n<meta property=\"og:locale\" content=\"pt_PT\" \/>\n<meta property=\"og:type\" content=\"article\" \/>\n<meta property=\"og:title\" content=\"Leiria antecipa preju\u00edzos da depress\u00e3o Kristin superiores a 792,8 milh\u00f5es de euros - Portal Tela Portugal\" \/>\n<meta property=\"og:description\" content=\"Leiria estima preju\u00edzos provocados pela depress\u00e3o Kristin em 792,8 milh\u00f5es de euros at\u00e9 hoje, sem contabilizar infraestruturas municipais, do Estado e floresta. Na fase humanit\u00e1ria, emerg\u00eancia e operacional j\u00e1 foram gastos 13,3 milh\u00f5es de euros, com 25,3 milh\u00f5es de euros de preju\u00edzos em habita\u00e7\u00f5es privadas; os danos totais s\u00e3o superiores a estes valores. As empresas sofreram danos superiores a 200 milh\u00f5es de euros, e a quebra de atividade econ\u00f3mica est\u00e1 prevista em 70,7 milh\u00f5es de euros; o PIB do concelho \u00e9 cerca de 2,1 mil milh\u00f5es de euros por ano. Na primeira semana da depress\u00e3o, a atividade econ\u00f3mica esteve 100% parada; na segunda ficou em 50% e, na terceira, 25%, com recupera\u00e7\u00e3o lenta prevista. A floresta sofreu danos incalcul\u00e1veis, estimando-se a perda de cerca de cinco milh\u00f5es de \u00e1rvores e um valor potencial de at\u00e9 500 milh\u00f5es de euros; h\u00e1 ainda preju\u00edzos em patrim\u00f3nio municipal por apurar.\" \/>\n<meta property=\"og:url\" content=\"https:\/\/portaltela.pt\/noticias\/2026\/02\/18\/leiria-antecipa-prejuizos-da-depressao-kristin-superiores-a-7928-milhoes-de-euros\/\" \/>\n<meta property=\"og:site_name\" content=\"Portal Tela Portugal\" \/>\n<meta property=\"article:published_time\" content=\"2026-02-18T18:48:00+00:00\" \/>\n<meta name=\"author\" content=\"Telinha\" \/>\n<meta name=\"twitter:card\" content=\"summary_large_image\" \/>\n<meta name=\"twitter:label1\" content=\"Escrito por\" \/>\n\t<meta name=\"twitter:data1\" content=\"Telinha\" \/>\n\t<meta name=\"twitter:label2\" content=\"Tempo estimado de leitura\" \/>\n\t<meta name=\"twitter:data2\" content=\"2 minutos\" \/>\n<script type=\"application\/ld+json\" class=\"yoast-schema-graph\">{\"@context\":\"https:\/\/schema.org\",\"@graph\":[{\"@type\":\"Article\",\"@id\":\"https:\/\/portaltela.pt\/noticias\/2026\/02\/18\/leiria-antecipa-prejuizos-da-depressao-kristin-superiores-a-7928-milhoes-de-euros\/#article\",\"isPartOf\":{\"@id\":\"https:\/\/portaltela.pt\/noticias\/2026\/02\/18\/leiria-antecipa-prejuizos-da-depressao-kristin-superiores-a-7928-milhoes-de-euros\/\"},\"author\":{\"name\":\"Telinha\",\"@id\":\"https:\/\/portaltela.pt\/#\/schema\/person\/c4278d4a6028830caff9ee44b42d32ed\"},\"headline\":\"Leiria antecipa preju\u00edzos da depress\u00e3o Kristin superiores a 792,8 milh\u00f5es de euros\",\"datePublished\":\"2026-02-18T18:48:00+00:00\",\"mainEntityOfPage\":{\"@id\":\"https:\/\/portaltela.pt\/noticias\/2026\/02\/18\/leiria-antecipa-prejuizos-da-depressao-kristin-superiores-a-7928-milhoes-de-euros\/\"},\"wordCount\":475,\"image\":{\"@id\":\"https:\/\/portaltela.pt\/noticias\/2026\/02\/18\/leiria-antecipa-prejuizos-da-depressao-kristin-superiores-a-7928-milhoes-de-euros\/#primaryimage\"},\"thumbnailUrl\":\"https:\/\/portaltela.pt\/s.01k8rhncp4jt1\/2026\/02\/img_1280x721uu2026-02-05-14-04-58-2264960.jpg\",\"keywords\":[\"carpintaria\",\"economia\",\"florestal\",\"Leiria\",\"Madeira\",\"patrim\u00f3nio\"],\"articleSection\":[\"Not\u00edcias\"],\"inLanguage\":\"pt-PT\"},{\"@type\":\"WebPage\",\"@id\":\"https:\/\/portaltela.pt\/noticias\/2026\/02\/18\/leiria-antecipa-prejuizos-da-depressao-kristin-superiores-a-7928-milhoes-de-euros\/\",\"url\":\"https:\/\/portaltela.pt\/noticias\/2026\/02\/18\/leiria-antecipa-prejuizos-da-depressao-kristin-superiores-a-7928-milhoes-de-euros\/\",\"name\":\"Leiria antecipa preju\u00edzos da depress\u00e3o Kristin superiores a 792,8 milh\u00f5es de euros - Portal Tela Portugal\",\"isPartOf\":{\"@id\":\"https:\/\/portaltela.pt\/#website\"},\"primaryImageOfPage\":{\"@id\":\"https:\/\/portaltela.pt\/noticias\/2026\/02\/18\/leiria-antecipa-prejuizos-da-depressao-kristin-superiores-a-7928-milhoes-de-euros\/#primaryimage\"},\"image\":{\"@id\":\"https:\/\/portaltela.pt\/noticias\/2026\/02\/18\/leiria-antecipa-prejuizos-da-depressao-kristin-superiores-a-7928-milhoes-de-euros\/#primaryimage\"},\"thumbnailUrl\":\"https:\/\/portaltela.pt\/s.01k8rhncp4jt1\/2026\/02\/img_1280x721uu2026-02-05-14-04-58-2264960.jpg\",\"datePublished\":\"2026-02-18T18:48:00+00:00\",\"author\":{\"@id\":\"https:\/\/portaltela.pt\/#\/schema\/person\/c4278d4a6028830caff9ee44b42d32ed\"},\"breadcrumb\":{\"@id\":\"https:\/\/portaltela.pt\/noticias\/2026\/02\/18\/leiria-antecipa-prejuizos-da-depressao-kristin-superiores-a-7928-milhoes-de-euros\/#breadcrumb\"},\"inLanguage\":\"pt-PT\",\"potentialAction\":[{\"@type\":\"ReadAction\",\"target\":[\"https:\/\/portaltela.pt\/noticias\/2026\/02\/18\/leiria-antecipa-prejuizos-da-depressao-kristin-superiores-a-7928-milhoes-de-euros\/\"]}]},{\"@type\":\"ImageObject\",\"inLanguage\":\"pt-PT\",\"@id\":\"https:\/\/portaltela.pt\/noticias\/2026\/02\/18\/leiria-antecipa-prejuizos-da-depressao-kristin-superiores-a-7928-milhoes-de-euros\/#primaryimage\",\"url\":\"https:\/\/portaltela.pt\/s.01k8rhncp4jt1\/2026\/02\/img_1280x721uu2026-02-05-14-04-58-2264960.jpg\",\"contentUrl\":\"https:\/\/portaltela.pt\/s.01k8rhncp4jt1\/2026\/02\/img_1280x721uu2026-02-05-14-04-58-2264960.jpg\",\"width\":796,\"height\":448,\"caption\":\"Imagem a\u00e9rea de Leiria ap\u00f3s a passagem da depress\u00e3o Kristin\"},{\"@type\":\"BreadcrumbList\",\"@id\":\"https:\/\/portaltela.pt\/noticias\/2026\/02\/18\/leiria-antecipa-prejuizos-da-depressao-kristin-superiores-a-7928-milhoes-de-euros\/#breadcrumb\",\"itemListElement\":[{\"@type\":\"ListItem\",\"position\":1,\"name\":\"In\u00edcio\",\"item\":\"https:\/\/portaltela.pt\/\"},{\"@type\":\"ListItem\",\"position\":2,\"name\":\"Leiria antecipa preju\u00edzos da depress\u00e3o Kristin superiores a 792,8 milh\u00f5es de euros\"}]},{\"@type\":\"WebSite\",\"@id\":\"https:\/\/portaltela.pt\/#website\",\"url\":\"https:\/\/portaltela.pt\/\",\"name\":\"Portal Tela Portugal\",\"description\":\"\",\"potentialAction\":[{\"@type\":\"SearchAction\",\"target\":{\"@type\":\"EntryPoint\",\"urlTemplate\":\"https:\/\/portaltela.pt\/?s={search_term_string}\"},\"query-input\":{\"@type\":\"PropertyValueSpecification\",\"valueRequired\":true,\"valueName\":\"search_term_string\"}}],\"inLanguage\":\"pt-PT\"},{\"@type\":\"Person\",\"@id\":\"https:\/\/portaltela.pt\/#\/schema\/person\/c4278d4a6028830caff9ee44b42d32ed\",\"name\":\"Telinha\",\"image\":{\"@type\":\"ImageObject\",\"inLanguage\":\"pt-PT\",\"@id\":\"https:\/\/portaltela.pt\/s.01k8rhncp4jt1\/2025\/11\/talking-bot-125x125.png\",\"url\":\"https:\/\/portaltela.pt\/s.01k8rhncp4jt1\/2025\/11\/talking-bot-125x125.png\",\"contentUrl\":\"https:\/\/portaltela.pt\/s.01k8rhncp4jt1\/2025\/11\/talking-bot-125x125.png\",\"caption\":\"Telinha\"},\"sameAs\":[\"https:\/\/portaltela.pt\/\"],\"url\":\"https:\/\/portaltela.pt\/por\/367410592786\/\"}]}<\/script>\n<!-- \/ Yoast SEO plugin. -->","yoast_head_json":{"title":"Leiria antecipa preju\u00edzos da depress\u00e3o Kristin superiores a 792,8 milh\u00f5es de euros - Portal Tela Portugal","robots":{"index":"index","follow":"follow","max-snippet":"max-snippet:-1","max-image-preview":"max-image-preview:large","max-video-preview":"max-video-preview:-1"},"og_locale":"pt_PT","og_type":"article","og_title":"Leiria antecipa preju\u00edzos da depress\u00e3o Kristin superiores a 792,8 milh\u00f5es de euros - Portal Tela Portugal","og_description":"Leiria estima preju\u00edzos provocados pela depress\u00e3o Kristin em 792,8 milh\u00f5es de euros at\u00e9 hoje, sem contabilizar infraestruturas municipais, do Estado e floresta. Na fase humanit\u00e1ria, emerg\u00eancia e operacional j\u00e1 foram gastos 13,3 milh\u00f5es de euros, com 25,3 milh\u00f5es de euros de preju\u00edzos em habita\u00e7\u00f5es privadas; os danos totais s\u00e3o superiores a estes valores. As empresas sofreram danos superiores a 200 milh\u00f5es de euros, e a quebra de atividade econ\u00f3mica est\u00e1 prevista em 70,7 milh\u00f5es de euros; o PIB do concelho \u00e9 cerca de 2,1 mil milh\u00f5es de euros por ano. Na primeira semana da depress\u00e3o, a atividade econ\u00f3mica esteve 100% parada; na segunda ficou em 50% e, na terceira, 25%, com recupera\u00e7\u00e3o lenta prevista. A floresta sofreu danos incalcul\u00e1veis, estimando-se a perda de cerca de cinco milh\u00f5es de \u00e1rvores e um valor potencial de at\u00e9 500 milh\u00f5es de euros; h\u00e1 ainda preju\u00edzos em patrim\u00f3nio municipal por apurar.","og_url":"https:\/\/portaltela.pt\/noticias\/2026\/02\/18\/leiria-antecipa-prejuizos-da-depressao-kristin-superiores-a-7928-milhoes-de-euros\/","og_site_name":"Portal Tela Portugal","article_published_time":"2026-02-18T18:48:00+00:00","author":"Telinha","twitter_card":"summary_large_image","twitter_misc":{"Escrito por":"Telinha","Tempo estimado de leitura":"2 minutos"},"schema":{"@context":"https:\/\/schema.org","@graph":[{"@type":"Article","@id":"https:\/\/portaltela.pt\/noticias\/2026\/02\/18\/leiria-antecipa-prejuizos-da-depressao-kristin-superiores-a-7928-milhoes-de-euros\/#article","isPartOf":{"@id":"https:\/\/portaltela.pt\/noticias\/2026\/02\/18\/leiria-antecipa-prejuizos-da-depressao-kristin-superiores-a-7928-milhoes-de-euros\/"},"author":{"name":"Telinha","@id":"https:\/\/portaltela.pt\/#\/schema\/person\/c4278d4a6028830caff9ee44b42d32ed"},"headline":"Leiria antecipa preju\u00edzos da depress\u00e3o Kristin superiores a 792,8 milh\u00f5es de euros","datePublished":"2026-02-18T18:48:00+00:00","mainEntityOfPage":{"@id":"https:\/\/portaltela.pt\/noticias\/2026\/02\/18\/leiria-antecipa-prejuizos-da-depressao-kristin-superiores-a-7928-milhoes-de-euros\/"},"wordCount":475,"image":{"@id":"https:\/\/portaltela.pt\/noticias\/2026\/02\/18\/leiria-antecipa-prejuizos-da-depressao-kristin-superiores-a-7928-milhoes-de-euros\/#primaryimage"},"thumbnailUrl":"https:\/\/portaltela.pt\/s.01k8rhncp4jt1\/2026\/02\/img_1280x721uu2026-02-05-14-04-58-2264960.jpg","keywords":["carpintaria","economia","florestal","Leiria","Madeira","patrim\u00f3nio"],"articleSection":["Not\u00edcias"],"inLanguage":"pt-PT"},{"@type":"WebPage","@id":"https:\/\/portaltela.pt\/noticias\/2026\/02\/18\/leiria-antecipa-prejuizos-da-depressao-kristin-superiores-a-7928-milhoes-de-euros\/","url":"https:\/\/portaltela.pt\/noticias\/2026\/02\/18\/leiria-antecipa-prejuizos-da-depressao-kristin-superiores-a-7928-milhoes-de-euros\/","name":"Leiria antecipa preju\u00edzos da depress\u00e3o Kristin superiores a 792,8 milh\u00f5es de euros - Portal Tela Portugal","isPartOf":{"@id":"https:\/\/portaltela.pt\/#website"},"primaryImageOfPage":{"@id":"https:\/\/portaltela.pt\/noticias\/2026\/02\/18\/leiria-antecipa-prejuizos-da-depressao-kristin-superiores-a-7928-milhoes-de-euros\/#primaryimage"},"image":{"@id":"https:\/\/portaltela.pt\/noticias\/2026\/02\/18\/leiria-antecipa-prejuizos-da-depressao-kristin-superiores-a-7928-milhoes-de-euros\/#primaryimage"},"thumbnailUrl":"https:\/\/portaltela.pt\/s.01k8rhncp4jt1\/2026\/02\/img_1280x721uu2026-02-05-14-04-58-2264960.jpg","datePublished":"2026-02-18T18:48:00+00:00","author":{"@id":"https:\/\/portaltela.pt\/#\/schema\/person\/c4278d4a6028830caff9ee44b42d32ed"},"breadcrumb":{"@id":"https:\/\/portaltela.pt\/noticias\/2026\/02\/18\/leiria-antecipa-prejuizos-da-depressao-kristin-superiores-a-7928-milhoes-de-euros\/#breadcrumb"},"inLanguage":"pt-PT","potentialAction":[{"@type":"ReadAction","target":["https:\/\/portaltela.pt\/noticias\/2026\/02\/18\/leiria-antecipa-prejuizos-da-depressao-kristin-superiores-a-7928-milhoes-de-euros\/"]}]},{"@type":"ImageObject","inLanguage":"pt-PT","@id":"https:\/\/portaltela.pt\/noticias\/2026\/02\/18\/leiria-antecipa-prejuizos-da-depressao-kristin-superiores-a-7928-milhoes-de-euros\/#primaryimage","url":"https:\/\/portaltela.pt\/s.01k8rhncp4jt1\/2026\/02\/img_1280x721uu2026-02-05-14-04-58-2264960.jpg","contentUrl":"https:\/\/portaltela.pt\/s.01k8rhncp4jt1\/2026\/02\/img_1280x721uu2026-02-05-14-04-58-2264960.jpg","width":796,"height":448,"caption":"Imagem a\u00e9rea de Leiria ap\u00f3s a passagem da depress\u00e3o Kristin"},{"@type":"BreadcrumbList","@id":"https:\/\/portaltela.pt\/noticias\/2026\/02\/18\/leiria-antecipa-prejuizos-da-depressao-kristin-superiores-a-7928-milhoes-de-euros\/#breadcrumb","itemListElement":[{"@type":"ListItem","position":1,"name":"In\u00edcio","item":"https:\/\/portaltela.pt\/"},{"@type":"ListItem","position":2,"name":"Leiria antecipa preju\u00edzos da depress\u00e3o Kristin superiores a 792,8 milh\u00f5es de euros"}]},{"@type":"WebSite","@id":"https:\/\/portaltela.pt\/#website","url":"https:\/\/portaltela.pt\/","name":"Portal Tela Portugal","description":"","potentialAction":[{"@type":"SearchAction","target":{"@type":"EntryPoint","urlTemplate":"https:\/\/portaltela.pt\/?s={search_term_string}"},"query-input":{"@type":"PropertyValueSpecification","valueRequired":true,"valueName":"search_term_string"}}],"inLanguage":"pt-PT"},{"@type":"Person","@id":"https:\/\/portaltela.pt\/#\/schema\/person\/c4278d4a6028830caff9ee44b42d32ed","name":"Telinha","image":{"@type":"ImageObject","inLanguage":"pt-PT","@id":"https:\/\/portaltela.pt\/s.01k8rhncp4jt1\/2025\/11\/talking-bot-125x125.png","url":"https:\/\/portaltela.pt\/s.01k8rhncp4jt1\/2025\/11\/talking-bot-125x125.png","contentUrl":"https:\/\/portaltela.pt\/s.01k8rhncp4jt1\/2025\/11\/talking-bot-125x125.png","caption":"Telinha"},"sameAs":["https:\/\/portaltela.pt\/"],"url":"https:\/\/portaltela.pt\/por\/367410592786\/"}]}},"_links":{"self":[{"href":"https:\/\/portaltela.pt\/api\/wp\/v2\/posts\/216508","targetHints":{"allow":["GET"]}}],"collection":[{"href":"https:\/\/portaltela.pt\/api\/wp\/v2\/posts"}],"about":[{"href":"https:\/\/portaltela.pt\/api\/wp\/v2\/types\/post"}],"author":[{"embeddable":true,"href":"https:\/\/portaltela.pt\/api\/wp\/v2\/users\/2"}],"replies":[{"embeddable":true,"href":"https:\/\/portaltela.pt\/api\/wp\/v2\/comments?post=216508"}],"version-history":[{"count":0,"href":"https:\/\/portaltela.pt\/api\/wp\/v2\/posts\/216508\/revisions"}],"wp:featuredmedia":[{"embeddable":true,"href":"https:\/\/portaltela.pt\/api\/wp\/v2\/media\/216512"}],"wp:attachment":[{"href":"https:\/\/portaltela.pt\/api\/wp\/v2\/media?parent=216508"}],"wp:term":[{"taxonomy":"category","embeddable":true,"href":"https:\/\/portaltela.pt\/api\/wp\/v2\/categories?post=216508"},{"taxonomy":"post_tag","embeddable":true,"href":"https:\/\/portaltela.pt\/api\/wp\/v2\/tags?post=216508"}],"curies":[{"name":"wp","href":"https:\/\/api.w.org\/{rel}","templated":true}]}}