{"id":216491,"date":"2026-02-18T15:51:00","date_gmt":"2026-02-18T18:51:00","guid":{"rendered":"https:\/\/portaltela.pt\/noticias\/2026\/02\/18\/morre-lieve-meersschaert-fundadora-do-moinho-da-juventude-na-cova-da-moura\/"},"modified":"2026-02-18T15:51:00","modified_gmt":"2026-02-18T18:51:00","slug":"morre-lieve-meersschaert-fundadora-do-moinho-da-juventude-na-cova-da-moura","status":"publish","type":"post","link":"https:\/\/portaltela.pt\/noticias\/2026\/02\/18\/morre-lieve-meersschaert-fundadora-do-moinho-da-juventude-na-cova-da-moura\/","title":{"rendered":"Morre Lieve Meersschaert, fundadora do Moinho da Juventude na Cova da Moura"},"content":{"rendered":"<p>Lieve Meersschaert, fundadora do Moinho da Juventude, faleceu em Geel. A not\u00edcia registra a perda de uma ativista ligada aos direitos das mulheres no bairro da Cova da Moura.<\/p>\n<p>A dirigente lutou pela igualdade de direitos para dom\u00e9sticas e amas, defendendo tamb\u00e9m a proximidade entre a pol\u00edcia e o bairro. A sua interven\u00e7\u00e3o visava melhorar as condi\u00e7\u00f5es de vida das residentes.<\/p>\n<p>A casa fica na entrada da Cova da Moura, na Amadora, e a porta era frequentemente aberta a quem chegasse. A not\u00edcia destaca o papel da l\u00edder na constru\u00e7\u00e3o de uma casa e de uma causa no bairro.<\/p>\n<p>Godelieve Meersschaert \u00e9 citada pela refer\u00eancia na sala da sua resid\u00eancia, na entrada da Cova da Moura, onde se apoiou a comunidade ao longo dos anos.<\/p>\n","protected":false},"excerpt":{"rendered":"<ul>\n<li>Morreu Lieve Meersschaert, fundadora do Moinho da Juventude, que atuava na Cova da Moura pela defesa dos direitos das mulheres.<\/li>\n<li>Defendia a igualdade de direitos para dom\u00e9sticas ou amas no bairro.<\/li>\n<li>Defendia tamb\u00e9m rela\u00e7\u00f5es de proximidade entre a pol\u00edcia e a comunidade da Cova da Moura.<\/li>\n<li>Falecimento ocorreu em Geel.<\/li>\n<li>A casa ficava na entrada da Cova da Moura, com a porta quase sempre aberta a quem chegasse.<\/li>\n<\/ul>\n","protected":false},"author":2,"featured_media":216498,"comment_status":"closed","ping_status":"closed","sticky":false,"template":"","format":"standard","meta":{"footnotes":""},"categories":[1],"tags":[5837,5282,2633,2701,3418,250],"class_list":["post-216491","post","type-post","status-publish","format-standard","has-post-thumbnail","hentry","category-noticias","tag-a-amadora","tag-direitos-da-mulher","tag-direitos-humanos","tag-mulheres","tag-policia-de-seguranca-publica","tag-seguranca-publica"],"yoast_head":"<!-- This site is optimized with the Yoast SEO plugin v27.2 - https:\/\/yoast.com\/product\/yoast-seo-wordpress\/ -->\n<title>Morre Lieve Meersschaert, fundadora do Moinho da Juventude na Cova da Moura - Portal Tela Portugal<\/title>\n<meta name=\"robots\" content=\"index, follow, max-snippet:-1, max-image-preview:large, max-video-preview:-1\" \/>\n<meta property=\"og:locale\" content=\"pt_PT\" \/>\n<meta property=\"og:type\" content=\"article\" \/>\n<meta property=\"og:title\" content=\"Morre Lieve Meersschaert, fundadora do Moinho da Juventude na Cova da Moura - Portal Tela Portugal\" \/>\n<meta property=\"og:description\" content=\"Morreu Lieve Meersschaert, fundadora do Moinho da Juventude, que atuava na Cova da Moura pela defesa dos direitos das mulheres. Defendia a igualdade de direitos para dom\u00e9sticas ou amas no bairro. Defendia tamb\u00e9m rela\u00e7\u00f5es de proximidade entre a pol\u00edcia e a comunidade da Cova da Moura. Falecimento ocorreu em Geel. A casa ficava na entrada da Cova da Moura, com a porta quase sempre aberta a quem chegasse.\" \/>\n<meta property=\"og:url\" content=\"https:\/\/portaltela.pt\/noticias\/2026\/02\/18\/morre-lieve-meersschaert-fundadora-do-moinho-da-juventude-na-cova-da-moura\/\" \/>\n<meta property=\"og:site_name\" content=\"Portal Tela Portugal\" \/>\n<meta property=\"article:published_time\" content=\"2026-02-18T18:51:00+00:00\" \/>\n<meta name=\"author\" content=\"Telinha\" \/>\n<meta name=\"twitter:card\" content=\"summary_large_image\" \/>\n<meta name=\"twitter:label1\" content=\"Escrito por\" \/>\n\t<meta name=\"twitter:data1\" content=\"Telinha\" \/>\n\t<meta name=\"twitter:label2\" content=\"Tempo estimado de leitura\" \/>\n\t<meta name=\"twitter:data2\" content=\"1 minuto\" \/>\n<script type=\"application\/ld+json\" class=\"yoast-schema-graph\">{\"@context\":\"https:\/\/schema.org\",\"@graph\":[{\"@type\":\"Article\",\"@id\":\"https:\/\/portaltela.pt\/noticias\/2026\/02\/18\/morre-lieve-meersschaert-fundadora-do-moinho-da-juventude-na-cova-da-moura\/#article\",\"isPartOf\":{\"@id\":\"https:\/\/portaltela.pt\/noticias\/2026\/02\/18\/morre-lieve-meersschaert-fundadora-do-moinho-da-juventude-na-cova-da-moura\/\"},\"author\":{\"name\":\"Telinha\",\"@id\":\"https:\/\/portaltela.pt\/#\/schema\/person\/c4278d4a6028830caff9ee44b42d32ed\"},\"headline\":\"Morre Lieve Meersschaert, fundadora do Moinho da Juventude na Cova da Moura\",\"datePublished\":\"2026-02-18T18:51:00+00:00\",\"mainEntityOfPage\":{\"@id\":\"https:\/\/portaltela.pt\/noticias\/2026\/02\/18\/morre-lieve-meersschaert-fundadora-do-moinho-da-juventude-na-cova-da-moura\/\"},\"wordCount\":147,\"image\":{\"@id\":\"https:\/\/portaltela.pt\/noticias\/2026\/02\/18\/morre-lieve-meersschaert-fundadora-do-moinho-da-juventude-na-cova-da-moura\/#primaryimage\"},\"thumbnailUrl\":\"https:\/\/portaltela.pt\/s.01k8rhncp4jt1\/2026\/02\/2068107.jpg\",\"keywords\":[\"A Amadora\",\"Direitos da Mulher\",\"direitos humanos\",\"Mulheres\",\"Pol\u00edcia de Seguran\u00e7a P\u00fablica\",\"seguran\u00e7a p\u00fablica\"],\"articleSection\":[\"Not\u00edcias\"],\"inLanguage\":\"pt-PT\"},{\"@type\":\"WebPage\",\"@id\":\"https:\/\/portaltela.pt\/noticias\/2026\/02\/18\/morre-lieve-meersschaert-fundadora-do-moinho-da-juventude-na-cova-da-moura\/\",\"url\":\"https:\/\/portaltela.pt\/noticias\/2026\/02\/18\/morre-lieve-meersschaert-fundadora-do-moinho-da-juventude-na-cova-da-moura\/\",\"name\":\"Morre Lieve Meersschaert, fundadora do Moinho da Juventude na Cova da Moura - Portal Tela Portugal\",\"isPartOf\":{\"@id\":\"https:\/\/portaltela.pt\/#website\"},\"primaryImageOfPage\":{\"@id\":\"https:\/\/portaltela.pt\/noticias\/2026\/02\/18\/morre-lieve-meersschaert-fundadora-do-moinho-da-juventude-na-cova-da-moura\/#primaryimage\"},\"image\":{\"@id\":\"https:\/\/portaltela.pt\/noticias\/2026\/02\/18\/morre-lieve-meersschaert-fundadora-do-moinho-da-juventude-na-cova-da-moura\/#primaryimage\"},\"thumbnailUrl\":\"https:\/\/portaltela.pt\/s.01k8rhncp4jt1\/2026\/02\/2068107.jpg\",\"datePublished\":\"2026-02-18T18:51:00+00:00\",\"author\":{\"@id\":\"https:\/\/portaltela.pt\/#\/schema\/person\/c4278d4a6028830caff9ee44b42d32ed\"},\"breadcrumb\":{\"@id\":\"https:\/\/portaltela.pt\/noticias\/2026\/02\/18\/morre-lieve-meersschaert-fundadora-do-moinho-da-juventude-na-cova-da-moura\/#breadcrumb\"},\"inLanguage\":\"pt-PT\",\"potentialAction\":[{\"@type\":\"ReadAction\",\"target\":[\"https:\/\/portaltela.pt\/noticias\/2026\/02\/18\/morre-lieve-meersschaert-fundadora-do-moinho-da-juventude-na-cova-da-moura\/\"]}]},{\"@type\":\"ImageObject\",\"inLanguage\":\"pt-PT\",\"@id\":\"https:\/\/portaltela.pt\/noticias\/2026\/02\/18\/morre-lieve-meersschaert-fundadora-do-moinho-da-juventude-na-cova-da-moura\/#primaryimage\",\"url\":\"https:\/\/portaltela.pt\/s.01k8rhncp4jt1\/2026\/02\/2068107.jpg\",\"contentUrl\":\"https:\/\/portaltela.pt\/s.01k8rhncp4jt1\/2026\/02\/2068107.jpg\",\"width\":796,\"height\":448,\"caption\":\"Godelieve Meersschaert na sala de sua casa, \u00e0 entrada da Cova da Moura\"},{\"@type\":\"BreadcrumbList\",\"@id\":\"https:\/\/portaltela.pt\/noticias\/2026\/02\/18\/morre-lieve-meersschaert-fundadora-do-moinho-da-juventude-na-cova-da-moura\/#breadcrumb\",\"itemListElement\":[{\"@type\":\"ListItem\",\"position\":1,\"name\":\"In\u00edcio\",\"item\":\"https:\/\/portaltela.pt\/\"},{\"@type\":\"ListItem\",\"position\":2,\"name\":\"Morre Lieve Meersschaert, fundadora do Moinho da Juventude na Cova da Moura\"}]},{\"@type\":\"WebSite\",\"@id\":\"https:\/\/portaltela.pt\/#website\",\"url\":\"https:\/\/portaltela.pt\/\",\"name\":\"Portal Tela Portugal\",\"description\":\"\",\"potentialAction\":[{\"@type\":\"SearchAction\",\"target\":{\"@type\":\"EntryPoint\",\"urlTemplate\":\"https:\/\/portaltela.pt\/?s={search_term_string}\"},\"query-input\":{\"@type\":\"PropertyValueSpecification\",\"valueRequired\":true,\"valueName\":\"search_term_string\"}}],\"inLanguage\":\"pt-PT\"},{\"@type\":\"Person\",\"@id\":\"https:\/\/portaltela.pt\/#\/schema\/person\/c4278d4a6028830caff9ee44b42d32ed\",\"name\":\"Telinha\",\"image\":{\"@type\":\"ImageObject\",\"inLanguage\":\"pt-PT\",\"@id\":\"https:\/\/portaltela.pt\/s.01k8rhncp4jt1\/2025\/11\/talking-bot-125x125.png\",\"url\":\"https:\/\/portaltela.pt\/s.01k8rhncp4jt1\/2025\/11\/talking-bot-125x125.png\",\"contentUrl\":\"https:\/\/portaltela.pt\/s.01k8rhncp4jt1\/2025\/11\/talking-bot-125x125.png\",\"caption\":\"Telinha\"},\"sameAs\":[\"https:\/\/portaltela.pt\/\"],\"url\":\"https:\/\/portaltela.pt\/por\/367410592786\/\"}]}<\/script>\n<!-- \/ Yoast SEO plugin. -->","yoast_head_json":{"title":"Morre Lieve Meersschaert, fundadora do Moinho da Juventude na Cova da Moura - Portal Tela Portugal","robots":{"index":"index","follow":"follow","max-snippet":"max-snippet:-1","max-image-preview":"max-image-preview:large","max-video-preview":"max-video-preview:-1"},"og_locale":"pt_PT","og_type":"article","og_title":"Morre Lieve Meersschaert, fundadora do Moinho da Juventude na Cova da Moura - Portal Tela Portugal","og_description":"Morreu Lieve Meersschaert, fundadora do Moinho da Juventude, que atuava na Cova da Moura pela defesa dos direitos das mulheres. Defendia a igualdade de direitos para dom\u00e9sticas ou amas no bairro. Defendia tamb\u00e9m rela\u00e7\u00f5es de proximidade entre a pol\u00edcia e a comunidade da Cova da Moura. Falecimento ocorreu em Geel. A casa ficava na entrada da Cova da Moura, com a porta quase sempre aberta a quem chegasse.","og_url":"https:\/\/portaltela.pt\/noticias\/2026\/02\/18\/morre-lieve-meersschaert-fundadora-do-moinho-da-juventude-na-cova-da-moura\/","og_site_name":"Portal Tela Portugal","article_published_time":"2026-02-18T18:51:00+00:00","author":"Telinha","twitter_card":"summary_large_image","twitter_misc":{"Escrito por":"Telinha","Tempo estimado de leitura":"1 minuto"},"schema":{"@context":"https:\/\/schema.org","@graph":[{"@type":"Article","@id":"https:\/\/portaltela.pt\/noticias\/2026\/02\/18\/morre-lieve-meersschaert-fundadora-do-moinho-da-juventude-na-cova-da-moura\/#article","isPartOf":{"@id":"https:\/\/portaltela.pt\/noticias\/2026\/02\/18\/morre-lieve-meersschaert-fundadora-do-moinho-da-juventude-na-cova-da-moura\/"},"author":{"name":"Telinha","@id":"https:\/\/portaltela.pt\/#\/schema\/person\/c4278d4a6028830caff9ee44b42d32ed"},"headline":"Morre Lieve Meersschaert, fundadora do Moinho da Juventude na Cova da Moura","datePublished":"2026-02-18T18:51:00+00:00","mainEntityOfPage":{"@id":"https:\/\/portaltela.pt\/noticias\/2026\/02\/18\/morre-lieve-meersschaert-fundadora-do-moinho-da-juventude-na-cova-da-moura\/"},"wordCount":147,"image":{"@id":"https:\/\/portaltela.pt\/noticias\/2026\/02\/18\/morre-lieve-meersschaert-fundadora-do-moinho-da-juventude-na-cova-da-moura\/#primaryimage"},"thumbnailUrl":"https:\/\/portaltela.pt\/s.01k8rhncp4jt1\/2026\/02\/2068107.jpg","keywords":["A Amadora","Direitos da Mulher","direitos humanos","Mulheres","Pol\u00edcia de Seguran\u00e7a P\u00fablica","seguran\u00e7a p\u00fablica"],"articleSection":["Not\u00edcias"],"inLanguage":"pt-PT"},{"@type":"WebPage","@id":"https:\/\/portaltela.pt\/noticias\/2026\/02\/18\/morre-lieve-meersschaert-fundadora-do-moinho-da-juventude-na-cova-da-moura\/","url":"https:\/\/portaltela.pt\/noticias\/2026\/02\/18\/morre-lieve-meersschaert-fundadora-do-moinho-da-juventude-na-cova-da-moura\/","name":"Morre Lieve Meersschaert, fundadora do Moinho da Juventude na Cova da Moura - Portal Tela Portugal","isPartOf":{"@id":"https:\/\/portaltela.pt\/#website"},"primaryImageOfPage":{"@id":"https:\/\/portaltela.pt\/noticias\/2026\/02\/18\/morre-lieve-meersschaert-fundadora-do-moinho-da-juventude-na-cova-da-moura\/#primaryimage"},"image":{"@id":"https:\/\/portaltela.pt\/noticias\/2026\/02\/18\/morre-lieve-meersschaert-fundadora-do-moinho-da-juventude-na-cova-da-moura\/#primaryimage"},"thumbnailUrl":"https:\/\/portaltela.pt\/s.01k8rhncp4jt1\/2026\/02\/2068107.jpg","datePublished":"2026-02-18T18:51:00+00:00","author":{"@id":"https:\/\/portaltela.pt\/#\/schema\/person\/c4278d4a6028830caff9ee44b42d32ed"},"breadcrumb":{"@id":"https:\/\/portaltela.pt\/noticias\/2026\/02\/18\/morre-lieve-meersschaert-fundadora-do-moinho-da-juventude-na-cova-da-moura\/#breadcrumb"},"inLanguage":"pt-PT","potentialAction":[{"@type":"ReadAction","target":["https:\/\/portaltela.pt\/noticias\/2026\/02\/18\/morre-lieve-meersschaert-fundadora-do-moinho-da-juventude-na-cova-da-moura\/"]}]},{"@type":"ImageObject","inLanguage":"pt-PT","@id":"https:\/\/portaltela.pt\/noticias\/2026\/02\/18\/morre-lieve-meersschaert-fundadora-do-moinho-da-juventude-na-cova-da-moura\/#primaryimage","url":"https:\/\/portaltela.pt\/s.01k8rhncp4jt1\/2026\/02\/2068107.jpg","contentUrl":"https:\/\/portaltela.pt\/s.01k8rhncp4jt1\/2026\/02\/2068107.jpg","width":796,"height":448,"caption":"Godelieve Meersschaert na sala de sua casa, \u00e0 entrada da Cova da Moura"},{"@type":"BreadcrumbList","@id":"https:\/\/portaltela.pt\/noticias\/2026\/02\/18\/morre-lieve-meersschaert-fundadora-do-moinho-da-juventude-na-cova-da-moura\/#breadcrumb","itemListElement":[{"@type":"ListItem","position":1,"name":"In\u00edcio","item":"https:\/\/portaltela.pt\/"},{"@type":"ListItem","position":2,"name":"Morre Lieve Meersschaert, fundadora do Moinho da Juventude na Cova da Moura"}]},{"@type":"WebSite","@id":"https:\/\/portaltela.pt\/#website","url":"https:\/\/portaltela.pt\/","name":"Portal Tela Portugal","description":"","potentialAction":[{"@type":"SearchAction","target":{"@type":"EntryPoint","urlTemplate":"https:\/\/portaltela.pt\/?s={search_term_string}"},"query-input":{"@type":"PropertyValueSpecification","valueRequired":true,"valueName":"search_term_string"}}],"inLanguage":"pt-PT"},{"@type":"Person","@id":"https:\/\/portaltela.pt\/#\/schema\/person\/c4278d4a6028830caff9ee44b42d32ed","name":"Telinha","image":{"@type":"ImageObject","inLanguage":"pt-PT","@id":"https:\/\/portaltela.pt\/s.01k8rhncp4jt1\/2025\/11\/talking-bot-125x125.png","url":"https:\/\/portaltela.pt\/s.01k8rhncp4jt1\/2025\/11\/talking-bot-125x125.png","contentUrl":"https:\/\/portaltela.pt\/s.01k8rhncp4jt1\/2025\/11\/talking-bot-125x125.png","caption":"Telinha"},"sameAs":["https:\/\/portaltela.pt\/"],"url":"https:\/\/portaltela.pt\/por\/367410592786\/"}]}},"_links":{"self":[{"href":"https:\/\/portaltela.pt\/api\/wp\/v2\/posts\/216491","targetHints":{"allow":["GET"]}}],"collection":[{"href":"https:\/\/portaltela.pt\/api\/wp\/v2\/posts"}],"about":[{"href":"https:\/\/portaltela.pt\/api\/wp\/v2\/types\/post"}],"author":[{"embeddable":true,"href":"https:\/\/portaltela.pt\/api\/wp\/v2\/users\/2"}],"replies":[{"embeddable":true,"href":"https:\/\/portaltela.pt\/api\/wp\/v2\/comments?post=216491"}],"version-history":[{"count":0,"href":"https:\/\/portaltela.pt\/api\/wp\/v2\/posts\/216491\/revisions"}],"wp:featuredmedia":[{"embeddable":true,"href":"https:\/\/portaltela.pt\/api\/wp\/v2\/media\/216498"}],"wp:attachment":[{"href":"https:\/\/portaltela.pt\/api\/wp\/v2\/media?parent=216491"}],"wp:term":[{"taxonomy":"category","embeddable":true,"href":"https:\/\/portaltela.pt\/api\/wp\/v2\/categories?post=216491"},{"taxonomy":"post_tag","embeddable":true,"href":"https:\/\/portaltela.pt\/api\/wp\/v2\/tags?post=216491"}],"curies":[{"name":"wp","href":"https:\/\/api.w.org\/{rel}","templated":true}]}}